{"id":91721,"date":"2014-07-19T13:01:04","date_gmt":"2014-07-19T16:01:04","guid":{"rendered":"http:\/\/www.quersaberpolitica.com.br\/?p=91721"},"modified":"2014-07-19T09:36:31","modified_gmt":"2014-07-19T12:36:31","slug":"pacientes-do-casp-ii-de-petrolina-comemoram-semana-do-amigo","status":"publish","type":"post","link":"https:\/\/blogdofarnesio.com.br\/?p=91721","title":{"rendered":"PACIENTES DO CASP II DE PETROLINA COMEMORAM SEMANA DO AMIGO"},"content":{"rendered":"<p style=\"text-align: justify\"><a href=\"http:\/\/www.quersaberpolitica.com.br\/2016\/wp-content\/uploads\/2014\/07\/blogqspdiadoamigo0.jpg\"><img loading=\"lazy\" decoding=\"async\" class=\"size-medium wp-image-91769 alignleft\" alt=\"blogqspdiadoamigo0\" src=\"http:\/\/www.quersaberpolitica.com.br\/2016\/wp-content\/uploads\/2014\/07\/blogqspdiadoamigo0-245x300.jpg\" width=\"245\" height=\"300\" srcset=\"https:\/\/blogdofarnesio.com.br\/wp-content\/uploads\/2014\/07\/blogqspdiadoamigo0-245x300.jpg 245w, https:\/\/blogdofarnesio.com.br\/wp-content\/uploads\/2014\/07\/blogqspdiadoamigo0.jpg 550w\" sizes=\"auto, (max-width: 245px) 100vw, 245px\" \/><\/a>Abra\u00e7ar foi a principal atividade desta sexta-feira, 18, no Centro de Aten\u00e7\u00e3o Psicossocial (CAPS II), servi\u00e7o disponibilizado pela Secretaria de Sa\u00fade de Petrolina.<\/p>\n<p style=\"text-align: justify\">Durante toda semana os profissionais da unidade desenvolveram atividades voltadas para o valor da amizade e, juntamente com os pacientes, constru\u00edram o mural \u2018Correio Amigo\u2019.<\/p>\n<p style=\"text-align: justify\">Cada um produziu seu envelope e escreveu recados de carinho, gratid\u00e3o e amor para seus amigos, como \u00e9 o caso de Jess\u00e9 Gomes que agradeceu a Wilton, tamb\u00e9m paciente do CAPS II, pela amizade. \u201cEsta semana foi muito boa, pois aprendemos que devemos cuidar de nossos amigos e respeit\u00e1-los. Wilton \u00e9 o meu melhor amigo aqui, mas tamb\u00e9m tenho outros amigos\u201d, contou sorridente.<\/p>\n<p style=\"text-align: justify\">Ainda na manh\u00e3 de ontem (18) os mais de sessenta usu\u00e1rios participaram de um bingo, presentearam seus amigos e distribu\u00edram muitos abra\u00e7os. Ana Paula, que \u00e9 usu\u00e1ria da unidade, expressou todo seu carinho pela coordenadora da unidade, Adriana Lira, escrevendo seu recadinho com os dizeres \u201cvoc\u00ea \u00e9 minha melhor amiga\u201d.<!--more--><\/p>\n<p style=\"text-align: justify\">\u201c\u00c9 muito bom receber o amor dessa fam\u00edlia que \u00e9 o CAPS II. Realmente, fico muito emocionada em sentir o quanto eles querem bem a mim e toda a equipe. A realiza\u00e7\u00e3o de momentos assim s\u00e3o oportunidades para que eles expressem seus sentimentos com mais espontaneidade\u201d, afirmou Adriana.<\/p>\n<p style=\"text-align: justify\">A gestora da pasta, Lucia Giesta, reafirma o compromisso da gest\u00e3o com as pessoas que s\u00e3o atendidas pela Rede de Sa\u00fade Mental. \u201cA equipe da Aten\u00e7\u00e3o Especializada tem desenvolvido e projetado a\u00e7\u00f5es para atender cada de vez melhor nossos pacientes com um servi\u00e7o adequado a cada quadro cl\u00ednico\u201d, frisou.<\/p>\n","protected":false},"excerpt":{"rendered":"<p>Abra\u00e7ar foi a principal atividade desta sexta-feira, 18, no Centro de Aten\u00e7\u00e3o Psicossocial (CAPS II), servi\u00e7o disponibilizado pela Secretaria de Sa\u00fade de Petrolina. Durante toda semana os profissionais da unidade desenvolveram atividades voltadas para o valor da amizade e, juntamente com os pacientes, constru\u00edram o mural \u2018Correio Amigo\u2019. Cada um produziu seu envelope e escreveu recados de carinho, gratid\u00e3o e amor para seus amigos, como \u00e9 o caso de Jess\u00e9 Gomes que agradeceu a Wilton, tamb\u00e9m paciente do CAPS II, pela amizade. \u201cEsta semana foi muito boa, pois aprendemos que devemos cuidar de nossos amigos e respeit\u00e1-los. Wilton \u00e9 o meu melhor amigo aqui, mas tamb\u00e9m tenho outros amigos\u201d, contou sorridente. Ainda na manh\u00e3 de ontem (18) os mais de&hellip; <\/p>\n","protected":false},"author":3,"featured_media":0,"comment_status":"open","ping_status":"open","sticky":false,"template":"","format":"standard","meta":{"_acf_changed":false,"footnotes":""},"categories":[1],"tags":[],"class_list":["post-91721","post","type-post","status-publish","format-standard","hentry","category-politica"],"acf":[],"yoast_head":"<!-- This site is optimized with the Yoast SEO plugin v27.4 - https:\/\/yoast.com\/product\/yoast-seo-wordpress\/ -->\n<title>PACIENTES DO CASP II DE PETROLINA COMEMORAM SEMANA DO AMIGO - Blog do Farn\u00e9sio<\/title>\n<meta name=\"robots\" content=\"index, follow, max-snippet:-1, max-image-preview:large, max-video-preview:-1\" \/>\n<link rel=\"canonical\" href=\"https:\/\/blogdofarnesio.com.br\/?p=91721\" \/>\n<meta property=\"og:locale\" content=\"pt_BR\" \/>\n<meta property=\"og:type\" content=\"article\" \/>\n<meta property=\"og:title\" content=\"PACIENTES DO CASP II DE PETROLINA COMEMORAM SEMANA DO AMIGO - Blog do Farn\u00e9sio\" \/>\n<meta property=\"og:description\" content=\"Abra\u00e7ar foi a principal atividade desta sexta-feira, 18, no Centro de Aten\u00e7\u00e3o Psicossocial (CAPS II), servi\u00e7o disponibilizado pela Secretaria de Sa\u00fade de Petrolina. Durante toda semana os profissionais da unidade desenvolveram atividades voltadas para o valor da amizade e, juntamente com os pacientes, constru\u00edram o mural \u2018Correio Amigo\u2019. Cada um produziu seu envelope e escreveu recados de carinho, gratid\u00e3o e amor para seus amigos, como \u00e9 o caso de Jess\u00e9 Gomes que agradeceu a Wilton, tamb\u00e9m paciente do CAPS II, pela amizade. \u201cEsta semana foi muito boa, pois aprendemos que devemos cuidar de nossos amigos e respeit\u00e1-los. Wilton \u00e9 o meu melhor amigo aqui, mas tamb\u00e9m tenho outros amigos\u201d, contou sorridente. Ainda na manh\u00e3 de ontem (18) os mais de&hellip;\" \/>\n<meta property=\"og:url\" content=\"https:\/\/blogdofarnesio.com.br\/?p=91721\" \/>\n<meta property=\"og:site_name\" content=\"Blog do Farn\u00e9sio\" \/>\n<meta property=\"article:publisher\" content=\"https:\/\/www.facebook.com\/BlogQuerSaberPolitica\/\" \/>\n<meta property=\"article:published_time\" content=\"2014-07-19T16:01:04+00:00\" \/>\n<meta property=\"og:image\" content=\"http:\/\/www.quersaberpolitica.com.br\/2016\/wp-content\/uploads\/2014\/07\/blogqspdiadoamigo0-245x300.jpg\" \/>\n<meta name=\"author\" content=\"teste\" \/>\n<meta name=\"twitter:card\" content=\"summary_large_image\" \/>\n<meta name=\"twitter:label1\" content=\"Escrito por\" \/>\n\t<meta name=\"twitter:data1\" content=\"teste\" \/>\n\t<meta name=\"twitter:label2\" content=\"Est. tempo de leitura\" \/>\n\t<meta name=\"twitter:data2\" content=\"1 minuto\" \/>\n<script type=\"application\/ld+json\" class=\"yoast-schema-graph\">{\"@context\":\"https:\\\/\\\/schema.org\",\"@graph\":[{\"@type\":\"Article\",\"@id\":\"https:\\\/\\\/blogdofarnesio.com.br\\\/?p=91721#article\",\"isPartOf\":{\"@id\":\"https:\\\/\\\/blogdofarnesio.com.br\\\/?p=91721\"},\"author\":{\"name\":\"teste\",\"@id\":\"https:\\\/\\\/blogdofarnesio.com.br\\\/#\\\/schema\\\/person\\\/dd1bf5eba40b687199ba45ca6b97dff9\"},\"headline\":\"PACIENTES DO CASP II DE PETROLINA COMEMORAM SEMANA DO AMIGO\",\"datePublished\":\"2014-07-19T16:01:04+00:00\",\"mainEntityOfPage\":{\"@id\":\"https:\\\/\\\/blogdofarnesio.com.br\\\/?p=91721\"},\"wordCount\":283,\"commentCount\":0,\"publisher\":{\"@id\":\"https:\\\/\\\/blogdofarnesio.com.br\\\/#organization\"},\"image\":{\"@id\":\"https:\\\/\\\/blogdofarnesio.com.br\\\/?p=91721#primaryimage\"},\"thumbnailUrl\":\"http:\\\/\\\/www.quersaberpolitica.com.br\\\/2016\\\/wp-content\\\/uploads\\\/2014\\\/07\\\/blogqspdiadoamigo0-245x300.jpg\",\"articleSection\":[\"Pol\u00edtica\"],\"inLanguage\":\"pt-BR\",\"potentialAction\":[{\"@type\":\"CommentAction\",\"name\":\"Comment\",\"target\":[\"https:\\\/\\\/blogdofarnesio.com.br\\\/?p=91721#respond\"]}]},{\"@type\":\"WebPage\",\"@id\":\"https:\\\/\\\/blogdofarnesio.com.br\\\/?p=91721\",\"url\":\"https:\\\/\\\/blogdofarnesio.com.br\\\/?p=91721\",\"name\":\"PACIENTES DO CASP II DE PETROLINA COMEMORAM SEMANA DO AMIGO - Blog do Farn\u00e9sio\",\"isPartOf\":{\"@id\":\"https:\\\/\\\/blogdofarnesio.com.br\\\/#website\"},\"primaryImageOfPage\":{\"@id\":\"https:\\\/\\\/blogdofarnesio.com.br\\\/?p=91721#primaryimage\"},\"image\":{\"@id\":\"https:\\\/\\\/blogdofarnesio.com.br\\\/?p=91721#primaryimage\"},\"thumbnailUrl\":\"http:\\\/\\\/www.quersaberpolitica.com.br\\\/2016\\\/wp-content\\\/uploads\\\/2014\\\/07\\\/blogqspdiadoamigo0-245x300.jpg\",\"datePublished\":\"2014-07-19T16:01:04+00:00\",\"breadcrumb\":{\"@id\":\"https:\\\/\\\/blogdofarnesio.com.br\\\/?p=91721#breadcrumb\"},\"inLanguage\":\"pt-BR\",\"potentialAction\":[{\"@type\":\"ReadAction\",\"target\":[\"https:\\\/\\\/blogdofarnesio.com.br\\\/?p=91721\"]}]},{\"@type\":\"ImageObject\",\"inLanguage\":\"pt-BR\",\"@id\":\"https:\\\/\\\/blogdofarnesio.com.br\\\/?p=91721#primaryimage\",\"url\":\"http:\\\/\\\/www.quersaberpolitica.com.br\\\/2016\\\/wp-content\\\/uploads\\\/2014\\\/07\\\/blogqspdiadoamigo0-245x300.jpg\",\"contentUrl\":\"http:\\\/\\\/www.quersaberpolitica.com.br\\\/2016\\\/wp-content\\\/uploads\\\/2014\\\/07\\\/blogqspdiadoamigo0-245x300.jpg\"},{\"@type\":\"BreadcrumbList\",\"@id\":\"https:\\\/\\\/blogdofarnesio.com.br\\\/?p=91721#breadcrumb\",\"itemListElement\":[{\"@type\":\"ListItem\",\"position\":1,\"name\":\"In\u00edcio\",\"item\":\"https:\\\/\\\/blogdofarnesio.com.br\\\/\"},{\"@type\":\"ListItem\",\"position\":2,\"name\":\"PACIENTES DO CASP II DE PETROLINA COMEMORAM SEMANA DO AMIGO\"}]},{\"@type\":\"WebSite\",\"@id\":\"https:\\\/\\\/blogdofarnesio.com.br\\\/#website\",\"url\":\"https:\\\/\\\/blogdofarnesio.com.br\\\/\",\"name\":\"Blog do Farn\u00e9sio\",\"description\":\"Quer Saber Pol\u00edtica?\",\"publisher\":{\"@id\":\"https:\\\/\\\/blogdofarnesio.com.br\\\/#organization\"},\"potentialAction\":[{\"@type\":\"SearchAction\",\"target\":{\"@type\":\"EntryPoint\",\"urlTemplate\":\"https:\\\/\\\/blogdofarnesio.com.br\\\/?s={search_term_string}\"},\"query-input\":{\"@type\":\"PropertyValueSpecification\",\"valueRequired\":true,\"valueName\":\"search_term_string\"}}],\"inLanguage\":\"pt-BR\"},{\"@type\":\"Organization\",\"@id\":\"https:\\\/\\\/blogdofarnesio.com.br\\\/#organization\",\"name\":\"Blog do Farn\u00e9sio\",\"url\":\"https:\\\/\\\/blogdofarnesio.com.br\\\/\",\"logo\":{\"@type\":\"ImageObject\",\"inLanguage\":\"pt-BR\",\"@id\":\"https:\\\/\\\/blogdofarnesio.com.br\\\/#\\\/schema\\\/logo\\\/image\\\/\",\"url\":\"https:\\\/\\\/blogdofarnesio.com.br\\\/wp-content\\\/uploads\\\/2026\\\/03\\\/cropped-logo_new-1.png\",\"contentUrl\":\"https:\\\/\\\/blogdofarnesio.com.br\\\/wp-content\\\/uploads\\\/2026\\\/03\\\/cropped-logo_new-1.png\",\"width\":881,\"height\":685,\"caption\":\"Blog do Farn\u00e9sio\"},\"image\":{\"@id\":\"https:\\\/\\\/blogdofarnesio.com.br\\\/#\\\/schema\\\/logo\\\/image\\\/\"},\"sameAs\":[\"https:\\\/\\\/www.facebook.com\\\/BlogQuerSaberPolitica\\\/\"]},{\"@type\":\"Person\",\"@id\":\"https:\\\/\\\/blogdofarnesio.com.br\\\/#\\\/schema\\\/person\\\/dd1bf5eba40b687199ba45ca6b97dff9\",\"name\":\"teste\",\"image\":{\"@type\":\"ImageObject\",\"inLanguage\":\"pt-BR\",\"@id\":\"https:\\\/\\\/secure.gravatar.com\\\/avatar\\\/2172498d4914b51e1d89a0f97957b035ac4938723a5cac208135d389b6972a6d?s=96&d=mm&r=g\",\"url\":\"https:\\\/\\\/secure.gravatar.com\\\/avatar\\\/2172498d4914b51e1d89a0f97957b035ac4938723a5cac208135d389b6972a6d?s=96&d=mm&r=g\",\"contentUrl\":\"https:\\\/\\\/secure.gravatar.com\\\/avatar\\\/2172498d4914b51e1d89a0f97957b035ac4938723a5cac208135d389b6972a6d?s=96&d=mm&r=g\",\"caption\":\"teste\"},\"url\":\"https:\\\/\\\/blogdofarnesio.com.br\\\/?author=3\"}]}<\/script>\n<!-- \/ Yoast SEO plugin. -->","yoast_head_json":{"title":"PACIENTES DO CASP II DE PETROLINA COMEMORAM SEMANA DO AMIGO - Blog do Farn\u00e9sio","robots":{"index":"index","follow":"follow","max-snippet":"max-snippet:-1","max-image-preview":"max-image-preview:large","max-video-preview":"max-video-preview:-1"},"canonical":"https:\/\/blogdofarnesio.com.br\/?p=91721","og_locale":"pt_BR","og_type":"article","og_title":"PACIENTES DO CASP II DE PETROLINA COMEMORAM SEMANA DO AMIGO - Blog do Farn\u00e9sio","og_description":"Abra\u00e7ar foi a principal atividade desta sexta-feira, 18, no Centro de Aten\u00e7\u00e3o Psicossocial (CAPS II), servi\u00e7o disponibilizado pela Secretaria de Sa\u00fade de Petrolina. Durante toda semana os profissionais da unidade desenvolveram atividades voltadas para o valor da amizade e, juntamente com os pacientes, constru\u00edram o mural \u2018Correio Amigo\u2019. Cada um produziu seu envelope e escreveu recados de carinho, gratid\u00e3o e amor para seus amigos, como \u00e9 o caso de Jess\u00e9 Gomes que agradeceu a Wilton, tamb\u00e9m paciente do CAPS II, pela amizade. \u201cEsta semana foi muito boa, pois aprendemos que devemos cuidar de nossos amigos e respeit\u00e1-los. Wilton \u00e9 o meu melhor amigo aqui, mas tamb\u00e9m tenho outros amigos\u201d, contou sorridente. Ainda na manh\u00e3 de ontem (18) os mais de&hellip;","og_url":"https:\/\/blogdofarnesio.com.br\/?p=91721","og_site_name":"Blog do Farn\u00e9sio","article_publisher":"https:\/\/www.facebook.com\/BlogQuerSaberPolitica\/","article_published_time":"2014-07-19T16:01:04+00:00","og_image":[{"url":"http:\/\/www.quersaberpolitica.com.br\/2016\/wp-content\/uploads\/2014\/07\/blogqspdiadoamigo0-245x300.jpg","type":"","width":"","height":""}],"author":"teste","twitter_card":"summary_large_image","twitter_misc":{"Escrito por":"teste","Est. tempo de leitura":"1 minuto"},"schema":{"@context":"https:\/\/schema.org","@graph":[{"@type":"Article","@id":"https:\/\/blogdofarnesio.com.br\/?p=91721#article","isPartOf":{"@id":"https:\/\/blogdofarnesio.com.br\/?p=91721"},"author":{"name":"teste","@id":"https:\/\/blogdofarnesio.com.br\/#\/schema\/person\/dd1bf5eba40b687199ba45ca6b97dff9"},"headline":"PACIENTES DO CASP II DE PETROLINA COMEMORAM SEMANA DO AMIGO","datePublished":"2014-07-19T16:01:04+00:00","mainEntityOfPage":{"@id":"https:\/\/blogdofarnesio.com.br\/?p=91721"},"wordCount":283,"commentCount":0,"publisher":{"@id":"https:\/\/blogdofarnesio.com.br\/#organization"},"image":{"@id":"https:\/\/blogdofarnesio.com.br\/?p=91721#primaryimage"},"thumbnailUrl":"http:\/\/www.quersaberpolitica.com.br\/2016\/wp-content\/uploads\/2014\/07\/blogqspdiadoamigo0-245x300.jpg","articleSection":["Pol\u00edtica"],"inLanguage":"pt-BR","potentialAction":[{"@type":"CommentAction","name":"Comment","target":["https:\/\/blogdofarnesio.com.br\/?p=91721#respond"]}]},{"@type":"WebPage","@id":"https:\/\/blogdofarnesio.com.br\/?p=91721","url":"https:\/\/blogdofarnesio.com.br\/?p=91721","name":"PACIENTES DO CASP II DE PETROLINA COMEMORAM SEMANA DO AMIGO - Blog do Farn\u00e9sio","isPartOf":{"@id":"https:\/\/blogdofarnesio.com.br\/#website"},"primaryImageOfPage":{"@id":"https:\/\/blogdofarnesio.com.br\/?p=91721#primaryimage"},"image":{"@id":"https:\/\/blogdofarnesio.com.br\/?p=91721#primaryimage"},"thumbnailUrl":"http:\/\/www.quersaberpolitica.com.br\/2016\/wp-content\/uploads\/2014\/07\/blogqspdiadoamigo0-245x300.jpg","datePublished":"2014-07-19T16:01:04+00:00","breadcrumb":{"@id":"https:\/\/blogdofarnesio.com.br\/?p=91721#breadcrumb"},"inLanguage":"pt-BR","potentialAction":[{"@type":"ReadAction","target":["https:\/\/blogdofarnesio.com.br\/?p=91721"]}]},{"@type":"ImageObject","inLanguage":"pt-BR","@id":"https:\/\/blogdofarnesio.com.br\/?p=91721#primaryimage","url":"http:\/\/www.quersaberpolitica.com.br\/2016\/wp-content\/uploads\/2014\/07\/blogqspdiadoamigo0-245x300.jpg","contentUrl":"http:\/\/www.quersaberpolitica.com.br\/2016\/wp-content\/uploads\/2014\/07\/blogqspdiadoamigo0-245x300.jpg"},{"@type":"BreadcrumbList","@id":"https:\/\/blogdofarnesio.com.br\/?p=91721#breadcrumb","itemListElement":[{"@type":"ListItem","position":1,"name":"In\u00edcio","item":"https:\/\/blogdofarnesio.com.br\/"},{"@type":"ListItem","position":2,"name":"PACIENTES DO CASP II DE PETROLINA COMEMORAM SEMANA DO AMIGO"}]},{"@type":"WebSite","@id":"https:\/\/blogdofarnesio.com.br\/#website","url":"https:\/\/blogdofarnesio.com.br\/","name":"Blog do Farn\u00e9sio","description":"Quer Saber Pol\u00edtica?","publisher":{"@id":"https:\/\/blogdofarnesio.com.br\/#organization"},"potentialAction":[{"@type":"SearchAction","target":{"@type":"EntryPoint","urlTemplate":"https:\/\/blogdofarnesio.com.br\/?s={search_term_string}"},"query-input":{"@type":"PropertyValueSpecification","valueRequired":true,"valueName":"search_term_string"}}],"inLanguage":"pt-BR"},{"@type":"Organization","@id":"https:\/\/blogdofarnesio.com.br\/#organization","name":"Blog do Farn\u00e9sio","url":"https:\/\/blogdofarnesio.com.br\/","logo":{"@type":"ImageObject","inLanguage":"pt-BR","@id":"https:\/\/blogdofarnesio.com.br\/#\/schema\/logo\/image\/","url":"https:\/\/blogdofarnesio.com.br\/wp-content\/uploads\/2026\/03\/cropped-logo_new-1.png","contentUrl":"https:\/\/blogdofarnesio.com.br\/wp-content\/uploads\/2026\/03\/cropped-logo_new-1.png","width":881,"height":685,"caption":"Blog do Farn\u00e9sio"},"image":{"@id":"https:\/\/blogdofarnesio.com.br\/#\/schema\/logo\/image\/"},"sameAs":["https:\/\/www.facebook.com\/BlogQuerSaberPolitica\/"]},{"@type":"Person","@id":"https:\/\/blogdofarnesio.com.br\/#\/schema\/person\/dd1bf5eba40b687199ba45ca6b97dff9","name":"teste","image":{"@type":"ImageObject","inLanguage":"pt-BR","@id":"https:\/\/secure.gravatar.com\/avatar\/2172498d4914b51e1d89a0f97957b035ac4938723a5cac208135d389b6972a6d?s=96&d=mm&r=g","url":"https:\/\/secure.gravatar.com\/avatar\/2172498d4914b51e1d89a0f97957b035ac4938723a5cac208135d389b6972a6d?s=96&d=mm&r=g","contentUrl":"https:\/\/secure.gravatar.com\/avatar\/2172498d4914b51e1d89a0f97957b035ac4938723a5cac208135d389b6972a6d?s=96&d=mm&r=g","caption":"teste"},"url":"https:\/\/blogdofarnesio.com.br\/?author=3"}]}},"_links":{"self":[{"href":"https:\/\/blogdofarnesio.com.br\/index.php?rest_route=\/wp\/v2\/posts\/91721","targetHints":{"allow":["GET"]}}],"collection":[{"href":"https:\/\/blogdofarnesio.com.br\/index.php?rest_route=\/wp\/v2\/posts"}],"about":[{"href":"https:\/\/blogdofarnesio.com.br\/index.php?rest_route=\/wp\/v2\/types\/post"}],"author":[{"embeddable":true,"href":"https:\/\/blogdofarnesio.com.br\/index.php?rest_route=\/wp\/v2\/users\/3"}],"replies":[{"embeddable":true,"href":"https:\/\/blogdofarnesio.com.br\/index.php?rest_route=%2Fwp%2Fv2%2Fcomments&post=91721"}],"version-history":[{"count":0,"href":"https:\/\/blogdofarnesio.com.br\/index.php?rest_route=\/wp\/v2\/posts\/91721\/revisions"}],"wp:attachment":[{"href":"https:\/\/blogdofarnesio.com.br\/index.php?rest_route=%2Fwp%2Fv2%2Fmedia&parent=91721"}],"wp:term":[{"taxonomy":"category","embeddable":true,"href":"https:\/\/blogdofarnesio.com.br\/index.php?rest_route=%2Fwp%2Fv2%2Fcategories&post=91721"},{"taxonomy":"post_tag","embeddable":true,"href":"https:\/\/blogdofarnesio.com.br\/index.php?rest_route=%2Fwp%2Fv2%2Ftags&post=91721"}],"curies":[{"name":"wp","href":"https:\/\/api.w.org\/{rel}","templated":true}]}}