{"id":91666,"date":"2014-07-18T13:00:45","date_gmt":"2014-07-18T16:00:45","guid":{"rendered":"http:\/\/www.quersaberpolitica.com.br\/?p=91666"},"modified":"2014-07-18T10:43:05","modified_gmt":"2014-07-18T13:43:05","slug":"mundo-literario-de-luto-morreu-o-academico-joao-ubaldo-ribeiro","status":"publish","type":"post","link":"https:\/\/blogdofarnesio.com.br\/?p=91666","title":{"rendered":"MUNDO LITER\u00c1RIO DE LUTO: MORREU O ACAD\u00caMICO JO\u00c3O UBALDO RIBEIRO"},"content":{"rendered":"<p><strong>Governador lamenta morte do escritor Jo\u00e3o Ubaldo Ribeiro<\/strong><\/p>\n<p style=\"text-align: justify\"><span style=\"color: #000000\"><a href=\"http:\/\/www.quersaberpolitica.com.br\/2016\/wp-content\/uploads\/2013\/02\/blogqsplutocristo.jpg\"><img loading=\"lazy\" decoding=\"async\" class=\"alignleft size-full wp-image-27613\" alt=\"blogqsplutocristo\" src=\"http:\/\/www.quersaberpolitica.com.br\/2016\/wp-content\/uploads\/2013\/02\/blogqsplutocristo.jpg\" width=\"216\" height=\"234\" \/><\/a>Em nota de pesar, o governador Jaques Wagner lamentou a morte do escritor baiano Jo\u00e3o Ubaldo Ribeiro, aos 73 anos, na madrugada desta sexta-feira (18): &#8220;A obra deixada por Jo\u00e3o Ubaldo Ribeiro nos auxilia, neste momento, a superar a dor pela sua perda. Imortal das academias de letras do Brasil e da Bahia, ir\u00f4nico e bem-humorado, soube como poucos desvendar as entranhas da epopeia brasileira. Sua cr\u00edtica social muitas vezes incomodava, por\u00e9m tamb\u00e9m apontava caminhos. Ubaldo \u00e9 leitura essencial para quem quiser contribuir para a constru\u00e7\u00e3o de uma sociedade melhor. Minhas condol\u00eancias aos familiares e amigos&#8221;, disse o governador.<\/span><\/p>\n<p style=\"text-align: center\" align=\"center\"><strong>NOTA DE PESAR\u00a0<!--more--><\/strong><\/p>\n<p style=\"text-align: justify\"><b>\u00a0<\/b>A Secretaria de Cultura do Estado da Bahia (SecultBA) e unidades vinculadas lamentam o falecimento do escritor e acad\u00eamico baiano Jo\u00e3o Ubaldo Ribeiro\u2014 membro da Academia Brasileira de Letras (ABL) e autor de livros como \u201cSargento Get\u00falio\u201d, \u201cViva o povo brasileiro\u201d, \u201cO sorriso do lagarto\u201d e\u00a0\u201cA casa dos budas ditosos\u201d. O escritor, que ocupava a cadeira n\u00famero 34 da ABL desde 1993, era formado em Direito pela Universidade Federal da Bahia (UFBA).\u00a0Ele fez p\u00f3s-gradua\u00e7\u00e3o em Administra\u00e7\u00e3o P\u00fablica pela mesma institui\u00e7\u00e3o e mestrado de Administra\u00e7\u00e3o P\u00fablica e Ci\u00eancia Pol\u00edtica pela Universidade da Calif\u00f3rnia do Sul, nos EUA. Em 2008, ganhou o Pr\u00eamio Cam\u00f5es, o mais importante da literatura em l\u00edngua portuguesa.\u00a0\u00a0Nascido em Itaparica, na Bahia, em 23 de janeiro de 1941, morou ao longo da vida em Sergipe, Lisboa, Berlim e Rio de Janeiro, onde acabou se fixando.\u00a0\u00a0V\u00edtima de embolia pulmonar na madrugada desta sexta-feira (18), em sua casa no Leblon, no Rio de Janeiro, Ubaldo tinha 73 anos, deixa quatro filhos \u2014 dois do casamento com M\u00f4nica Maria Roters e outros dois com Berenice de Carvalho Batella Ribeiro. O corpo do escritor ser\u00e1 velado na Academia Brasileira de Letras, no Rio.<\/p>\n<p style=\"text-align: justify\"><b>\u00a0<\/b><\/p>\n<p style=\"text-align: justify\"><b>ASSESSORIA DE COMUNICA\u00c7\u00c3O | ASCOM<\/b><\/p>\n<p style=\"text-align: justify\"><b>SECRETARIA DE CULTURA DO ESTADO DA BAHIA<\/b><\/p>\n","protected":false},"excerpt":{"rendered":"<p>Governador lamenta morte do escritor Jo\u00e3o Ubaldo Ribeiro Em nota de pesar, o governador Jaques Wagner lamentou a morte do escritor baiano Jo\u00e3o Ubaldo Ribeiro, aos 73 anos, na madrugada desta sexta-feira (18): &#8220;A obra deixada por Jo\u00e3o Ubaldo Ribeiro nos auxilia, neste momento, a superar a dor pela sua perda. Imortal das academias de letras do Brasil e da Bahia, ir\u00f4nico e bem-humorado, soube como poucos desvendar as entranhas da epopeia brasileira. Sua cr\u00edtica social muitas vezes incomodava, por\u00e9m tamb\u00e9m apontava caminhos. Ubaldo \u00e9 leitura essencial para quem quiser contribuir para a constru\u00e7\u00e3o de uma sociedade melhor. Minhas condol\u00eancias aos familiares e amigos&#8221;, disse o governador. NOTA DE PESAR\u00a0<\/p>\n","protected":false},"author":3,"featured_media":0,"comment_status":"open","ping_status":"open","sticky":false,"template":"","format":"standard","meta":{"_acf_changed":false,"footnotes":""},"categories":[32],"tags":[],"class_list":["post-91666","post","type-post","status-publish","format-standard","hentry","category-costumes"],"acf":[],"yoast_head":"<!-- This site is optimized with the Yoast SEO plugin v27.4 - https:\/\/yoast.com\/product\/yoast-seo-wordpress\/ -->\n<title>MUNDO LITER\u00c1RIO DE LUTO: MORREU O ACAD\u00caMICO JO\u00c3O UBALDO RIBEIRO - Blog do Farn\u00e9sio<\/title>\n<meta name=\"robots\" content=\"index, follow, max-snippet:-1, max-image-preview:large, max-video-preview:-1\" \/>\n<link rel=\"canonical\" href=\"https:\/\/blogdofarnesio.com.br\/?p=91666\" \/>\n<meta property=\"og:locale\" content=\"pt_BR\" \/>\n<meta property=\"og:type\" content=\"article\" \/>\n<meta property=\"og:title\" content=\"MUNDO LITER\u00c1RIO DE LUTO: MORREU O ACAD\u00caMICO JO\u00c3O UBALDO RIBEIRO - Blog do Farn\u00e9sio\" \/>\n<meta property=\"og:description\" content=\"Governador lamenta morte do escritor Jo\u00e3o Ubaldo Ribeiro Em nota de pesar, o governador Jaques Wagner lamentou a morte do escritor baiano Jo\u00e3o Ubaldo Ribeiro, aos 73 anos, na madrugada desta sexta-feira (18): &#8220;A obra deixada por Jo\u00e3o Ubaldo Ribeiro nos auxilia, neste momento, a superar a dor pela sua perda. Imortal das academias de letras do Brasil e da Bahia, ir\u00f4nico e bem-humorado, soube como poucos desvendar as entranhas da epopeia brasileira. Sua cr\u00edtica social muitas vezes incomodava, por\u00e9m tamb\u00e9m apontava caminhos. Ubaldo \u00e9 leitura essencial para quem quiser contribuir para a constru\u00e7\u00e3o de uma sociedade melhor. Minhas condol\u00eancias aos familiares e amigos&#8221;, disse o governador. NOTA DE PESAR\u00a0\" \/>\n<meta property=\"og:url\" content=\"https:\/\/blogdofarnesio.com.br\/?p=91666\" \/>\n<meta property=\"og:site_name\" content=\"Blog do Farn\u00e9sio\" \/>\n<meta property=\"article:publisher\" content=\"https:\/\/www.facebook.com\/BlogQuerSaberPolitica\/\" \/>\n<meta property=\"article:published_time\" content=\"2014-07-18T16:00:45+00:00\" \/>\n<meta property=\"og:image\" content=\"http:\/\/www.quersaberpolitica.com.br\/2016\/wp-content\/uploads\/2013\/02\/blogqsplutocristo.jpg\" \/>\n<meta name=\"author\" content=\"teste\" \/>\n<meta name=\"twitter:card\" content=\"summary_large_image\" \/>\n<meta name=\"twitter:label1\" content=\"Escrito por\" \/>\n\t<meta name=\"twitter:data1\" content=\"teste\" \/>\n\t<meta name=\"twitter:label2\" content=\"Est. tempo de leitura\" \/>\n\t<meta name=\"twitter:data2\" content=\"2 minutos\" \/>\n<script type=\"application\/ld+json\" class=\"yoast-schema-graph\">{\"@context\":\"https:\\\/\\\/schema.org\",\"@graph\":[{\"@type\":\"Article\",\"@id\":\"https:\\\/\\\/blogdofarnesio.com.br\\\/?p=91666#article\",\"isPartOf\":{\"@id\":\"https:\\\/\\\/blogdofarnesio.com.br\\\/?p=91666\"},\"author\":{\"name\":\"teste\",\"@id\":\"https:\\\/\\\/blogdofarnesio.com.br\\\/#\\\/schema\\\/person\\\/dd1bf5eba40b687199ba45ca6b97dff9\"},\"headline\":\"MUNDO LITER\u00c1RIO DE LUTO: MORREU O ACAD\u00caMICO JO\u00c3O UBALDO RIBEIRO\",\"datePublished\":\"2014-07-18T16:00:45+00:00\",\"mainEntityOfPage\":{\"@id\":\"https:\\\/\\\/blogdofarnesio.com.br\\\/?p=91666\"},\"wordCount\":347,\"commentCount\":0,\"publisher\":{\"@id\":\"https:\\\/\\\/blogdofarnesio.com.br\\\/#organization\"},\"image\":{\"@id\":\"https:\\\/\\\/blogdofarnesio.com.br\\\/?p=91666#primaryimage\"},\"thumbnailUrl\":\"http:\\\/\\\/www.quersaberpolitica.com.br\\\/2016\\\/wp-content\\\/uploads\\\/2013\\\/02\\\/blogqsplutocristo.jpg\",\"articleSection\":[\"Costumes\"],\"inLanguage\":\"pt-BR\",\"potentialAction\":[{\"@type\":\"CommentAction\",\"name\":\"Comment\",\"target\":[\"https:\\\/\\\/blogdofarnesio.com.br\\\/?p=91666#respond\"]}]},{\"@type\":\"WebPage\",\"@id\":\"https:\\\/\\\/blogdofarnesio.com.br\\\/?p=91666\",\"url\":\"https:\\\/\\\/blogdofarnesio.com.br\\\/?p=91666\",\"name\":\"MUNDO LITER\u00c1RIO DE LUTO: MORREU O ACAD\u00caMICO JO\u00c3O UBALDO RIBEIRO - Blog do Farn\u00e9sio\",\"isPartOf\":{\"@id\":\"https:\\\/\\\/blogdofarnesio.com.br\\\/#website\"},\"primaryImageOfPage\":{\"@id\":\"https:\\\/\\\/blogdofarnesio.com.br\\\/?p=91666#primaryimage\"},\"image\":{\"@id\":\"https:\\\/\\\/blogdofarnesio.com.br\\\/?p=91666#primaryimage\"},\"thumbnailUrl\":\"http:\\\/\\\/www.quersaberpolitica.com.br\\\/2016\\\/wp-content\\\/uploads\\\/2013\\\/02\\\/blogqsplutocristo.jpg\",\"datePublished\":\"2014-07-18T16:00:45+00:00\",\"breadcrumb\":{\"@id\":\"https:\\\/\\\/blogdofarnesio.com.br\\\/?p=91666#breadcrumb\"},\"inLanguage\":\"pt-BR\",\"potentialAction\":[{\"@type\":\"ReadAction\",\"target\":[\"https:\\\/\\\/blogdofarnesio.com.br\\\/?p=91666\"]}]},{\"@type\":\"ImageObject\",\"inLanguage\":\"pt-BR\",\"@id\":\"https:\\\/\\\/blogdofarnesio.com.br\\\/?p=91666#primaryimage\",\"url\":\"http:\\\/\\\/www.quersaberpolitica.com.br\\\/2016\\\/wp-content\\\/uploads\\\/2013\\\/02\\\/blogqsplutocristo.jpg\",\"contentUrl\":\"http:\\\/\\\/www.quersaberpolitica.com.br\\\/2016\\\/wp-content\\\/uploads\\\/2013\\\/02\\\/blogqsplutocristo.jpg\"},{\"@type\":\"BreadcrumbList\",\"@id\":\"https:\\\/\\\/blogdofarnesio.com.br\\\/?p=91666#breadcrumb\",\"itemListElement\":[{\"@type\":\"ListItem\",\"position\":1,\"name\":\"In\u00edcio\",\"item\":\"https:\\\/\\\/blogdofarnesio.com.br\\\/\"},{\"@type\":\"ListItem\",\"position\":2,\"name\":\"MUNDO LITER\u00c1RIO DE LUTO: MORREU O ACAD\u00caMICO JO\u00c3O UBALDO RIBEIRO\"}]},{\"@type\":\"WebSite\",\"@id\":\"https:\\\/\\\/blogdofarnesio.com.br\\\/#website\",\"url\":\"https:\\\/\\\/blogdofarnesio.com.br\\\/\",\"name\":\"Blog do Farn\u00e9sio\",\"description\":\"Quer Saber Pol\u00edtica?\",\"publisher\":{\"@id\":\"https:\\\/\\\/blogdofarnesio.com.br\\\/#organization\"},\"potentialAction\":[{\"@type\":\"SearchAction\",\"target\":{\"@type\":\"EntryPoint\",\"urlTemplate\":\"https:\\\/\\\/blogdofarnesio.com.br\\\/?s={search_term_string}\"},\"query-input\":{\"@type\":\"PropertyValueSpecification\",\"valueRequired\":true,\"valueName\":\"search_term_string\"}}],\"inLanguage\":\"pt-BR\"},{\"@type\":\"Organization\",\"@id\":\"https:\\\/\\\/blogdofarnesio.com.br\\\/#organization\",\"name\":\"Blog do Farn\u00e9sio\",\"url\":\"https:\\\/\\\/blogdofarnesio.com.br\\\/\",\"logo\":{\"@type\":\"ImageObject\",\"inLanguage\":\"pt-BR\",\"@id\":\"https:\\\/\\\/blogdofarnesio.com.br\\\/#\\\/schema\\\/logo\\\/image\\\/\",\"url\":\"https:\\\/\\\/blogdofarnesio.com.br\\\/wp-content\\\/uploads\\\/2026\\\/03\\\/cropped-logo_new-1.png\",\"contentUrl\":\"https:\\\/\\\/blogdofarnesio.com.br\\\/wp-content\\\/uploads\\\/2026\\\/03\\\/cropped-logo_new-1.png\",\"width\":881,\"height\":685,\"caption\":\"Blog do Farn\u00e9sio\"},\"image\":{\"@id\":\"https:\\\/\\\/blogdofarnesio.com.br\\\/#\\\/schema\\\/logo\\\/image\\\/\"},\"sameAs\":[\"https:\\\/\\\/www.facebook.com\\\/BlogQuerSaberPolitica\\\/\"]},{\"@type\":\"Person\",\"@id\":\"https:\\\/\\\/blogdofarnesio.com.br\\\/#\\\/schema\\\/person\\\/dd1bf5eba40b687199ba45ca6b97dff9\",\"name\":\"teste\",\"image\":{\"@type\":\"ImageObject\",\"inLanguage\":\"pt-BR\",\"@id\":\"https:\\\/\\\/secure.gravatar.com\\\/avatar\\\/2172498d4914b51e1d89a0f97957b035ac4938723a5cac208135d389b6972a6d?s=96&d=mm&r=g\",\"url\":\"https:\\\/\\\/secure.gravatar.com\\\/avatar\\\/2172498d4914b51e1d89a0f97957b035ac4938723a5cac208135d389b6972a6d?s=96&d=mm&r=g\",\"contentUrl\":\"https:\\\/\\\/secure.gravatar.com\\\/avatar\\\/2172498d4914b51e1d89a0f97957b035ac4938723a5cac208135d389b6972a6d?s=96&d=mm&r=g\",\"caption\":\"teste\"},\"url\":\"https:\\\/\\\/blogdofarnesio.com.br\\\/?author=3\"}]}<\/script>\n<!-- \/ Yoast SEO plugin. -->","yoast_head_json":{"title":"MUNDO LITER\u00c1RIO DE LUTO: MORREU O ACAD\u00caMICO JO\u00c3O UBALDO RIBEIRO - Blog do Farn\u00e9sio","robots":{"index":"index","follow":"follow","max-snippet":"max-snippet:-1","max-image-preview":"max-image-preview:large","max-video-preview":"max-video-preview:-1"},"canonical":"https:\/\/blogdofarnesio.com.br\/?p=91666","og_locale":"pt_BR","og_type":"article","og_title":"MUNDO LITER\u00c1RIO DE LUTO: MORREU O ACAD\u00caMICO JO\u00c3O UBALDO RIBEIRO - Blog do Farn\u00e9sio","og_description":"Governador lamenta morte do escritor Jo\u00e3o Ubaldo Ribeiro Em nota de pesar, o governador Jaques Wagner lamentou a morte do escritor baiano Jo\u00e3o Ubaldo Ribeiro, aos 73 anos, na madrugada desta sexta-feira (18): &#8220;A obra deixada por Jo\u00e3o Ubaldo Ribeiro nos auxilia, neste momento, a superar a dor pela sua perda. Imortal das academias de letras do Brasil e da Bahia, ir\u00f4nico e bem-humorado, soube como poucos desvendar as entranhas da epopeia brasileira. Sua cr\u00edtica social muitas vezes incomodava, por\u00e9m tamb\u00e9m apontava caminhos. Ubaldo \u00e9 leitura essencial para quem quiser contribuir para a constru\u00e7\u00e3o de uma sociedade melhor. Minhas condol\u00eancias aos familiares e amigos&#8221;, disse o governador. NOTA DE PESAR\u00a0","og_url":"https:\/\/blogdofarnesio.com.br\/?p=91666","og_site_name":"Blog do Farn\u00e9sio","article_publisher":"https:\/\/www.facebook.com\/BlogQuerSaberPolitica\/","article_published_time":"2014-07-18T16:00:45+00:00","og_image":[{"url":"http:\/\/www.quersaberpolitica.com.br\/2016\/wp-content\/uploads\/2013\/02\/blogqsplutocristo.jpg","type":"","width":"","height":""}],"author":"teste","twitter_card":"summary_large_image","twitter_misc":{"Escrito por":"teste","Est. tempo de leitura":"2 minutos"},"schema":{"@context":"https:\/\/schema.org","@graph":[{"@type":"Article","@id":"https:\/\/blogdofarnesio.com.br\/?p=91666#article","isPartOf":{"@id":"https:\/\/blogdofarnesio.com.br\/?p=91666"},"author":{"name":"teste","@id":"https:\/\/blogdofarnesio.com.br\/#\/schema\/person\/dd1bf5eba40b687199ba45ca6b97dff9"},"headline":"MUNDO LITER\u00c1RIO DE LUTO: MORREU O ACAD\u00caMICO JO\u00c3O UBALDO RIBEIRO","datePublished":"2014-07-18T16:00:45+00:00","mainEntityOfPage":{"@id":"https:\/\/blogdofarnesio.com.br\/?p=91666"},"wordCount":347,"commentCount":0,"publisher":{"@id":"https:\/\/blogdofarnesio.com.br\/#organization"},"image":{"@id":"https:\/\/blogdofarnesio.com.br\/?p=91666#primaryimage"},"thumbnailUrl":"http:\/\/www.quersaberpolitica.com.br\/2016\/wp-content\/uploads\/2013\/02\/blogqsplutocristo.jpg","articleSection":["Costumes"],"inLanguage":"pt-BR","potentialAction":[{"@type":"CommentAction","name":"Comment","target":["https:\/\/blogdofarnesio.com.br\/?p=91666#respond"]}]},{"@type":"WebPage","@id":"https:\/\/blogdofarnesio.com.br\/?p=91666","url":"https:\/\/blogdofarnesio.com.br\/?p=91666","name":"MUNDO LITER\u00c1RIO DE LUTO: MORREU O ACAD\u00caMICO JO\u00c3O UBALDO RIBEIRO - Blog do Farn\u00e9sio","isPartOf":{"@id":"https:\/\/blogdofarnesio.com.br\/#website"},"primaryImageOfPage":{"@id":"https:\/\/blogdofarnesio.com.br\/?p=91666#primaryimage"},"image":{"@id":"https:\/\/blogdofarnesio.com.br\/?p=91666#primaryimage"},"thumbnailUrl":"http:\/\/www.quersaberpolitica.com.br\/2016\/wp-content\/uploads\/2013\/02\/blogqsplutocristo.jpg","datePublished":"2014-07-18T16:00:45+00:00","breadcrumb":{"@id":"https:\/\/blogdofarnesio.com.br\/?p=91666#breadcrumb"},"inLanguage":"pt-BR","potentialAction":[{"@type":"ReadAction","target":["https:\/\/blogdofarnesio.com.br\/?p=91666"]}]},{"@type":"ImageObject","inLanguage":"pt-BR","@id":"https:\/\/blogdofarnesio.com.br\/?p=91666#primaryimage","url":"http:\/\/www.quersaberpolitica.com.br\/2016\/wp-content\/uploads\/2013\/02\/blogqsplutocristo.jpg","contentUrl":"http:\/\/www.quersaberpolitica.com.br\/2016\/wp-content\/uploads\/2013\/02\/blogqsplutocristo.jpg"},{"@type":"BreadcrumbList","@id":"https:\/\/blogdofarnesio.com.br\/?p=91666#breadcrumb","itemListElement":[{"@type":"ListItem","position":1,"name":"In\u00edcio","item":"https:\/\/blogdofarnesio.com.br\/"},{"@type":"ListItem","position":2,"name":"MUNDO LITER\u00c1RIO DE LUTO: MORREU O ACAD\u00caMICO JO\u00c3O UBALDO RIBEIRO"}]},{"@type":"WebSite","@id":"https:\/\/blogdofarnesio.com.br\/#website","url":"https:\/\/blogdofarnesio.com.br\/","name":"Blog do Farn\u00e9sio","description":"Quer Saber Pol\u00edtica?","publisher":{"@id":"https:\/\/blogdofarnesio.com.br\/#organization"},"potentialAction":[{"@type":"SearchAction","target":{"@type":"EntryPoint","urlTemplate":"https:\/\/blogdofarnesio.com.br\/?s={search_term_string}"},"query-input":{"@type":"PropertyValueSpecification","valueRequired":true,"valueName":"search_term_string"}}],"inLanguage":"pt-BR"},{"@type":"Organization","@id":"https:\/\/blogdofarnesio.com.br\/#organization","name":"Blog do Farn\u00e9sio","url":"https:\/\/blogdofarnesio.com.br\/","logo":{"@type":"ImageObject","inLanguage":"pt-BR","@id":"https:\/\/blogdofarnesio.com.br\/#\/schema\/logo\/image\/","url":"https:\/\/blogdofarnesio.com.br\/wp-content\/uploads\/2026\/03\/cropped-logo_new-1.png","contentUrl":"https:\/\/blogdofarnesio.com.br\/wp-content\/uploads\/2026\/03\/cropped-logo_new-1.png","width":881,"height":685,"caption":"Blog do Farn\u00e9sio"},"image":{"@id":"https:\/\/blogdofarnesio.com.br\/#\/schema\/logo\/image\/"},"sameAs":["https:\/\/www.facebook.com\/BlogQuerSaberPolitica\/"]},{"@type":"Person","@id":"https:\/\/blogdofarnesio.com.br\/#\/schema\/person\/dd1bf5eba40b687199ba45ca6b97dff9","name":"teste","image":{"@type":"ImageObject","inLanguage":"pt-BR","@id":"https:\/\/secure.gravatar.com\/avatar\/2172498d4914b51e1d89a0f97957b035ac4938723a5cac208135d389b6972a6d?s=96&d=mm&r=g","url":"https:\/\/secure.gravatar.com\/avatar\/2172498d4914b51e1d89a0f97957b035ac4938723a5cac208135d389b6972a6d?s=96&d=mm&r=g","contentUrl":"https:\/\/secure.gravatar.com\/avatar\/2172498d4914b51e1d89a0f97957b035ac4938723a5cac208135d389b6972a6d?s=96&d=mm&r=g","caption":"teste"},"url":"https:\/\/blogdofarnesio.com.br\/?author=3"}]}},"_links":{"self":[{"href":"https:\/\/blogdofarnesio.com.br\/index.php?rest_route=\/wp\/v2\/posts\/91666","targetHints":{"allow":["GET"]}}],"collection":[{"href":"https:\/\/blogdofarnesio.com.br\/index.php?rest_route=\/wp\/v2\/posts"}],"about":[{"href":"https:\/\/blogdofarnesio.com.br\/index.php?rest_route=\/wp\/v2\/types\/post"}],"author":[{"embeddable":true,"href":"https:\/\/blogdofarnesio.com.br\/index.php?rest_route=\/wp\/v2\/users\/3"}],"replies":[{"embeddable":true,"href":"https:\/\/blogdofarnesio.com.br\/index.php?rest_route=%2Fwp%2Fv2%2Fcomments&post=91666"}],"version-history":[{"count":0,"href":"https:\/\/blogdofarnesio.com.br\/index.php?rest_route=\/wp\/v2\/posts\/91666\/revisions"}],"wp:attachment":[{"href":"https:\/\/blogdofarnesio.com.br\/index.php?rest_route=%2Fwp%2Fv2%2Fmedia&parent=91666"}],"wp:term":[{"taxonomy":"category","embeddable":true,"href":"https:\/\/blogdofarnesio.com.br\/index.php?rest_route=%2Fwp%2Fv2%2Fcategories&post=91666"},{"taxonomy":"post_tag","embeddable":true,"href":"https:\/\/blogdofarnesio.com.br\/index.php?rest_route=%2Fwp%2Fv2%2Ftags&post=91666"}],"curies":[{"name":"wp","href":"https:\/\/api.w.org\/{rel}","templated":true}]}}