{"id":91569,"date":"2014-07-18T11:05:55","date_gmt":"2014-07-18T14:05:55","guid":{"rendered":"http:\/\/www.quersaberpolitica.com.br\/?p=91569"},"modified":"2014-07-18T10:18:02","modified_gmt":"2014-07-18T13:18:02","slug":"prefeito-isaac-fiscaliza-obra-de-recuperacao-da-avenida-irma-dulce","status":"publish","type":"post","link":"https:\/\/blogdofarnesio.com.br\/?p=91569","title":{"rendered":"PREFEITO ISAAC FISCALIZA OBRA DE RECUPERA\u00c7\u00c3O DA AVENIDA IRM\u00c3 DULCE"},"content":{"rendered":"<p style=\"text-align: justify\"><a href=\"http:\/\/www.quersaberpolitica.com.br\/2016\/wp-content\/uploads\/2014\/07\/unnamed204.jpg\"><img loading=\"lazy\" decoding=\"async\" class=\"size-medium wp-image-91570 alignleft\" alt=\"unnamed\" src=\"http:\/\/www.quersaberpolitica.com.br\/2016\/wp-content\/uploads\/2014\/07\/unnamed204-300x198.jpg\" width=\"300\" height=\"198\" srcset=\"https:\/\/blogdofarnesio.com.br\/wp-content\/uploads\/2014\/07\/unnamed204-300x198.jpg 300w, https:\/\/blogdofarnesio.com.br\/wp-content\/uploads\/2014\/07\/unnamed204.jpg 448w\" sizes=\"auto, (max-width: 300px) 100vw, 300px\" \/><\/a>O Prefeito Isaac Carvalho, acompanhado do secret\u00e1rio de Desenvolvimento Urbano e Habita\u00e7\u00e3o (SEDUH), Jorge Barboza, visitou nesta de quinta-feira (17) mais uma etapa da interven\u00e7\u00e3o urbana que agora chega \u00e0 Avenida Irm\u00e3 Dulce, no bairro Alto da Alian\u00e7a, a qual est\u00e1 com os servi\u00e7os de terraplenagem em estado avan\u00e7ado.<\/p>\n<p style=\"text-align: justify\">O secret\u00e1rio Jorge Barboza, ressaltou o empenho da administra\u00e7\u00e3o p\u00fablica em viabilizar a melhoria da infraestrutura do bairro para toda a comunidade. \u201cProporcionar aos moradores uma maior mobilidade com ruas pavimentadas \u00e9 o nosso trabalho.<\/p>\n<p style=\"text-align: justify\">E o objetivo do Governo Isaac Carvalho, atrav\u00e9s do trabalho da nossa secretaria, \u00e9 entregar ruas pavimentadas para garantir uma infraestrutura com mais espa\u00e7o e oferecer melhores condi\u00e7\u00f5es de vida \u00e0 comunidade\u201d, afirmou o gestor da SEDUH.<!--more--><\/p>\n<p style=\"text-align: justify\">O morador e gerente de um mercadinho no bairro, Gilmar Santos de Oliveira, destacou a import\u00e2ncia da obra. \u201cEsta \u00e9 uma importante Avenida para Juazeiro e depois de pavimentada oferecer\u00e1 maior comodidade aos usu\u00e1rios e ainda trar\u00e1 mais clientes ao com\u00e9rcio deste bairro, gerando mais emprego e renda para a comunidade que reside no entorno da Irm\u00e3 Dulce\u201d, destacou.<\/p>\n<p style=\"text-align: justify\">Acompanharam o prefeito os vereadores Tiano Felix, Anderson Alves, Dami\u00e3o Medrado e Agnaldo Meira, os secret\u00e1rios Paulo Bonfim (Governo), Edvan Gon\u00e7alves (Meio Ambiente e Postura), Paulo C\u00e9sar Carvalho (Comunica\u00e7\u00e3o), os assessores Pl\u00ednio Amorim (Infraestrutura) e Fl\u00e1vio Luiz (Obras Estruturantes), al\u00e9m do engenheiro respons\u00e1vel pela obra, Hemerson Cardoso.<\/p>\n<p style=\"text-align: justify\">A Avenida Irm\u00e3 Dulce \u00e9 uma importante via de acesso da cidade, com intenso fluxo de pessoas e transporte e a sua recupera\u00e7\u00e3o \u00e9 uma antiga reivindica\u00e7\u00e3o dos moradores. \u201cO bairro ser\u00e1 beneficiado e os servi\u00e7os sociais ser\u00e3o fortalecidos, assim como o com\u00e9rcio. As pessoas que residem ter\u00e3o um acesso melhor \u00e0s escolas, faculdades e ao centro da cidade, sem contar que a obra ir\u00e1 mexer positivamente com os sentimentos de toda a comunidade, trazendo dignidade e dando um sentimento de dever cumprido para a gest\u00e3o municipal e para n\u00f3s que representamos o bairro no Legislativo\u201d, enfatizou o vereador\u00a0\u00a0Tiano Felix.<\/p>\n<p style=\"text-align: justify\">O prefeito Isaac Carvalho destacou a import\u00e2ncia de uma obra deste porte para o bairro Alto da Alian\u00e7a e lembrou que o Governo tem buscado melhorias efetivas para a comunidade, com realiza\u00e7\u00e3o de obras de infraestrutura em v\u00e1rias comunidades.\u00a0\u00a0\u201cO in\u00edcio dessa obra demonstra o empenho da gest\u00e3o em oferecer \u00e0 comunidade servi\u00e7os que ir\u00e3o melhorar a mobilidade de toda a cidade\u201d.<\/p>\n<p style=\"text-align: justify\">O prefeito ressaltou ainda que a obra de recupera\u00e7\u00e3o da Irm\u00e3 Dulce \u00e9 parte dos compromissos assumidos pelo Governo Municipal visando diminuir o hist\u00f3rico d\u00e9ficit da infraestrutura de Juazeiro. \u201cA obra est\u00e1 inclu\u00edda no PAC 2 e est\u00e1 sendo desenvolvida com recursos federais, os quais\u00a0\u00a0viabilizar\u00e3o os servi\u00e7os de pavimenta\u00e7\u00e3o de mais 163 ruas e 12 avenidas, entre elas a a Girassol e a Giuseppe Muccini, que tamb\u00e9m j\u00e1 est\u00e3o em obras, al\u00e9m da constru\u00e7\u00e3o de duas novas avenidas, a Cristalina\u00a0\u00a0e Irm\u00e3 Dulce 2\u201d, explicou Isaac.<\/p>\n","protected":false},"excerpt":{"rendered":"<p>O Prefeito Isaac Carvalho, acompanhado do secret\u00e1rio de Desenvolvimento Urbano e Habita\u00e7\u00e3o (SEDUH), Jorge Barboza, visitou nesta de quinta-feira (17) mais uma etapa da interven\u00e7\u00e3o urbana que agora chega \u00e0 Avenida Irm\u00e3 Dulce, no bairro Alto da Alian\u00e7a, a qual est\u00e1 com os servi\u00e7os de terraplenagem em estado avan\u00e7ado. O secret\u00e1rio Jorge Barboza, ressaltou o empenho da administra\u00e7\u00e3o p\u00fablica em viabilizar a melhoria da infraestrutura do bairro para toda a comunidade. \u201cProporcionar aos moradores uma maior mobilidade com ruas pavimentadas \u00e9 o nosso trabalho. E o objetivo do Governo Isaac Carvalho, atrav\u00e9s do trabalho da nossa secretaria, \u00e9 entregar ruas pavimentadas para garantir uma infraestrutura com mais espa\u00e7o e oferecer melhores condi\u00e7\u00f5es de vida \u00e0 comunidade\u201d, afirmou o gestor da&hellip; <\/p>\n","protected":false},"author":3,"featured_media":0,"comment_status":"open","ping_status":"open","sticky":false,"template":"","format":"standard","meta":{"_acf_changed":false,"footnotes":""},"categories":[44],"tags":[],"class_list":["post-91569","post","type-post","status-publish","format-standard","hentry","category-administracao"],"acf":[],"yoast_head":"<!-- This site is optimized with the Yoast SEO plugin v27.4 - https:\/\/yoast.com\/product\/yoast-seo-wordpress\/ -->\n<title>PREFEITO ISAAC FISCALIZA OBRA DE RECUPERA\u00c7\u00c3O DA AVENIDA IRM\u00c3 DULCE - Blog do Farn\u00e9sio<\/title>\n<meta name=\"robots\" content=\"index, follow, max-snippet:-1, max-image-preview:large, max-video-preview:-1\" \/>\n<link rel=\"canonical\" href=\"https:\/\/blogdofarnesio.com.br\/?p=91569\" \/>\n<meta property=\"og:locale\" content=\"pt_BR\" \/>\n<meta property=\"og:type\" content=\"article\" \/>\n<meta property=\"og:title\" content=\"PREFEITO ISAAC FISCALIZA OBRA DE RECUPERA\u00c7\u00c3O DA AVENIDA IRM\u00c3 DULCE - Blog do Farn\u00e9sio\" \/>\n<meta property=\"og:description\" content=\"O Prefeito Isaac Carvalho, acompanhado do secret\u00e1rio de Desenvolvimento Urbano e Habita\u00e7\u00e3o (SEDUH), Jorge Barboza, visitou nesta de quinta-feira (17) mais uma etapa da interven\u00e7\u00e3o urbana que agora chega \u00e0 Avenida Irm\u00e3 Dulce, no bairro Alto da Alian\u00e7a, a qual est\u00e1 com os servi\u00e7os de terraplenagem em estado avan\u00e7ado. O secret\u00e1rio Jorge Barboza, ressaltou o empenho da administra\u00e7\u00e3o p\u00fablica em viabilizar a melhoria da infraestrutura do bairro para toda a comunidade. \u201cProporcionar aos moradores uma maior mobilidade com ruas pavimentadas \u00e9 o nosso trabalho. E o objetivo do Governo Isaac Carvalho, atrav\u00e9s do trabalho da nossa secretaria, \u00e9 entregar ruas pavimentadas para garantir uma infraestrutura com mais espa\u00e7o e oferecer melhores condi\u00e7\u00f5es de vida \u00e0 comunidade\u201d, afirmou o gestor da&hellip;\" \/>\n<meta property=\"og:url\" content=\"https:\/\/blogdofarnesio.com.br\/?p=91569\" \/>\n<meta property=\"og:site_name\" content=\"Blog do Farn\u00e9sio\" \/>\n<meta property=\"article:publisher\" content=\"https:\/\/www.facebook.com\/BlogQuerSaberPolitica\/\" \/>\n<meta property=\"article:published_time\" content=\"2014-07-18T14:05:55+00:00\" \/>\n<meta property=\"og:image\" content=\"http:\/\/www.quersaberpolitica.com.br\/2016\/wp-content\/uploads\/2014\/07\/unnamed204-300x198.jpg\" \/>\n<meta name=\"author\" content=\"teste\" \/>\n<meta name=\"twitter:card\" content=\"summary_large_image\" \/>\n<meta name=\"twitter:label1\" content=\"Escrito por\" \/>\n\t<meta name=\"twitter:data1\" content=\"teste\" \/>\n\t<meta name=\"twitter:label2\" content=\"Est. tempo de leitura\" \/>\n\t<meta name=\"twitter:data2\" content=\"3 minutos\" \/>\n<script type=\"application\/ld+json\" class=\"yoast-schema-graph\">{\"@context\":\"https:\\\/\\\/schema.org\",\"@graph\":[{\"@type\":\"Article\",\"@id\":\"https:\\\/\\\/blogdofarnesio.com.br\\\/?p=91569#article\",\"isPartOf\":{\"@id\":\"https:\\\/\\\/blogdofarnesio.com.br\\\/?p=91569\"},\"author\":{\"name\":\"teste\",\"@id\":\"https:\\\/\\\/blogdofarnesio.com.br\\\/#\\\/schema\\\/person\\\/dd1bf5eba40b687199ba45ca6b97dff9\"},\"headline\":\"PREFEITO ISAAC FISCALIZA OBRA DE RECUPERA\u00c7\u00c3O DA AVENIDA IRM\u00c3 DULCE\",\"datePublished\":\"2014-07-18T14:05:55+00:00\",\"mainEntityOfPage\":{\"@id\":\"https:\\\/\\\/blogdofarnesio.com.br\\\/?p=91569\"},\"wordCount\":525,\"commentCount\":0,\"publisher\":{\"@id\":\"https:\\\/\\\/blogdofarnesio.com.br\\\/#organization\"},\"image\":{\"@id\":\"https:\\\/\\\/blogdofarnesio.com.br\\\/?p=91569#primaryimage\"},\"thumbnailUrl\":\"http:\\\/\\\/www.quersaberpolitica.com.br\\\/2016\\\/wp-content\\\/uploads\\\/2014\\\/07\\\/unnamed204-300x198.jpg\",\"articleSection\":[\"Administra\u00e7\u00e3o\"],\"inLanguage\":\"pt-BR\",\"potentialAction\":[{\"@type\":\"CommentAction\",\"name\":\"Comment\",\"target\":[\"https:\\\/\\\/blogdofarnesio.com.br\\\/?p=91569#respond\"]}]},{\"@type\":\"WebPage\",\"@id\":\"https:\\\/\\\/blogdofarnesio.com.br\\\/?p=91569\",\"url\":\"https:\\\/\\\/blogdofarnesio.com.br\\\/?p=91569\",\"name\":\"PREFEITO ISAAC FISCALIZA OBRA DE RECUPERA\u00c7\u00c3O DA AVENIDA IRM\u00c3 DULCE - Blog do Farn\u00e9sio\",\"isPartOf\":{\"@id\":\"https:\\\/\\\/blogdofarnesio.com.br\\\/#website\"},\"primaryImageOfPage\":{\"@id\":\"https:\\\/\\\/blogdofarnesio.com.br\\\/?p=91569#primaryimage\"},\"image\":{\"@id\":\"https:\\\/\\\/blogdofarnesio.com.br\\\/?p=91569#primaryimage\"},\"thumbnailUrl\":\"http:\\\/\\\/www.quersaberpolitica.com.br\\\/2016\\\/wp-content\\\/uploads\\\/2014\\\/07\\\/unnamed204-300x198.jpg\",\"datePublished\":\"2014-07-18T14:05:55+00:00\",\"breadcrumb\":{\"@id\":\"https:\\\/\\\/blogdofarnesio.com.br\\\/?p=91569#breadcrumb\"},\"inLanguage\":\"pt-BR\",\"potentialAction\":[{\"@type\":\"ReadAction\",\"target\":[\"https:\\\/\\\/blogdofarnesio.com.br\\\/?p=91569\"]}]},{\"@type\":\"ImageObject\",\"inLanguage\":\"pt-BR\",\"@id\":\"https:\\\/\\\/blogdofarnesio.com.br\\\/?p=91569#primaryimage\",\"url\":\"http:\\\/\\\/www.quersaberpolitica.com.br\\\/2016\\\/wp-content\\\/uploads\\\/2014\\\/07\\\/unnamed204-300x198.jpg\",\"contentUrl\":\"http:\\\/\\\/www.quersaberpolitica.com.br\\\/2016\\\/wp-content\\\/uploads\\\/2014\\\/07\\\/unnamed204-300x198.jpg\"},{\"@type\":\"BreadcrumbList\",\"@id\":\"https:\\\/\\\/blogdofarnesio.com.br\\\/?p=91569#breadcrumb\",\"itemListElement\":[{\"@type\":\"ListItem\",\"position\":1,\"name\":\"In\u00edcio\",\"item\":\"https:\\\/\\\/blogdofarnesio.com.br\\\/\"},{\"@type\":\"ListItem\",\"position\":2,\"name\":\"PREFEITO ISAAC FISCALIZA OBRA DE RECUPERA\u00c7\u00c3O DA AVENIDA IRM\u00c3 DULCE\"}]},{\"@type\":\"WebSite\",\"@id\":\"https:\\\/\\\/blogdofarnesio.com.br\\\/#website\",\"url\":\"https:\\\/\\\/blogdofarnesio.com.br\\\/\",\"name\":\"Blog do Farn\u00e9sio\",\"description\":\"Quer Saber Pol\u00edtica?\",\"publisher\":{\"@id\":\"https:\\\/\\\/blogdofarnesio.com.br\\\/#organization\"},\"potentialAction\":[{\"@type\":\"SearchAction\",\"target\":{\"@type\":\"EntryPoint\",\"urlTemplate\":\"https:\\\/\\\/blogdofarnesio.com.br\\\/?s={search_term_string}\"},\"query-input\":{\"@type\":\"PropertyValueSpecification\",\"valueRequired\":true,\"valueName\":\"search_term_string\"}}],\"inLanguage\":\"pt-BR\"},{\"@type\":\"Organization\",\"@id\":\"https:\\\/\\\/blogdofarnesio.com.br\\\/#organization\",\"name\":\"Blog do Farn\u00e9sio\",\"url\":\"https:\\\/\\\/blogdofarnesio.com.br\\\/\",\"logo\":{\"@type\":\"ImageObject\",\"inLanguage\":\"pt-BR\",\"@id\":\"https:\\\/\\\/blogdofarnesio.com.br\\\/#\\\/schema\\\/logo\\\/image\\\/\",\"url\":\"https:\\\/\\\/blogdofarnesio.com.br\\\/wp-content\\\/uploads\\\/2026\\\/03\\\/cropped-logo_new-1.png\",\"contentUrl\":\"https:\\\/\\\/blogdofarnesio.com.br\\\/wp-content\\\/uploads\\\/2026\\\/03\\\/cropped-logo_new-1.png\",\"width\":881,\"height\":685,\"caption\":\"Blog do Farn\u00e9sio\"},\"image\":{\"@id\":\"https:\\\/\\\/blogdofarnesio.com.br\\\/#\\\/schema\\\/logo\\\/image\\\/\"},\"sameAs\":[\"https:\\\/\\\/www.facebook.com\\\/BlogQuerSaberPolitica\\\/\"]},{\"@type\":\"Person\",\"@id\":\"https:\\\/\\\/blogdofarnesio.com.br\\\/#\\\/schema\\\/person\\\/dd1bf5eba40b687199ba45ca6b97dff9\",\"name\":\"teste\",\"image\":{\"@type\":\"ImageObject\",\"inLanguage\":\"pt-BR\",\"@id\":\"https:\\\/\\\/secure.gravatar.com\\\/avatar\\\/2172498d4914b51e1d89a0f97957b035ac4938723a5cac208135d389b6972a6d?s=96&d=mm&r=g\",\"url\":\"https:\\\/\\\/secure.gravatar.com\\\/avatar\\\/2172498d4914b51e1d89a0f97957b035ac4938723a5cac208135d389b6972a6d?s=96&d=mm&r=g\",\"contentUrl\":\"https:\\\/\\\/secure.gravatar.com\\\/avatar\\\/2172498d4914b51e1d89a0f97957b035ac4938723a5cac208135d389b6972a6d?s=96&d=mm&r=g\",\"caption\":\"teste\"},\"url\":\"https:\\\/\\\/blogdofarnesio.com.br\\\/?author=3\"}]}<\/script>\n<!-- \/ Yoast SEO plugin. -->","yoast_head_json":{"title":"PREFEITO ISAAC FISCALIZA OBRA DE RECUPERA\u00c7\u00c3O DA AVENIDA IRM\u00c3 DULCE - Blog do Farn\u00e9sio","robots":{"index":"index","follow":"follow","max-snippet":"max-snippet:-1","max-image-preview":"max-image-preview:large","max-video-preview":"max-video-preview:-1"},"canonical":"https:\/\/blogdofarnesio.com.br\/?p=91569","og_locale":"pt_BR","og_type":"article","og_title":"PREFEITO ISAAC FISCALIZA OBRA DE RECUPERA\u00c7\u00c3O DA AVENIDA IRM\u00c3 DULCE - Blog do Farn\u00e9sio","og_description":"O Prefeito Isaac Carvalho, acompanhado do secret\u00e1rio de Desenvolvimento Urbano e Habita\u00e7\u00e3o (SEDUH), Jorge Barboza, visitou nesta de quinta-feira (17) mais uma etapa da interven\u00e7\u00e3o urbana que agora chega \u00e0 Avenida Irm\u00e3 Dulce, no bairro Alto da Alian\u00e7a, a qual est\u00e1 com os servi\u00e7os de terraplenagem em estado avan\u00e7ado. O secret\u00e1rio Jorge Barboza, ressaltou o empenho da administra\u00e7\u00e3o p\u00fablica em viabilizar a melhoria da infraestrutura do bairro para toda a comunidade. \u201cProporcionar aos moradores uma maior mobilidade com ruas pavimentadas \u00e9 o nosso trabalho. E o objetivo do Governo Isaac Carvalho, atrav\u00e9s do trabalho da nossa secretaria, \u00e9 entregar ruas pavimentadas para garantir uma infraestrutura com mais espa\u00e7o e oferecer melhores condi\u00e7\u00f5es de vida \u00e0 comunidade\u201d, afirmou o gestor da&hellip;","og_url":"https:\/\/blogdofarnesio.com.br\/?p=91569","og_site_name":"Blog do Farn\u00e9sio","article_publisher":"https:\/\/www.facebook.com\/BlogQuerSaberPolitica\/","article_published_time":"2014-07-18T14:05:55+00:00","og_image":[{"url":"http:\/\/www.quersaberpolitica.com.br\/2016\/wp-content\/uploads\/2014\/07\/unnamed204-300x198.jpg","type":"","width":"","height":""}],"author":"teste","twitter_card":"summary_large_image","twitter_misc":{"Escrito por":"teste","Est. tempo de leitura":"3 minutos"},"schema":{"@context":"https:\/\/schema.org","@graph":[{"@type":"Article","@id":"https:\/\/blogdofarnesio.com.br\/?p=91569#article","isPartOf":{"@id":"https:\/\/blogdofarnesio.com.br\/?p=91569"},"author":{"name":"teste","@id":"https:\/\/blogdofarnesio.com.br\/#\/schema\/person\/dd1bf5eba40b687199ba45ca6b97dff9"},"headline":"PREFEITO ISAAC FISCALIZA OBRA DE RECUPERA\u00c7\u00c3O DA AVENIDA IRM\u00c3 DULCE","datePublished":"2014-07-18T14:05:55+00:00","mainEntityOfPage":{"@id":"https:\/\/blogdofarnesio.com.br\/?p=91569"},"wordCount":525,"commentCount":0,"publisher":{"@id":"https:\/\/blogdofarnesio.com.br\/#organization"},"image":{"@id":"https:\/\/blogdofarnesio.com.br\/?p=91569#primaryimage"},"thumbnailUrl":"http:\/\/www.quersaberpolitica.com.br\/2016\/wp-content\/uploads\/2014\/07\/unnamed204-300x198.jpg","articleSection":["Administra\u00e7\u00e3o"],"inLanguage":"pt-BR","potentialAction":[{"@type":"CommentAction","name":"Comment","target":["https:\/\/blogdofarnesio.com.br\/?p=91569#respond"]}]},{"@type":"WebPage","@id":"https:\/\/blogdofarnesio.com.br\/?p=91569","url":"https:\/\/blogdofarnesio.com.br\/?p=91569","name":"PREFEITO ISAAC FISCALIZA OBRA DE RECUPERA\u00c7\u00c3O DA AVENIDA IRM\u00c3 DULCE - Blog do Farn\u00e9sio","isPartOf":{"@id":"https:\/\/blogdofarnesio.com.br\/#website"},"primaryImageOfPage":{"@id":"https:\/\/blogdofarnesio.com.br\/?p=91569#primaryimage"},"image":{"@id":"https:\/\/blogdofarnesio.com.br\/?p=91569#primaryimage"},"thumbnailUrl":"http:\/\/www.quersaberpolitica.com.br\/2016\/wp-content\/uploads\/2014\/07\/unnamed204-300x198.jpg","datePublished":"2014-07-18T14:05:55+00:00","breadcrumb":{"@id":"https:\/\/blogdofarnesio.com.br\/?p=91569#breadcrumb"},"inLanguage":"pt-BR","potentialAction":[{"@type":"ReadAction","target":["https:\/\/blogdofarnesio.com.br\/?p=91569"]}]},{"@type":"ImageObject","inLanguage":"pt-BR","@id":"https:\/\/blogdofarnesio.com.br\/?p=91569#primaryimage","url":"http:\/\/www.quersaberpolitica.com.br\/2016\/wp-content\/uploads\/2014\/07\/unnamed204-300x198.jpg","contentUrl":"http:\/\/www.quersaberpolitica.com.br\/2016\/wp-content\/uploads\/2014\/07\/unnamed204-300x198.jpg"},{"@type":"BreadcrumbList","@id":"https:\/\/blogdofarnesio.com.br\/?p=91569#breadcrumb","itemListElement":[{"@type":"ListItem","position":1,"name":"In\u00edcio","item":"https:\/\/blogdofarnesio.com.br\/"},{"@type":"ListItem","position":2,"name":"PREFEITO ISAAC FISCALIZA OBRA DE RECUPERA\u00c7\u00c3O DA AVENIDA IRM\u00c3 DULCE"}]},{"@type":"WebSite","@id":"https:\/\/blogdofarnesio.com.br\/#website","url":"https:\/\/blogdofarnesio.com.br\/","name":"Blog do Farn\u00e9sio","description":"Quer Saber Pol\u00edtica?","publisher":{"@id":"https:\/\/blogdofarnesio.com.br\/#organization"},"potentialAction":[{"@type":"SearchAction","target":{"@type":"EntryPoint","urlTemplate":"https:\/\/blogdofarnesio.com.br\/?s={search_term_string}"},"query-input":{"@type":"PropertyValueSpecification","valueRequired":true,"valueName":"search_term_string"}}],"inLanguage":"pt-BR"},{"@type":"Organization","@id":"https:\/\/blogdofarnesio.com.br\/#organization","name":"Blog do Farn\u00e9sio","url":"https:\/\/blogdofarnesio.com.br\/","logo":{"@type":"ImageObject","inLanguage":"pt-BR","@id":"https:\/\/blogdofarnesio.com.br\/#\/schema\/logo\/image\/","url":"https:\/\/blogdofarnesio.com.br\/wp-content\/uploads\/2026\/03\/cropped-logo_new-1.png","contentUrl":"https:\/\/blogdofarnesio.com.br\/wp-content\/uploads\/2026\/03\/cropped-logo_new-1.png","width":881,"height":685,"caption":"Blog do Farn\u00e9sio"},"image":{"@id":"https:\/\/blogdofarnesio.com.br\/#\/schema\/logo\/image\/"},"sameAs":["https:\/\/www.facebook.com\/BlogQuerSaberPolitica\/"]},{"@type":"Person","@id":"https:\/\/blogdofarnesio.com.br\/#\/schema\/person\/dd1bf5eba40b687199ba45ca6b97dff9","name":"teste","image":{"@type":"ImageObject","inLanguage":"pt-BR","@id":"https:\/\/secure.gravatar.com\/avatar\/2172498d4914b51e1d89a0f97957b035ac4938723a5cac208135d389b6972a6d?s=96&d=mm&r=g","url":"https:\/\/secure.gravatar.com\/avatar\/2172498d4914b51e1d89a0f97957b035ac4938723a5cac208135d389b6972a6d?s=96&d=mm&r=g","contentUrl":"https:\/\/secure.gravatar.com\/avatar\/2172498d4914b51e1d89a0f97957b035ac4938723a5cac208135d389b6972a6d?s=96&d=mm&r=g","caption":"teste"},"url":"https:\/\/blogdofarnesio.com.br\/?author=3"}]}},"_links":{"self":[{"href":"https:\/\/blogdofarnesio.com.br\/index.php?rest_route=\/wp\/v2\/posts\/91569","targetHints":{"allow":["GET"]}}],"collection":[{"href":"https:\/\/blogdofarnesio.com.br\/index.php?rest_route=\/wp\/v2\/posts"}],"about":[{"href":"https:\/\/blogdofarnesio.com.br\/index.php?rest_route=\/wp\/v2\/types\/post"}],"author":[{"embeddable":true,"href":"https:\/\/blogdofarnesio.com.br\/index.php?rest_route=\/wp\/v2\/users\/3"}],"replies":[{"embeddable":true,"href":"https:\/\/blogdofarnesio.com.br\/index.php?rest_route=%2Fwp%2Fv2%2Fcomments&post=91569"}],"version-history":[{"count":0,"href":"https:\/\/blogdofarnesio.com.br\/index.php?rest_route=\/wp\/v2\/posts\/91569\/revisions"}],"wp:attachment":[{"href":"https:\/\/blogdofarnesio.com.br\/index.php?rest_route=%2Fwp%2Fv2%2Fmedia&parent=91569"}],"wp:term":[{"taxonomy":"category","embeddable":true,"href":"https:\/\/blogdofarnesio.com.br\/index.php?rest_route=%2Fwp%2Fv2%2Fcategories&post=91569"},{"taxonomy":"post_tag","embeddable":true,"href":"https:\/\/blogdofarnesio.com.br\/index.php?rest_route=%2Fwp%2Fv2%2Ftags&post=91569"}],"curies":[{"name":"wp","href":"https:\/\/api.w.org\/{rel}","templated":true}]}}