{"id":9122,"date":"2011-12-06T17:40:12","date_gmt":"2011-12-06T17:40:12","guid":{"rendered":"http:\/\/www.quersaberpolitica.com.br?p=9122"},"modified":"2011-12-06T17:14:49","modified_gmt":"2011-12-06T17:14:49","slug":"mobilizacao-tenta-reaver-demissao-de-medico-em-juazeiro","status":"publish","type":"post","link":"https:\/\/blogdofarnesio.com.br\/?p=9122","title":{"rendered":"Mobiliza\u00e7\u00e3o tenta reaver demiss\u00e3o de m\u00e9dico em Juazeiro"},"content":{"rendered":"<p style=\"text-align: justify;\"><span style=\"font-family: arial,helvetica,sans-serif;\"><span style=\"font-size: small;\">O juazeirense F&aacute;bio Lima, presidente do Instituto S&oacute;cio- Cultural Monsenhor Nestor Dais Lima foi ao<img loading=\"lazy\" decoding=\"async\" style=\"margin: 5px 10px; float: right;\" src=\"http:\/\/www.quersaberpolitica.com.br\/2016\/wp-content\/uploads\/2012\/12\/blogqspdocumentofrancisco.jpg\" alt=\"\" width=\"200\" height=\"275\" \/> Programa Bastidores da Not&iacute;cia, na&nbsp;manh&atilde; de hoje, para falar sobre a demiss&atilde;o do psiquiatra Francisco Barboza.<br \/>Uma mobiliza&ccedil;&atilde;o da sociedade civil organizada pretende reaver a exonera&ccedil;&atilde;o enviada no dia 16 de novembro, deste ano, pela Secretaria Municipal de Sa&uacute;de. Um abaixo assinado est&aacute; circulando no munic&iacute;pio para sensibilizar a gest&atilde;o municipal. <br \/>De acordo com F&aacute;bio Lima, um dos manifestantes contr&aacute;rio a atitude do secret&aacute;rio de Sa&uacute;de, Ubiratan Pedrosa de desvincular Dr. Francisco do CAPS II, centro em que ele foi idealizador e um dos fundadores, &#8220;a carta de demiss&atilde;o foi simpl&oacute;ria e d&aacute; um demonstrativo de persegui&ccedil;&atilde;o pol&iacute;tica&#8221;. F&aacute;bio diz ainda, que h&aacute; uma manobra pol&iacute;tica para desconsiderar todo o trabalho desenvolvido pelo m&eacute;dico que atuou com muita dedica&ccedil;&atilde;o durante mais de uma d&eacute;cada e tem uma rela&ccedil;&atilde;o fraternal com os pacientes.<br \/>No documento, h&aacute; assinaturas de parentes de pacientes que eram atendidos por Dr. Francisco. &#8220;N&atilde;o sabemos mais o que fazer, j&aacute; que meu irm&atilde;o se recusa a ser atendido por outro m&eacute;dico. Quando ele chegou e recebeu a triste not&iacute;cia de que Dr. Francisco n&atilde;o estava mais aqui, ele chorou&#8221;, lamentou Francisca Gomes, em frente ao Centro no Bairro Pedra do Lord. <br \/>At&eacute; agora mais de mil assinaturas foram registradas no abaixo assinado, inclusive as de 12, dos 13 vereadores da C&acirc;mara Municipal Apr&iacute;gio Duarte. Apenas o edil Pedro Alc&acirc;ntara n&atilde;o se manifestou em favor da mobiliza&ccedil;&atilde;o. <br \/>Dr. Francisco exercia sua profiss&atilde;o h&aacute; quase 12 anos no CAPS II. Foi admitido em 03 de janeiro de 2000 e na mesma data de 2012, por lei, ganharia a estabilidade profissional no munic&iacute;pio. Tempo suficiente para se tornar estatut&aacute;rio. <br \/>Lima argumentou que procurou conversar com o secret&aacute;rio de Sa&uacute;de por uma causa social. Dr. Francisco &eacute; um dos dois m&eacute;dicos psiquiatras que atendia no Centro de Aten&ccedil;&atilde;o Psicossocial do munic&iacute;pio. Mas a secret&aacute;ria de Pedrosa o informou que recebia ordens lhe desautorizando o agendamento de uma reuni&atilde;o com os requerentes. &#8220;N&atilde;o podemos nos calar diante de tanta arbitrariedade e tanta politicagem em nosso munic&iacute;pio&#8221;, disse. <br \/>Em documento emitido pela SMS e assinado pelo secret&aacute;rio solicitando o comparecimento do m&eacute;dico para a rescis&atilde;o do contrato de trabalho, a Prefeitura Municipal de Juazeiro argumenta que a demiss&atilde;o foi motivada pela necessidade de haver corte de gastos e para o redimensionamento da for&ccedil;a de trabalho dentro da secretaria.<br \/><\/span><\/span><strong><\/strong><\/p>\n<p style=\"text-align: justify;\"><strong><span style=\"font-family: arial,helvetica,sans-serif;\"><span style=\"font-size: small;\">Por M&ocirc;nia Ramos<\/span><\/span><\/strong><\/p>\n<p style=\"text-align: justify;\"><span style=\"font-family: arial,helvetica,sans-serif;\"><span style=\"font-size: small;\">&nbsp;<\/span><\/span><\/p>\n","protected":false},"excerpt":{"rendered":"<p>O juazeirense F&aacute;bio Lima, presidente do Instituto S&oacute;cio- Cultural Monsenhor Nestor Dais Lima foi ao Programa Bastidores da Not&iacute;cia, na&nbsp;manh&atilde; de hoje, para falar sobre a demiss&atilde;o do psiquiatra Francisco Barboza.Uma mobiliza&ccedil;&atilde;o da sociedade civil organizada pretende reaver a exonera&ccedil;&atilde;o enviada no dia 16 de novembro, deste ano, pela Secretaria Municipal de Sa&uacute;de. Um abaixo assinado est&aacute; circulando no munic&iacute;pio para sensibilizar a gest&atilde;o municipal. De acordo com F&aacute;bio Lima, um dos manifestantes contr&aacute;rio a atitude do secret&aacute;rio de Sa&uacute;de, Ubiratan Pedrosa de desvincular Dr. Francisco do CAPS II, centro em que ele foi idealizador e um dos fundadores, &#8220;a carta de demiss&atilde;o foi simpl&oacute;ria e d&aacute; um demonstrativo de persegui&ccedil;&atilde;o pol&iacute;tica&#8221;. F&aacute;bio diz ainda, que h&aacute; uma manobra pol&iacute;tica&hellip; <\/p>\n","protected":false},"author":0,"featured_media":0,"comment_status":"open","ping_status":"open","sticky":false,"template":"","format":"standard","meta":{"_acf_changed":false,"footnotes":""},"categories":[43],"tags":[],"class_list":["post-9122","post","type-post","status-publish","format-standard","hentry","category-sem-categoria"],"acf":[],"yoast_head":"<!-- This site is optimized with the Yoast SEO plugin v27.4 - https:\/\/yoast.com\/product\/yoast-seo-wordpress\/ -->\n<title>Mobiliza\u00e7\u00e3o tenta reaver demiss\u00e3o de m\u00e9dico em Juazeiro - Blog do Farn\u00e9sio<\/title>\n<meta name=\"robots\" content=\"index, follow, max-snippet:-1, max-image-preview:large, max-video-preview:-1\" \/>\n<link rel=\"canonical\" href=\"https:\/\/blogdofarnesio.com.br\/?p=9122\" \/>\n<meta property=\"og:locale\" content=\"pt_BR\" \/>\n<meta property=\"og:type\" content=\"article\" \/>\n<meta property=\"og:title\" content=\"Mobiliza\u00e7\u00e3o tenta reaver demiss\u00e3o de m\u00e9dico em Juazeiro - Blog do Farn\u00e9sio\" \/>\n<meta property=\"og:description\" content=\"O juazeirense F&aacute;bio Lima, presidente do Instituto S&oacute;cio- Cultural Monsenhor Nestor Dais Lima foi ao Programa Bastidores da Not&iacute;cia, na&nbsp;manh&atilde; de hoje, para falar sobre a demiss&atilde;o do psiquiatra Francisco Barboza.Uma mobiliza&ccedil;&atilde;o da sociedade civil organizada pretende reaver a exonera&ccedil;&atilde;o enviada no dia 16 de novembro, deste ano, pela Secretaria Municipal de Sa&uacute;de. Um abaixo assinado est&aacute; circulando no munic&iacute;pio para sensibilizar a gest&atilde;o municipal. De acordo com F&aacute;bio Lima, um dos manifestantes contr&aacute;rio a atitude do secret&aacute;rio de Sa&uacute;de, Ubiratan Pedrosa de desvincular Dr. Francisco do CAPS II, centro em que ele foi idealizador e um dos fundadores, &#8220;a carta de demiss&atilde;o foi simpl&oacute;ria e d&aacute; um demonstrativo de persegui&ccedil;&atilde;o pol&iacute;tica&#8221;. F&aacute;bio diz ainda, que h&aacute; uma manobra pol&iacute;tica&hellip;\" \/>\n<meta property=\"og:url\" content=\"https:\/\/blogdofarnesio.com.br\/?p=9122\" \/>\n<meta property=\"og:site_name\" content=\"Blog do Farn\u00e9sio\" \/>\n<meta property=\"article:publisher\" content=\"https:\/\/www.facebook.com\/BlogQuerSaberPolitica\/\" \/>\n<meta property=\"article:published_time\" content=\"2011-12-06T17:40:12+00:00\" \/>\n<meta property=\"og:image\" content=\"http:\/\/www.quersaberpolitica.com.br\/2016\/wp-content\/uploads\/2012\/12\/blogqspdocumentofrancisco.jpg\" \/>\n<meta name=\"twitter:card\" content=\"summary_large_image\" \/>\n<meta name=\"twitter:label1\" content=\"Est. tempo de leitura\" \/>\n\t<meta name=\"twitter:data1\" content=\"3 minutos\" \/>\n<script type=\"application\/ld+json\" class=\"yoast-schema-graph\">{\"@context\":\"https:\\\/\\\/schema.org\",\"@graph\":[{\"@type\":\"Article\",\"@id\":\"https:\\\/\\\/blogdofarnesio.com.br\\\/?p=9122#article\",\"isPartOf\":{\"@id\":\"https:\\\/\\\/blogdofarnesio.com.br\\\/?p=9122\"},\"author\":{\"name\":\"\",\"@id\":\"\"},\"headline\":\"Mobiliza\u00e7\u00e3o tenta reaver demiss\u00e3o de m\u00e9dico em Juazeiro\",\"datePublished\":\"2011-12-06T17:40:12+00:00\",\"mainEntityOfPage\":{\"@id\":\"https:\\\/\\\/blogdofarnesio.com.br\\\/?p=9122\"},\"wordCount\":527,\"commentCount\":0,\"publisher\":{\"@id\":\"https:\\\/\\\/blogdofarnesio.com.br\\\/#organization\"},\"image\":{\"@id\":\"https:\\\/\\\/blogdofarnesio.com.br\\\/?p=9122#primaryimage\"},\"thumbnailUrl\":\"http:\\\/\\\/www.quersaberpolitica.com.br\\\/2016\\\/wp-content\\\/uploads\\\/2012\\\/12\\\/blogqspdocumentofrancisco.jpg\",\"inLanguage\":\"pt-BR\",\"potentialAction\":[{\"@type\":\"CommentAction\",\"name\":\"Comment\",\"target\":[\"https:\\\/\\\/blogdofarnesio.com.br\\\/?p=9122#respond\"]}]},{\"@type\":\"WebPage\",\"@id\":\"https:\\\/\\\/blogdofarnesio.com.br\\\/?p=9122\",\"url\":\"https:\\\/\\\/blogdofarnesio.com.br\\\/?p=9122\",\"name\":\"Mobiliza\u00e7\u00e3o tenta reaver demiss\u00e3o de m\u00e9dico em Juazeiro - Blog do Farn\u00e9sio\",\"isPartOf\":{\"@id\":\"https:\\\/\\\/blogdofarnesio.com.br\\\/#website\"},\"primaryImageOfPage\":{\"@id\":\"https:\\\/\\\/blogdofarnesio.com.br\\\/?p=9122#primaryimage\"},\"image\":{\"@id\":\"https:\\\/\\\/blogdofarnesio.com.br\\\/?p=9122#primaryimage\"},\"thumbnailUrl\":\"http:\\\/\\\/www.quersaberpolitica.com.br\\\/2016\\\/wp-content\\\/uploads\\\/2012\\\/12\\\/blogqspdocumentofrancisco.jpg\",\"datePublished\":\"2011-12-06T17:40:12+00:00\",\"breadcrumb\":{\"@id\":\"https:\\\/\\\/blogdofarnesio.com.br\\\/?p=9122#breadcrumb\"},\"inLanguage\":\"pt-BR\",\"potentialAction\":[{\"@type\":\"ReadAction\",\"target\":[\"https:\\\/\\\/blogdofarnesio.com.br\\\/?p=9122\"]}]},{\"@type\":\"ImageObject\",\"inLanguage\":\"pt-BR\",\"@id\":\"https:\\\/\\\/blogdofarnesio.com.br\\\/?p=9122#primaryimage\",\"url\":\"http:\\\/\\\/www.quersaberpolitica.com.br\\\/2016\\\/wp-content\\\/uploads\\\/2012\\\/12\\\/blogqspdocumentofrancisco.jpg\",\"contentUrl\":\"http:\\\/\\\/www.quersaberpolitica.com.br\\\/2016\\\/wp-content\\\/uploads\\\/2012\\\/12\\\/blogqspdocumentofrancisco.jpg\"},{\"@type\":\"BreadcrumbList\",\"@id\":\"https:\\\/\\\/blogdofarnesio.com.br\\\/?p=9122#breadcrumb\",\"itemListElement\":[{\"@type\":\"ListItem\",\"position\":1,\"name\":\"In\u00edcio\",\"item\":\"https:\\\/\\\/blogdofarnesio.com.br\\\/\"},{\"@type\":\"ListItem\",\"position\":2,\"name\":\"Mobiliza\u00e7\u00e3o tenta reaver demiss\u00e3o de m\u00e9dico em Juazeiro\"}]},{\"@type\":\"WebSite\",\"@id\":\"https:\\\/\\\/blogdofarnesio.com.br\\\/#website\",\"url\":\"https:\\\/\\\/blogdofarnesio.com.br\\\/\",\"name\":\"Blog do Farn\u00e9sio\",\"description\":\"Quer Saber Pol\u00edtica?\",\"publisher\":{\"@id\":\"https:\\\/\\\/blogdofarnesio.com.br\\\/#organization\"},\"potentialAction\":[{\"@type\":\"SearchAction\",\"target\":{\"@type\":\"EntryPoint\",\"urlTemplate\":\"https:\\\/\\\/blogdofarnesio.com.br\\\/?s={search_term_string}\"},\"query-input\":{\"@type\":\"PropertyValueSpecification\",\"valueRequired\":true,\"valueName\":\"search_term_string\"}}],\"inLanguage\":\"pt-BR\"},{\"@type\":\"Organization\",\"@id\":\"https:\\\/\\\/blogdofarnesio.com.br\\\/#organization\",\"name\":\"Blog do Farn\u00e9sio\",\"url\":\"https:\\\/\\\/blogdofarnesio.com.br\\\/\",\"logo\":{\"@type\":\"ImageObject\",\"inLanguage\":\"pt-BR\",\"@id\":\"https:\\\/\\\/blogdofarnesio.com.br\\\/#\\\/schema\\\/logo\\\/image\\\/\",\"url\":\"https:\\\/\\\/blogdofarnesio.com.br\\\/wp-content\\\/uploads\\\/2026\\\/03\\\/cropped-logo_new-1.png\",\"contentUrl\":\"https:\\\/\\\/blogdofarnesio.com.br\\\/wp-content\\\/uploads\\\/2026\\\/03\\\/cropped-logo_new-1.png\",\"width\":881,\"height\":685,\"caption\":\"Blog do Farn\u00e9sio\"},\"image\":{\"@id\":\"https:\\\/\\\/blogdofarnesio.com.br\\\/#\\\/schema\\\/logo\\\/image\\\/\"},\"sameAs\":[\"https:\\\/\\\/www.facebook.com\\\/BlogQuerSaberPolitica\\\/\"]}]}<\/script>\n<!-- \/ Yoast SEO plugin. -->","yoast_head_json":{"title":"Mobiliza\u00e7\u00e3o tenta reaver demiss\u00e3o de m\u00e9dico em Juazeiro - Blog do Farn\u00e9sio","robots":{"index":"index","follow":"follow","max-snippet":"max-snippet:-1","max-image-preview":"max-image-preview:large","max-video-preview":"max-video-preview:-1"},"canonical":"https:\/\/blogdofarnesio.com.br\/?p=9122","og_locale":"pt_BR","og_type":"article","og_title":"Mobiliza\u00e7\u00e3o tenta reaver demiss\u00e3o de m\u00e9dico em Juazeiro - Blog do Farn\u00e9sio","og_description":"O juazeirense F&aacute;bio Lima, presidente do Instituto S&oacute;cio- Cultural Monsenhor Nestor Dais Lima foi ao Programa Bastidores da Not&iacute;cia, na&nbsp;manh&atilde; de hoje, para falar sobre a demiss&atilde;o do psiquiatra Francisco Barboza.Uma mobiliza&ccedil;&atilde;o da sociedade civil organizada pretende reaver a exonera&ccedil;&atilde;o enviada no dia 16 de novembro, deste ano, pela Secretaria Municipal de Sa&uacute;de. Um abaixo assinado est&aacute; circulando no munic&iacute;pio para sensibilizar a gest&atilde;o municipal. De acordo com F&aacute;bio Lima, um dos manifestantes contr&aacute;rio a atitude do secret&aacute;rio de Sa&uacute;de, Ubiratan Pedrosa de desvincular Dr. Francisco do CAPS II, centro em que ele foi idealizador e um dos fundadores, &#8220;a carta de demiss&atilde;o foi simpl&oacute;ria e d&aacute; um demonstrativo de persegui&ccedil;&atilde;o pol&iacute;tica&#8221;. F&aacute;bio diz ainda, que h&aacute; uma manobra pol&iacute;tica&hellip;","og_url":"https:\/\/blogdofarnesio.com.br\/?p=9122","og_site_name":"Blog do Farn\u00e9sio","article_publisher":"https:\/\/www.facebook.com\/BlogQuerSaberPolitica\/","article_published_time":"2011-12-06T17:40:12+00:00","og_image":[{"url":"http:\/\/www.quersaberpolitica.com.br\/2016\/wp-content\/uploads\/2012\/12\/blogqspdocumentofrancisco.jpg","type":"","width":"","height":""}],"twitter_card":"summary_large_image","twitter_misc":{"Est. tempo de leitura":"3 minutos"},"schema":{"@context":"https:\/\/schema.org","@graph":[{"@type":"Article","@id":"https:\/\/blogdofarnesio.com.br\/?p=9122#article","isPartOf":{"@id":"https:\/\/blogdofarnesio.com.br\/?p=9122"},"author":{"name":"","@id":""},"headline":"Mobiliza\u00e7\u00e3o tenta reaver demiss\u00e3o de m\u00e9dico em Juazeiro","datePublished":"2011-12-06T17:40:12+00:00","mainEntityOfPage":{"@id":"https:\/\/blogdofarnesio.com.br\/?p=9122"},"wordCount":527,"commentCount":0,"publisher":{"@id":"https:\/\/blogdofarnesio.com.br\/#organization"},"image":{"@id":"https:\/\/blogdofarnesio.com.br\/?p=9122#primaryimage"},"thumbnailUrl":"http:\/\/www.quersaberpolitica.com.br\/2016\/wp-content\/uploads\/2012\/12\/blogqspdocumentofrancisco.jpg","inLanguage":"pt-BR","potentialAction":[{"@type":"CommentAction","name":"Comment","target":["https:\/\/blogdofarnesio.com.br\/?p=9122#respond"]}]},{"@type":"WebPage","@id":"https:\/\/blogdofarnesio.com.br\/?p=9122","url":"https:\/\/blogdofarnesio.com.br\/?p=9122","name":"Mobiliza\u00e7\u00e3o tenta reaver demiss\u00e3o de m\u00e9dico em Juazeiro - Blog do Farn\u00e9sio","isPartOf":{"@id":"https:\/\/blogdofarnesio.com.br\/#website"},"primaryImageOfPage":{"@id":"https:\/\/blogdofarnesio.com.br\/?p=9122#primaryimage"},"image":{"@id":"https:\/\/blogdofarnesio.com.br\/?p=9122#primaryimage"},"thumbnailUrl":"http:\/\/www.quersaberpolitica.com.br\/2016\/wp-content\/uploads\/2012\/12\/blogqspdocumentofrancisco.jpg","datePublished":"2011-12-06T17:40:12+00:00","breadcrumb":{"@id":"https:\/\/blogdofarnesio.com.br\/?p=9122#breadcrumb"},"inLanguage":"pt-BR","potentialAction":[{"@type":"ReadAction","target":["https:\/\/blogdofarnesio.com.br\/?p=9122"]}]},{"@type":"ImageObject","inLanguage":"pt-BR","@id":"https:\/\/blogdofarnesio.com.br\/?p=9122#primaryimage","url":"http:\/\/www.quersaberpolitica.com.br\/2016\/wp-content\/uploads\/2012\/12\/blogqspdocumentofrancisco.jpg","contentUrl":"http:\/\/www.quersaberpolitica.com.br\/2016\/wp-content\/uploads\/2012\/12\/blogqspdocumentofrancisco.jpg"},{"@type":"BreadcrumbList","@id":"https:\/\/blogdofarnesio.com.br\/?p=9122#breadcrumb","itemListElement":[{"@type":"ListItem","position":1,"name":"In\u00edcio","item":"https:\/\/blogdofarnesio.com.br\/"},{"@type":"ListItem","position":2,"name":"Mobiliza\u00e7\u00e3o tenta reaver demiss\u00e3o de m\u00e9dico em Juazeiro"}]},{"@type":"WebSite","@id":"https:\/\/blogdofarnesio.com.br\/#website","url":"https:\/\/blogdofarnesio.com.br\/","name":"Blog do Farn\u00e9sio","description":"Quer Saber Pol\u00edtica?","publisher":{"@id":"https:\/\/blogdofarnesio.com.br\/#organization"},"potentialAction":[{"@type":"SearchAction","target":{"@type":"EntryPoint","urlTemplate":"https:\/\/blogdofarnesio.com.br\/?s={search_term_string}"},"query-input":{"@type":"PropertyValueSpecification","valueRequired":true,"valueName":"search_term_string"}}],"inLanguage":"pt-BR"},{"@type":"Organization","@id":"https:\/\/blogdofarnesio.com.br\/#organization","name":"Blog do Farn\u00e9sio","url":"https:\/\/blogdofarnesio.com.br\/","logo":{"@type":"ImageObject","inLanguage":"pt-BR","@id":"https:\/\/blogdofarnesio.com.br\/#\/schema\/logo\/image\/","url":"https:\/\/blogdofarnesio.com.br\/wp-content\/uploads\/2026\/03\/cropped-logo_new-1.png","contentUrl":"https:\/\/blogdofarnesio.com.br\/wp-content\/uploads\/2026\/03\/cropped-logo_new-1.png","width":881,"height":685,"caption":"Blog do Farn\u00e9sio"},"image":{"@id":"https:\/\/blogdofarnesio.com.br\/#\/schema\/logo\/image\/"},"sameAs":["https:\/\/www.facebook.com\/BlogQuerSaberPolitica\/"]}]}},"_links":{"self":[{"href":"https:\/\/blogdofarnesio.com.br\/index.php?rest_route=\/wp\/v2\/posts\/9122","targetHints":{"allow":["GET"]}}],"collection":[{"href":"https:\/\/blogdofarnesio.com.br\/index.php?rest_route=\/wp\/v2\/posts"}],"about":[{"href":"https:\/\/blogdofarnesio.com.br\/index.php?rest_route=\/wp\/v2\/types\/post"}],"replies":[{"embeddable":true,"href":"https:\/\/blogdofarnesio.com.br\/index.php?rest_route=%2Fwp%2Fv2%2Fcomments&post=9122"}],"version-history":[{"count":0,"href":"https:\/\/blogdofarnesio.com.br\/index.php?rest_route=\/wp\/v2\/posts\/9122\/revisions"}],"wp:attachment":[{"href":"https:\/\/blogdofarnesio.com.br\/index.php?rest_route=%2Fwp%2Fv2%2Fmedia&parent=9122"}],"wp:term":[{"taxonomy":"category","embeddable":true,"href":"https:\/\/blogdofarnesio.com.br\/index.php?rest_route=%2Fwp%2Fv2%2Fcategories&post=9122"},{"taxonomy":"post_tag","embeddable":true,"href":"https:\/\/blogdofarnesio.com.br\/index.php?rest_route=%2Fwp%2Fv2%2Ftags&post=9122"}],"curies":[{"name":"wp","href":"https:\/\/api.w.org\/{rel}","templated":true}]}}