{"id":9091,"date":"2011-12-06T18:41:18","date_gmt":"2011-12-06T18:41:18","guid":{"rendered":"http:\/\/www.quersaberpolitica.com.br?p=9091"},"modified":"2011-12-06T19:06:38","modified_gmt":"2011-12-06T19:06:38","slug":"petrolina-atualiza-lei-que-dispoe-sobre-criacao-do-conselho-municipal-dos-direitos-da-pessoa-com-deficiencia","status":"publish","type":"post","link":"https:\/\/blogdofarnesio.com.br\/?p=9091","title":{"rendered":"Petrolina atualiza Lei que disp\u00f5e sobre cria\u00e7\u00e3o do Conselho Municipal dos Direitos da Pessoa com Defici\u00eancia"},"content":{"rendered":"<p style=\"text-align: justify;\"><span style=\"font-size: small;\"><a rel=\"lightbox\" href=\"http:\/\/www.quersaberpolitica.com.br\/2016\/wp-content\/uploads\/2012\/12\/blogqspdiadapessoacomdeficiencia.jpg\"><img loading=\"lazy\" decoding=\"async\" style=\"margin-top: 5px; margin-bottom: 5px; margin-left: 10px; margin-right: 10px; float: left;\" title=\"Imagem Ilustrativa\" src=\"http:\/\/www.quersaberpolitica.com.br\/2016\/wp-content\/uploads\/2012\/12\/blogqspdiadapessoacomdeficiencia.jpg\" alt=\"\" width=\"200\" height=\"158\" \/><\/a>Com o objetivo de assegurar os direitos individuais, coletivos e sociais das Pessoas com Defici&ecirc;ncia e sua efetiva inclus&atilde;o social, a Prefeitura Municipal de Petrolina, sancionou na &uacute;ltima quarta-feira (30), a Lei N&ordm; 2.420, que disp&otilde;e sobre a atualiza&ccedil;&atilde;o da Lei n&ordm; 2\/2006, de cria&ccedil;&atilde;o do Conselho Municipal da Pessoa com Defici&ecirc;ncia.<\/span><\/p>\n<p style=\"text-align: justify;\"><span style=\"font-size: small;\">Institu&iacute;do no ano de 2006, o Conselho, &oacute;rg&atilde;o de car&aacute;ter consultivo e deliberativo, visa &agrave; implementa&ccedil;&atilde;o dos planos e programas de apoio &agrave;s pessoas com defici&ecirc;ncia, propondo medidas de defesa e garantia de seus direitos e fazer com que a Administra&ccedil;&atilde;o P&uacute;blica, implante e execute as diretrizes b&aacute;sicas das pol&iacute;ticas nacional, estadual e municipal voltada para inclus&atilde;o social, participa&ccedil;&atilde;o direta e igualdade de direitos dos mesmos.<\/span><\/p>\n<p style=\"text-align: justify;\"><span style=\"font-size: small;\">Lutando por uma maior inclus&atilde;o da pessoa com defici&ecirc;ncia, o Secret&aacute;rio de Acessibilidade, Marcos Concei&ccedil;&atilde;o, comentou sobre a import&acirc;ncia da reestrutura&ccedil;&atilde;o do conselho. &#8220;Vejo como avan&ccedil;o para Petrolina, mostra que hoje estamos atualizando a legisla&ccedil;&atilde;o municipal do Direito das Pessoas com Defici&ecirc;ncia. Estamos lendo todas as leis municipais que garantem o direito delas para que possamos atualizar tamb&eacute;m, resultando na Pol&iacute;tica Municipal das Pessoas com Defici&ecirc;ncia, por interm&eacute;dio das orienta&ccedil;&otilde;es do nosso gestor, o prefeito Julio Lossio&#8221;, afirmou.<\/span><\/p>\n<p style=\"text-align: justify;\"><span style=\"font-size: small;\">Para composi&ccedil;&atilde;o deste conselho ser&atilde;o escolhidos membros que representem a sociedade civil organizada e integrantes do servi&ccedil;o p&uacute;blico de qualquer uma das esferas de governo, a exemplo de um participante do &oacute;rg&atilde;o municipal de habita&ccedil;&atilde;o e urbanismo, das institui&ccedil;&otilde;es governamentais e um representante das Institui&ccedil;&otilde;es que trabalham com a pessoa com defici&ecirc;ncia visual, para entidades n&atilde;o-governamentais, dentre outros.<\/p>\n<p>As elei&ccedil;&otilde;es ser&atilde;o realizadas a cada dois anos no acontecimento do Encontro Municipal da Pessoa com Defici&ecirc;ncia. O objetivo deste encontro &eacute; escolha de seus membros, avalia&ccedil;&atilde;o de propostas, defini&ccedil;&atilde;o de atividades e tamb&eacute;m a an&aacute;lise das metas atingidas. Dentro do prazo de 60 dias, contados a partir da publica&ccedil;&atilde;o desta Lei, o funcionamento do Conselho Municipal da Pessoa com Defici&ecirc;ncia ser&aacute; regulamentado atrav&eacute;s de Decreto do Poder Executivo.<\/span><\/p>\n<p style=\"text-align: justify;\"><span style=\"font-size: small;\">(Ascom PMP)<\/span><\/p>\n","protected":false},"excerpt":{"rendered":"<p>Com o objetivo de assegurar os direitos individuais, coletivos e sociais das Pessoas com Defici&ecirc;ncia e sua efetiva inclus&atilde;o social, a Prefeitura Municipal de Petrolina, sancionou na &uacute;ltima quarta-feira (30), a Lei N&ordm; 2.420, que disp&otilde;e sobre a atualiza&ccedil;&atilde;o da Lei n&ordm; 2\/2006, de cria&ccedil;&atilde;o do Conselho Municipal da Pessoa com Defici&ecirc;ncia. Institu&iacute;do no ano de 2006, o Conselho, &oacute;rg&atilde;o de car&aacute;ter consultivo e deliberativo, visa &agrave; implementa&ccedil;&atilde;o dos planos e programas de apoio &agrave;s pessoas com defici&ecirc;ncia, propondo medidas de defesa e garantia de seus direitos e fazer com que a Administra&ccedil;&atilde;o P&uacute;blica, implante e execute as diretrizes b&aacute;sicas das pol&iacute;ticas nacional, estadual e municipal voltada para inclus&atilde;o social, participa&ccedil;&atilde;o direta e igualdade de direitos dos mesmos. Lutando por&hellip; <\/p>\n","protected":false},"author":0,"featured_media":0,"comment_status":"open","ping_status":"open","sticky":false,"template":"","format":"standard","meta":{"_acf_changed":false,"footnotes":""},"categories":[22],"tags":[],"class_list":["post-9091","post","type-post","status-publish","format-standard","hentry","category-acao-social"],"acf":[],"yoast_head":"<!-- This site is optimized with the Yoast SEO plugin v27.4 - https:\/\/yoast.com\/product\/yoast-seo-wordpress\/ -->\n<title>Petrolina atualiza Lei que disp\u00f5e sobre cria\u00e7\u00e3o do Conselho Municipal dos Direitos da Pessoa com Defici\u00eancia - Blog do Farn\u00e9sio<\/title>\n<meta name=\"robots\" content=\"index, follow, max-snippet:-1, max-image-preview:large, max-video-preview:-1\" \/>\n<link rel=\"canonical\" href=\"https:\/\/blogdofarnesio.com.br\/?p=9091\" \/>\n<meta property=\"og:locale\" content=\"pt_BR\" \/>\n<meta property=\"og:type\" content=\"article\" \/>\n<meta property=\"og:title\" content=\"Petrolina atualiza Lei que disp\u00f5e sobre cria\u00e7\u00e3o do Conselho Municipal dos Direitos da Pessoa com Defici\u00eancia - Blog do Farn\u00e9sio\" \/>\n<meta property=\"og:description\" content=\"Com o objetivo de assegurar os direitos individuais, coletivos e sociais das Pessoas com Defici&ecirc;ncia e sua efetiva inclus&atilde;o social, a Prefeitura Municipal de Petrolina, sancionou na &uacute;ltima quarta-feira (30), a Lei N&ordm; 2.420, que disp&otilde;e sobre a atualiza&ccedil;&atilde;o da Lei n&ordm; 2\/2006, de cria&ccedil;&atilde;o do Conselho Municipal da Pessoa com Defici&ecirc;ncia. Institu&iacute;do no ano de 2006, o Conselho, &oacute;rg&atilde;o de car&aacute;ter consultivo e deliberativo, visa &agrave; implementa&ccedil;&atilde;o dos planos e programas de apoio &agrave;s pessoas com defici&ecirc;ncia, propondo medidas de defesa e garantia de seus direitos e fazer com que a Administra&ccedil;&atilde;o P&uacute;blica, implante e execute as diretrizes b&aacute;sicas das pol&iacute;ticas nacional, estadual e municipal voltada para inclus&atilde;o social, participa&ccedil;&atilde;o direta e igualdade de direitos dos mesmos. Lutando por&hellip;\" \/>\n<meta property=\"og:url\" content=\"https:\/\/blogdofarnesio.com.br\/?p=9091\" \/>\n<meta property=\"og:site_name\" content=\"Blog do Farn\u00e9sio\" \/>\n<meta property=\"article:publisher\" content=\"https:\/\/www.facebook.com\/BlogQuerSaberPolitica\/\" \/>\n<meta property=\"article:published_time\" content=\"2011-12-06T18:41:18+00:00\" \/>\n<meta property=\"article:modified_time\" content=\"2011-12-06T19:06:38+00:00\" \/>\n<meta property=\"og:image\" content=\"http:\/\/www.quersaberpolitica.com.br\/2016\/wp-content\/uploads\/2012\/12\/blogqspdiadapessoacomdeficiencia.jpg\" \/>\n<meta name=\"twitter:card\" content=\"summary_large_image\" \/>\n<meta name=\"twitter:label1\" content=\"Est. tempo de leitura\" \/>\n\t<meta name=\"twitter:data1\" content=\"2 minutos\" \/>\n<script type=\"application\/ld+json\" class=\"yoast-schema-graph\">{\"@context\":\"https:\\\/\\\/schema.org\",\"@graph\":[{\"@type\":\"Article\",\"@id\":\"https:\\\/\\\/blogdofarnesio.com.br\\\/?p=9091#article\",\"isPartOf\":{\"@id\":\"https:\\\/\\\/blogdofarnesio.com.br\\\/?p=9091\"},\"author\":{\"name\":\"\",\"@id\":\"\"},\"headline\":\"Petrolina atualiza Lei que disp\u00f5e sobre cria\u00e7\u00e3o do Conselho Municipal dos Direitos da Pessoa com Defici\u00eancia\",\"datePublished\":\"2011-12-06T18:41:18+00:00\",\"dateModified\":\"2011-12-06T19:06:38+00:00\",\"mainEntityOfPage\":{\"@id\":\"https:\\\/\\\/blogdofarnesio.com.br\\\/?p=9091\"},\"wordCount\":465,\"commentCount\":0,\"publisher\":{\"@id\":\"https:\\\/\\\/blogdofarnesio.com.br\\\/#organization\"},\"image\":{\"@id\":\"https:\\\/\\\/blogdofarnesio.com.br\\\/?p=9091#primaryimage\"},\"thumbnailUrl\":\"http:\\\/\\\/www.quersaberpolitica.com.br\\\/2016\\\/wp-content\\\/uploads\\\/2012\\\/12\\\/blogqspdiadapessoacomdeficiencia.jpg\",\"articleSection\":[\"A\u00e7\u00e3o Social\"],\"inLanguage\":\"pt-BR\",\"potentialAction\":[{\"@type\":\"CommentAction\",\"name\":\"Comment\",\"target\":[\"https:\\\/\\\/blogdofarnesio.com.br\\\/?p=9091#respond\"]}]},{\"@type\":\"WebPage\",\"@id\":\"https:\\\/\\\/blogdofarnesio.com.br\\\/?p=9091\",\"url\":\"https:\\\/\\\/blogdofarnesio.com.br\\\/?p=9091\",\"name\":\"Petrolina atualiza Lei que disp\u00f5e sobre cria\u00e7\u00e3o do Conselho Municipal dos Direitos da Pessoa com Defici\u00eancia - Blog do Farn\u00e9sio\",\"isPartOf\":{\"@id\":\"https:\\\/\\\/blogdofarnesio.com.br\\\/#website\"},\"primaryImageOfPage\":{\"@id\":\"https:\\\/\\\/blogdofarnesio.com.br\\\/?p=9091#primaryimage\"},\"image\":{\"@id\":\"https:\\\/\\\/blogdofarnesio.com.br\\\/?p=9091#primaryimage\"},\"thumbnailUrl\":\"http:\\\/\\\/www.quersaberpolitica.com.br\\\/2016\\\/wp-content\\\/uploads\\\/2012\\\/12\\\/blogqspdiadapessoacomdeficiencia.jpg\",\"datePublished\":\"2011-12-06T18:41:18+00:00\",\"dateModified\":\"2011-12-06T19:06:38+00:00\",\"breadcrumb\":{\"@id\":\"https:\\\/\\\/blogdofarnesio.com.br\\\/?p=9091#breadcrumb\"},\"inLanguage\":\"pt-BR\",\"potentialAction\":[{\"@type\":\"ReadAction\",\"target\":[\"https:\\\/\\\/blogdofarnesio.com.br\\\/?p=9091\"]}]},{\"@type\":\"ImageObject\",\"inLanguage\":\"pt-BR\",\"@id\":\"https:\\\/\\\/blogdofarnesio.com.br\\\/?p=9091#primaryimage\",\"url\":\"http:\\\/\\\/www.quersaberpolitica.com.br\\\/2016\\\/wp-content\\\/uploads\\\/2012\\\/12\\\/blogqspdiadapessoacomdeficiencia.jpg\",\"contentUrl\":\"http:\\\/\\\/www.quersaberpolitica.com.br\\\/2016\\\/wp-content\\\/uploads\\\/2012\\\/12\\\/blogqspdiadapessoacomdeficiencia.jpg\"},{\"@type\":\"BreadcrumbList\",\"@id\":\"https:\\\/\\\/blogdofarnesio.com.br\\\/?p=9091#breadcrumb\",\"itemListElement\":[{\"@type\":\"ListItem\",\"position\":1,\"name\":\"In\u00edcio\",\"item\":\"https:\\\/\\\/blogdofarnesio.com.br\\\/\"},{\"@type\":\"ListItem\",\"position\":2,\"name\":\"Petrolina atualiza Lei que disp\u00f5e sobre cria\u00e7\u00e3o do Conselho Municipal dos Direitos da Pessoa com Defici\u00eancia\"}]},{\"@type\":\"WebSite\",\"@id\":\"https:\\\/\\\/blogdofarnesio.com.br\\\/#website\",\"url\":\"https:\\\/\\\/blogdofarnesio.com.br\\\/\",\"name\":\"Blog do Farn\u00e9sio\",\"description\":\"Quer Saber Pol\u00edtica?\",\"publisher\":{\"@id\":\"https:\\\/\\\/blogdofarnesio.com.br\\\/#organization\"},\"potentialAction\":[{\"@type\":\"SearchAction\",\"target\":{\"@type\":\"EntryPoint\",\"urlTemplate\":\"https:\\\/\\\/blogdofarnesio.com.br\\\/?s={search_term_string}\"},\"query-input\":{\"@type\":\"PropertyValueSpecification\",\"valueRequired\":true,\"valueName\":\"search_term_string\"}}],\"inLanguage\":\"pt-BR\"},{\"@type\":\"Organization\",\"@id\":\"https:\\\/\\\/blogdofarnesio.com.br\\\/#organization\",\"name\":\"Blog do Farn\u00e9sio\",\"url\":\"https:\\\/\\\/blogdofarnesio.com.br\\\/\",\"logo\":{\"@type\":\"ImageObject\",\"inLanguage\":\"pt-BR\",\"@id\":\"https:\\\/\\\/blogdofarnesio.com.br\\\/#\\\/schema\\\/logo\\\/image\\\/\",\"url\":\"https:\\\/\\\/blogdofarnesio.com.br\\\/wp-content\\\/uploads\\\/2026\\\/03\\\/cropped-logo_new-1.png\",\"contentUrl\":\"https:\\\/\\\/blogdofarnesio.com.br\\\/wp-content\\\/uploads\\\/2026\\\/03\\\/cropped-logo_new-1.png\",\"width\":881,\"height\":685,\"caption\":\"Blog do Farn\u00e9sio\"},\"image\":{\"@id\":\"https:\\\/\\\/blogdofarnesio.com.br\\\/#\\\/schema\\\/logo\\\/image\\\/\"},\"sameAs\":[\"https:\\\/\\\/www.facebook.com\\\/BlogQuerSaberPolitica\\\/\"]}]}<\/script>\n<!-- \/ Yoast SEO plugin. -->","yoast_head_json":{"title":"Petrolina atualiza Lei que disp\u00f5e sobre cria\u00e7\u00e3o do Conselho Municipal dos Direitos da Pessoa com Defici\u00eancia - Blog do Farn\u00e9sio","robots":{"index":"index","follow":"follow","max-snippet":"max-snippet:-1","max-image-preview":"max-image-preview:large","max-video-preview":"max-video-preview:-1"},"canonical":"https:\/\/blogdofarnesio.com.br\/?p=9091","og_locale":"pt_BR","og_type":"article","og_title":"Petrolina atualiza Lei que disp\u00f5e sobre cria\u00e7\u00e3o do Conselho Municipal dos Direitos da Pessoa com Defici\u00eancia - Blog do Farn\u00e9sio","og_description":"Com o objetivo de assegurar os direitos individuais, coletivos e sociais das Pessoas com Defici&ecirc;ncia e sua efetiva inclus&atilde;o social, a Prefeitura Municipal de Petrolina, sancionou na &uacute;ltima quarta-feira (30), a Lei N&ordm; 2.420, que disp&otilde;e sobre a atualiza&ccedil;&atilde;o da Lei n&ordm; 2\/2006, de cria&ccedil;&atilde;o do Conselho Municipal da Pessoa com Defici&ecirc;ncia. Institu&iacute;do no ano de 2006, o Conselho, &oacute;rg&atilde;o de car&aacute;ter consultivo e deliberativo, visa &agrave; implementa&ccedil;&atilde;o dos planos e programas de apoio &agrave;s pessoas com defici&ecirc;ncia, propondo medidas de defesa e garantia de seus direitos e fazer com que a Administra&ccedil;&atilde;o P&uacute;blica, implante e execute as diretrizes b&aacute;sicas das pol&iacute;ticas nacional, estadual e municipal voltada para inclus&atilde;o social, participa&ccedil;&atilde;o direta e igualdade de direitos dos mesmos. Lutando por&hellip;","og_url":"https:\/\/blogdofarnesio.com.br\/?p=9091","og_site_name":"Blog do Farn\u00e9sio","article_publisher":"https:\/\/www.facebook.com\/BlogQuerSaberPolitica\/","article_published_time":"2011-12-06T18:41:18+00:00","article_modified_time":"2011-12-06T19:06:38+00:00","og_image":[{"url":"http:\/\/www.quersaberpolitica.com.br\/2016\/wp-content\/uploads\/2012\/12\/blogqspdiadapessoacomdeficiencia.jpg","type":"","width":"","height":""}],"twitter_card":"summary_large_image","twitter_misc":{"Est. tempo de leitura":"2 minutos"},"schema":{"@context":"https:\/\/schema.org","@graph":[{"@type":"Article","@id":"https:\/\/blogdofarnesio.com.br\/?p=9091#article","isPartOf":{"@id":"https:\/\/blogdofarnesio.com.br\/?p=9091"},"author":{"name":"","@id":""},"headline":"Petrolina atualiza Lei que disp\u00f5e sobre cria\u00e7\u00e3o do Conselho Municipal dos Direitos da Pessoa com Defici\u00eancia","datePublished":"2011-12-06T18:41:18+00:00","dateModified":"2011-12-06T19:06:38+00:00","mainEntityOfPage":{"@id":"https:\/\/blogdofarnesio.com.br\/?p=9091"},"wordCount":465,"commentCount":0,"publisher":{"@id":"https:\/\/blogdofarnesio.com.br\/#organization"},"image":{"@id":"https:\/\/blogdofarnesio.com.br\/?p=9091#primaryimage"},"thumbnailUrl":"http:\/\/www.quersaberpolitica.com.br\/2016\/wp-content\/uploads\/2012\/12\/blogqspdiadapessoacomdeficiencia.jpg","articleSection":["A\u00e7\u00e3o Social"],"inLanguage":"pt-BR","potentialAction":[{"@type":"CommentAction","name":"Comment","target":["https:\/\/blogdofarnesio.com.br\/?p=9091#respond"]}]},{"@type":"WebPage","@id":"https:\/\/blogdofarnesio.com.br\/?p=9091","url":"https:\/\/blogdofarnesio.com.br\/?p=9091","name":"Petrolina atualiza Lei que disp\u00f5e sobre cria\u00e7\u00e3o do Conselho Municipal dos Direitos da Pessoa com Defici\u00eancia - Blog do Farn\u00e9sio","isPartOf":{"@id":"https:\/\/blogdofarnesio.com.br\/#website"},"primaryImageOfPage":{"@id":"https:\/\/blogdofarnesio.com.br\/?p=9091#primaryimage"},"image":{"@id":"https:\/\/blogdofarnesio.com.br\/?p=9091#primaryimage"},"thumbnailUrl":"http:\/\/www.quersaberpolitica.com.br\/2016\/wp-content\/uploads\/2012\/12\/blogqspdiadapessoacomdeficiencia.jpg","datePublished":"2011-12-06T18:41:18+00:00","dateModified":"2011-12-06T19:06:38+00:00","breadcrumb":{"@id":"https:\/\/blogdofarnesio.com.br\/?p=9091#breadcrumb"},"inLanguage":"pt-BR","potentialAction":[{"@type":"ReadAction","target":["https:\/\/blogdofarnesio.com.br\/?p=9091"]}]},{"@type":"ImageObject","inLanguage":"pt-BR","@id":"https:\/\/blogdofarnesio.com.br\/?p=9091#primaryimage","url":"http:\/\/www.quersaberpolitica.com.br\/2016\/wp-content\/uploads\/2012\/12\/blogqspdiadapessoacomdeficiencia.jpg","contentUrl":"http:\/\/www.quersaberpolitica.com.br\/2016\/wp-content\/uploads\/2012\/12\/blogqspdiadapessoacomdeficiencia.jpg"},{"@type":"BreadcrumbList","@id":"https:\/\/blogdofarnesio.com.br\/?p=9091#breadcrumb","itemListElement":[{"@type":"ListItem","position":1,"name":"In\u00edcio","item":"https:\/\/blogdofarnesio.com.br\/"},{"@type":"ListItem","position":2,"name":"Petrolina atualiza Lei que disp\u00f5e sobre cria\u00e7\u00e3o do Conselho Municipal dos Direitos da Pessoa com Defici\u00eancia"}]},{"@type":"WebSite","@id":"https:\/\/blogdofarnesio.com.br\/#website","url":"https:\/\/blogdofarnesio.com.br\/","name":"Blog do Farn\u00e9sio","description":"Quer Saber Pol\u00edtica?","publisher":{"@id":"https:\/\/blogdofarnesio.com.br\/#organization"},"potentialAction":[{"@type":"SearchAction","target":{"@type":"EntryPoint","urlTemplate":"https:\/\/blogdofarnesio.com.br\/?s={search_term_string}"},"query-input":{"@type":"PropertyValueSpecification","valueRequired":true,"valueName":"search_term_string"}}],"inLanguage":"pt-BR"},{"@type":"Organization","@id":"https:\/\/blogdofarnesio.com.br\/#organization","name":"Blog do Farn\u00e9sio","url":"https:\/\/blogdofarnesio.com.br\/","logo":{"@type":"ImageObject","inLanguage":"pt-BR","@id":"https:\/\/blogdofarnesio.com.br\/#\/schema\/logo\/image\/","url":"https:\/\/blogdofarnesio.com.br\/wp-content\/uploads\/2026\/03\/cropped-logo_new-1.png","contentUrl":"https:\/\/blogdofarnesio.com.br\/wp-content\/uploads\/2026\/03\/cropped-logo_new-1.png","width":881,"height":685,"caption":"Blog do Farn\u00e9sio"},"image":{"@id":"https:\/\/blogdofarnesio.com.br\/#\/schema\/logo\/image\/"},"sameAs":["https:\/\/www.facebook.com\/BlogQuerSaberPolitica\/"]}]}},"_links":{"self":[{"href":"https:\/\/blogdofarnesio.com.br\/index.php?rest_route=\/wp\/v2\/posts\/9091","targetHints":{"allow":["GET"]}}],"collection":[{"href":"https:\/\/blogdofarnesio.com.br\/index.php?rest_route=\/wp\/v2\/posts"}],"about":[{"href":"https:\/\/blogdofarnesio.com.br\/index.php?rest_route=\/wp\/v2\/types\/post"}],"replies":[{"embeddable":true,"href":"https:\/\/blogdofarnesio.com.br\/index.php?rest_route=%2Fwp%2Fv2%2Fcomments&post=9091"}],"version-history":[{"count":0,"href":"https:\/\/blogdofarnesio.com.br\/index.php?rest_route=\/wp\/v2\/posts\/9091\/revisions"}],"wp:attachment":[{"href":"https:\/\/blogdofarnesio.com.br\/index.php?rest_route=%2Fwp%2Fv2%2Fmedia&parent=9091"}],"wp:term":[{"taxonomy":"category","embeddable":true,"href":"https:\/\/blogdofarnesio.com.br\/index.php?rest_route=%2Fwp%2Fv2%2Fcategories&post=9091"},{"taxonomy":"post_tag","embeddable":true,"href":"https:\/\/blogdofarnesio.com.br\/index.php?rest_route=%2Fwp%2Fv2%2Ftags&post=9091"}],"curies":[{"name":"wp","href":"https:\/\/api.w.org\/{rel}","templated":true}]}}