{"id":90548,"date":"2014-07-11T09:42:17","date_gmt":"2014-07-11T12:42:17","guid":{"rendered":"http:\/\/www.quersaberpolitica.com.br\/?p=90548"},"modified":"2014-07-10T21:27:42","modified_gmt":"2014-07-11T00:27:42","slug":"direto-de-cabrobo-96","status":"publish","type":"post","link":"https:\/\/blogdofarnesio.com.br\/2014\/07\/direto-de-cabrobo-96\/","title":{"rendered":"DIRETO DE CABROB\u00d3"},"content":{"rendered":"<p style=\"text-align: center\"><strong><span style=\"color: #333333;font-family: Georgia, 'Times New Roman', 'Bitstream Charter', Times, serif\">Prefeito Auric\u00e9lio declara \u00a0apoio a Lucas Ramos<\/span><\/strong><\/p>\n<p style=\"text-align: justify\"><a href=\"http:\/\/www.quersaberpolitica.com.br\/2016\/wp-content\/uploads\/2014\/07\/unnamed-111.jpg\"><img loading=\"lazy\" decoding=\"async\" class=\"alignleft size-medium wp-image-90549\" alt=\"unnamed (1)\" src=\"http:\/\/www.quersaberpolitica.com.br\/2016\/wp-content\/uploads\/2014\/07\/unnamed-111-300x224.jpg\" width=\"300\" height=\"224\" srcset=\"https:\/\/blogdofarnesio.com.br\/wp-content\/uploads\/2014\/07\/unnamed-111-300x224.jpg 300w, https:\/\/blogdofarnesio.com.br\/wp-content\/uploads\/2014\/07\/unnamed-111-400x300.jpg 400w, https:\/\/blogdofarnesio.com.br\/wp-content\/uploads\/2014\/07\/unnamed-111.jpg 448w\" sizes=\"auto, (max-width: 300px) 100vw, 300px\" \/><\/a>Companheiro de longas datas do deputado Raimundo Pimentel (PSB), o prefeito de Cabrob\u00f3, Auric\u00e9lio Torres (PSB), teve que escolher um novo candidato a deputado estadual depois que Pimentel desistiu de tentar a reelei\u00e7\u00e3o e ainda anunciou apoio \u00e0 candidatura de Armando Monteiro (PTB).<\/p>\n<p style=\"text-align: justify\">E o prefeito j\u00e1 decidiu. A partir de agora, Auric\u00e9lio e seu grupo pol\u00edtico dever\u00e3o marchar ao lado do tamb\u00e9m socialista, Lucas Ramos. J\u00e1 para a disputa a federal, Auric\u00e9lio permanece firme com o deputado, Jo\u00e3o Fernando Coutinho (PSB), presen\u00e7a marcante no munic\u00edpio.<\/p>\n<p style=\"text-align: justify\">De acordo com o prefeito, a decis\u00e3o foi tomada no in\u00edcio desta semana ap\u00f3s reuni\u00e3o com os vereadores Marcos de Neuma, Neguinho Truk\u00e1, Avanildo Barros e Zezito Sal\u00fa.<!--more--><\/p>\n<p style=\"text-align: justify\">&#8220;<em>Ouvi os vereadores, secretariado e tamb\u00e9m os correlegion\u00e1rios e o nome de Lucas despontou entre eles como o preferido. Lucas tem ra\u00edzes em nosso munic\u00edpio, seu pai sempre teve aten\u00e7\u00e3o com nossa cidade ent\u00e3o merece nosso apoio&#8221;<\/em>, explicou. Al\u00e9m de Lucas, os nomes do deputado Rodrigo Novaes e de Miguel Coelho tamb\u00e9m foram cogitados para receber o apoio do grupo.<\/p>\n<p style=\"text-align: justify\">Ainda segundo o prefeito a decis\u00e3o j\u00e1 foi comunicada \u00e0 c\u00fapula estadual do partido que apoiou a decis\u00e3o do prefeito.<\/p>\n","protected":false},"excerpt":{"rendered":"<p>Prefeito Auric\u00e9lio declara \u00a0apoio a Lucas Ramos Companheiro de longas datas do deputado Raimundo Pimentel (PSB), o prefeito de Cabrob\u00f3, Auric\u00e9lio Torres (PSB), teve que escolher um novo candidato a deputado estadual depois que Pimentel desistiu de tentar a reelei\u00e7\u00e3o e ainda anunciou apoio \u00e0 candidatura de Armando Monteiro (PTB). E o prefeito j\u00e1 decidiu. A partir de agora, Auric\u00e9lio e seu grupo pol\u00edtico dever\u00e3o marchar ao lado do tamb\u00e9m socialista, Lucas Ramos. J\u00e1 para a disputa a federal, Auric\u00e9lio permanece firme com o deputado, Jo\u00e3o Fernando Coutinho (PSB), presen\u00e7a marcante no munic\u00edpio. De acordo com o prefeito, a decis\u00e3o foi tomada no in\u00edcio desta semana ap\u00f3s reuni\u00e3o com os vereadores Marcos de Neuma, Neguinho Truk\u00e1, Avanildo Barros e Zezito&hellip; <\/p>\n","protected":false},"author":3,"featured_media":0,"comment_status":"open","ping_status":"open","sticky":false,"template":"","format":"standard","meta":{"_acf_changed":false,"footnotes":""},"categories":[27],"tags":[],"class_list":["post-90548","post","type-post","status-publish","format-standard","hentry","category-cidades"],"acf":[],"yoast_head":"<!-- This site is optimized with the Yoast SEO plugin v27.5 - https:\/\/yoast.com\/product\/yoast-seo-wordpress\/ -->\n<title>DIRETO DE CABROB\u00d3 - Blog do Farn\u00e9sio<\/title>\n<meta name=\"robots\" content=\"index, follow, max-snippet:-1, max-image-preview:large, max-video-preview:-1\" \/>\n<link rel=\"canonical\" href=\"https:\/\/blogdofarnesio.com.br\/2014\/07\/direto-de-cabrobo-96\/\" \/>\n<meta property=\"og:locale\" content=\"pt_BR\" \/>\n<meta property=\"og:type\" content=\"article\" \/>\n<meta property=\"og:title\" content=\"DIRETO DE CABROB\u00d3 - Blog do Farn\u00e9sio\" \/>\n<meta property=\"og:description\" content=\"Prefeito Auric\u00e9lio declara \u00a0apoio a Lucas Ramos Companheiro de longas datas do deputado Raimundo Pimentel (PSB), o prefeito de Cabrob\u00f3, Auric\u00e9lio Torres (PSB), teve que escolher um novo candidato a deputado estadual depois que Pimentel desistiu de tentar a reelei\u00e7\u00e3o e ainda anunciou apoio \u00e0 candidatura de Armando Monteiro (PTB). E o prefeito j\u00e1 decidiu. A partir de agora, Auric\u00e9lio e seu grupo pol\u00edtico dever\u00e3o marchar ao lado do tamb\u00e9m socialista, Lucas Ramos. J\u00e1 para a disputa a federal, Auric\u00e9lio permanece firme com o deputado, Jo\u00e3o Fernando Coutinho (PSB), presen\u00e7a marcante no munic\u00edpio. De acordo com o prefeito, a decis\u00e3o foi tomada no in\u00edcio desta semana ap\u00f3s reuni\u00e3o com os vereadores Marcos de Neuma, Neguinho Truk\u00e1, Avanildo Barros e Zezito&hellip;\" \/>\n<meta property=\"og:url\" content=\"https:\/\/blogdofarnesio.com.br\/2014\/07\/direto-de-cabrobo-96\/\" \/>\n<meta property=\"og:site_name\" content=\"Blog do Farn\u00e9sio\" \/>\n<meta property=\"article:publisher\" content=\"https:\/\/www.facebook.com\/BlogQuerSaberPolitica\/\" \/>\n<meta property=\"article:published_time\" content=\"2014-07-11T12:42:17+00:00\" \/>\n<meta property=\"og:image\" content=\"http:\/\/www.quersaberpolitica.com.br\/2016\/wp-content\/uploads\/2014\/07\/unnamed-111-300x224.jpg\" \/>\n<meta name=\"author\" content=\"teste\" \/>\n<meta name=\"twitter:card\" content=\"summary_large_image\" \/>\n<meta name=\"twitter:label1\" content=\"Escrito por\" \/>\n\t<meta name=\"twitter:data1\" content=\"teste\" \/>\n\t<meta name=\"twitter:label2\" content=\"Est. tempo de leitura\" \/>\n\t<meta name=\"twitter:data2\" content=\"1 minuto\" \/>\n<script type=\"application\/ld+json\" class=\"yoast-schema-graph\">{\"@context\":\"https:\\\/\\\/schema.org\",\"@graph\":[{\"@type\":\"Article\",\"@id\":\"https:\\\/\\\/blogdofarnesio.com.br\\\/2014\\\/07\\\/direto-de-cabrobo-96\\\/#article\",\"isPartOf\":{\"@id\":\"https:\\\/\\\/blogdofarnesio.com.br\\\/2014\\\/07\\\/direto-de-cabrobo-96\\\/\"},\"author\":{\"name\":\"teste\",\"@id\":\"https:\\\/\\\/blogdofarnesio.com.br\\\/#\\\/schema\\\/person\\\/dd1bf5eba40b687199ba45ca6b97dff9\"},\"headline\":\"DIRETO DE CABROB\u00d3\",\"datePublished\":\"2014-07-11T12:42:17+00:00\",\"mainEntityOfPage\":{\"@id\":\"https:\\\/\\\/blogdofarnesio.com.br\\\/2014\\\/07\\\/direto-de-cabrobo-96\\\/\"},\"wordCount\":228,\"commentCount\":0,\"publisher\":{\"@id\":\"https:\\\/\\\/blogdofarnesio.com.br\\\/#organization\"},\"image\":{\"@id\":\"https:\\\/\\\/blogdofarnesio.com.br\\\/2014\\\/07\\\/direto-de-cabrobo-96\\\/#primaryimage\"},\"thumbnailUrl\":\"http:\\\/\\\/www.quersaberpolitica.com.br\\\/2016\\\/wp-content\\\/uploads\\\/2014\\\/07\\\/unnamed-111-300x224.jpg\",\"articleSection\":[\"Cidades\"],\"inLanguage\":\"pt-BR\",\"potentialAction\":[{\"@type\":\"CommentAction\",\"name\":\"Comment\",\"target\":[\"https:\\\/\\\/blogdofarnesio.com.br\\\/2014\\\/07\\\/direto-de-cabrobo-96\\\/#respond\"]}]},{\"@type\":\"WebPage\",\"@id\":\"https:\\\/\\\/blogdofarnesio.com.br\\\/2014\\\/07\\\/direto-de-cabrobo-96\\\/\",\"url\":\"https:\\\/\\\/blogdofarnesio.com.br\\\/2014\\\/07\\\/direto-de-cabrobo-96\\\/\",\"name\":\"DIRETO DE CABROB\u00d3 - Blog do Farn\u00e9sio\",\"isPartOf\":{\"@id\":\"https:\\\/\\\/blogdofarnesio.com.br\\\/#website\"},\"primaryImageOfPage\":{\"@id\":\"https:\\\/\\\/blogdofarnesio.com.br\\\/2014\\\/07\\\/direto-de-cabrobo-96\\\/#primaryimage\"},\"image\":{\"@id\":\"https:\\\/\\\/blogdofarnesio.com.br\\\/2014\\\/07\\\/direto-de-cabrobo-96\\\/#primaryimage\"},\"thumbnailUrl\":\"http:\\\/\\\/www.quersaberpolitica.com.br\\\/2016\\\/wp-content\\\/uploads\\\/2014\\\/07\\\/unnamed-111-300x224.jpg\",\"datePublished\":\"2014-07-11T12:42:17+00:00\",\"breadcrumb\":{\"@id\":\"https:\\\/\\\/blogdofarnesio.com.br\\\/2014\\\/07\\\/direto-de-cabrobo-96\\\/#breadcrumb\"},\"inLanguage\":\"pt-BR\",\"potentialAction\":[{\"@type\":\"ReadAction\",\"target\":[\"https:\\\/\\\/blogdofarnesio.com.br\\\/2014\\\/07\\\/direto-de-cabrobo-96\\\/\"]}]},{\"@type\":\"ImageObject\",\"inLanguage\":\"pt-BR\",\"@id\":\"https:\\\/\\\/blogdofarnesio.com.br\\\/2014\\\/07\\\/direto-de-cabrobo-96\\\/#primaryimage\",\"url\":\"http:\\\/\\\/www.quersaberpolitica.com.br\\\/2016\\\/wp-content\\\/uploads\\\/2014\\\/07\\\/unnamed-111-300x224.jpg\",\"contentUrl\":\"http:\\\/\\\/www.quersaberpolitica.com.br\\\/2016\\\/wp-content\\\/uploads\\\/2014\\\/07\\\/unnamed-111-300x224.jpg\"},{\"@type\":\"BreadcrumbList\",\"@id\":\"https:\\\/\\\/blogdofarnesio.com.br\\\/2014\\\/07\\\/direto-de-cabrobo-96\\\/#breadcrumb\",\"itemListElement\":[{\"@type\":\"ListItem\",\"position\":1,\"name\":\"In\u00edcio\",\"item\":\"https:\\\/\\\/blogdofarnesio.com.br\\\/\"},{\"@type\":\"ListItem\",\"position\":2,\"name\":\"DIRETO DE CABROB\u00d3\"}]},{\"@type\":\"WebSite\",\"@id\":\"https:\\\/\\\/blogdofarnesio.com.br\\\/#website\",\"url\":\"https:\\\/\\\/blogdofarnesio.com.br\\\/\",\"name\":\"Blog do Farn\u00e9sio\",\"description\":\"Quer Saber Pol\u00edtica?\",\"publisher\":{\"@id\":\"https:\\\/\\\/blogdofarnesio.com.br\\\/#organization\"},\"potentialAction\":[{\"@type\":\"SearchAction\",\"target\":{\"@type\":\"EntryPoint\",\"urlTemplate\":\"https:\\\/\\\/blogdofarnesio.com.br\\\/?s={search_term_string}\"},\"query-input\":{\"@type\":\"PropertyValueSpecification\",\"valueRequired\":true,\"valueName\":\"search_term_string\"}}],\"inLanguage\":\"pt-BR\"},{\"@type\":\"Organization\",\"@id\":\"https:\\\/\\\/blogdofarnesio.com.br\\\/#organization\",\"name\":\"Blog do Farn\u00e9sio\",\"url\":\"https:\\\/\\\/blogdofarnesio.com.br\\\/\",\"logo\":{\"@type\":\"ImageObject\",\"inLanguage\":\"pt-BR\",\"@id\":\"https:\\\/\\\/blogdofarnesio.com.br\\\/#\\\/schema\\\/logo\\\/image\\\/\",\"url\":\"https:\\\/\\\/blogdofarnesio.com.br\\\/wp-content\\\/uploads\\\/2026\\\/03\\\/cropped-logo_new-1.png\",\"contentUrl\":\"https:\\\/\\\/blogdofarnesio.com.br\\\/wp-content\\\/uploads\\\/2026\\\/03\\\/cropped-logo_new-1.png\",\"width\":881,\"height\":685,\"caption\":\"Blog do Farn\u00e9sio\"},\"image\":{\"@id\":\"https:\\\/\\\/blogdofarnesio.com.br\\\/#\\\/schema\\\/logo\\\/image\\\/\"},\"sameAs\":[\"https:\\\/\\\/www.facebook.com\\\/BlogQuerSaberPolitica\\\/\"]},{\"@type\":\"Person\",\"@id\":\"https:\\\/\\\/blogdofarnesio.com.br\\\/#\\\/schema\\\/person\\\/dd1bf5eba40b687199ba45ca6b97dff9\",\"name\":\"teste\",\"image\":{\"@type\":\"ImageObject\",\"inLanguage\":\"pt-BR\",\"@id\":\"https:\\\/\\\/secure.gravatar.com\\\/avatar\\\/2172498d4914b51e1d89a0f97957b035ac4938723a5cac208135d389b6972a6d?s=96&d=mm&r=g\",\"url\":\"https:\\\/\\\/secure.gravatar.com\\\/avatar\\\/2172498d4914b51e1d89a0f97957b035ac4938723a5cac208135d389b6972a6d?s=96&d=mm&r=g\",\"contentUrl\":\"https:\\\/\\\/secure.gravatar.com\\\/avatar\\\/2172498d4914b51e1d89a0f97957b035ac4938723a5cac208135d389b6972a6d?s=96&d=mm&r=g\",\"caption\":\"teste\"},\"url\":\"https:\\\/\\\/blogdofarnesio.com.br\\\/author\\\/teste\\\/\"}]}<\/script>\n<!-- \/ Yoast SEO plugin. -->","yoast_head_json":{"title":"DIRETO DE CABROB\u00d3 - Blog do Farn\u00e9sio","robots":{"index":"index","follow":"follow","max-snippet":"max-snippet:-1","max-image-preview":"max-image-preview:large","max-video-preview":"max-video-preview:-1"},"canonical":"https:\/\/blogdofarnesio.com.br\/2014\/07\/direto-de-cabrobo-96\/","og_locale":"pt_BR","og_type":"article","og_title":"DIRETO DE CABROB\u00d3 - Blog do Farn\u00e9sio","og_description":"Prefeito Auric\u00e9lio declara \u00a0apoio a Lucas Ramos Companheiro de longas datas do deputado Raimundo Pimentel (PSB), o prefeito de Cabrob\u00f3, Auric\u00e9lio Torres (PSB), teve que escolher um novo candidato a deputado estadual depois que Pimentel desistiu de tentar a reelei\u00e7\u00e3o e ainda anunciou apoio \u00e0 candidatura de Armando Monteiro (PTB). E o prefeito j\u00e1 decidiu. A partir de agora, Auric\u00e9lio e seu grupo pol\u00edtico dever\u00e3o marchar ao lado do tamb\u00e9m socialista, Lucas Ramos. J\u00e1 para a disputa a federal, Auric\u00e9lio permanece firme com o deputado, Jo\u00e3o Fernando Coutinho (PSB), presen\u00e7a marcante no munic\u00edpio. De acordo com o prefeito, a decis\u00e3o foi tomada no in\u00edcio desta semana ap\u00f3s reuni\u00e3o com os vereadores Marcos de Neuma, Neguinho Truk\u00e1, Avanildo Barros e Zezito&hellip;","og_url":"https:\/\/blogdofarnesio.com.br\/2014\/07\/direto-de-cabrobo-96\/","og_site_name":"Blog do Farn\u00e9sio","article_publisher":"https:\/\/www.facebook.com\/BlogQuerSaberPolitica\/","article_published_time":"2014-07-11T12:42:17+00:00","og_image":[{"url":"http:\/\/www.quersaberpolitica.com.br\/2016\/wp-content\/uploads\/2014\/07\/unnamed-111-300x224.jpg","type":"","width":"","height":""}],"author":"teste","twitter_card":"summary_large_image","twitter_misc":{"Escrito por":"teste","Est. tempo de leitura":"1 minuto"},"schema":{"@context":"https:\/\/schema.org","@graph":[{"@type":"Article","@id":"https:\/\/blogdofarnesio.com.br\/2014\/07\/direto-de-cabrobo-96\/#article","isPartOf":{"@id":"https:\/\/blogdofarnesio.com.br\/2014\/07\/direto-de-cabrobo-96\/"},"author":{"name":"teste","@id":"https:\/\/blogdofarnesio.com.br\/#\/schema\/person\/dd1bf5eba40b687199ba45ca6b97dff9"},"headline":"DIRETO DE CABROB\u00d3","datePublished":"2014-07-11T12:42:17+00:00","mainEntityOfPage":{"@id":"https:\/\/blogdofarnesio.com.br\/2014\/07\/direto-de-cabrobo-96\/"},"wordCount":228,"commentCount":0,"publisher":{"@id":"https:\/\/blogdofarnesio.com.br\/#organization"},"image":{"@id":"https:\/\/blogdofarnesio.com.br\/2014\/07\/direto-de-cabrobo-96\/#primaryimage"},"thumbnailUrl":"http:\/\/www.quersaberpolitica.com.br\/2016\/wp-content\/uploads\/2014\/07\/unnamed-111-300x224.jpg","articleSection":["Cidades"],"inLanguage":"pt-BR","potentialAction":[{"@type":"CommentAction","name":"Comment","target":["https:\/\/blogdofarnesio.com.br\/2014\/07\/direto-de-cabrobo-96\/#respond"]}]},{"@type":"WebPage","@id":"https:\/\/blogdofarnesio.com.br\/2014\/07\/direto-de-cabrobo-96\/","url":"https:\/\/blogdofarnesio.com.br\/2014\/07\/direto-de-cabrobo-96\/","name":"DIRETO DE CABROB\u00d3 - Blog do Farn\u00e9sio","isPartOf":{"@id":"https:\/\/blogdofarnesio.com.br\/#website"},"primaryImageOfPage":{"@id":"https:\/\/blogdofarnesio.com.br\/2014\/07\/direto-de-cabrobo-96\/#primaryimage"},"image":{"@id":"https:\/\/blogdofarnesio.com.br\/2014\/07\/direto-de-cabrobo-96\/#primaryimage"},"thumbnailUrl":"http:\/\/www.quersaberpolitica.com.br\/2016\/wp-content\/uploads\/2014\/07\/unnamed-111-300x224.jpg","datePublished":"2014-07-11T12:42:17+00:00","breadcrumb":{"@id":"https:\/\/blogdofarnesio.com.br\/2014\/07\/direto-de-cabrobo-96\/#breadcrumb"},"inLanguage":"pt-BR","potentialAction":[{"@type":"ReadAction","target":["https:\/\/blogdofarnesio.com.br\/2014\/07\/direto-de-cabrobo-96\/"]}]},{"@type":"ImageObject","inLanguage":"pt-BR","@id":"https:\/\/blogdofarnesio.com.br\/2014\/07\/direto-de-cabrobo-96\/#primaryimage","url":"http:\/\/www.quersaberpolitica.com.br\/2016\/wp-content\/uploads\/2014\/07\/unnamed-111-300x224.jpg","contentUrl":"http:\/\/www.quersaberpolitica.com.br\/2016\/wp-content\/uploads\/2014\/07\/unnamed-111-300x224.jpg"},{"@type":"BreadcrumbList","@id":"https:\/\/blogdofarnesio.com.br\/2014\/07\/direto-de-cabrobo-96\/#breadcrumb","itemListElement":[{"@type":"ListItem","position":1,"name":"In\u00edcio","item":"https:\/\/blogdofarnesio.com.br\/"},{"@type":"ListItem","position":2,"name":"DIRETO DE CABROB\u00d3"}]},{"@type":"WebSite","@id":"https:\/\/blogdofarnesio.com.br\/#website","url":"https:\/\/blogdofarnesio.com.br\/","name":"Blog do Farn\u00e9sio","description":"Quer Saber Pol\u00edtica?","publisher":{"@id":"https:\/\/blogdofarnesio.com.br\/#organization"},"potentialAction":[{"@type":"SearchAction","target":{"@type":"EntryPoint","urlTemplate":"https:\/\/blogdofarnesio.com.br\/?s={search_term_string}"},"query-input":{"@type":"PropertyValueSpecification","valueRequired":true,"valueName":"search_term_string"}}],"inLanguage":"pt-BR"},{"@type":"Organization","@id":"https:\/\/blogdofarnesio.com.br\/#organization","name":"Blog do Farn\u00e9sio","url":"https:\/\/blogdofarnesio.com.br\/","logo":{"@type":"ImageObject","inLanguage":"pt-BR","@id":"https:\/\/blogdofarnesio.com.br\/#\/schema\/logo\/image\/","url":"https:\/\/blogdofarnesio.com.br\/wp-content\/uploads\/2026\/03\/cropped-logo_new-1.png","contentUrl":"https:\/\/blogdofarnesio.com.br\/wp-content\/uploads\/2026\/03\/cropped-logo_new-1.png","width":881,"height":685,"caption":"Blog do Farn\u00e9sio"},"image":{"@id":"https:\/\/blogdofarnesio.com.br\/#\/schema\/logo\/image\/"},"sameAs":["https:\/\/www.facebook.com\/BlogQuerSaberPolitica\/"]},{"@type":"Person","@id":"https:\/\/blogdofarnesio.com.br\/#\/schema\/person\/dd1bf5eba40b687199ba45ca6b97dff9","name":"teste","image":{"@type":"ImageObject","inLanguage":"pt-BR","@id":"https:\/\/secure.gravatar.com\/avatar\/2172498d4914b51e1d89a0f97957b035ac4938723a5cac208135d389b6972a6d?s=96&d=mm&r=g","url":"https:\/\/secure.gravatar.com\/avatar\/2172498d4914b51e1d89a0f97957b035ac4938723a5cac208135d389b6972a6d?s=96&d=mm&r=g","contentUrl":"https:\/\/secure.gravatar.com\/avatar\/2172498d4914b51e1d89a0f97957b035ac4938723a5cac208135d389b6972a6d?s=96&d=mm&r=g","caption":"teste"},"url":"https:\/\/blogdofarnesio.com.br\/author\/teste\/"}]}},"_links":{"self":[{"href":"https:\/\/blogdofarnesio.com.br\/wp-json\/wp\/v2\/posts\/90548","targetHints":{"allow":["GET"]}}],"collection":[{"href":"https:\/\/blogdofarnesio.com.br\/wp-json\/wp\/v2\/posts"}],"about":[{"href":"https:\/\/blogdofarnesio.com.br\/wp-json\/wp\/v2\/types\/post"}],"author":[{"embeddable":true,"href":"https:\/\/blogdofarnesio.com.br\/wp-json\/wp\/v2\/users\/3"}],"replies":[{"embeddable":true,"href":"https:\/\/blogdofarnesio.com.br\/wp-json\/wp\/v2\/comments?post=90548"}],"version-history":[{"count":0,"href":"https:\/\/blogdofarnesio.com.br\/wp-json\/wp\/v2\/posts\/90548\/revisions"}],"wp:attachment":[{"href":"https:\/\/blogdofarnesio.com.br\/wp-json\/wp\/v2\/media?parent=90548"}],"wp:term":[{"taxonomy":"category","embeddable":true,"href":"https:\/\/blogdofarnesio.com.br\/wp-json\/wp\/v2\/categories?post=90548"},{"taxonomy":"post_tag","embeddable":true,"href":"https:\/\/blogdofarnesio.com.br\/wp-json\/wp\/v2\/tags?post=90548"}],"curies":[{"name":"wp","href":"https:\/\/api.w.org\/{rel}","templated":true}]}}