{"id":9035,"date":"2011-12-03T09:32:55","date_gmt":"2011-12-03T09:32:55","guid":{"rendered":"http:\/\/www.quersaberpolitica.com.br?p=9035"},"modified":"-0001-11-30T00:00:00","modified_gmt":"-0001-11-30T03:00:00","slug":"ciro-gomes-e-vaiado-em-evento-de-seu-proprio-partido","status":"publish","type":"post","link":"https:\/\/blogdofarnesio.com.br\/?p=9035","title":{"rendered":"Ciro Gomes \u00e9 vaiado em evento de seu pr\u00f3prio partido"},"content":{"rendered":"<p>&nbsp;<\/p>\n<p>MARIA CLARA CABRAL<\/p>\n<p><a rel=\"lightbox\" href=\"http:\/\/www.quersaberpolitica.com.br\/2016\/wp-content\/uploads\/2012\/12\/blogqspeduardociro1.jpg\"><img loading=\"lazy\" decoding=\"async\" style=\"float: right; margin-top: 5px; margin-bottom: 5px; margin-left: 10px; margin-right: 10px;\" title=\"Ciro Gomes Eduardo Campos\" src=\"http:\/\/www.quersaberpolitica.com.br\/2016\/wp-content\/uploads\/2012\/12\/blogqspeduardociro1.jpg\" alt=\"\" width=\"207\" height=\"155\" \/><\/a>Ex-candidato &agrave; Presid&ecirc;ncia da Rep&uacute;blica, ex-ministro e ex-deputado federal, Ciro Gomes foi vaiado, nesta sexta-feira, ao chegar para o Congresso Nacional do PSB, em Bras&iacute;lia.<\/p>\n<p>Antes de ele entrar no plen&aacute;rio principal, militantes do partido tamb&eacute;m mostraram uma faixa pedindo &#8220;a volta da democracia do PSB no Cear&aacute;&#8221;, Estado de Gomes.<\/p>\n<p>Mesmo assim, o ex-candidato n&atilde;o descartou concorrer pela terceira vez ao cargo. &#8220;Quem j&aacute; foi duas vezes [candidato] n&atilde;o pode andar mentindo dizendo que n&atilde;o quer ser&#8221;, disse.<\/p>\n<p>O racha no partido sobre a possibilidade de candidatura pr&oacute;pria em 2014 tamb&eacute;m ficou evidenciado.<\/p>\n<p>Apesar de falar que o desentendimento com o presidente nacional do PSB e governador de Pernambuco, Eduardo Campos, estava superado, Ciro ironizou o fato de o colega querer ser candidato.<\/p>\n<p>&#8220;Tem todos os dotes para isso, falta s&oacute; a estrada que eu tenho&#8221;, disse. Campos, por sua vez, desconversou ao questionar sobre o assunto.<\/p>\n<p>Em 2010, Ciro Gomes queria ser candidato, mas foi derrotado pelo grupo de Eduardo Campos, que defendeu o apoio &agrave; presidente Dilma Rousseff.<\/p>\n<p>Ciro tamb&eacute;m voltou a criticar hoje a alian&ccedil;a do PT com o PMDB. &#8220;N&atilde;o &eacute; contra o PT, &eacute; contra a m&eacute;dia da sustenta&ccedil;&atilde;o, que re&uacute;ne PT e PMDB, de natureza fisiol&oacute;gica, e n&oacute;s teremos sempre grande susto e dissabores por este cimento, toda alian&ccedil;a &eacute; leg&iacute;tima, mas que &eacute; a alian&ccedil;a forma transformadora que precisa dessa grade alian&ccedil;a?&#8221;, questionou, para continuar: &#8220;Qual &eacute; o cimento? O que &eacute; que n&oacute;s coeziona? Fisiologia, quando sen&atilde;o, roubalheira.&#8221;<\/p>\n<p>Nesta sexta-feira acontece em Bras&iacute;lia o Congresso Nacional do PSB. Amanh&atilde;, a legenda deve reconduzir Eduardo Campos para a presid&ecirc;ncia.<\/p>\n<p>&nbsp;<\/p>\n<p>&nbsp;<\/p>\n","protected":false},"excerpt":{"rendered":"<p>&nbsp; MARIA CLARA CABRAL Ex-candidato &agrave; Presid&ecirc;ncia da Rep&uacute;blica, ex-ministro e ex-deputado federal, Ciro Gomes foi vaiado, nesta sexta-feira, ao chegar para o Congresso Nacional do PSB, em Bras&iacute;lia. Antes de ele entrar no plen&aacute;rio principal, militantes do partido tamb&eacute;m mostraram uma faixa pedindo &#8220;a volta da democracia do PSB no Cear&aacute;&#8221;, Estado de Gomes. Mesmo assim, o ex-candidato n&atilde;o descartou concorrer pela terceira vez ao cargo. &#8220;Quem j&aacute; foi duas vezes [candidato] n&atilde;o pode andar mentindo dizendo que n&atilde;o quer ser&#8221;, disse. O racha no partido sobre a possibilidade de candidatura pr&oacute;pria em 2014 tamb&eacute;m ficou evidenciado. Apesar de falar que o desentendimento com o presidente nacional do PSB e governador de Pernambuco, Eduardo Campos, estava superado, Ciro ironizou&hellip; <\/p>\n","protected":false},"author":0,"featured_media":0,"comment_status":"open","ping_status":"open","sticky":false,"template":"","format":"standard","meta":{"_acf_changed":false,"footnotes":""},"categories":[43],"tags":[],"class_list":["post-9035","post","type-post","status-publish","format-standard","hentry","category-sem-categoria"],"acf":[],"yoast_head":"<!-- This site is optimized with the Yoast SEO plugin v27.4 - https:\/\/yoast.com\/product\/yoast-seo-wordpress\/ -->\n<title>Ciro Gomes \u00e9 vaiado em evento de seu pr\u00f3prio partido  - Blog do Farn\u00e9sio<\/title>\n<meta name=\"robots\" content=\"index, follow, max-snippet:-1, max-image-preview:large, max-video-preview:-1\" \/>\n<link rel=\"canonical\" href=\"https:\/\/blogdofarnesio.com.br\/?p=9035\" \/>\n<meta property=\"og:locale\" content=\"pt_BR\" \/>\n<meta property=\"og:type\" content=\"article\" \/>\n<meta property=\"og:title\" content=\"Ciro Gomes \u00e9 vaiado em evento de seu pr\u00f3prio partido  - Blog do Farn\u00e9sio\" \/>\n<meta property=\"og:description\" content=\"&nbsp; MARIA CLARA CABRAL Ex-candidato &agrave; Presid&ecirc;ncia da Rep&uacute;blica, ex-ministro e ex-deputado federal, Ciro Gomes foi vaiado, nesta sexta-feira, ao chegar para o Congresso Nacional do PSB, em Bras&iacute;lia. Antes de ele entrar no plen&aacute;rio principal, militantes do partido tamb&eacute;m mostraram uma faixa pedindo &#8220;a volta da democracia do PSB no Cear&aacute;&#8221;, Estado de Gomes. Mesmo assim, o ex-candidato n&atilde;o descartou concorrer pela terceira vez ao cargo. &#8220;Quem j&aacute; foi duas vezes [candidato] n&atilde;o pode andar mentindo dizendo que n&atilde;o quer ser&#8221;, disse. O racha no partido sobre a possibilidade de candidatura pr&oacute;pria em 2014 tamb&eacute;m ficou evidenciado. Apesar de falar que o desentendimento com o presidente nacional do PSB e governador de Pernambuco, Eduardo Campos, estava superado, Ciro ironizou&hellip;\" \/>\n<meta property=\"og:url\" content=\"https:\/\/blogdofarnesio.com.br\/?p=9035\" \/>\n<meta property=\"og:site_name\" content=\"Blog do Farn\u00e9sio\" \/>\n<meta property=\"article:publisher\" content=\"https:\/\/www.facebook.com\/BlogQuerSaberPolitica\/\" \/>\n<meta property=\"article:published_time\" content=\"2011-12-03T09:32:55+00:00\" \/>\n<meta property=\"og:image\" content=\"http:\/\/www.quersaberpolitica.com.br\/2016\/wp-content\/uploads\/2012\/12\/blogqspeduardociro1.jpg\" \/>\n<meta name=\"twitter:card\" content=\"summary_large_image\" \/>\n<meta name=\"twitter:label1\" content=\"Est. tempo de leitura\" \/>\n\t<meta name=\"twitter:data1\" content=\"2 minutos\" \/>\n<script type=\"application\/ld+json\" class=\"yoast-schema-graph\">{\"@context\":\"https:\\\/\\\/schema.org\",\"@graph\":[{\"@type\":\"Article\",\"@id\":\"https:\\\/\\\/blogdofarnesio.com.br\\\/?p=9035#article\",\"isPartOf\":{\"@id\":\"https:\\\/\\\/blogdofarnesio.com.br\\\/?p=9035\"},\"author\":{\"name\":\"\",\"@id\":\"\"},\"headline\":\"Ciro Gomes \u00e9 vaiado em evento de seu pr\u00f3prio partido\",\"datePublished\":\"2011-12-03T09:32:55+00:00\",\"mainEntityOfPage\":{\"@id\":\"https:\\\/\\\/blogdofarnesio.com.br\\\/?p=9035\"},\"wordCount\":338,\"commentCount\":0,\"publisher\":{\"@id\":\"https:\\\/\\\/blogdofarnesio.com.br\\\/#organization\"},\"image\":{\"@id\":\"https:\\\/\\\/blogdofarnesio.com.br\\\/?p=9035#primaryimage\"},\"thumbnailUrl\":\"http:\\\/\\\/www.quersaberpolitica.com.br\\\/2016\\\/wp-content\\\/uploads\\\/2012\\\/12\\\/blogqspeduardociro1.jpg\",\"inLanguage\":\"pt-BR\",\"potentialAction\":[{\"@type\":\"CommentAction\",\"name\":\"Comment\",\"target\":[\"https:\\\/\\\/blogdofarnesio.com.br\\\/?p=9035#respond\"]}]},{\"@type\":\"WebPage\",\"@id\":\"https:\\\/\\\/blogdofarnesio.com.br\\\/?p=9035\",\"url\":\"https:\\\/\\\/blogdofarnesio.com.br\\\/?p=9035\",\"name\":\"Ciro Gomes \u00e9 vaiado em evento de seu pr\u00f3prio partido - Blog do Farn\u00e9sio\",\"isPartOf\":{\"@id\":\"https:\\\/\\\/blogdofarnesio.com.br\\\/#website\"},\"primaryImageOfPage\":{\"@id\":\"https:\\\/\\\/blogdofarnesio.com.br\\\/?p=9035#primaryimage\"},\"image\":{\"@id\":\"https:\\\/\\\/blogdofarnesio.com.br\\\/?p=9035#primaryimage\"},\"thumbnailUrl\":\"http:\\\/\\\/www.quersaberpolitica.com.br\\\/2016\\\/wp-content\\\/uploads\\\/2012\\\/12\\\/blogqspeduardociro1.jpg\",\"datePublished\":\"2011-12-03T09:32:55+00:00\",\"breadcrumb\":{\"@id\":\"https:\\\/\\\/blogdofarnesio.com.br\\\/?p=9035#breadcrumb\"},\"inLanguage\":\"pt-BR\",\"potentialAction\":[{\"@type\":\"ReadAction\",\"target\":[\"https:\\\/\\\/blogdofarnesio.com.br\\\/?p=9035\"]}]},{\"@type\":\"ImageObject\",\"inLanguage\":\"pt-BR\",\"@id\":\"https:\\\/\\\/blogdofarnesio.com.br\\\/?p=9035#primaryimage\",\"url\":\"http:\\\/\\\/www.quersaberpolitica.com.br\\\/2016\\\/wp-content\\\/uploads\\\/2012\\\/12\\\/blogqspeduardociro1.jpg\",\"contentUrl\":\"http:\\\/\\\/www.quersaberpolitica.com.br\\\/2016\\\/wp-content\\\/uploads\\\/2012\\\/12\\\/blogqspeduardociro1.jpg\"},{\"@type\":\"BreadcrumbList\",\"@id\":\"https:\\\/\\\/blogdofarnesio.com.br\\\/?p=9035#breadcrumb\",\"itemListElement\":[{\"@type\":\"ListItem\",\"position\":1,\"name\":\"In\u00edcio\",\"item\":\"https:\\\/\\\/blogdofarnesio.com.br\\\/\"},{\"@type\":\"ListItem\",\"position\":2,\"name\":\"Ciro Gomes \u00e9 vaiado em evento de seu pr\u00f3prio partido\"}]},{\"@type\":\"WebSite\",\"@id\":\"https:\\\/\\\/blogdofarnesio.com.br\\\/#website\",\"url\":\"https:\\\/\\\/blogdofarnesio.com.br\\\/\",\"name\":\"Blog do Farn\u00e9sio\",\"description\":\"Quer Saber Pol\u00edtica?\",\"publisher\":{\"@id\":\"https:\\\/\\\/blogdofarnesio.com.br\\\/#organization\"},\"potentialAction\":[{\"@type\":\"SearchAction\",\"target\":{\"@type\":\"EntryPoint\",\"urlTemplate\":\"https:\\\/\\\/blogdofarnesio.com.br\\\/?s={search_term_string}\"},\"query-input\":{\"@type\":\"PropertyValueSpecification\",\"valueRequired\":true,\"valueName\":\"search_term_string\"}}],\"inLanguage\":\"pt-BR\"},{\"@type\":\"Organization\",\"@id\":\"https:\\\/\\\/blogdofarnesio.com.br\\\/#organization\",\"name\":\"Blog do Farn\u00e9sio\",\"url\":\"https:\\\/\\\/blogdofarnesio.com.br\\\/\",\"logo\":{\"@type\":\"ImageObject\",\"inLanguage\":\"pt-BR\",\"@id\":\"https:\\\/\\\/blogdofarnesio.com.br\\\/#\\\/schema\\\/logo\\\/image\\\/\",\"url\":\"https:\\\/\\\/blogdofarnesio.com.br\\\/wp-content\\\/uploads\\\/2026\\\/03\\\/cropped-logo_new-1.png\",\"contentUrl\":\"https:\\\/\\\/blogdofarnesio.com.br\\\/wp-content\\\/uploads\\\/2026\\\/03\\\/cropped-logo_new-1.png\",\"width\":881,\"height\":685,\"caption\":\"Blog do Farn\u00e9sio\"},\"image\":{\"@id\":\"https:\\\/\\\/blogdofarnesio.com.br\\\/#\\\/schema\\\/logo\\\/image\\\/\"},\"sameAs\":[\"https:\\\/\\\/www.facebook.com\\\/BlogQuerSaberPolitica\\\/\"]}]}<\/script>\n<!-- \/ Yoast SEO plugin. -->","yoast_head_json":{"title":"Ciro Gomes \u00e9 vaiado em evento de seu pr\u00f3prio partido  - Blog do Farn\u00e9sio","robots":{"index":"index","follow":"follow","max-snippet":"max-snippet:-1","max-image-preview":"max-image-preview:large","max-video-preview":"max-video-preview:-1"},"canonical":"https:\/\/blogdofarnesio.com.br\/?p=9035","og_locale":"pt_BR","og_type":"article","og_title":"Ciro Gomes \u00e9 vaiado em evento de seu pr\u00f3prio partido  - Blog do Farn\u00e9sio","og_description":"&nbsp; MARIA CLARA CABRAL Ex-candidato &agrave; Presid&ecirc;ncia da Rep&uacute;blica, ex-ministro e ex-deputado federal, Ciro Gomes foi vaiado, nesta sexta-feira, ao chegar para o Congresso Nacional do PSB, em Bras&iacute;lia. Antes de ele entrar no plen&aacute;rio principal, militantes do partido tamb&eacute;m mostraram uma faixa pedindo &#8220;a volta da democracia do PSB no Cear&aacute;&#8221;, Estado de Gomes. Mesmo assim, o ex-candidato n&atilde;o descartou concorrer pela terceira vez ao cargo. &#8220;Quem j&aacute; foi duas vezes [candidato] n&atilde;o pode andar mentindo dizendo que n&atilde;o quer ser&#8221;, disse. O racha no partido sobre a possibilidade de candidatura pr&oacute;pria em 2014 tamb&eacute;m ficou evidenciado. Apesar de falar que o desentendimento com o presidente nacional do PSB e governador de Pernambuco, Eduardo Campos, estava superado, Ciro ironizou&hellip;","og_url":"https:\/\/blogdofarnesio.com.br\/?p=9035","og_site_name":"Blog do Farn\u00e9sio","article_publisher":"https:\/\/www.facebook.com\/BlogQuerSaberPolitica\/","article_published_time":"2011-12-03T09:32:55+00:00","og_image":[{"url":"http:\/\/www.quersaberpolitica.com.br\/2016\/wp-content\/uploads\/2012\/12\/blogqspeduardociro1.jpg","type":"","width":"","height":""}],"twitter_card":"summary_large_image","twitter_misc":{"Est. tempo de leitura":"2 minutos"},"schema":{"@context":"https:\/\/schema.org","@graph":[{"@type":"Article","@id":"https:\/\/blogdofarnesio.com.br\/?p=9035#article","isPartOf":{"@id":"https:\/\/blogdofarnesio.com.br\/?p=9035"},"author":{"name":"","@id":""},"headline":"Ciro Gomes \u00e9 vaiado em evento de seu pr\u00f3prio partido","datePublished":"2011-12-03T09:32:55+00:00","mainEntityOfPage":{"@id":"https:\/\/blogdofarnesio.com.br\/?p=9035"},"wordCount":338,"commentCount":0,"publisher":{"@id":"https:\/\/blogdofarnesio.com.br\/#organization"},"image":{"@id":"https:\/\/blogdofarnesio.com.br\/?p=9035#primaryimage"},"thumbnailUrl":"http:\/\/www.quersaberpolitica.com.br\/2016\/wp-content\/uploads\/2012\/12\/blogqspeduardociro1.jpg","inLanguage":"pt-BR","potentialAction":[{"@type":"CommentAction","name":"Comment","target":["https:\/\/blogdofarnesio.com.br\/?p=9035#respond"]}]},{"@type":"WebPage","@id":"https:\/\/blogdofarnesio.com.br\/?p=9035","url":"https:\/\/blogdofarnesio.com.br\/?p=9035","name":"Ciro Gomes \u00e9 vaiado em evento de seu pr\u00f3prio partido - Blog do Farn\u00e9sio","isPartOf":{"@id":"https:\/\/blogdofarnesio.com.br\/#website"},"primaryImageOfPage":{"@id":"https:\/\/blogdofarnesio.com.br\/?p=9035#primaryimage"},"image":{"@id":"https:\/\/blogdofarnesio.com.br\/?p=9035#primaryimage"},"thumbnailUrl":"http:\/\/www.quersaberpolitica.com.br\/2016\/wp-content\/uploads\/2012\/12\/blogqspeduardociro1.jpg","datePublished":"2011-12-03T09:32:55+00:00","breadcrumb":{"@id":"https:\/\/blogdofarnesio.com.br\/?p=9035#breadcrumb"},"inLanguage":"pt-BR","potentialAction":[{"@type":"ReadAction","target":["https:\/\/blogdofarnesio.com.br\/?p=9035"]}]},{"@type":"ImageObject","inLanguage":"pt-BR","@id":"https:\/\/blogdofarnesio.com.br\/?p=9035#primaryimage","url":"http:\/\/www.quersaberpolitica.com.br\/2016\/wp-content\/uploads\/2012\/12\/blogqspeduardociro1.jpg","contentUrl":"http:\/\/www.quersaberpolitica.com.br\/2016\/wp-content\/uploads\/2012\/12\/blogqspeduardociro1.jpg"},{"@type":"BreadcrumbList","@id":"https:\/\/blogdofarnesio.com.br\/?p=9035#breadcrumb","itemListElement":[{"@type":"ListItem","position":1,"name":"In\u00edcio","item":"https:\/\/blogdofarnesio.com.br\/"},{"@type":"ListItem","position":2,"name":"Ciro Gomes \u00e9 vaiado em evento de seu pr\u00f3prio partido"}]},{"@type":"WebSite","@id":"https:\/\/blogdofarnesio.com.br\/#website","url":"https:\/\/blogdofarnesio.com.br\/","name":"Blog do Farn\u00e9sio","description":"Quer Saber Pol\u00edtica?","publisher":{"@id":"https:\/\/blogdofarnesio.com.br\/#organization"},"potentialAction":[{"@type":"SearchAction","target":{"@type":"EntryPoint","urlTemplate":"https:\/\/blogdofarnesio.com.br\/?s={search_term_string}"},"query-input":{"@type":"PropertyValueSpecification","valueRequired":true,"valueName":"search_term_string"}}],"inLanguage":"pt-BR"},{"@type":"Organization","@id":"https:\/\/blogdofarnesio.com.br\/#organization","name":"Blog do Farn\u00e9sio","url":"https:\/\/blogdofarnesio.com.br\/","logo":{"@type":"ImageObject","inLanguage":"pt-BR","@id":"https:\/\/blogdofarnesio.com.br\/#\/schema\/logo\/image\/","url":"https:\/\/blogdofarnesio.com.br\/wp-content\/uploads\/2026\/03\/cropped-logo_new-1.png","contentUrl":"https:\/\/blogdofarnesio.com.br\/wp-content\/uploads\/2026\/03\/cropped-logo_new-1.png","width":881,"height":685,"caption":"Blog do Farn\u00e9sio"},"image":{"@id":"https:\/\/blogdofarnesio.com.br\/#\/schema\/logo\/image\/"},"sameAs":["https:\/\/www.facebook.com\/BlogQuerSaberPolitica\/"]}]}},"_links":{"self":[{"href":"https:\/\/blogdofarnesio.com.br\/index.php?rest_route=\/wp\/v2\/posts\/9035","targetHints":{"allow":["GET"]}}],"collection":[{"href":"https:\/\/blogdofarnesio.com.br\/index.php?rest_route=\/wp\/v2\/posts"}],"about":[{"href":"https:\/\/blogdofarnesio.com.br\/index.php?rest_route=\/wp\/v2\/types\/post"}],"replies":[{"embeddable":true,"href":"https:\/\/blogdofarnesio.com.br\/index.php?rest_route=%2Fwp%2Fv2%2Fcomments&post=9035"}],"version-history":[{"count":0,"href":"https:\/\/blogdofarnesio.com.br\/index.php?rest_route=\/wp\/v2\/posts\/9035\/revisions"}],"wp:attachment":[{"href":"https:\/\/blogdofarnesio.com.br\/index.php?rest_route=%2Fwp%2Fv2%2Fmedia&parent=9035"}],"wp:term":[{"taxonomy":"category","embeddable":true,"href":"https:\/\/blogdofarnesio.com.br\/index.php?rest_route=%2Fwp%2Fv2%2Fcategories&post=9035"},{"taxonomy":"post_tag","embeddable":true,"href":"https:\/\/blogdofarnesio.com.br\/index.php?rest_route=%2Fwp%2Fv2%2Ftags&post=9035"}],"curies":[{"name":"wp","href":"https:\/\/api.w.org\/{rel}","templated":true}]}}