{"id":89267,"date":"2014-07-01T07:00:29","date_gmt":"2014-07-01T10:00:29","guid":{"rendered":"http:\/\/www.quersaberpolitica.com.br\/?p=89267"},"modified":"2014-06-30T21:08:56","modified_gmt":"2014-07-01T00:08:56","slug":"direto-de-sento-se-87","status":"publish","type":"post","link":"https:\/\/blogdofarnesio.com.br\/?p=89267","title":{"rendered":"DIRETO DE SENTO-S\u00c9"},"content":{"rendered":"<div style=\"text-align: justify\">\n<p><strong>LEIA SENTEN\u00c7A DO STJ QUE CASSOU LIMINAR DO PREFEITO EDNALDO. E AGORA?<\/strong><\/p>\n<p><a href=\"http:\/\/www.quersaberpolitica.com.br\/2016\/wp-content\/uploads\/2014\/03\/blogqspmanifesta\u00e7aosentose.jpg\"><img loading=\"lazy\" decoding=\"async\" class=\"aligncenter size-full wp-image-77452\" alt=\"blogqspmanifesta\u00e7aosentose\" src=\"http:\/\/www.quersaberpolitica.com.br\/2016\/wp-content\/uploads\/2014\/03\/blogqspmanifesta\u00e7aosentose.jpg\" width=\"480\" height=\"272\" srcset=\"https:\/\/blogdofarnesio.com.br\/wp-content\/uploads\/2014\/03\/blogqspmanifesta\u00e7aosentose.jpg 480w, https:\/\/blogdofarnesio.com.br\/wp-content\/uploads\/2014\/03\/blogqspmanifesta\u00e7aosentose-300x170.jpg 300w\" sizes=\"auto, (max-width: 480px) 100vw, 480px\" \/><\/a>A cidade de Sento-S\u00e9 continua em expectativa total, para assistir ao desenlace de uma quest\u00e3o eleitoral, que determinou o afastamento do prefeito Ednaldo Barros por improbidade administrativa, isso a nove anos atr\u00e1s,sob acusa\u00e7\u00e3o de contrata\u00e7\u00e3o irregular \u00a0de servidores para o munic\u00edpio.<\/p>\n<p>Decis\u00e3o do Superior\u00a0Tribunal de Justi\u00e7a suspendeu liminar que tem mantido o prefeito no cargo e seus direitos pol\u00edticos preservados, a nove anos. \u00a0Lei abaixo a senten\u00e7a:<\/p>\n<p><strong>SUSPENS\u00c3O DE LIMINAR E DE SENTEN\u00c7A N\u00ba 1.899 &#8211; BA (2014\/0143542-0)<\/strong><\/p>\n<p><b>RELATO<\/b><b>R\u00a0\u00a0\u00a0\u00a0\u00a0\u00a0\u00a0\u00a0\u00a0 \u00a0: MINISTRO PRESIDENTE DO STJ <\/b>REQUERENTE\u00a0\u00a0\u00a0 \u00a0: \u00a0EDNALDO DOS SANTOS BARROS ADVOGADO\u00a0\u00a0\u00a0\u00a0\u00a0\u00a0 \u00a0: \u00a0THIANCLE ARA\u00daJO<\/p>\n<p>REQUERIDO\u00a0\u00a0\u00a0\u00a0\u00a0\u00a0 \u00a0: \u00a0ESTADO DA BAHIA<\/p>\n<p align=\"center\"><strong>DECIS\u00c3O<\/strong><\/p>\n<p align=\"center\"><b><\/b>Trata-se de <b>pedido de suspens\u00e3o <\/b>formulado por EDNALDO DOS SANTOS BARROS, Prefeito do Munic\u00edpio de Sento S\u00e9\/BA, em face da r. decis\u00e3o proferida pelo eminente Presidente do eg. <b>Tribunal de Justi\u00e7a do Estado da Bahia<\/b>, que,\u00a0 \u00a0nos\u00a0 \u00a0autos\u00a0 \u00a0da\u00a0 \u00a0Suspens\u00e3o\u00a0 \u00a0de\u00a0 \u00a0Liminar\u00a0 \u00a0ou\u00a0 \u00a0Antecipa\u00e7\u00e3o\u00a0 \u00a0de\u00a0 \u00a0Tutela\u00a0 \u00a0n.\u00ba<\/p>\n<p>0017024.75.2013.8.05.0000, \u00a0suspendeu \u00a0os \u00a0efeitos \u00a0da \u00a0liminar \u00a0concedida \u00a0na \u00a0A\u00e7\u00e3o<\/p>\n<p><strong>Declarat\u00f3ria de Nulidade n.\u00ba 0000255-33.2013.8.05.0245.<\/strong><\/p>\n<p>O exame dos presentes autos revela que, no ano de 2004, EDNALDO DOS SANTOS BARROS foi processado e condenado em sede de a\u00e7\u00e3o civil p\u00fablica, pela pr\u00e1tica de ato de improbidade administrativa, consubstanciado na contrata\u00e7\u00e3o de servidores p\u00fablicos sem a realiza\u00e7\u00e3o de concurso p\u00fablico.<\/p>\n<p>\u00c0 \u00e9poca, a senten\u00e7a de proced\u00eancia da a\u00e7\u00e3o civil p\u00fablica determinou ao requerente a suspens\u00e3o de seus direitos pol\u00edticos pelo per\u00edodo de 4 (quatro) anos, o pagamento de multa e a proibi\u00e7\u00e3o de contratar com o poder p\u00fablico pelo prazo de 3\u00a0(tr\u00eas) anos.<!--more--><\/p>\n<p>Por sua vez, o requerente alega que o ilustre magistrado que atuou no feito &#8220;<i>n\u00e3o considerou os argumentos do ora autor e o declarou revel, julgando a a\u00e7\u00e3o procedente&#8221;, <\/i>e que, &#8220;<i>ap\u00f3s entender que teria sido ultrapassado o prazo recursal, foi certificado nos autos o tr\u00e2nsito em julgado da senten\u00e7a, mesmo sem ter intimado o advogado do r\u00e9u da senten\u00e7a <\/i>&#8221; (fl. 02, e-STJ).<\/p>\n<p>Diante da alegada irregularidade na decis\u00e3o que decretou a sua revelia na a\u00e7\u00e3o de improbidade administrativa, o requerente ajuizou a\u00e7\u00e3o rescis\u00f3ria, na qual lhe foi deferida medida liminar, para suspender os efeitos da senten\u00e7a proferida na a\u00e7\u00e3o civil\u00a0 \u00a0p\u00fablica.\u00a0 \u00a0Em\u00a0 \u00a012\/12\/2012,\u00a0 \u00a0entretanto,\u00a0 \u00a0a\u00a0 \u00a0demanda\u00a0 \u00a0rescis\u00f3ria\u00a0 \u00a0foi\u00a0 \u00a0julgada<\/p>\n<\/div>\n<div style=\"text-align: justify\">\n<p>improcedente e a liminar ficou sem efeito. A a\u00e7\u00e3o rescis\u00f3ria ainda n\u00e3o transitou em julgado, uma vez que a decis\u00e3o foi impugnada mediante o recurso pr\u00f3prio.<\/p>\n<p>Irresignado com a situa\u00e7\u00e3o e sob nova orienta\u00e7\u00e3o jur\u00eddica, o requerente ajuizou a\u00e7\u00e3o declarat\u00f3ria de nulidade da certid\u00e3o de tr\u00e2nsito em julgado juntada aos autos da a\u00e7\u00e3o civil, pois, segundo entende, &#8220;<i>ainda que revel o r\u00e9u, tendo constitu\u00eddo advogado nos autos, deveria o seu patrono ter sido intimado da referida senten\u00e7a com intuito que pudesse exercer o contradit\u00f3rio e a ampla defesa <\/i>(&#8230;)&#8221;(fl. 02, e-STJ).<\/p>\n<p>Ao analisar a quest\u00e3o, o ilustre Magistrado da Comarca de Sento S\u00e9\/BA <b>deferiu a medida liminar <\/b>nos autos da a\u00e7\u00e3o declarat\u00f3ria de nulidade e suspendeu os efeitos da senten\u00e7a proferida na a\u00e7\u00e3o civil p\u00fablica.<\/p>\n<p>Por isso, o Estado da Bahia formulou, junto ao eg. Tribunal de Justi\u00e7a estadual, o <b>pedido de suspens\u00e3o de liminar <\/b>concedida na a\u00e7\u00e3o de nulidade. O eminente Presidente daquela eg. Corte, ao examinar o pleito, <b>deferiu o pedido<\/b>, por entender que &#8220;<i>a decis\u00e3o hostilizada, de fato ofende a ordem p\u00fablica, porquanto a determina\u00e7\u00e3o de suspens\u00e3o, por tempo indeterminado, da execu\u00e7\u00e3o de uma a\u00e7\u00e3o civil p\u00fablica, transitada em julgado, h\u00e1 mais de nove anos, que condenou o gestor p\u00fablico por ato de improbidade administrativa, gera como\u00e7\u00e3o social, consistente na sensa\u00e7\u00e3o de impunidade, inseguran\u00e7a jur\u00eddica e inefic\u00e1cia das decis\u00f5es judiciais e, por conseq\u00fc\u00eancia, desprest\u00edgio do Poder Judici\u00e1rio, contrariando, indubitavelmente,\u00a0 o interesse p\u00fablico <\/i>&#8221; (fl. 21, e-STJ).<\/p>\n<p>O requerente informa que interp\u00f4s recurso de agravo regimental contra a r. decis\u00e3o que suspendeu os efeitos da liminar, apoiando-se no fato de que &#8220;<i>entre o deferimento da liminar pelo Ju\u00edzo de Sento S\u00e9 e a decis\u00e3o de suspens\u00e3o proferida pela Presid\u00eancia do Tribunal de Justi\u00e7a da Bahia, ocorreu o julgamento da A\u00e7\u00e3o Declarat\u00f3ria (&#8230;) confirmando a senten\u00e7a (&#8230;) <\/i>.&#8221;(fl. 6, e-STJ).<\/p>\n<p>O recurso, no entanto, foi desprovido pelo eg. <b>TJBA<\/b>, ao fundamento de que &#8220;<i>a superveni\u00eancia \u00a0de senten\u00e7a, que confirma a decis\u00e3o liminar, em nada obsta os efeitos da suspens\u00e3o concedida, \u00e9 que o \u00a7 9\u00ba, do art. 4\u00ba, da Lei 8.437\/92 prev\u00ea que &#8216;a suspens\u00e3o deferida pelo presidente do Tribunal vigorar\u00e1 at\u00e9 o tr\u00e2nsito em julgado da decis\u00e3o de m\u00e9rito da a\u00e7\u00e3o principal <\/i>&#8220;(fl.7, e-STJ).<\/p>\n<p>Da\u00ed o presente pedido de suspens\u00e3o, no qual o requerente sustenta que &#8220;<i>est\u00e1 em s\u00e9rio risco de ser alijado do mandato de prefeito, raz\u00e3o pela qual surge o interesse jur\u00eddico de manejar o presente pedido (&#8230;) ante a clara ofensa ao art. 4\u00ba, da lei n.\u00ba 8.437\/92 (&#8230;) <\/i>&#8220;, <b>pois<\/b>, &#8220;<i>ao contr\u00e1rio do quanto sustentado pela Presid\u00eancia do TJ-BA, o afastamento de um prefeito do cargo em raz\u00e3o de uma senten\u00e7a de improbidade, que est\u00e1 com seus efeitos obstados por senten\u00e7a de m\u00e9rito proferida em sede de a\u00e7\u00e3o declarat\u00f3ria \u00e9 que ensejar\u00e1 ofensa \u00e0 ordem p\u00fablica e como\u00e7\u00e3o social <\/i>&#8221; (fls.07\/08, e-STJ).<\/p>\n<\/div>\n<div style=\"text-align: justify\">\n<p>Argumenta que &#8220;<i>a senten\u00e7a do magistrado nos autos da declarat\u00f3ria \u00e9 clara ao asseverar que o peticionante foi v\u00edtima de grave ofensa ao seu direito ao contradit\u00f3rio e ampla defesa n\u00e3o tendo lhe sido oportunizado o exerc\u00edcio do direito de recorrer <\/i>&#8221; e que &#8220;<i>a permanecer o entendimento da Presid\u00eancia do TJ-BA, o prefeito poder\u00e1 ser afastado por senten\u00e7a civil de improbidade administrativa n\u00e3o transitada em julgado, em clara ofensa ao art. 20 da lei n.\u00ba 8.429\/92 <\/i>&#8221; (fl. 09, e-STJ).<\/p>\n<p>Requer, \u00a0ao \u00a0final, \u00a0&#8220;<i>a \u00a0suspens\u00e3o \u00a0dos \u00a0efeitos\u00a0 da \u00a0decis\u00e3o \u00a0guerreada proferida pela Presid\u00eancia do Tribunal de Justi\u00e7a da Bahia que suspendeu os efeitos da liminar proferida nos autos da a\u00e7\u00e3o declarat\u00f3ria (&#8230;) que suspendia os efeitos da senten\u00e7a proferida nos autos da a\u00e7\u00e3o civil p\u00fablica (&#8230;) <\/i>(fl. 09, e-STJ) <i>.<\/i><\/p>\n<p><em><strong>\u00c9 o relat\u00f3rio<\/strong><\/em>.<\/p>\n<p><strong>Decido.<\/strong><\/p>\n<p>No presente caso, os autos revelam que o pedido n\u00e3o pode ser conhecido. Sem \u00a0embargo, \u00a0trata-se \u00a0de \u00a0requerimento \u00a0de \u00a0suspens\u00e3o \u00a0da \u00a0r. \u00a0decis\u00e3o<\/p>\n<p>proferida \u00a0pelo \u00a0eminente \u00a0Presidente\u00a0 do \u00a0eg. \u00a0<b>TJBA<\/b>, \u00a0que \u00a0suspendeu \u00a0a \u00a0execu\u00e7\u00e3o\u00a0 de medida liminar deferida em primeiro grau. Ocorre, n\u00e3o obstante, que a col. <b>Corte Especial <\/b>deste eg. <b>Superior Tribunal de Justi\u00e7a <\/b>j\u00e1 entendeu ser inadmiss\u00edvel o pedido de suspens\u00e3o formulado contra suspens\u00e3o j\u00e1 deferida em segundo grau. \u00c9 que, deferida a suspens\u00e3o na origem, ali se encerra o procedimento atinente ao incidente, pois n\u00e3o h\u00e1 previs\u00e3o legal para o caso.<\/p>\n<p>Confira-se, a prop\u00f3sito, os seguintes julgados<\/p>\n<\/div>\n<div style=\"text-align: justify\">\n<p><i>&#8220;PEDIDO DE SUSPENS\u00c3O DE MEDIDA LIMINAR. SUSPENS\u00c3O DE SUSPENS\u00c3O.<\/i><\/p>\n<p><i>\u00c9 incab\u00edvel pedido de suspens\u00e3o dos efeitos de decis\u00e3o que deferiu anterior pedido de suspens\u00e3o articulado na origem.<\/i><\/p>\n<p><i>Agravo regimental n\u00e3o provido.&#8221;<\/i><\/p>\n<p>(AgRg na SLS 1413\/RS, <b>Corte Especial<\/b>, Rel. Min. <b>Ari<\/b><\/p>\n<p><b>Pargendler<\/b>, DJe de 14\/10\/2011)<\/p>\n<p><i>&#8220;SUSPENS\u00c3<\/i><i>O\u00a0 DE LIMINAR. TRIBUNAL DE ORIGEM. EFETIVA\u00c7\u00c3O DA MEDIDA. PARTE EX ADVERSA. INCONFORMISMO. NOVO PEDIDO. SUSPENS\u00c3O DE LIMINAR. SUPERIOR TRIBUNAL DE JUSTI\u00c7A. IMPOSSIBILIDADE.<\/i><\/p>\n<p><i>1. A suspens\u00e3o de liminar \u00e9 cab\u00edvel quando houver grave les\u00e3o \u00e0 ordem, \u00e0 sa\u00fade, \u00e0 seguran\u00e7a e \u00e0 economia p\u00fablicas e deve ser requerida\u00a0 \u00a0pelo \u00a0ente \u00a0p\u00fablico\u00a0\u00a0 ao \u00a0Presidente\u00a0 \u00a0do \u00a0Tribunal\u00a0\u00a0 que \u00a0for competente \u00a0para \u00a0eventual \u00a0recurso \u00a0contra \u00a0o \u00a0ato\u00a0 atacado. \u00a0A\u00a0 causa somente vem a conhecimento do Superior Tribunal de Justi\u00e7a se for indeferido o pedido ou se for provido o agravo (regimental) respectivo.<\/i><\/p>\n<p><i>2. No caso presente, n\u00e3o h\u00e1 nenhuma das duas hip\u00f3teses, pois trata-se de suspens\u00e3o da suspens\u00e3o, \u00e9 dizer, a presente suspens\u00e3o de liminar \u00e9 contra o ju\u00edzo positivo j\u00e1 emanado pela Presid\u00eancia do Tribunal competente, o Tribunal de Justi\u00e7a do Estado da Bahia. O ju\u00edzo pr\u00f3prio da suspens\u00e3o j\u00e1 foi exercido e os dispositivos legais de reg\u00eancia n\u00e3o autorizam o manejo de suspens\u00e3o de liminar contra decis\u00e3o monocr\u00e1tica de suspens\u00e3o de liminar.<\/i><\/p>\n<p><i>2. N\u00e3o h\u00e1 previs\u00e3o\u00a0 legal para pedido de suspens\u00e3o \u00a0da suspens\u00e3o.&#8221; <\/i>(AgRg na SLS 848\/BA, <b>Corte Especial<\/b>, Rel. Min. <b>Humberto Gomes de Barros<\/b>, Rel. p\/ Ac\u00f3rd\u00e3o Min. <b>Fernando Gon\u00e7alves<\/b>, DJe 22\/09\/2008).<\/p>\n<p>No \u00a0mesmo sentido,\u00a0 veja-se o v. ac\u00f3rd\u00e3o no <b>AgRg <\/b>na <b>SLS 958\/PR<\/b>, publicado em 17\/12\/2009, Rel. Min. <b>C\u00e9sar Asfor Rocha<\/b>, bem como o julgado do col. <b>Supremo Tribunal Federal<\/b>, no <b>AgRg <\/b>na <b>Pet. 2.488-5\/PE<\/b>, Relator o Min. <b>Marco Aur\u00e9lio<\/b>, tendo esse \u00faltimo recebido a seguinte ementa:<\/p>\n<p><i>&#8220;DIREITO &#8211; ORGANICIDADE \u00a0&#8211; ATO DE SUSPENS\u00c3O DE LIMINAR &#8211; IMPUGNA\u00c7\u00c3O. O ato do Presidente do Tribunal que implica a suspens\u00e3o de liminar deferida em mandado de seguran\u00e7a \u00e9 atac\u00e1vel via agravo, n\u00e3o cabendo, na via inversa, pedido de suspens\u00e3o ao Supremo Tribunal Federal.&#8221;<\/i><\/p>\n<\/div>\n<p style=\"text-align: justify\">Ante o exposto, <b>n\u00e3o conhe\u00e7o <\/b>do presente pedido. P. e I.<\/p>\n<p style=\"text-align: justify\">Bras\u00edlia (DF), 18 de junho de 2014.MINISTRO FELIX FISCHER Presidente<\/p>\n","protected":false},"excerpt":{"rendered":"<p>LEIA SENTEN\u00c7A DO STJ QUE CASSOU LIMINAR DO PREFEITO EDNALDO. E AGORA? A cidade de Sento-S\u00e9 continua em expectativa total, para assistir ao desenlace de uma quest\u00e3o eleitoral, que determinou o afastamento do prefeito Ednaldo Barros por improbidade administrativa, isso a nove anos atr\u00e1s,sob acusa\u00e7\u00e3o de contrata\u00e7\u00e3o irregular \u00a0de servidores para o munic\u00edpio. Decis\u00e3o do Superior\u00a0Tribunal de Justi\u00e7a suspendeu liminar que tem mantido o prefeito no cargo e seus direitos pol\u00edticos preservados, a nove anos. \u00a0Lei abaixo a senten\u00e7a: SUSPENS\u00c3O DE LIMINAR E DE SENTEN\u00c7A N\u00ba 1.899 &#8211; BA (2014\/0143542-0) RELATOR\u00a0\u00a0\u00a0\u00a0\u00a0\u00a0\u00a0\u00a0\u00a0 \u00a0: MINISTRO PRESIDENTE DO STJ REQUERENTE\u00a0\u00a0\u00a0 \u00a0: \u00a0EDNALDO DOS SANTOS BARROS ADVOGADO\u00a0\u00a0\u00a0\u00a0\u00a0\u00a0 \u00a0: \u00a0THIANCLE ARA\u00daJO REQUERIDO\u00a0\u00a0\u00a0\u00a0\u00a0\u00a0 \u00a0: \u00a0ESTADO DA BAHIA DECIS\u00c3O Trata-se de pedido de suspens\u00e3o formulado por EDNALDO&hellip; <\/p>\n","protected":false},"author":3,"featured_media":0,"comment_status":"open","ping_status":"open","sticky":false,"template":"","format":"standard","meta":{"_acf_changed":false,"footnotes":""},"categories":[27,23],"tags":[],"class_list":["post-89267","post","type-post","status-publish","format-standard","hentry","category-cidades","category-justica"],"acf":[],"yoast_head":"<!-- This site is optimized with the Yoast SEO plugin v27.4 - https:\/\/yoast.com\/product\/yoast-seo-wordpress\/ -->\n<title>DIRETO DE SENTO-S\u00c9 - Blog do Farn\u00e9sio<\/title>\n<meta name=\"robots\" content=\"index, follow, max-snippet:-1, max-image-preview:large, max-video-preview:-1\" \/>\n<link rel=\"canonical\" href=\"https:\/\/blogdofarnesio.com.br\/?p=89267\" \/>\n<meta property=\"og:locale\" content=\"pt_BR\" \/>\n<meta property=\"og:type\" content=\"article\" \/>\n<meta property=\"og:title\" content=\"DIRETO DE SENTO-S\u00c9 - Blog do Farn\u00e9sio\" \/>\n<meta property=\"og:description\" content=\"LEIA SENTEN\u00c7A DO STJ QUE CASSOU LIMINAR DO PREFEITO EDNALDO. E AGORA? A cidade de Sento-S\u00e9 continua em expectativa total, para assistir ao desenlace de uma quest\u00e3o eleitoral, que determinou o afastamento do prefeito Ednaldo Barros por improbidade administrativa, isso a nove anos atr\u00e1s,sob acusa\u00e7\u00e3o de contrata\u00e7\u00e3o irregular \u00a0de servidores para o munic\u00edpio. Decis\u00e3o do Superior\u00a0Tribunal de Justi\u00e7a suspendeu liminar que tem mantido o prefeito no cargo e seus direitos pol\u00edticos preservados, a nove anos. \u00a0Lei abaixo a senten\u00e7a: SUSPENS\u00c3O DE LIMINAR E DE SENTEN\u00c7A N\u00ba 1.899 &#8211; BA (2014\/0143542-0) RELATOR\u00a0\u00a0\u00a0\u00a0\u00a0\u00a0\u00a0\u00a0\u00a0 \u00a0: MINISTRO PRESIDENTE DO STJ REQUERENTE\u00a0\u00a0\u00a0 \u00a0: \u00a0EDNALDO DOS SANTOS BARROS ADVOGADO\u00a0\u00a0\u00a0\u00a0\u00a0\u00a0 \u00a0: \u00a0THIANCLE ARA\u00daJO REQUERIDO\u00a0\u00a0\u00a0\u00a0\u00a0\u00a0 \u00a0: \u00a0ESTADO DA BAHIA DECIS\u00c3O Trata-se de pedido de suspens\u00e3o formulado por EDNALDO&hellip;\" \/>\n<meta property=\"og:url\" content=\"https:\/\/blogdofarnesio.com.br\/?p=89267\" \/>\n<meta property=\"og:site_name\" content=\"Blog do Farn\u00e9sio\" \/>\n<meta property=\"article:publisher\" content=\"https:\/\/www.facebook.com\/BlogQuerSaberPolitica\/\" \/>\n<meta property=\"article:published_time\" content=\"2014-07-01T10:00:29+00:00\" \/>\n<meta name=\"author\" content=\"teste\" \/>\n<meta name=\"twitter:card\" content=\"summary_large_image\" \/>\n<meta name=\"twitter:label1\" content=\"Escrito por\" \/>\n\t<meta name=\"twitter:data1\" content=\"teste\" \/>\n\t<meta name=\"twitter:label2\" content=\"Est. tempo de leitura\" \/>\n\t<meta name=\"twitter:data2\" content=\"8 minutos\" \/>\n<script type=\"application\/ld+json\" class=\"yoast-schema-graph\">{\"@context\":\"https:\\\/\\\/schema.org\",\"@graph\":[{\"@type\":\"Article\",\"@id\":\"https:\\\/\\\/blogdofarnesio.com.br\\\/?p=89267#article\",\"isPartOf\":{\"@id\":\"https:\\\/\\\/blogdofarnesio.com.br\\\/?p=89267\"},\"author\":{\"name\":\"teste\",\"@id\":\"https:\\\/\\\/blogdofarnesio.com.br\\\/#\\\/schema\\\/person\\\/dd1bf5eba40b687199ba45ca6b97dff9\"},\"headline\":\"DIRETO DE SENTO-S\u00c9\",\"datePublished\":\"2014-07-01T10:00:29+00:00\",\"mainEntityOfPage\":{\"@id\":\"https:\\\/\\\/blogdofarnesio.com.br\\\/?p=89267\"},\"wordCount\":1592,\"commentCount\":2,\"publisher\":{\"@id\":\"https:\\\/\\\/blogdofarnesio.com.br\\\/#organization\"},\"articleSection\":[\"Cidades\",\"Justi\u00e7a\"],\"inLanguage\":\"pt-BR\",\"potentialAction\":[{\"@type\":\"CommentAction\",\"name\":\"Comment\",\"target\":[\"https:\\\/\\\/blogdofarnesio.com.br\\\/?p=89267#respond\"]}]},{\"@type\":\"WebPage\",\"@id\":\"https:\\\/\\\/blogdofarnesio.com.br\\\/?p=89267\",\"url\":\"https:\\\/\\\/blogdofarnesio.com.br\\\/?p=89267\",\"name\":\"DIRETO DE SENTO-S\u00c9 - Blog do Farn\u00e9sio\",\"isPartOf\":{\"@id\":\"https:\\\/\\\/blogdofarnesio.com.br\\\/#website\"},\"datePublished\":\"2014-07-01T10:00:29+00:00\",\"breadcrumb\":{\"@id\":\"https:\\\/\\\/blogdofarnesio.com.br\\\/?p=89267#breadcrumb\"},\"inLanguage\":\"pt-BR\",\"potentialAction\":[{\"@type\":\"ReadAction\",\"target\":[\"https:\\\/\\\/blogdofarnesio.com.br\\\/?p=89267\"]}]},{\"@type\":\"BreadcrumbList\",\"@id\":\"https:\\\/\\\/blogdofarnesio.com.br\\\/?p=89267#breadcrumb\",\"itemListElement\":[{\"@type\":\"ListItem\",\"position\":1,\"name\":\"In\u00edcio\",\"item\":\"https:\\\/\\\/blogdofarnesio.com.br\\\/\"},{\"@type\":\"ListItem\",\"position\":2,\"name\":\"DIRETO DE SENTO-S\u00c9\"}]},{\"@type\":\"WebSite\",\"@id\":\"https:\\\/\\\/blogdofarnesio.com.br\\\/#website\",\"url\":\"https:\\\/\\\/blogdofarnesio.com.br\\\/\",\"name\":\"Blog do Farn\u00e9sio\",\"description\":\"Quer Saber Pol\u00edtica?\",\"publisher\":{\"@id\":\"https:\\\/\\\/blogdofarnesio.com.br\\\/#organization\"},\"potentialAction\":[{\"@type\":\"SearchAction\",\"target\":{\"@type\":\"EntryPoint\",\"urlTemplate\":\"https:\\\/\\\/blogdofarnesio.com.br\\\/?s={search_term_string}\"},\"query-input\":{\"@type\":\"PropertyValueSpecification\",\"valueRequired\":true,\"valueName\":\"search_term_string\"}}],\"inLanguage\":\"pt-BR\"},{\"@type\":\"Organization\",\"@id\":\"https:\\\/\\\/blogdofarnesio.com.br\\\/#organization\",\"name\":\"Blog do Farn\u00e9sio\",\"url\":\"https:\\\/\\\/blogdofarnesio.com.br\\\/\",\"logo\":{\"@type\":\"ImageObject\",\"inLanguage\":\"pt-BR\",\"@id\":\"https:\\\/\\\/blogdofarnesio.com.br\\\/#\\\/schema\\\/logo\\\/image\\\/\",\"url\":\"https:\\\/\\\/blogdofarnesio.com.br\\\/wp-content\\\/uploads\\\/2026\\\/03\\\/cropped-logo_new-1.png\",\"contentUrl\":\"https:\\\/\\\/blogdofarnesio.com.br\\\/wp-content\\\/uploads\\\/2026\\\/03\\\/cropped-logo_new-1.png\",\"width\":881,\"height\":685,\"caption\":\"Blog do Farn\u00e9sio\"},\"image\":{\"@id\":\"https:\\\/\\\/blogdofarnesio.com.br\\\/#\\\/schema\\\/logo\\\/image\\\/\"},\"sameAs\":[\"https:\\\/\\\/www.facebook.com\\\/BlogQuerSaberPolitica\\\/\"]},{\"@type\":\"Person\",\"@id\":\"https:\\\/\\\/blogdofarnesio.com.br\\\/#\\\/schema\\\/person\\\/dd1bf5eba40b687199ba45ca6b97dff9\",\"name\":\"teste\",\"image\":{\"@type\":\"ImageObject\",\"inLanguage\":\"pt-BR\",\"@id\":\"https:\\\/\\\/secure.gravatar.com\\\/avatar\\\/2172498d4914b51e1d89a0f97957b035ac4938723a5cac208135d389b6972a6d?s=96&d=mm&r=g\",\"url\":\"https:\\\/\\\/secure.gravatar.com\\\/avatar\\\/2172498d4914b51e1d89a0f97957b035ac4938723a5cac208135d389b6972a6d?s=96&d=mm&r=g\",\"contentUrl\":\"https:\\\/\\\/secure.gravatar.com\\\/avatar\\\/2172498d4914b51e1d89a0f97957b035ac4938723a5cac208135d389b6972a6d?s=96&d=mm&r=g\",\"caption\":\"teste\"},\"url\":\"https:\\\/\\\/blogdofarnesio.com.br\\\/?author=3\"}]}<\/script>\n<!-- \/ Yoast SEO plugin. -->","yoast_head_json":{"title":"DIRETO DE SENTO-S\u00c9 - Blog do Farn\u00e9sio","robots":{"index":"index","follow":"follow","max-snippet":"max-snippet:-1","max-image-preview":"max-image-preview:large","max-video-preview":"max-video-preview:-1"},"canonical":"https:\/\/blogdofarnesio.com.br\/?p=89267","og_locale":"pt_BR","og_type":"article","og_title":"DIRETO DE SENTO-S\u00c9 - Blog do Farn\u00e9sio","og_description":"LEIA SENTEN\u00c7A DO STJ QUE CASSOU LIMINAR DO PREFEITO EDNALDO. E AGORA? A cidade de Sento-S\u00e9 continua em expectativa total, para assistir ao desenlace de uma quest\u00e3o eleitoral, que determinou o afastamento do prefeito Ednaldo Barros por improbidade administrativa, isso a nove anos atr\u00e1s,sob acusa\u00e7\u00e3o de contrata\u00e7\u00e3o irregular \u00a0de servidores para o munic\u00edpio. Decis\u00e3o do Superior\u00a0Tribunal de Justi\u00e7a suspendeu liminar que tem mantido o prefeito no cargo e seus direitos pol\u00edticos preservados, a nove anos. \u00a0Lei abaixo a senten\u00e7a: SUSPENS\u00c3O DE LIMINAR E DE SENTEN\u00c7A N\u00ba 1.899 &#8211; BA (2014\/0143542-0) RELATOR\u00a0\u00a0\u00a0\u00a0\u00a0\u00a0\u00a0\u00a0\u00a0 \u00a0: MINISTRO PRESIDENTE DO STJ REQUERENTE\u00a0\u00a0\u00a0 \u00a0: \u00a0EDNALDO DOS SANTOS BARROS ADVOGADO\u00a0\u00a0\u00a0\u00a0\u00a0\u00a0 \u00a0: \u00a0THIANCLE ARA\u00daJO REQUERIDO\u00a0\u00a0\u00a0\u00a0\u00a0\u00a0 \u00a0: \u00a0ESTADO DA BAHIA DECIS\u00c3O Trata-se de pedido de suspens\u00e3o formulado por EDNALDO&hellip;","og_url":"https:\/\/blogdofarnesio.com.br\/?p=89267","og_site_name":"Blog do Farn\u00e9sio","article_publisher":"https:\/\/www.facebook.com\/BlogQuerSaberPolitica\/","article_published_time":"2014-07-01T10:00:29+00:00","author":"teste","twitter_card":"summary_large_image","twitter_misc":{"Escrito por":"teste","Est. tempo de leitura":"8 minutos"},"schema":{"@context":"https:\/\/schema.org","@graph":[{"@type":"Article","@id":"https:\/\/blogdofarnesio.com.br\/?p=89267#article","isPartOf":{"@id":"https:\/\/blogdofarnesio.com.br\/?p=89267"},"author":{"name":"teste","@id":"https:\/\/blogdofarnesio.com.br\/#\/schema\/person\/dd1bf5eba40b687199ba45ca6b97dff9"},"headline":"DIRETO DE SENTO-S\u00c9","datePublished":"2014-07-01T10:00:29+00:00","mainEntityOfPage":{"@id":"https:\/\/blogdofarnesio.com.br\/?p=89267"},"wordCount":1592,"commentCount":2,"publisher":{"@id":"https:\/\/blogdofarnesio.com.br\/#organization"},"articleSection":["Cidades","Justi\u00e7a"],"inLanguage":"pt-BR","potentialAction":[{"@type":"CommentAction","name":"Comment","target":["https:\/\/blogdofarnesio.com.br\/?p=89267#respond"]}]},{"@type":"WebPage","@id":"https:\/\/blogdofarnesio.com.br\/?p=89267","url":"https:\/\/blogdofarnesio.com.br\/?p=89267","name":"DIRETO DE SENTO-S\u00c9 - Blog do Farn\u00e9sio","isPartOf":{"@id":"https:\/\/blogdofarnesio.com.br\/#website"},"datePublished":"2014-07-01T10:00:29+00:00","breadcrumb":{"@id":"https:\/\/blogdofarnesio.com.br\/?p=89267#breadcrumb"},"inLanguage":"pt-BR","potentialAction":[{"@type":"ReadAction","target":["https:\/\/blogdofarnesio.com.br\/?p=89267"]}]},{"@type":"BreadcrumbList","@id":"https:\/\/blogdofarnesio.com.br\/?p=89267#breadcrumb","itemListElement":[{"@type":"ListItem","position":1,"name":"In\u00edcio","item":"https:\/\/blogdofarnesio.com.br\/"},{"@type":"ListItem","position":2,"name":"DIRETO DE SENTO-S\u00c9"}]},{"@type":"WebSite","@id":"https:\/\/blogdofarnesio.com.br\/#website","url":"https:\/\/blogdofarnesio.com.br\/","name":"Blog do Farn\u00e9sio","description":"Quer Saber Pol\u00edtica?","publisher":{"@id":"https:\/\/blogdofarnesio.com.br\/#organization"},"potentialAction":[{"@type":"SearchAction","target":{"@type":"EntryPoint","urlTemplate":"https:\/\/blogdofarnesio.com.br\/?s={search_term_string}"},"query-input":{"@type":"PropertyValueSpecification","valueRequired":true,"valueName":"search_term_string"}}],"inLanguage":"pt-BR"},{"@type":"Organization","@id":"https:\/\/blogdofarnesio.com.br\/#organization","name":"Blog do Farn\u00e9sio","url":"https:\/\/blogdofarnesio.com.br\/","logo":{"@type":"ImageObject","inLanguage":"pt-BR","@id":"https:\/\/blogdofarnesio.com.br\/#\/schema\/logo\/image\/","url":"https:\/\/blogdofarnesio.com.br\/wp-content\/uploads\/2026\/03\/cropped-logo_new-1.png","contentUrl":"https:\/\/blogdofarnesio.com.br\/wp-content\/uploads\/2026\/03\/cropped-logo_new-1.png","width":881,"height":685,"caption":"Blog do Farn\u00e9sio"},"image":{"@id":"https:\/\/blogdofarnesio.com.br\/#\/schema\/logo\/image\/"},"sameAs":["https:\/\/www.facebook.com\/BlogQuerSaberPolitica\/"]},{"@type":"Person","@id":"https:\/\/blogdofarnesio.com.br\/#\/schema\/person\/dd1bf5eba40b687199ba45ca6b97dff9","name":"teste","image":{"@type":"ImageObject","inLanguage":"pt-BR","@id":"https:\/\/secure.gravatar.com\/avatar\/2172498d4914b51e1d89a0f97957b035ac4938723a5cac208135d389b6972a6d?s=96&d=mm&r=g","url":"https:\/\/secure.gravatar.com\/avatar\/2172498d4914b51e1d89a0f97957b035ac4938723a5cac208135d389b6972a6d?s=96&d=mm&r=g","contentUrl":"https:\/\/secure.gravatar.com\/avatar\/2172498d4914b51e1d89a0f97957b035ac4938723a5cac208135d389b6972a6d?s=96&d=mm&r=g","caption":"teste"},"url":"https:\/\/blogdofarnesio.com.br\/?author=3"}]}},"_links":{"self":[{"href":"https:\/\/blogdofarnesio.com.br\/index.php?rest_route=\/wp\/v2\/posts\/89267","targetHints":{"allow":["GET"]}}],"collection":[{"href":"https:\/\/blogdofarnesio.com.br\/index.php?rest_route=\/wp\/v2\/posts"}],"about":[{"href":"https:\/\/blogdofarnesio.com.br\/index.php?rest_route=\/wp\/v2\/types\/post"}],"author":[{"embeddable":true,"href":"https:\/\/blogdofarnesio.com.br\/index.php?rest_route=\/wp\/v2\/users\/3"}],"replies":[{"embeddable":true,"href":"https:\/\/blogdofarnesio.com.br\/index.php?rest_route=%2Fwp%2Fv2%2Fcomments&post=89267"}],"version-history":[{"count":0,"href":"https:\/\/blogdofarnesio.com.br\/index.php?rest_route=\/wp\/v2\/posts\/89267\/revisions"}],"wp:attachment":[{"href":"https:\/\/blogdofarnesio.com.br\/index.php?rest_route=%2Fwp%2Fv2%2Fmedia&parent=89267"}],"wp:term":[{"taxonomy":"category","embeddable":true,"href":"https:\/\/blogdofarnesio.com.br\/index.php?rest_route=%2Fwp%2Fv2%2Fcategories&post=89267"},{"taxonomy":"post_tag","embeddable":true,"href":"https:\/\/blogdofarnesio.com.br\/index.php?rest_route=%2Fwp%2Fv2%2Ftags&post=89267"}],"curies":[{"name":"wp","href":"https:\/\/api.w.org\/{rel}","templated":true}]}}