{"id":8918,"date":"2011-12-01T18:43:16","date_gmt":"2011-12-01T18:43:16","guid":{"rendered":"http:\/\/www.quersaberpolitica.com.br?p=8918"},"modified":"-0001-11-30T00:00:00","modified_gmt":"-0001-11-30T03:00:00","slug":"roberto-carlos-participou-de-sessao-que-discute-reforma-na-legislacao-do-meio-ambiente","status":"publish","type":"post","link":"https:\/\/blogdofarnesio.com.br\/?p=8918","title":{"rendered":"Roberto Carlos participou de sess\u00e3o que discute reforma na legisla\u00e7\u00e3o do Meio Ambiente"},"content":{"rendered":"<p style=\"text-align: justify;\"><span style=\"font-size: small;\"><a rel=\"lightbox\" href=\"http:\/\/www.quersaberpolitica.com.br\/2016\/wp-content\/uploads\/2012\/12\/blogqsprcmoscamed.jpg\"><img loading=\"lazy\" decoding=\"async\" style=\"margin-top: 5px; margin-bottom: 5px; margin-left: 10px; margin-right: 10px; float: left;\" title=\"Imagem Ilustrativa\" src=\"http:\/\/www.quersaberpolitica.com.br\/2016\/wp-content\/uploads\/2012\/12\/blogqsprcmoscamed.jpg\" alt=\"\" width=\"200\" height=\"150\" \/><\/a>O deputado Roberto Carlos (PDT) participou, nesta quarta-feira (30), da sess&atilde;o que discutiu a reforma na legisla&ccedil;&atilde;o do Meio Ambiente, que tramita em car&aacute;ter de urg&ecirc;ncia na Assembleia Legislativa da Bahia.<\/span><\/p>\n<p style=\"text-align: justify;\"><span style=\"font-size: small;\">Este projeto, que deve ser votado na primeira quinzena de dezembro, pretende fazer diversas altera&ccedil;&otilde;es na legisla&ccedil;&atilde;o ambiental, incluindo a cria&ccedil;&atilde;o da LAC (Licen&ccedil;a Ambiental por Ades&atilde;o e Compromisso), que poder&aacute; ser efetuada pela internet, informando a localiza&ccedil;&atilde;o georreferenciada e a licen&ccedil;a ser&aacute; emitida automaticamente.<\/span><\/p>\n<p style=\"text-align: justify;\"><span style=\"font-size: small;\">Para o deputado Roberto Carlos esta proposi&ccedil;&atilde;o dever&aacute; garantir a desburocratiza&ccedil;&atilde;o das licen&ccedil;as, entretanto deve ser discutida uma maneira de fiscalizar estes pedidos, para garantir que n&atilde;o haja agress&atilde;o ao Meio Ambiente.<\/span><\/p>\n<p style=\"text-align: justify;\"><span style=\"font-size: small;\">&#8220;Precisamos garantir que o Estado tenha maior agilidade e capacidade de gest&atilde;o ambiental. Temos que enfrentar as dificuldades, adequando-nos a nossa realidade, rompendo com antigos paradigmas. Esse &eacute; o caminho para qualquer transforma&ccedil;&atilde;o, mas sempre respeitando o Meio Ambiente&#8221;, pontuou o deputado Roberto Carlos.<\/span><\/p>\n<p style=\"text-align: justify;\"><span style=\"font-size: small;\">(Ascom Dep. Roberto Carlos)<\/span><\/p>\n","protected":false},"excerpt":{"rendered":"<p>O deputado Roberto Carlos (PDT) participou, nesta quarta-feira (30), da sess&atilde;o que discutiu a reforma na legisla&ccedil;&atilde;o do Meio Ambiente, que tramita em car&aacute;ter de urg&ecirc;ncia na Assembleia Legislativa da Bahia. Este projeto, que deve ser votado na primeira quinzena de dezembro, pretende fazer diversas altera&ccedil;&otilde;es na legisla&ccedil;&atilde;o ambiental, incluindo a cria&ccedil;&atilde;o da LAC (Licen&ccedil;a Ambiental por Ades&atilde;o e Compromisso), que poder&aacute; ser efetuada pela internet, informando a localiza&ccedil;&atilde;o georreferenciada e a licen&ccedil;a ser&aacute; emitida automaticamente. Para o deputado Roberto Carlos esta proposi&ccedil;&atilde;o dever&aacute; garantir a desburocratiza&ccedil;&atilde;o das licen&ccedil;as, entretanto deve ser discutida uma maneira de fiscalizar estes pedidos, para garantir que n&atilde;o haja agress&atilde;o ao Meio Ambiente. &#8220;Precisamos garantir que o Estado tenha maior agilidade e capacidade de gest&atilde;o&hellip; <\/p>\n","protected":false},"author":0,"featured_media":0,"comment_status":"open","ping_status":"open","sticky":false,"template":"","format":"standard","meta":{"_acf_changed":false,"footnotes":""},"categories":[29],"tags":[],"class_list":["post-8918","post","type-post","status-publish","format-standard","hentry","category-meio-ambiente"],"acf":[],"yoast_head":"<!-- This site is optimized with the Yoast SEO plugin v27.4 - https:\/\/yoast.com\/product\/yoast-seo-wordpress\/ -->\n<title>Roberto Carlos participou de sess\u00e3o que discute reforma na legisla\u00e7\u00e3o do Meio Ambiente - Blog do Farn\u00e9sio<\/title>\n<meta name=\"robots\" content=\"index, follow, max-snippet:-1, max-image-preview:large, max-video-preview:-1\" \/>\n<link rel=\"canonical\" href=\"https:\/\/blogdofarnesio.com.br\/?p=8918\" \/>\n<meta property=\"og:locale\" content=\"pt_BR\" \/>\n<meta property=\"og:type\" content=\"article\" \/>\n<meta property=\"og:title\" content=\"Roberto Carlos participou de sess\u00e3o que discute reforma na legisla\u00e7\u00e3o do Meio Ambiente - Blog do Farn\u00e9sio\" \/>\n<meta property=\"og:description\" content=\"O deputado Roberto Carlos (PDT) participou, nesta quarta-feira (30), da sess&atilde;o que discutiu a reforma na legisla&ccedil;&atilde;o do Meio Ambiente, que tramita em car&aacute;ter de urg&ecirc;ncia na Assembleia Legislativa da Bahia. Este projeto, que deve ser votado na primeira quinzena de dezembro, pretende fazer diversas altera&ccedil;&otilde;es na legisla&ccedil;&atilde;o ambiental, incluindo a cria&ccedil;&atilde;o da LAC (Licen&ccedil;a Ambiental por Ades&atilde;o e Compromisso), que poder&aacute; ser efetuada pela internet, informando a localiza&ccedil;&atilde;o georreferenciada e a licen&ccedil;a ser&aacute; emitida automaticamente. Para o deputado Roberto Carlos esta proposi&ccedil;&atilde;o dever&aacute; garantir a desburocratiza&ccedil;&atilde;o das licen&ccedil;as, entretanto deve ser discutida uma maneira de fiscalizar estes pedidos, para garantir que n&atilde;o haja agress&atilde;o ao Meio Ambiente. &#8220;Precisamos garantir que o Estado tenha maior agilidade e capacidade de gest&atilde;o&hellip;\" \/>\n<meta property=\"og:url\" content=\"https:\/\/blogdofarnesio.com.br\/?p=8918\" \/>\n<meta property=\"og:site_name\" content=\"Blog do Farn\u00e9sio\" \/>\n<meta property=\"article:publisher\" content=\"https:\/\/www.facebook.com\/BlogQuerSaberPolitica\/\" \/>\n<meta property=\"article:published_time\" content=\"2011-12-01T18:43:16+00:00\" \/>\n<meta property=\"og:image\" content=\"http:\/\/www.quersaberpolitica.com.br\/2016\/wp-content\/uploads\/2012\/12\/blogqsprcmoscamed.jpg\" \/>\n<meta name=\"twitter:card\" content=\"summary_large_image\" \/>\n<meta name=\"twitter:label1\" content=\"Est. tempo de leitura\" \/>\n\t<meta name=\"twitter:data1\" content=\"1 minuto\" \/>\n<script type=\"application\/ld+json\" class=\"yoast-schema-graph\">{\"@context\":\"https:\\\/\\\/schema.org\",\"@graph\":[{\"@type\":\"Article\",\"@id\":\"https:\\\/\\\/blogdofarnesio.com.br\\\/?p=8918#article\",\"isPartOf\":{\"@id\":\"https:\\\/\\\/blogdofarnesio.com.br\\\/?p=8918\"},\"author\":{\"name\":\"\",\"@id\":\"\"},\"headline\":\"Roberto Carlos participou de sess\u00e3o que discute reforma na legisla\u00e7\u00e3o do Meio Ambiente\",\"datePublished\":\"2011-12-01T18:43:16+00:00\",\"mainEntityOfPage\":{\"@id\":\"https:\\\/\\\/blogdofarnesio.com.br\\\/?p=8918\"},\"wordCount\":217,\"commentCount\":0,\"publisher\":{\"@id\":\"https:\\\/\\\/blogdofarnesio.com.br\\\/#organization\"},\"image\":{\"@id\":\"https:\\\/\\\/blogdofarnesio.com.br\\\/?p=8918#primaryimage\"},\"thumbnailUrl\":\"http:\\\/\\\/www.quersaberpolitica.com.br\\\/2016\\\/wp-content\\\/uploads\\\/2012\\\/12\\\/blogqsprcmoscamed.jpg\",\"articleSection\":[\"Meio Ambiente\"],\"inLanguage\":\"pt-BR\",\"potentialAction\":[{\"@type\":\"CommentAction\",\"name\":\"Comment\",\"target\":[\"https:\\\/\\\/blogdofarnesio.com.br\\\/?p=8918#respond\"]}]},{\"@type\":\"WebPage\",\"@id\":\"https:\\\/\\\/blogdofarnesio.com.br\\\/?p=8918\",\"url\":\"https:\\\/\\\/blogdofarnesio.com.br\\\/?p=8918\",\"name\":\"Roberto Carlos participou de sess\u00e3o que discute reforma na legisla\u00e7\u00e3o do Meio Ambiente - Blog do Farn\u00e9sio\",\"isPartOf\":{\"@id\":\"https:\\\/\\\/blogdofarnesio.com.br\\\/#website\"},\"primaryImageOfPage\":{\"@id\":\"https:\\\/\\\/blogdofarnesio.com.br\\\/?p=8918#primaryimage\"},\"image\":{\"@id\":\"https:\\\/\\\/blogdofarnesio.com.br\\\/?p=8918#primaryimage\"},\"thumbnailUrl\":\"http:\\\/\\\/www.quersaberpolitica.com.br\\\/2016\\\/wp-content\\\/uploads\\\/2012\\\/12\\\/blogqsprcmoscamed.jpg\",\"datePublished\":\"2011-12-01T18:43:16+00:00\",\"breadcrumb\":{\"@id\":\"https:\\\/\\\/blogdofarnesio.com.br\\\/?p=8918#breadcrumb\"},\"inLanguage\":\"pt-BR\",\"potentialAction\":[{\"@type\":\"ReadAction\",\"target\":[\"https:\\\/\\\/blogdofarnesio.com.br\\\/?p=8918\"]}]},{\"@type\":\"ImageObject\",\"inLanguage\":\"pt-BR\",\"@id\":\"https:\\\/\\\/blogdofarnesio.com.br\\\/?p=8918#primaryimage\",\"url\":\"http:\\\/\\\/www.quersaberpolitica.com.br\\\/2016\\\/wp-content\\\/uploads\\\/2012\\\/12\\\/blogqsprcmoscamed.jpg\",\"contentUrl\":\"http:\\\/\\\/www.quersaberpolitica.com.br\\\/2016\\\/wp-content\\\/uploads\\\/2012\\\/12\\\/blogqsprcmoscamed.jpg\"},{\"@type\":\"BreadcrumbList\",\"@id\":\"https:\\\/\\\/blogdofarnesio.com.br\\\/?p=8918#breadcrumb\",\"itemListElement\":[{\"@type\":\"ListItem\",\"position\":1,\"name\":\"In\u00edcio\",\"item\":\"https:\\\/\\\/blogdofarnesio.com.br\\\/\"},{\"@type\":\"ListItem\",\"position\":2,\"name\":\"Roberto Carlos participou de sess\u00e3o que discute reforma na legisla\u00e7\u00e3o do Meio Ambiente\"}]},{\"@type\":\"WebSite\",\"@id\":\"https:\\\/\\\/blogdofarnesio.com.br\\\/#website\",\"url\":\"https:\\\/\\\/blogdofarnesio.com.br\\\/\",\"name\":\"Blog do Farn\u00e9sio\",\"description\":\"Quer Saber Pol\u00edtica?\",\"publisher\":{\"@id\":\"https:\\\/\\\/blogdofarnesio.com.br\\\/#organization\"},\"potentialAction\":[{\"@type\":\"SearchAction\",\"target\":{\"@type\":\"EntryPoint\",\"urlTemplate\":\"https:\\\/\\\/blogdofarnesio.com.br\\\/?s={search_term_string}\"},\"query-input\":{\"@type\":\"PropertyValueSpecification\",\"valueRequired\":true,\"valueName\":\"search_term_string\"}}],\"inLanguage\":\"pt-BR\"},{\"@type\":\"Organization\",\"@id\":\"https:\\\/\\\/blogdofarnesio.com.br\\\/#organization\",\"name\":\"Blog do Farn\u00e9sio\",\"url\":\"https:\\\/\\\/blogdofarnesio.com.br\\\/\",\"logo\":{\"@type\":\"ImageObject\",\"inLanguage\":\"pt-BR\",\"@id\":\"https:\\\/\\\/blogdofarnesio.com.br\\\/#\\\/schema\\\/logo\\\/image\\\/\",\"url\":\"https:\\\/\\\/blogdofarnesio.com.br\\\/wp-content\\\/uploads\\\/2026\\\/03\\\/cropped-logo_new-1.png\",\"contentUrl\":\"https:\\\/\\\/blogdofarnesio.com.br\\\/wp-content\\\/uploads\\\/2026\\\/03\\\/cropped-logo_new-1.png\",\"width\":881,\"height\":685,\"caption\":\"Blog do Farn\u00e9sio\"},\"image\":{\"@id\":\"https:\\\/\\\/blogdofarnesio.com.br\\\/#\\\/schema\\\/logo\\\/image\\\/\"},\"sameAs\":[\"https:\\\/\\\/www.facebook.com\\\/BlogQuerSaberPolitica\\\/\"]}]}<\/script>\n<!-- \/ Yoast SEO plugin. -->","yoast_head_json":{"title":"Roberto Carlos participou de sess\u00e3o que discute reforma na legisla\u00e7\u00e3o do Meio Ambiente - Blog do Farn\u00e9sio","robots":{"index":"index","follow":"follow","max-snippet":"max-snippet:-1","max-image-preview":"max-image-preview:large","max-video-preview":"max-video-preview:-1"},"canonical":"https:\/\/blogdofarnesio.com.br\/?p=8918","og_locale":"pt_BR","og_type":"article","og_title":"Roberto Carlos participou de sess\u00e3o que discute reforma na legisla\u00e7\u00e3o do Meio Ambiente - Blog do Farn\u00e9sio","og_description":"O deputado Roberto Carlos (PDT) participou, nesta quarta-feira (30), da sess&atilde;o que discutiu a reforma na legisla&ccedil;&atilde;o do Meio Ambiente, que tramita em car&aacute;ter de urg&ecirc;ncia na Assembleia Legislativa da Bahia. Este projeto, que deve ser votado na primeira quinzena de dezembro, pretende fazer diversas altera&ccedil;&otilde;es na legisla&ccedil;&atilde;o ambiental, incluindo a cria&ccedil;&atilde;o da LAC (Licen&ccedil;a Ambiental por Ades&atilde;o e Compromisso), que poder&aacute; ser efetuada pela internet, informando a localiza&ccedil;&atilde;o georreferenciada e a licen&ccedil;a ser&aacute; emitida automaticamente. Para o deputado Roberto Carlos esta proposi&ccedil;&atilde;o dever&aacute; garantir a desburocratiza&ccedil;&atilde;o das licen&ccedil;as, entretanto deve ser discutida uma maneira de fiscalizar estes pedidos, para garantir que n&atilde;o haja agress&atilde;o ao Meio Ambiente. &#8220;Precisamos garantir que o Estado tenha maior agilidade e capacidade de gest&atilde;o&hellip;","og_url":"https:\/\/blogdofarnesio.com.br\/?p=8918","og_site_name":"Blog do Farn\u00e9sio","article_publisher":"https:\/\/www.facebook.com\/BlogQuerSaberPolitica\/","article_published_time":"2011-12-01T18:43:16+00:00","og_image":[{"url":"http:\/\/www.quersaberpolitica.com.br\/2016\/wp-content\/uploads\/2012\/12\/blogqsprcmoscamed.jpg","type":"","width":"","height":""}],"twitter_card":"summary_large_image","twitter_misc":{"Est. tempo de leitura":"1 minuto"},"schema":{"@context":"https:\/\/schema.org","@graph":[{"@type":"Article","@id":"https:\/\/blogdofarnesio.com.br\/?p=8918#article","isPartOf":{"@id":"https:\/\/blogdofarnesio.com.br\/?p=8918"},"author":{"name":"","@id":""},"headline":"Roberto Carlos participou de sess\u00e3o que discute reforma na legisla\u00e7\u00e3o do Meio Ambiente","datePublished":"2011-12-01T18:43:16+00:00","mainEntityOfPage":{"@id":"https:\/\/blogdofarnesio.com.br\/?p=8918"},"wordCount":217,"commentCount":0,"publisher":{"@id":"https:\/\/blogdofarnesio.com.br\/#organization"},"image":{"@id":"https:\/\/blogdofarnesio.com.br\/?p=8918#primaryimage"},"thumbnailUrl":"http:\/\/www.quersaberpolitica.com.br\/2016\/wp-content\/uploads\/2012\/12\/blogqsprcmoscamed.jpg","articleSection":["Meio Ambiente"],"inLanguage":"pt-BR","potentialAction":[{"@type":"CommentAction","name":"Comment","target":["https:\/\/blogdofarnesio.com.br\/?p=8918#respond"]}]},{"@type":"WebPage","@id":"https:\/\/blogdofarnesio.com.br\/?p=8918","url":"https:\/\/blogdofarnesio.com.br\/?p=8918","name":"Roberto Carlos participou de sess\u00e3o que discute reforma na legisla\u00e7\u00e3o do Meio Ambiente - Blog do Farn\u00e9sio","isPartOf":{"@id":"https:\/\/blogdofarnesio.com.br\/#website"},"primaryImageOfPage":{"@id":"https:\/\/blogdofarnesio.com.br\/?p=8918#primaryimage"},"image":{"@id":"https:\/\/blogdofarnesio.com.br\/?p=8918#primaryimage"},"thumbnailUrl":"http:\/\/www.quersaberpolitica.com.br\/2016\/wp-content\/uploads\/2012\/12\/blogqsprcmoscamed.jpg","datePublished":"2011-12-01T18:43:16+00:00","breadcrumb":{"@id":"https:\/\/blogdofarnesio.com.br\/?p=8918#breadcrumb"},"inLanguage":"pt-BR","potentialAction":[{"@type":"ReadAction","target":["https:\/\/blogdofarnesio.com.br\/?p=8918"]}]},{"@type":"ImageObject","inLanguage":"pt-BR","@id":"https:\/\/blogdofarnesio.com.br\/?p=8918#primaryimage","url":"http:\/\/www.quersaberpolitica.com.br\/2016\/wp-content\/uploads\/2012\/12\/blogqsprcmoscamed.jpg","contentUrl":"http:\/\/www.quersaberpolitica.com.br\/2016\/wp-content\/uploads\/2012\/12\/blogqsprcmoscamed.jpg"},{"@type":"BreadcrumbList","@id":"https:\/\/blogdofarnesio.com.br\/?p=8918#breadcrumb","itemListElement":[{"@type":"ListItem","position":1,"name":"In\u00edcio","item":"https:\/\/blogdofarnesio.com.br\/"},{"@type":"ListItem","position":2,"name":"Roberto Carlos participou de sess\u00e3o que discute reforma na legisla\u00e7\u00e3o do Meio Ambiente"}]},{"@type":"WebSite","@id":"https:\/\/blogdofarnesio.com.br\/#website","url":"https:\/\/blogdofarnesio.com.br\/","name":"Blog do Farn\u00e9sio","description":"Quer Saber Pol\u00edtica?","publisher":{"@id":"https:\/\/blogdofarnesio.com.br\/#organization"},"potentialAction":[{"@type":"SearchAction","target":{"@type":"EntryPoint","urlTemplate":"https:\/\/blogdofarnesio.com.br\/?s={search_term_string}"},"query-input":{"@type":"PropertyValueSpecification","valueRequired":true,"valueName":"search_term_string"}}],"inLanguage":"pt-BR"},{"@type":"Organization","@id":"https:\/\/blogdofarnesio.com.br\/#organization","name":"Blog do Farn\u00e9sio","url":"https:\/\/blogdofarnesio.com.br\/","logo":{"@type":"ImageObject","inLanguage":"pt-BR","@id":"https:\/\/blogdofarnesio.com.br\/#\/schema\/logo\/image\/","url":"https:\/\/blogdofarnesio.com.br\/wp-content\/uploads\/2026\/03\/cropped-logo_new-1.png","contentUrl":"https:\/\/blogdofarnesio.com.br\/wp-content\/uploads\/2026\/03\/cropped-logo_new-1.png","width":881,"height":685,"caption":"Blog do Farn\u00e9sio"},"image":{"@id":"https:\/\/blogdofarnesio.com.br\/#\/schema\/logo\/image\/"},"sameAs":["https:\/\/www.facebook.com\/BlogQuerSaberPolitica\/"]}]}},"_links":{"self":[{"href":"https:\/\/blogdofarnesio.com.br\/index.php?rest_route=\/wp\/v2\/posts\/8918","targetHints":{"allow":["GET"]}}],"collection":[{"href":"https:\/\/blogdofarnesio.com.br\/index.php?rest_route=\/wp\/v2\/posts"}],"about":[{"href":"https:\/\/blogdofarnesio.com.br\/index.php?rest_route=\/wp\/v2\/types\/post"}],"replies":[{"embeddable":true,"href":"https:\/\/blogdofarnesio.com.br\/index.php?rest_route=%2Fwp%2Fv2%2Fcomments&post=8918"}],"version-history":[{"count":0,"href":"https:\/\/blogdofarnesio.com.br\/index.php?rest_route=\/wp\/v2\/posts\/8918\/revisions"}],"wp:attachment":[{"href":"https:\/\/blogdofarnesio.com.br\/index.php?rest_route=%2Fwp%2Fv2%2Fmedia&parent=8918"}],"wp:term":[{"taxonomy":"category","embeddable":true,"href":"https:\/\/blogdofarnesio.com.br\/index.php?rest_route=%2Fwp%2Fv2%2Fcategories&post=8918"},{"taxonomy":"post_tag","embeddable":true,"href":"https:\/\/blogdofarnesio.com.br\/index.php?rest_route=%2Fwp%2Fv2%2Ftags&post=8918"}],"curies":[{"name":"wp","href":"https:\/\/api.w.org\/{rel}","templated":true}]}}