{"id":88872,"date":"2014-06-27T07:00:59","date_gmt":"2014-06-27T10:00:59","guid":{"rendered":"http:\/\/www.quersaberpolitica.com.br\/?p=88872"},"modified":"2014-06-26T20:58:41","modified_gmt":"2014-06-26T23:58:41","slug":"governador-assinou-convenios-que-vao-beneficiar-varias-cidades-da-regiao","status":"publish","type":"post","link":"https:\/\/blogdofarnesio.com.br\/?p=88872","title":{"rendered":"GOVERNADOR ASSINOU CONV\u00caNIOS QUE V\u00c3O BENEFICIAR V\u00c1RIAS CIDADES DA REGI\u00c3O"},"content":{"rendered":"<div>\n<div><img loading=\"lazy\" decoding=\"async\" class=\"aligncenter\" title=\"Governador assina conv\u00eanios com 58 munic\u00edpios para participa\u00e7\u00e3o em cons\u00f3rcios p\u00fablicos\" alt=\"Governador assina conv\u00eanios com 58 munic\u00edpios para participa\u00e7\u00e3o em cons\u00f3rcios p\u00fablicos\" src=\"http:\/\/www.bahianoticias.com.br\/fotos\/principal_noticias\/156410\/xIMAGEM_NOTICIA_5.jpg.pagespeed.ic.2mZktDRLBi.jpg\" width=\"380\" height=\"280\" \/><\/div>\n<\/div>\n<div>\n<div id=\"cke_pastebin\" style=\"text-align: justify\">O governador Jaques Wagner assinou nesta quinta-feira (26), na Governadoria, seis conv\u00eanios com 58 munic\u00edpios, que passar\u00e3o a fazer parte dos Cons\u00f3rcios P\u00fablicos Municipais. O Estado, atrav\u00e9s da Secretaria de Planejamento (Seplan), tem firmado conv\u00eanios, atrav\u00e9s dos quais s\u00e3o repassados recursos financeiros para dotar o cons\u00f3rcio de infraestrutura f\u00edsica e de equipamentos necess\u00e1rios ao desenvolvimento de suas atividades.<\/div>\n<div style=\"text-align: justify\"><\/div>\n<div style=\"text-align: justify\">As prefeituras que ser\u00e3o beneficiadas s\u00e3o <strong>Sobradinho, Casa Nova, Cura\u00e7\u00e1, Juazeiro, Pil\u00e3o Arcado, Remanso, Sento-S\u00e9, Uau\u00e1<\/strong>, Caetit\u00e9, Cacul\u00e9, Ibiassuc\u00ea, Lagoa Real,Guanambi, Palmas de Monte Alto, Pinda\u00ed, Malhada, Sebasti\u00e3o, Laranjeiras, Matina, Igapor\u00e3, Arataca, Buerarema, Camacan, Canavieiras, Itaju do Col\u00f4nia, Jussari, Mascote, Pau Brasil, Santa Luzia, S\u00e3o Jos\u00e9 da Vit\u00f3ria, Una, Andara\u00ed, Boninal, Mucug\u00ea, Itaet\u00ea, Ibicoara, Iramaia, Iraquara, Len\u00e7\u00f3is, Palmeiras, Seabra e Marcion\u00edlio Souza, Caatiba, Itapetinga, Itarantim, Maiquinique, Firmino Alves, Santa Cruz da Vitoria, Ibicu\u00ed, Igua\u00ed, Nova Cana\u00e3 e mais oito ainda n\u00e3o divulgadas.<\/div>\n<div style=\"text-align: justify\"><\/div>\n<div style=\"text-align: justify\">Os cons\u00f3rcios p\u00fablicos s\u00e3o parcerias formadas por dois ou mais entes da Federa\u00e7\u00e3o, para a realiza\u00e7\u00e3o de objetivos de interesse comum e t\u00eam origem nas associa\u00e7\u00f5es dos munic\u00edpios, que j\u00e1 eram previstas na Constitui\u00e7\u00e3o de 1937.<\/div>\n<\/div>\n","protected":false},"excerpt":{"rendered":"<p>O governador Jaques Wagner assinou nesta quinta-feira (26), na Governadoria, seis conv\u00eanios com 58 munic\u00edpios, que passar\u00e3o a fazer parte dos Cons\u00f3rcios P\u00fablicos Municipais. O Estado, atrav\u00e9s da Secretaria de Planejamento (Seplan), tem firmado conv\u00eanios, atrav\u00e9s dos quais s\u00e3o repassados recursos financeiros para dotar o cons\u00f3rcio de infraestrutura f\u00edsica e de equipamentos necess\u00e1rios ao desenvolvimento de suas atividades. As prefeituras que ser\u00e3o beneficiadas s\u00e3o Sobradinho, Casa Nova, Cura\u00e7\u00e1, Juazeiro, Pil\u00e3o Arcado, Remanso, Sento-S\u00e9, Uau\u00e1, Caetit\u00e9, Cacul\u00e9, Ibiassuc\u00ea, Lagoa Real,Guanambi, Palmas de Monte Alto, Pinda\u00ed, Malhada, Sebasti\u00e3o, Laranjeiras, Matina, Igapor\u00e3, Arataca, Buerarema, Camacan, Canavieiras, Itaju do Col\u00f4nia, Jussari, Mascote, Pau Brasil, Santa Luzia, S\u00e3o Jos\u00e9 da Vit\u00f3ria, Una, Andara\u00ed, Boninal, Mucug\u00ea, Itaet\u00ea, Ibicoara, Iramaia, Iraquara, Len\u00e7\u00f3is, Palmeiras, Seabra e Marcion\u00edlio Souza,&hellip; <\/p>\n","protected":false},"author":3,"featured_media":0,"comment_status":"open","ping_status":"open","sticky":false,"template":"","format":"standard","meta":{"_acf_changed":false,"footnotes":""},"categories":[44,27],"tags":[],"class_list":["post-88872","post","type-post","status-publish","format-standard","hentry","category-administracao","category-cidades"],"acf":[],"yoast_head":"<!-- This site is optimized with the Yoast SEO plugin v27.4 - https:\/\/yoast.com\/product\/yoast-seo-wordpress\/ -->\n<title>GOVERNADOR ASSINOU CONV\u00caNIOS QUE V\u00c3O BENEFICIAR V\u00c1RIAS CIDADES DA REGI\u00c3O - Blog do Farn\u00e9sio<\/title>\n<meta name=\"robots\" content=\"index, follow, max-snippet:-1, max-image-preview:large, max-video-preview:-1\" \/>\n<link rel=\"canonical\" href=\"https:\/\/blogdofarnesio.com.br\/?p=88872\" \/>\n<meta property=\"og:locale\" content=\"pt_BR\" \/>\n<meta property=\"og:type\" content=\"article\" \/>\n<meta property=\"og:title\" content=\"GOVERNADOR ASSINOU CONV\u00caNIOS QUE V\u00c3O BENEFICIAR V\u00c1RIAS CIDADES DA REGI\u00c3O - Blog do Farn\u00e9sio\" \/>\n<meta property=\"og:description\" content=\"O governador Jaques Wagner assinou nesta quinta-feira (26), na Governadoria, seis conv\u00eanios com 58 munic\u00edpios, que passar\u00e3o a fazer parte dos Cons\u00f3rcios P\u00fablicos Municipais. O Estado, atrav\u00e9s da Secretaria de Planejamento (Seplan), tem firmado conv\u00eanios, atrav\u00e9s dos quais s\u00e3o repassados recursos financeiros para dotar o cons\u00f3rcio de infraestrutura f\u00edsica e de equipamentos necess\u00e1rios ao desenvolvimento de suas atividades. As prefeituras que ser\u00e3o beneficiadas s\u00e3o Sobradinho, Casa Nova, Cura\u00e7\u00e1, Juazeiro, Pil\u00e3o Arcado, Remanso, Sento-S\u00e9, Uau\u00e1, Caetit\u00e9, Cacul\u00e9, Ibiassuc\u00ea, Lagoa Real,Guanambi, Palmas de Monte Alto, Pinda\u00ed, Malhada, Sebasti\u00e3o, Laranjeiras, Matina, Igapor\u00e3, Arataca, Buerarema, Camacan, Canavieiras, Itaju do Col\u00f4nia, Jussari, Mascote, Pau Brasil, Santa Luzia, S\u00e3o Jos\u00e9 da Vit\u00f3ria, Una, Andara\u00ed, Boninal, Mucug\u00ea, Itaet\u00ea, Ibicoara, Iramaia, Iraquara, Len\u00e7\u00f3is, Palmeiras, Seabra e Marcion\u00edlio Souza,&hellip;\" \/>\n<meta property=\"og:url\" content=\"https:\/\/blogdofarnesio.com.br\/?p=88872\" \/>\n<meta property=\"og:site_name\" content=\"Blog do Farn\u00e9sio\" \/>\n<meta property=\"article:publisher\" content=\"https:\/\/www.facebook.com\/BlogQuerSaberPolitica\/\" \/>\n<meta property=\"article:published_time\" content=\"2014-06-27T10:00:59+00:00\" \/>\n<meta property=\"og:image\" content=\"http:\/\/www.bahianoticias.com.br\/fotos\/principal_noticias\/156410\/xIMAGEM_NOTICIA_5.jpg.pagespeed.ic.2mZktDRLBi.jpg\" \/>\n<meta name=\"author\" content=\"teste\" \/>\n<meta name=\"twitter:card\" content=\"summary_large_image\" \/>\n<meta name=\"twitter:label1\" content=\"Escrito por\" \/>\n\t<meta name=\"twitter:data1\" content=\"teste\" \/>\n\t<meta name=\"twitter:label2\" content=\"Est. tempo de leitura\" \/>\n\t<meta name=\"twitter:data2\" content=\"1 minuto\" \/>\n<script type=\"application\/ld+json\" class=\"yoast-schema-graph\">{\"@context\":\"https:\\\/\\\/schema.org\",\"@graph\":[{\"@type\":\"Article\",\"@id\":\"https:\\\/\\\/blogdofarnesio.com.br\\\/?p=88872#article\",\"isPartOf\":{\"@id\":\"https:\\\/\\\/blogdofarnesio.com.br\\\/?p=88872\"},\"author\":{\"name\":\"teste\",\"@id\":\"https:\\\/\\\/blogdofarnesio.com.br\\\/#\\\/schema\\\/person\\\/dd1bf5eba40b687199ba45ca6b97dff9\"},\"headline\":\"GOVERNADOR ASSINOU CONV\u00caNIOS QUE V\u00c3O BENEFICIAR V\u00c1RIAS CIDADES DA REGI\u00c3O\",\"datePublished\":\"2014-06-27T10:00:59+00:00\",\"mainEntityOfPage\":{\"@id\":\"https:\\\/\\\/blogdofarnesio.com.br\\\/?p=88872\"},\"wordCount\":219,\"commentCount\":0,\"publisher\":{\"@id\":\"https:\\\/\\\/blogdofarnesio.com.br\\\/#organization\"},\"image\":{\"@id\":\"https:\\\/\\\/blogdofarnesio.com.br\\\/?p=88872#primaryimage\"},\"thumbnailUrl\":\"http:\\\/\\\/www.bahianoticias.com.br\\\/fotos\\\/principal_noticias\\\/156410\\\/xIMAGEM_NOTICIA_5.jpg.pagespeed.ic.2mZktDRLBi.jpg\",\"articleSection\":[\"Administra\u00e7\u00e3o\",\"Cidades\"],\"inLanguage\":\"pt-BR\",\"potentialAction\":[{\"@type\":\"CommentAction\",\"name\":\"Comment\",\"target\":[\"https:\\\/\\\/blogdofarnesio.com.br\\\/?p=88872#respond\"]}]},{\"@type\":\"WebPage\",\"@id\":\"https:\\\/\\\/blogdofarnesio.com.br\\\/?p=88872\",\"url\":\"https:\\\/\\\/blogdofarnesio.com.br\\\/?p=88872\",\"name\":\"GOVERNADOR ASSINOU CONV\u00caNIOS QUE V\u00c3O BENEFICIAR V\u00c1RIAS CIDADES DA REGI\u00c3O - Blog do Farn\u00e9sio\",\"isPartOf\":{\"@id\":\"https:\\\/\\\/blogdofarnesio.com.br\\\/#website\"},\"primaryImageOfPage\":{\"@id\":\"https:\\\/\\\/blogdofarnesio.com.br\\\/?p=88872#primaryimage\"},\"image\":{\"@id\":\"https:\\\/\\\/blogdofarnesio.com.br\\\/?p=88872#primaryimage\"},\"thumbnailUrl\":\"http:\\\/\\\/www.bahianoticias.com.br\\\/fotos\\\/principal_noticias\\\/156410\\\/xIMAGEM_NOTICIA_5.jpg.pagespeed.ic.2mZktDRLBi.jpg\",\"datePublished\":\"2014-06-27T10:00:59+00:00\",\"breadcrumb\":{\"@id\":\"https:\\\/\\\/blogdofarnesio.com.br\\\/?p=88872#breadcrumb\"},\"inLanguage\":\"pt-BR\",\"potentialAction\":[{\"@type\":\"ReadAction\",\"target\":[\"https:\\\/\\\/blogdofarnesio.com.br\\\/?p=88872\"]}]},{\"@type\":\"ImageObject\",\"inLanguage\":\"pt-BR\",\"@id\":\"https:\\\/\\\/blogdofarnesio.com.br\\\/?p=88872#primaryimage\",\"url\":\"http:\\\/\\\/www.bahianoticias.com.br\\\/fotos\\\/principal_noticias\\\/156410\\\/xIMAGEM_NOTICIA_5.jpg.pagespeed.ic.2mZktDRLBi.jpg\",\"contentUrl\":\"http:\\\/\\\/www.bahianoticias.com.br\\\/fotos\\\/principal_noticias\\\/156410\\\/xIMAGEM_NOTICIA_5.jpg.pagespeed.ic.2mZktDRLBi.jpg\"},{\"@type\":\"BreadcrumbList\",\"@id\":\"https:\\\/\\\/blogdofarnesio.com.br\\\/?p=88872#breadcrumb\",\"itemListElement\":[{\"@type\":\"ListItem\",\"position\":1,\"name\":\"In\u00edcio\",\"item\":\"https:\\\/\\\/blogdofarnesio.com.br\\\/\"},{\"@type\":\"ListItem\",\"position\":2,\"name\":\"GOVERNADOR ASSINOU CONV\u00caNIOS QUE V\u00c3O BENEFICIAR V\u00c1RIAS CIDADES DA REGI\u00c3O\"}]},{\"@type\":\"WebSite\",\"@id\":\"https:\\\/\\\/blogdofarnesio.com.br\\\/#website\",\"url\":\"https:\\\/\\\/blogdofarnesio.com.br\\\/\",\"name\":\"Blog do Farn\u00e9sio\",\"description\":\"Quer Saber Pol\u00edtica?\",\"publisher\":{\"@id\":\"https:\\\/\\\/blogdofarnesio.com.br\\\/#organization\"},\"potentialAction\":[{\"@type\":\"SearchAction\",\"target\":{\"@type\":\"EntryPoint\",\"urlTemplate\":\"https:\\\/\\\/blogdofarnesio.com.br\\\/?s={search_term_string}\"},\"query-input\":{\"@type\":\"PropertyValueSpecification\",\"valueRequired\":true,\"valueName\":\"search_term_string\"}}],\"inLanguage\":\"pt-BR\"},{\"@type\":\"Organization\",\"@id\":\"https:\\\/\\\/blogdofarnesio.com.br\\\/#organization\",\"name\":\"Blog do Farn\u00e9sio\",\"url\":\"https:\\\/\\\/blogdofarnesio.com.br\\\/\",\"logo\":{\"@type\":\"ImageObject\",\"inLanguage\":\"pt-BR\",\"@id\":\"https:\\\/\\\/blogdofarnesio.com.br\\\/#\\\/schema\\\/logo\\\/image\\\/\",\"url\":\"https:\\\/\\\/blogdofarnesio.com.br\\\/wp-content\\\/uploads\\\/2026\\\/03\\\/cropped-logo_new-1.png\",\"contentUrl\":\"https:\\\/\\\/blogdofarnesio.com.br\\\/wp-content\\\/uploads\\\/2026\\\/03\\\/cropped-logo_new-1.png\",\"width\":881,\"height\":685,\"caption\":\"Blog do Farn\u00e9sio\"},\"image\":{\"@id\":\"https:\\\/\\\/blogdofarnesio.com.br\\\/#\\\/schema\\\/logo\\\/image\\\/\"},\"sameAs\":[\"https:\\\/\\\/www.facebook.com\\\/BlogQuerSaberPolitica\\\/\"]},{\"@type\":\"Person\",\"@id\":\"https:\\\/\\\/blogdofarnesio.com.br\\\/#\\\/schema\\\/person\\\/dd1bf5eba40b687199ba45ca6b97dff9\",\"name\":\"teste\",\"image\":{\"@type\":\"ImageObject\",\"inLanguage\":\"pt-BR\",\"@id\":\"https:\\\/\\\/secure.gravatar.com\\\/avatar\\\/2172498d4914b51e1d89a0f97957b035ac4938723a5cac208135d389b6972a6d?s=96&d=mm&r=g\",\"url\":\"https:\\\/\\\/secure.gravatar.com\\\/avatar\\\/2172498d4914b51e1d89a0f97957b035ac4938723a5cac208135d389b6972a6d?s=96&d=mm&r=g\",\"contentUrl\":\"https:\\\/\\\/secure.gravatar.com\\\/avatar\\\/2172498d4914b51e1d89a0f97957b035ac4938723a5cac208135d389b6972a6d?s=96&d=mm&r=g\",\"caption\":\"teste\"},\"url\":\"https:\\\/\\\/blogdofarnesio.com.br\\\/?author=3\"}]}<\/script>\n<!-- \/ Yoast SEO plugin. -->","yoast_head_json":{"title":"GOVERNADOR ASSINOU CONV\u00caNIOS QUE V\u00c3O BENEFICIAR V\u00c1RIAS CIDADES DA REGI\u00c3O - Blog do Farn\u00e9sio","robots":{"index":"index","follow":"follow","max-snippet":"max-snippet:-1","max-image-preview":"max-image-preview:large","max-video-preview":"max-video-preview:-1"},"canonical":"https:\/\/blogdofarnesio.com.br\/?p=88872","og_locale":"pt_BR","og_type":"article","og_title":"GOVERNADOR ASSINOU CONV\u00caNIOS QUE V\u00c3O BENEFICIAR V\u00c1RIAS CIDADES DA REGI\u00c3O - Blog do Farn\u00e9sio","og_description":"O governador Jaques Wagner assinou nesta quinta-feira (26), na Governadoria, seis conv\u00eanios com 58 munic\u00edpios, que passar\u00e3o a fazer parte dos Cons\u00f3rcios P\u00fablicos Municipais. O Estado, atrav\u00e9s da Secretaria de Planejamento (Seplan), tem firmado conv\u00eanios, atrav\u00e9s dos quais s\u00e3o repassados recursos financeiros para dotar o cons\u00f3rcio de infraestrutura f\u00edsica e de equipamentos necess\u00e1rios ao desenvolvimento de suas atividades. As prefeituras que ser\u00e3o beneficiadas s\u00e3o Sobradinho, Casa Nova, Cura\u00e7\u00e1, Juazeiro, Pil\u00e3o Arcado, Remanso, Sento-S\u00e9, Uau\u00e1, Caetit\u00e9, Cacul\u00e9, Ibiassuc\u00ea, Lagoa Real,Guanambi, Palmas de Monte Alto, Pinda\u00ed, Malhada, Sebasti\u00e3o, Laranjeiras, Matina, Igapor\u00e3, Arataca, Buerarema, Camacan, Canavieiras, Itaju do Col\u00f4nia, Jussari, Mascote, Pau Brasil, Santa Luzia, S\u00e3o Jos\u00e9 da Vit\u00f3ria, Una, Andara\u00ed, Boninal, Mucug\u00ea, Itaet\u00ea, Ibicoara, Iramaia, Iraquara, Len\u00e7\u00f3is, Palmeiras, Seabra e Marcion\u00edlio Souza,&hellip;","og_url":"https:\/\/blogdofarnesio.com.br\/?p=88872","og_site_name":"Blog do Farn\u00e9sio","article_publisher":"https:\/\/www.facebook.com\/BlogQuerSaberPolitica\/","article_published_time":"2014-06-27T10:00:59+00:00","og_image":[{"url":"http:\/\/www.bahianoticias.com.br\/fotos\/principal_noticias\/156410\/xIMAGEM_NOTICIA_5.jpg.pagespeed.ic.2mZktDRLBi.jpg","type":"","width":"","height":""}],"author":"teste","twitter_card":"summary_large_image","twitter_misc":{"Escrito por":"teste","Est. tempo de leitura":"1 minuto"},"schema":{"@context":"https:\/\/schema.org","@graph":[{"@type":"Article","@id":"https:\/\/blogdofarnesio.com.br\/?p=88872#article","isPartOf":{"@id":"https:\/\/blogdofarnesio.com.br\/?p=88872"},"author":{"name":"teste","@id":"https:\/\/blogdofarnesio.com.br\/#\/schema\/person\/dd1bf5eba40b687199ba45ca6b97dff9"},"headline":"GOVERNADOR ASSINOU CONV\u00caNIOS QUE V\u00c3O BENEFICIAR V\u00c1RIAS CIDADES DA REGI\u00c3O","datePublished":"2014-06-27T10:00:59+00:00","mainEntityOfPage":{"@id":"https:\/\/blogdofarnesio.com.br\/?p=88872"},"wordCount":219,"commentCount":0,"publisher":{"@id":"https:\/\/blogdofarnesio.com.br\/#organization"},"image":{"@id":"https:\/\/blogdofarnesio.com.br\/?p=88872#primaryimage"},"thumbnailUrl":"http:\/\/www.bahianoticias.com.br\/fotos\/principal_noticias\/156410\/xIMAGEM_NOTICIA_5.jpg.pagespeed.ic.2mZktDRLBi.jpg","articleSection":["Administra\u00e7\u00e3o","Cidades"],"inLanguage":"pt-BR","potentialAction":[{"@type":"CommentAction","name":"Comment","target":["https:\/\/blogdofarnesio.com.br\/?p=88872#respond"]}]},{"@type":"WebPage","@id":"https:\/\/blogdofarnesio.com.br\/?p=88872","url":"https:\/\/blogdofarnesio.com.br\/?p=88872","name":"GOVERNADOR ASSINOU CONV\u00caNIOS QUE V\u00c3O BENEFICIAR V\u00c1RIAS CIDADES DA REGI\u00c3O - Blog do Farn\u00e9sio","isPartOf":{"@id":"https:\/\/blogdofarnesio.com.br\/#website"},"primaryImageOfPage":{"@id":"https:\/\/blogdofarnesio.com.br\/?p=88872#primaryimage"},"image":{"@id":"https:\/\/blogdofarnesio.com.br\/?p=88872#primaryimage"},"thumbnailUrl":"http:\/\/www.bahianoticias.com.br\/fotos\/principal_noticias\/156410\/xIMAGEM_NOTICIA_5.jpg.pagespeed.ic.2mZktDRLBi.jpg","datePublished":"2014-06-27T10:00:59+00:00","breadcrumb":{"@id":"https:\/\/blogdofarnesio.com.br\/?p=88872#breadcrumb"},"inLanguage":"pt-BR","potentialAction":[{"@type":"ReadAction","target":["https:\/\/blogdofarnesio.com.br\/?p=88872"]}]},{"@type":"ImageObject","inLanguage":"pt-BR","@id":"https:\/\/blogdofarnesio.com.br\/?p=88872#primaryimage","url":"http:\/\/www.bahianoticias.com.br\/fotos\/principal_noticias\/156410\/xIMAGEM_NOTICIA_5.jpg.pagespeed.ic.2mZktDRLBi.jpg","contentUrl":"http:\/\/www.bahianoticias.com.br\/fotos\/principal_noticias\/156410\/xIMAGEM_NOTICIA_5.jpg.pagespeed.ic.2mZktDRLBi.jpg"},{"@type":"BreadcrumbList","@id":"https:\/\/blogdofarnesio.com.br\/?p=88872#breadcrumb","itemListElement":[{"@type":"ListItem","position":1,"name":"In\u00edcio","item":"https:\/\/blogdofarnesio.com.br\/"},{"@type":"ListItem","position":2,"name":"GOVERNADOR ASSINOU CONV\u00caNIOS QUE V\u00c3O BENEFICIAR V\u00c1RIAS CIDADES DA REGI\u00c3O"}]},{"@type":"WebSite","@id":"https:\/\/blogdofarnesio.com.br\/#website","url":"https:\/\/blogdofarnesio.com.br\/","name":"Blog do Farn\u00e9sio","description":"Quer Saber Pol\u00edtica?","publisher":{"@id":"https:\/\/blogdofarnesio.com.br\/#organization"},"potentialAction":[{"@type":"SearchAction","target":{"@type":"EntryPoint","urlTemplate":"https:\/\/blogdofarnesio.com.br\/?s={search_term_string}"},"query-input":{"@type":"PropertyValueSpecification","valueRequired":true,"valueName":"search_term_string"}}],"inLanguage":"pt-BR"},{"@type":"Organization","@id":"https:\/\/blogdofarnesio.com.br\/#organization","name":"Blog do Farn\u00e9sio","url":"https:\/\/blogdofarnesio.com.br\/","logo":{"@type":"ImageObject","inLanguage":"pt-BR","@id":"https:\/\/blogdofarnesio.com.br\/#\/schema\/logo\/image\/","url":"https:\/\/blogdofarnesio.com.br\/wp-content\/uploads\/2026\/03\/cropped-logo_new-1.png","contentUrl":"https:\/\/blogdofarnesio.com.br\/wp-content\/uploads\/2026\/03\/cropped-logo_new-1.png","width":881,"height":685,"caption":"Blog do Farn\u00e9sio"},"image":{"@id":"https:\/\/blogdofarnesio.com.br\/#\/schema\/logo\/image\/"},"sameAs":["https:\/\/www.facebook.com\/BlogQuerSaberPolitica\/"]},{"@type":"Person","@id":"https:\/\/blogdofarnesio.com.br\/#\/schema\/person\/dd1bf5eba40b687199ba45ca6b97dff9","name":"teste","image":{"@type":"ImageObject","inLanguage":"pt-BR","@id":"https:\/\/secure.gravatar.com\/avatar\/2172498d4914b51e1d89a0f97957b035ac4938723a5cac208135d389b6972a6d?s=96&d=mm&r=g","url":"https:\/\/secure.gravatar.com\/avatar\/2172498d4914b51e1d89a0f97957b035ac4938723a5cac208135d389b6972a6d?s=96&d=mm&r=g","contentUrl":"https:\/\/secure.gravatar.com\/avatar\/2172498d4914b51e1d89a0f97957b035ac4938723a5cac208135d389b6972a6d?s=96&d=mm&r=g","caption":"teste"},"url":"https:\/\/blogdofarnesio.com.br\/?author=3"}]}},"_links":{"self":[{"href":"https:\/\/blogdofarnesio.com.br\/index.php?rest_route=\/wp\/v2\/posts\/88872","targetHints":{"allow":["GET"]}}],"collection":[{"href":"https:\/\/blogdofarnesio.com.br\/index.php?rest_route=\/wp\/v2\/posts"}],"about":[{"href":"https:\/\/blogdofarnesio.com.br\/index.php?rest_route=\/wp\/v2\/types\/post"}],"author":[{"embeddable":true,"href":"https:\/\/blogdofarnesio.com.br\/index.php?rest_route=\/wp\/v2\/users\/3"}],"replies":[{"embeddable":true,"href":"https:\/\/blogdofarnesio.com.br\/index.php?rest_route=%2Fwp%2Fv2%2Fcomments&post=88872"}],"version-history":[{"count":0,"href":"https:\/\/blogdofarnesio.com.br\/index.php?rest_route=\/wp\/v2\/posts\/88872\/revisions"}],"wp:attachment":[{"href":"https:\/\/blogdofarnesio.com.br\/index.php?rest_route=%2Fwp%2Fv2%2Fmedia&parent=88872"}],"wp:term":[{"taxonomy":"category","embeddable":true,"href":"https:\/\/blogdofarnesio.com.br\/index.php?rest_route=%2Fwp%2Fv2%2Fcategories&post=88872"},{"taxonomy":"post_tag","embeddable":true,"href":"https:\/\/blogdofarnesio.com.br\/index.php?rest_route=%2Fwp%2Fv2%2Ftags&post=88872"}],"curies":[{"name":"wp","href":"https:\/\/api.w.org\/{rel}","templated":true}]}}