{"id":88735,"date":"2014-06-25T17:33:52","date_gmt":"2014-06-25T20:33:52","guid":{"rendered":"http:\/\/www.quersaberpolitica.com.br\/?p=88735"},"modified":"2014-06-25T15:54:55","modified_gmt":"2014-06-25T18:54:55","slug":"rui-costa-confirma-apoio-do-pr-apos-deslocamento-de-cesar-borges-e-diz-que-sdd-descumpriu-acordo","status":"publish","type":"post","link":"https:\/\/blogdofarnesio.com.br\/?p=88735","title":{"rendered":"Rui Costa confirma apoio do PR ap\u00f3s deslocamento de C\u00e9sar Borges e diz que SDD \u2018descumpriu acordo\u2019"},"content":{"rendered":"<div style=\"text-align: justify\">\n<div>\u00a0Evil\u00e1sio J\u00fanior \/ Carol Prado<\/div>\n<p><img loading=\"lazy\" decoding=\"async\" class=\"aligncenter\" title=\"Rui Costa confirma apoio do PR ap\u00f3s deslocamento de C\u00e9sar Borges e diz que SDD \u2018descumpriu acordo\u2019\" alt=\"Rui Costa confirma apoio do PR ap\u00f3s deslocamento de C\u00e9sar Borges e diz que SDD \u2018descumpriu acordo\u2019\" src=\"http:\/\/www.bahianoticias.com.br\/fotos\/principal_noticias\/156363\/xIMAGEM_NOTICIA_5.jpg.pagespeed.ic.rhZJcH0RZN.jpg\" width=\"380\" height=\"280\" \/><\/p>\n<div><span style=\"text-align: justify\"><strong>BN<\/strong> &#8211; Pactuado nesta quarta-feira (25),\u00a0<\/span><a style=\"text-align: justify\" href=\"http:\/\/www.bahianoticias.com.br\/noticia\/156357-cesar-borges-deixa-pasta-dos-transportes-e-vai-para-a-secretaria-dos-portos.html\" target=\"_blank\">o deslocamento do atual ministro dos Transportes, C\u00e9sar Borges (PR), para a Secretaria Nacional dos Portos<\/a><span style=\"text-align: justify\">\u00a0tirou um peso das costas do pr\u00e9-candidato petista ao governo da Bahia, o deputado federal Rui Costa. A transfer\u00eancia foi a condi\u00e7\u00e3o apresentada pelo PR para selar apoio \u00e0 reelei\u00e7\u00e3o da presidente Dilma Rousseff (PT) e p\u00f4s fim, de acordo com o parlamentar, \u00e0 possibilidade de a sigla republicana seguir ao lado do oposicionista Paulo Souto (DEM) no estado. \u201cN\u00f3s \u00edamos pagar o pre\u00e7o por um problema nacional. <\/span><\/div>\n<div><\/div>\n<div><span style=\"text-align: justify\">Agora, com a situa\u00e7\u00e3o resolvida, a alian\u00e7a est\u00e1 confirmad\u00edssima\u201d, disse, durante almo\u00e7o com jornalistas em Salvador. Nesta segunda-feira (23), quando o clima ainda era de tens\u00e3o entre as legendas \u2013 principalmente por conta da resist\u00eancia de Dilma em substituir Borges na pasta de Transportes \u2013, a executiva nacional do PR chegou a emitir\u00a0<\/span><a style=\"text-align: justify\" href=\"http:\/\/www.bahianoticias.com.br\/noticia\/156250-executiva-nacional-desautoriza-pr-de-homologar-coligacoes-na-bahia.html\" target=\"_blank\">comunicado oficial que desautorizava o partido a homologar participa\u00e7\u00e3o em coliga\u00e7\u00f5es<\/a><span style=\"text-align: justify\">\u00a0na Bahia.\u00a0<\/span><\/div>\n<div><\/div>\n<div><span style=\"text-align: justify\">Caso o apoio se concretize, como espera o pleiteante petista, a coaliz\u00e3o ao seu favor ser\u00e1 composta, at\u00e9 o momento, por sete siglas \u2013 PT, PP, PSD, PDT, PC do B, PTB e PR. \u201cH\u00e1 mais tr\u00eas legendas, PMN, PPL e PEN, ainda em discuss\u00e3o\u201d, divulgou. Ainda segundo o deputado, o Solidariedade \u2013 que fazia parte da base governista at\u00e9 maio deste ano e, no \u00faltimo dia 5, anunciou parceria com Souto \u2013 \u201cquebrou um acordo\u201d firmado \u00e0 \u00e9poca da funda\u00e7\u00e3o do partido, em 2013. \u201cPaulinho [da For\u00e7a, presidente nacional do SDD] n\u00e3o cumpriu o combinado. <\/span><\/div>\n<div><\/div>\n<div><span style=\"text-align: justify\">Sentamos para conversar, no ano passado, e ele me disse que tendia a ficar com PSDB, mas que daria liberdade \u00e0s executivas estaduais e que o apoio na Bahia estava garantido. Agora, veio me dizer que est\u00e1 sendo pressionado pela campanha de A\u00e9cio [Neves, pr\u00e9-candidato tucano \u00e0 Presid\u00eancia]\u201d, contou. Questionado sobre as articula\u00e7\u00f5es com PRB e PSC, legendas tamb\u00e9m dissidentes que preferiram compor a alian\u00e7a oposicionista, Rui se negou a comentar. \u00a0<\/span><\/div>\n<\/div>\n","protected":false},"excerpt":{"rendered":"<p>\u00a0Evil\u00e1sio J\u00fanior \/ Carol Prado BN &#8211; Pactuado nesta quarta-feira (25),\u00a0o deslocamento do atual ministro dos Transportes, C\u00e9sar Borges (PR), para a Secretaria Nacional dos Portos\u00a0tirou um peso das costas do pr\u00e9-candidato petista ao governo da Bahia, o deputado federal Rui Costa. A transfer\u00eancia foi a condi\u00e7\u00e3o apresentada pelo PR para selar apoio \u00e0 reelei\u00e7\u00e3o da presidente Dilma Rousseff (PT) e p\u00f4s fim, de acordo com o parlamentar, \u00e0 possibilidade de a sigla republicana seguir ao lado do oposicionista Paulo Souto (DEM) no estado. \u201cN\u00f3s \u00edamos pagar o pre\u00e7o por um problema nacional. Agora, com a situa\u00e7\u00e3o resolvida, a alian\u00e7a est\u00e1 confirmad\u00edssima\u201d, disse, durante almo\u00e7o com jornalistas em Salvador. Nesta segunda-feira (23), quando o clima ainda era de tens\u00e3o entre&hellip; <\/p>\n","protected":false},"author":3,"featured_media":0,"comment_status":"open","ping_status":"open","sticky":false,"template":"","format":"standard","meta":{"_acf_changed":false,"footnotes":""},"categories":[34],"tags":[],"class_list":["post-88735","post","type-post","status-publish","format-standard","hentry","category-eleicoes"],"acf":[],"yoast_head":"<!-- This site is optimized with the Yoast SEO plugin v27.4 - https:\/\/yoast.com\/product\/yoast-seo-wordpress\/ -->\n<title>Rui Costa confirma apoio do PR ap\u00f3s deslocamento de C\u00e9sar Borges e diz que SDD \u2018descumpriu acordo\u2019 - Blog do Farn\u00e9sio<\/title>\n<meta name=\"robots\" content=\"index, follow, max-snippet:-1, max-image-preview:large, max-video-preview:-1\" \/>\n<link rel=\"canonical\" href=\"https:\/\/blogdofarnesio.com.br\/?p=88735\" \/>\n<meta property=\"og:locale\" content=\"pt_BR\" \/>\n<meta property=\"og:type\" content=\"article\" \/>\n<meta property=\"og:title\" content=\"Rui Costa confirma apoio do PR ap\u00f3s deslocamento de C\u00e9sar Borges e diz que SDD \u2018descumpriu acordo\u2019 - Blog do Farn\u00e9sio\" \/>\n<meta property=\"og:description\" content=\"\u00a0Evil\u00e1sio J\u00fanior \/ Carol Prado BN &#8211; Pactuado nesta quarta-feira (25),\u00a0o deslocamento do atual ministro dos Transportes, C\u00e9sar Borges (PR), para a Secretaria Nacional dos Portos\u00a0tirou um peso das costas do pr\u00e9-candidato petista ao governo da Bahia, o deputado federal Rui Costa. A transfer\u00eancia foi a condi\u00e7\u00e3o apresentada pelo PR para selar apoio \u00e0 reelei\u00e7\u00e3o da presidente Dilma Rousseff (PT) e p\u00f4s fim, de acordo com o parlamentar, \u00e0 possibilidade de a sigla republicana seguir ao lado do oposicionista Paulo Souto (DEM) no estado. \u201cN\u00f3s \u00edamos pagar o pre\u00e7o por um problema nacional. Agora, com a situa\u00e7\u00e3o resolvida, a alian\u00e7a est\u00e1 confirmad\u00edssima\u201d, disse, durante almo\u00e7o com jornalistas em Salvador. Nesta segunda-feira (23), quando o clima ainda era de tens\u00e3o entre&hellip;\" \/>\n<meta property=\"og:url\" content=\"https:\/\/blogdofarnesio.com.br\/?p=88735\" \/>\n<meta property=\"og:site_name\" content=\"Blog do Farn\u00e9sio\" \/>\n<meta property=\"article:publisher\" content=\"https:\/\/www.facebook.com\/BlogQuerSaberPolitica\/\" \/>\n<meta property=\"article:published_time\" content=\"2014-06-25T20:33:52+00:00\" \/>\n<meta property=\"og:image\" content=\"http:\/\/www.bahianoticias.com.br\/fotos\/principal_noticias\/156363\/xIMAGEM_NOTICIA_5.jpg.pagespeed.ic.rhZJcH0RZN.jpg\" \/>\n<meta name=\"author\" content=\"teste\" \/>\n<meta name=\"twitter:card\" content=\"summary_large_image\" \/>\n<meta name=\"twitter:label1\" content=\"Escrito por\" \/>\n\t<meta name=\"twitter:data1\" content=\"teste\" \/>\n\t<meta name=\"twitter:label2\" content=\"Est. tempo de leitura\" \/>\n\t<meta name=\"twitter:data2\" content=\"2 minutos\" \/>\n<script type=\"application\/ld+json\" class=\"yoast-schema-graph\">{\"@context\":\"https:\\\/\\\/schema.org\",\"@graph\":[{\"@type\":\"Article\",\"@id\":\"https:\\\/\\\/blogdofarnesio.com.br\\\/?p=88735#article\",\"isPartOf\":{\"@id\":\"https:\\\/\\\/blogdofarnesio.com.br\\\/?p=88735\"},\"author\":{\"name\":\"teste\",\"@id\":\"https:\\\/\\\/blogdofarnesio.com.br\\\/#\\\/schema\\\/person\\\/dd1bf5eba40b687199ba45ca6b97dff9\"},\"headline\":\"Rui Costa confirma apoio do PR ap\u00f3s deslocamento de C\u00e9sar Borges e diz que SDD \u2018descumpriu acordo\u2019\",\"datePublished\":\"2014-06-25T20:33:52+00:00\",\"mainEntityOfPage\":{\"@id\":\"https:\\\/\\\/blogdofarnesio.com.br\\\/?p=88735\"},\"wordCount\":363,\"commentCount\":0,\"publisher\":{\"@id\":\"https:\\\/\\\/blogdofarnesio.com.br\\\/#organization\"},\"image\":{\"@id\":\"https:\\\/\\\/blogdofarnesio.com.br\\\/?p=88735#primaryimage\"},\"thumbnailUrl\":\"http:\\\/\\\/www.bahianoticias.com.br\\\/fotos\\\/principal_noticias\\\/156363\\\/xIMAGEM_NOTICIA_5.jpg.pagespeed.ic.rhZJcH0RZN.jpg\",\"articleSection\":[\"Elei\u00e7\u00f5es\"],\"inLanguage\":\"pt-BR\",\"potentialAction\":[{\"@type\":\"CommentAction\",\"name\":\"Comment\",\"target\":[\"https:\\\/\\\/blogdofarnesio.com.br\\\/?p=88735#respond\"]}]},{\"@type\":\"WebPage\",\"@id\":\"https:\\\/\\\/blogdofarnesio.com.br\\\/?p=88735\",\"url\":\"https:\\\/\\\/blogdofarnesio.com.br\\\/?p=88735\",\"name\":\"Rui Costa confirma apoio do PR ap\u00f3s deslocamento de C\u00e9sar Borges e diz que SDD \u2018descumpriu acordo\u2019 - Blog do Farn\u00e9sio\",\"isPartOf\":{\"@id\":\"https:\\\/\\\/blogdofarnesio.com.br\\\/#website\"},\"primaryImageOfPage\":{\"@id\":\"https:\\\/\\\/blogdofarnesio.com.br\\\/?p=88735#primaryimage\"},\"image\":{\"@id\":\"https:\\\/\\\/blogdofarnesio.com.br\\\/?p=88735#primaryimage\"},\"thumbnailUrl\":\"http:\\\/\\\/www.bahianoticias.com.br\\\/fotos\\\/principal_noticias\\\/156363\\\/xIMAGEM_NOTICIA_5.jpg.pagespeed.ic.rhZJcH0RZN.jpg\",\"datePublished\":\"2014-06-25T20:33:52+00:00\",\"breadcrumb\":{\"@id\":\"https:\\\/\\\/blogdofarnesio.com.br\\\/?p=88735#breadcrumb\"},\"inLanguage\":\"pt-BR\",\"potentialAction\":[{\"@type\":\"ReadAction\",\"target\":[\"https:\\\/\\\/blogdofarnesio.com.br\\\/?p=88735\"]}]},{\"@type\":\"ImageObject\",\"inLanguage\":\"pt-BR\",\"@id\":\"https:\\\/\\\/blogdofarnesio.com.br\\\/?p=88735#primaryimage\",\"url\":\"http:\\\/\\\/www.bahianoticias.com.br\\\/fotos\\\/principal_noticias\\\/156363\\\/xIMAGEM_NOTICIA_5.jpg.pagespeed.ic.rhZJcH0RZN.jpg\",\"contentUrl\":\"http:\\\/\\\/www.bahianoticias.com.br\\\/fotos\\\/principal_noticias\\\/156363\\\/xIMAGEM_NOTICIA_5.jpg.pagespeed.ic.rhZJcH0RZN.jpg\"},{\"@type\":\"BreadcrumbList\",\"@id\":\"https:\\\/\\\/blogdofarnesio.com.br\\\/?p=88735#breadcrumb\",\"itemListElement\":[{\"@type\":\"ListItem\",\"position\":1,\"name\":\"In\u00edcio\",\"item\":\"https:\\\/\\\/blogdofarnesio.com.br\\\/\"},{\"@type\":\"ListItem\",\"position\":2,\"name\":\"Rui Costa confirma apoio do PR ap\u00f3s deslocamento de C\u00e9sar Borges e diz que SDD \u2018descumpriu acordo\u2019\"}]},{\"@type\":\"WebSite\",\"@id\":\"https:\\\/\\\/blogdofarnesio.com.br\\\/#website\",\"url\":\"https:\\\/\\\/blogdofarnesio.com.br\\\/\",\"name\":\"Blog do Farn\u00e9sio\",\"description\":\"Quer Saber Pol\u00edtica?\",\"publisher\":{\"@id\":\"https:\\\/\\\/blogdofarnesio.com.br\\\/#organization\"},\"potentialAction\":[{\"@type\":\"SearchAction\",\"target\":{\"@type\":\"EntryPoint\",\"urlTemplate\":\"https:\\\/\\\/blogdofarnesio.com.br\\\/?s={search_term_string}\"},\"query-input\":{\"@type\":\"PropertyValueSpecification\",\"valueRequired\":true,\"valueName\":\"search_term_string\"}}],\"inLanguage\":\"pt-BR\"},{\"@type\":\"Organization\",\"@id\":\"https:\\\/\\\/blogdofarnesio.com.br\\\/#organization\",\"name\":\"Blog do Farn\u00e9sio\",\"url\":\"https:\\\/\\\/blogdofarnesio.com.br\\\/\",\"logo\":{\"@type\":\"ImageObject\",\"inLanguage\":\"pt-BR\",\"@id\":\"https:\\\/\\\/blogdofarnesio.com.br\\\/#\\\/schema\\\/logo\\\/image\\\/\",\"url\":\"https:\\\/\\\/blogdofarnesio.com.br\\\/wp-content\\\/uploads\\\/2026\\\/03\\\/cropped-logo_new-1.png\",\"contentUrl\":\"https:\\\/\\\/blogdofarnesio.com.br\\\/wp-content\\\/uploads\\\/2026\\\/03\\\/cropped-logo_new-1.png\",\"width\":881,\"height\":685,\"caption\":\"Blog do Farn\u00e9sio\"},\"image\":{\"@id\":\"https:\\\/\\\/blogdofarnesio.com.br\\\/#\\\/schema\\\/logo\\\/image\\\/\"},\"sameAs\":[\"https:\\\/\\\/www.facebook.com\\\/BlogQuerSaberPolitica\\\/\"]},{\"@type\":\"Person\",\"@id\":\"https:\\\/\\\/blogdofarnesio.com.br\\\/#\\\/schema\\\/person\\\/dd1bf5eba40b687199ba45ca6b97dff9\",\"name\":\"teste\",\"image\":{\"@type\":\"ImageObject\",\"inLanguage\":\"pt-BR\",\"@id\":\"https:\\\/\\\/secure.gravatar.com\\\/avatar\\\/2172498d4914b51e1d89a0f97957b035ac4938723a5cac208135d389b6972a6d?s=96&d=mm&r=g\",\"url\":\"https:\\\/\\\/secure.gravatar.com\\\/avatar\\\/2172498d4914b51e1d89a0f97957b035ac4938723a5cac208135d389b6972a6d?s=96&d=mm&r=g\",\"contentUrl\":\"https:\\\/\\\/secure.gravatar.com\\\/avatar\\\/2172498d4914b51e1d89a0f97957b035ac4938723a5cac208135d389b6972a6d?s=96&d=mm&r=g\",\"caption\":\"teste\"},\"url\":\"https:\\\/\\\/blogdofarnesio.com.br\\\/?author=3\"}]}<\/script>\n<!-- \/ Yoast SEO plugin. -->","yoast_head_json":{"title":"Rui Costa confirma apoio do PR ap\u00f3s deslocamento de C\u00e9sar Borges e diz que SDD \u2018descumpriu acordo\u2019 - Blog do Farn\u00e9sio","robots":{"index":"index","follow":"follow","max-snippet":"max-snippet:-1","max-image-preview":"max-image-preview:large","max-video-preview":"max-video-preview:-1"},"canonical":"https:\/\/blogdofarnesio.com.br\/?p=88735","og_locale":"pt_BR","og_type":"article","og_title":"Rui Costa confirma apoio do PR ap\u00f3s deslocamento de C\u00e9sar Borges e diz que SDD \u2018descumpriu acordo\u2019 - Blog do Farn\u00e9sio","og_description":"\u00a0Evil\u00e1sio J\u00fanior \/ Carol Prado BN &#8211; Pactuado nesta quarta-feira (25),\u00a0o deslocamento do atual ministro dos Transportes, C\u00e9sar Borges (PR), para a Secretaria Nacional dos Portos\u00a0tirou um peso das costas do pr\u00e9-candidato petista ao governo da Bahia, o deputado federal Rui Costa. A transfer\u00eancia foi a condi\u00e7\u00e3o apresentada pelo PR para selar apoio \u00e0 reelei\u00e7\u00e3o da presidente Dilma Rousseff (PT) e p\u00f4s fim, de acordo com o parlamentar, \u00e0 possibilidade de a sigla republicana seguir ao lado do oposicionista Paulo Souto (DEM) no estado. \u201cN\u00f3s \u00edamos pagar o pre\u00e7o por um problema nacional. Agora, com a situa\u00e7\u00e3o resolvida, a alian\u00e7a est\u00e1 confirmad\u00edssima\u201d, disse, durante almo\u00e7o com jornalistas em Salvador. Nesta segunda-feira (23), quando o clima ainda era de tens\u00e3o entre&hellip;","og_url":"https:\/\/blogdofarnesio.com.br\/?p=88735","og_site_name":"Blog do Farn\u00e9sio","article_publisher":"https:\/\/www.facebook.com\/BlogQuerSaberPolitica\/","article_published_time":"2014-06-25T20:33:52+00:00","og_image":[{"url":"http:\/\/www.bahianoticias.com.br\/fotos\/principal_noticias\/156363\/xIMAGEM_NOTICIA_5.jpg.pagespeed.ic.rhZJcH0RZN.jpg","type":"","width":"","height":""}],"author":"teste","twitter_card":"summary_large_image","twitter_misc":{"Escrito por":"teste","Est. tempo de leitura":"2 minutos"},"schema":{"@context":"https:\/\/schema.org","@graph":[{"@type":"Article","@id":"https:\/\/blogdofarnesio.com.br\/?p=88735#article","isPartOf":{"@id":"https:\/\/blogdofarnesio.com.br\/?p=88735"},"author":{"name":"teste","@id":"https:\/\/blogdofarnesio.com.br\/#\/schema\/person\/dd1bf5eba40b687199ba45ca6b97dff9"},"headline":"Rui Costa confirma apoio do PR ap\u00f3s deslocamento de C\u00e9sar Borges e diz que SDD \u2018descumpriu acordo\u2019","datePublished":"2014-06-25T20:33:52+00:00","mainEntityOfPage":{"@id":"https:\/\/blogdofarnesio.com.br\/?p=88735"},"wordCount":363,"commentCount":0,"publisher":{"@id":"https:\/\/blogdofarnesio.com.br\/#organization"},"image":{"@id":"https:\/\/blogdofarnesio.com.br\/?p=88735#primaryimage"},"thumbnailUrl":"http:\/\/www.bahianoticias.com.br\/fotos\/principal_noticias\/156363\/xIMAGEM_NOTICIA_5.jpg.pagespeed.ic.rhZJcH0RZN.jpg","articleSection":["Elei\u00e7\u00f5es"],"inLanguage":"pt-BR","potentialAction":[{"@type":"CommentAction","name":"Comment","target":["https:\/\/blogdofarnesio.com.br\/?p=88735#respond"]}]},{"@type":"WebPage","@id":"https:\/\/blogdofarnesio.com.br\/?p=88735","url":"https:\/\/blogdofarnesio.com.br\/?p=88735","name":"Rui Costa confirma apoio do PR ap\u00f3s deslocamento de C\u00e9sar Borges e diz que SDD \u2018descumpriu acordo\u2019 - Blog do Farn\u00e9sio","isPartOf":{"@id":"https:\/\/blogdofarnesio.com.br\/#website"},"primaryImageOfPage":{"@id":"https:\/\/blogdofarnesio.com.br\/?p=88735#primaryimage"},"image":{"@id":"https:\/\/blogdofarnesio.com.br\/?p=88735#primaryimage"},"thumbnailUrl":"http:\/\/www.bahianoticias.com.br\/fotos\/principal_noticias\/156363\/xIMAGEM_NOTICIA_5.jpg.pagespeed.ic.rhZJcH0RZN.jpg","datePublished":"2014-06-25T20:33:52+00:00","breadcrumb":{"@id":"https:\/\/blogdofarnesio.com.br\/?p=88735#breadcrumb"},"inLanguage":"pt-BR","potentialAction":[{"@type":"ReadAction","target":["https:\/\/blogdofarnesio.com.br\/?p=88735"]}]},{"@type":"ImageObject","inLanguage":"pt-BR","@id":"https:\/\/blogdofarnesio.com.br\/?p=88735#primaryimage","url":"http:\/\/www.bahianoticias.com.br\/fotos\/principal_noticias\/156363\/xIMAGEM_NOTICIA_5.jpg.pagespeed.ic.rhZJcH0RZN.jpg","contentUrl":"http:\/\/www.bahianoticias.com.br\/fotos\/principal_noticias\/156363\/xIMAGEM_NOTICIA_5.jpg.pagespeed.ic.rhZJcH0RZN.jpg"},{"@type":"BreadcrumbList","@id":"https:\/\/blogdofarnesio.com.br\/?p=88735#breadcrumb","itemListElement":[{"@type":"ListItem","position":1,"name":"In\u00edcio","item":"https:\/\/blogdofarnesio.com.br\/"},{"@type":"ListItem","position":2,"name":"Rui Costa confirma apoio do PR ap\u00f3s deslocamento de C\u00e9sar Borges e diz que SDD \u2018descumpriu acordo\u2019"}]},{"@type":"WebSite","@id":"https:\/\/blogdofarnesio.com.br\/#website","url":"https:\/\/blogdofarnesio.com.br\/","name":"Blog do Farn\u00e9sio","description":"Quer Saber Pol\u00edtica?","publisher":{"@id":"https:\/\/blogdofarnesio.com.br\/#organization"},"potentialAction":[{"@type":"SearchAction","target":{"@type":"EntryPoint","urlTemplate":"https:\/\/blogdofarnesio.com.br\/?s={search_term_string}"},"query-input":{"@type":"PropertyValueSpecification","valueRequired":true,"valueName":"search_term_string"}}],"inLanguage":"pt-BR"},{"@type":"Organization","@id":"https:\/\/blogdofarnesio.com.br\/#organization","name":"Blog do Farn\u00e9sio","url":"https:\/\/blogdofarnesio.com.br\/","logo":{"@type":"ImageObject","inLanguage":"pt-BR","@id":"https:\/\/blogdofarnesio.com.br\/#\/schema\/logo\/image\/","url":"https:\/\/blogdofarnesio.com.br\/wp-content\/uploads\/2026\/03\/cropped-logo_new-1.png","contentUrl":"https:\/\/blogdofarnesio.com.br\/wp-content\/uploads\/2026\/03\/cropped-logo_new-1.png","width":881,"height":685,"caption":"Blog do Farn\u00e9sio"},"image":{"@id":"https:\/\/blogdofarnesio.com.br\/#\/schema\/logo\/image\/"},"sameAs":["https:\/\/www.facebook.com\/BlogQuerSaberPolitica\/"]},{"@type":"Person","@id":"https:\/\/blogdofarnesio.com.br\/#\/schema\/person\/dd1bf5eba40b687199ba45ca6b97dff9","name":"teste","image":{"@type":"ImageObject","inLanguage":"pt-BR","@id":"https:\/\/secure.gravatar.com\/avatar\/2172498d4914b51e1d89a0f97957b035ac4938723a5cac208135d389b6972a6d?s=96&d=mm&r=g","url":"https:\/\/secure.gravatar.com\/avatar\/2172498d4914b51e1d89a0f97957b035ac4938723a5cac208135d389b6972a6d?s=96&d=mm&r=g","contentUrl":"https:\/\/secure.gravatar.com\/avatar\/2172498d4914b51e1d89a0f97957b035ac4938723a5cac208135d389b6972a6d?s=96&d=mm&r=g","caption":"teste"},"url":"https:\/\/blogdofarnesio.com.br\/?author=3"}]}},"_links":{"self":[{"href":"https:\/\/blogdofarnesio.com.br\/index.php?rest_route=\/wp\/v2\/posts\/88735","targetHints":{"allow":["GET"]}}],"collection":[{"href":"https:\/\/blogdofarnesio.com.br\/index.php?rest_route=\/wp\/v2\/posts"}],"about":[{"href":"https:\/\/blogdofarnesio.com.br\/index.php?rest_route=\/wp\/v2\/types\/post"}],"author":[{"embeddable":true,"href":"https:\/\/blogdofarnesio.com.br\/index.php?rest_route=\/wp\/v2\/users\/3"}],"replies":[{"embeddable":true,"href":"https:\/\/blogdofarnesio.com.br\/index.php?rest_route=%2Fwp%2Fv2%2Fcomments&post=88735"}],"version-history":[{"count":0,"href":"https:\/\/blogdofarnesio.com.br\/index.php?rest_route=\/wp\/v2\/posts\/88735\/revisions"}],"wp:attachment":[{"href":"https:\/\/blogdofarnesio.com.br\/index.php?rest_route=%2Fwp%2Fv2%2Fmedia&parent=88735"}],"wp:term":[{"taxonomy":"category","embeddable":true,"href":"https:\/\/blogdofarnesio.com.br\/index.php?rest_route=%2Fwp%2Fv2%2Fcategories&post=88735"},{"taxonomy":"post_tag","embeddable":true,"href":"https:\/\/blogdofarnesio.com.br\/index.php?rest_route=%2Fwp%2Fv2%2Ftags&post=88735"}],"curies":[{"name":"wp","href":"https:\/\/api.w.org\/{rel}","templated":true}]}}