{"id":88717,"date":"2014-06-25T15:23:51","date_gmt":"2014-06-25T18:23:51","guid":{"rendered":"http:\/\/www.quersaberpolitica.com.br\/?p=88717"},"modified":"2014-06-25T15:14:00","modified_gmt":"2014-06-25T18:14:00","slug":"xote-sertanejo-e-baiao-assim-foi-a-4a-noite-do-sao-joao-do-vale","status":"publish","type":"post","link":"https:\/\/blogdofarnesio.com.br\/?p=88717","title":{"rendered":"XOTE, SERTANEJO E BAI\u00c3O , ASSIM FOI A 4\u00aa NOITE DO S\u00c3O JO\u00c3O DO VALE. JORGE E MATHEUS COMANDAM A FESTA DESTA QUINTA"},"content":{"rendered":"<p style=\"text-align: justify\"><a href=\"http:\/\/www.quersaberpolitica.com.br\/2016\/wp-content\/uploads\/2014\/06\/unnamed314.jpg\"><img loading=\"lazy\" decoding=\"async\" class=\"alignleft size-full wp-image-88718\" alt=\"unnamed\" src=\"http:\/\/www.quersaberpolitica.com.br\/2016\/wp-content\/uploads\/2014\/06\/unnamed314.jpg\" width=\"218\" height=\"146\" \/><\/a>A quarta noite do S\u00e3o Jo\u00e3o do Vale, nessa ter\u00e7a ( 24), trouxe um grande p\u00fablico ao P\u00e1tio de Eventos Ana das Carrancas. A cantora Fabiana Santiago entrou no palco \u00e0s 22 hs, com um repertorio de muitos xotes e bai\u00e3o.<\/p>\n<p style=\"text-align: justify\">O S\u00e3o Jo\u00e3o do vale espera para essa \u00a0noite de quinta (25), um p\u00fablico recorde para o show de\u00a0 Jorge e Matheus, grandes\u00a0 \u00cddolos\u00a0 do p\u00fablico. Passar\u00e3o ainda no festejo junino, que vai at\u00e9 o dia (28), Avi\u00f5es do Forr\u00f3, Cezar Menotti e Fabiano e Saulo Fernandes.<\/p>\n<p style=\"text-align: justify\">A estrutura utilizada pela prefeitura de Petrolina foi elogiada por artistas que tem passado pela festa, como \u00a0os cantores sertanejos, Munhoz e Mariano, e segundo eles, essa\u00a0 \u00e9 a primeira vez que se apresentam em trio el\u00e9trico. \u00a0De acordo com o produtor\u00a0 executivo, respons\u00e1vel t\u00e9cnico pelo S\u00e3o Jo\u00e3o do Vale,\u00a0 Didi de Recife,\u00a0 os dois trios usados s\u00e3o os mais solicitados por grandes nomes do cen\u00e1rio musical como: Ivete Sangalo, Claudia Leite,\u00a0 Psirico e Daniela Mercury.<!--more--><\/p>\n<p style=\"text-align: justify\">\u00a0O trio Barret\u00e3o e o trio Light possui as melhores mesas de som do Brasil, com infraestrutura invej\u00e1vel, contendo cada um dois camarins, banheiros e sa\u00eddas de emerg\u00eancia.Com uma ampla \u00a0\u00e1rea de apresenta\u00e7\u00e3o que proporciona\u00a0 bastante conforto aos artistas. O produtor frisou ainda que\u00a0 existam seis caixas de som distribu\u00eddas uniformemente em toda extens\u00e3o do evento, garantindo um longo alcance do \u00e1udio.<\/p>\n<p style=\"text-align: justify\">Por volta de 1h, subiu ao \u00a0palco o sertanejo Gustavo Lima para del\u00edrio das f\u00e3s que o aguardavam ansiosamente. Para o cantor a expectativa do show \u00e9 a melhor poss\u00edvel, destacando que essa \u00e9 a terceira vez que se apresenta em Petrolina.\u00a0 No show ele cantou musicas rom\u00e2nticas e el\u00e9tricas,\u00a0 quase todas ovacionadas pelo p\u00fablico que cantou junto.<\/p>\n<p style=\"text-align: justify\">Depois foi a vez de Sirano e Sirino que mostrou um respeit\u00e1vel forro de tradi\u00e7\u00e3o, que incluiu grandes cl\u00e1ssicos juninos.<\/p>\n<p style=\"text-align: justify\">Finalizando a noite a cantora Irah Caldeira subiu no trio \u00e0s 3h50, mostrando um\u00a0 autentico forro pernambucano e para surpresa do p\u00fablico, Gustavo Lima volta ao palco para prestigiar a cantora e faz com ela uma tabelinha cantando<i> Espumas ao Vento.<\/i><\/p>\n<div style=\"text-align: justify\"><\/div>\n","protected":false},"excerpt":{"rendered":"<p>A quarta noite do S\u00e3o Jo\u00e3o do Vale, nessa ter\u00e7a ( 24), trouxe um grande p\u00fablico ao P\u00e1tio de Eventos Ana das Carrancas. A cantora Fabiana Santiago entrou no palco \u00e0s 22 hs, com um repertorio de muitos xotes e bai\u00e3o. O S\u00e3o Jo\u00e3o do vale espera para essa \u00a0noite de quinta (25), um p\u00fablico recorde para o show de\u00a0 Jorge e Matheus, grandes\u00a0 \u00cddolos\u00a0 do p\u00fablico. Passar\u00e3o ainda no festejo junino, que vai at\u00e9 o dia (28), Avi\u00f5es do Forr\u00f3, Cezar Menotti e Fabiano e Saulo Fernandes. A estrutura utilizada pela prefeitura de Petrolina foi elogiada por artistas que tem passado pela festa, como \u00a0os cantores sertanejos, Munhoz e Mariano, e segundo eles, essa\u00a0 \u00e9 a primeira vez que&hellip; <\/p>\n","protected":false},"author":3,"featured_media":0,"comment_status":"open","ping_status":"open","sticky":false,"template":"","format":"standard","meta":{"_acf_changed":false,"footnotes":""},"categories":[10],"tags":[],"class_list":["post-88717","post","type-post","status-publish","format-standard","hentry","category-cultura"],"acf":[],"yoast_head":"<!-- This site is optimized with the Yoast SEO plugin v27.4 - https:\/\/yoast.com\/product\/yoast-seo-wordpress\/ -->\n<title>XOTE, SERTANEJO E BAI\u00c3O , ASSIM FOI A 4\u00aa NOITE DO S\u00c3O JO\u00c3O DO VALE. JORGE E MATHEUS COMANDAM A FESTA DESTA QUINTA - Blog do Farn\u00e9sio<\/title>\n<meta name=\"robots\" content=\"index, follow, max-snippet:-1, max-image-preview:large, max-video-preview:-1\" \/>\n<link rel=\"canonical\" href=\"https:\/\/blogdofarnesio.com.br\/?p=88717\" \/>\n<meta property=\"og:locale\" content=\"pt_BR\" \/>\n<meta property=\"og:type\" content=\"article\" \/>\n<meta property=\"og:title\" content=\"XOTE, SERTANEJO E BAI\u00c3O , ASSIM FOI A 4\u00aa NOITE DO S\u00c3O JO\u00c3O DO VALE. JORGE E MATHEUS COMANDAM A FESTA DESTA QUINTA - Blog do Farn\u00e9sio\" \/>\n<meta property=\"og:description\" content=\"A quarta noite do S\u00e3o Jo\u00e3o do Vale, nessa ter\u00e7a ( 24), trouxe um grande p\u00fablico ao P\u00e1tio de Eventos Ana das Carrancas. A cantora Fabiana Santiago entrou no palco \u00e0s 22 hs, com um repertorio de muitos xotes e bai\u00e3o. O S\u00e3o Jo\u00e3o do vale espera para essa \u00a0noite de quinta (25), um p\u00fablico recorde para o show de\u00a0 Jorge e Matheus, grandes\u00a0 \u00cddolos\u00a0 do p\u00fablico. Passar\u00e3o ainda no festejo junino, que vai at\u00e9 o dia (28), Avi\u00f5es do Forr\u00f3, Cezar Menotti e Fabiano e Saulo Fernandes. A estrutura utilizada pela prefeitura de Petrolina foi elogiada por artistas que tem passado pela festa, como \u00a0os cantores sertanejos, Munhoz e Mariano, e segundo eles, essa\u00a0 \u00e9 a primeira vez que&hellip;\" \/>\n<meta property=\"og:url\" content=\"https:\/\/blogdofarnesio.com.br\/?p=88717\" \/>\n<meta property=\"og:site_name\" content=\"Blog do Farn\u00e9sio\" \/>\n<meta property=\"article:publisher\" content=\"https:\/\/www.facebook.com\/BlogQuerSaberPolitica\/\" \/>\n<meta property=\"article:published_time\" content=\"2014-06-25T18:23:51+00:00\" \/>\n<meta property=\"og:image\" content=\"http:\/\/www.quersaberpolitica.com.br\/2016\/wp-content\/uploads\/2014\/06\/unnamed314.jpg\" \/>\n<meta name=\"author\" content=\"teste\" \/>\n<meta name=\"twitter:card\" content=\"summary_large_image\" \/>\n<meta name=\"twitter:label1\" content=\"Escrito por\" \/>\n\t<meta name=\"twitter:data1\" content=\"teste\" \/>\n\t<meta name=\"twitter:label2\" content=\"Est. tempo de leitura\" \/>\n\t<meta name=\"twitter:data2\" content=\"2 minutos\" \/>\n<script type=\"application\/ld+json\" class=\"yoast-schema-graph\">{\"@context\":\"https:\\\/\\\/schema.org\",\"@graph\":[{\"@type\":\"Article\",\"@id\":\"https:\\\/\\\/blogdofarnesio.com.br\\\/?p=88717#article\",\"isPartOf\":{\"@id\":\"https:\\\/\\\/blogdofarnesio.com.br\\\/?p=88717\"},\"author\":{\"name\":\"teste\",\"@id\":\"https:\\\/\\\/blogdofarnesio.com.br\\\/#\\\/schema\\\/person\\\/dd1bf5eba40b687199ba45ca6b97dff9\"},\"headline\":\"XOTE, SERTANEJO E BAI\u00c3O , ASSIM FOI A 4\u00aa NOITE DO S\u00c3O JO\u00c3O DO VALE. JORGE E MATHEUS COMANDAM A FESTA DESTA QUINTA\",\"datePublished\":\"2014-06-25T18:23:51+00:00\",\"mainEntityOfPage\":{\"@id\":\"https:\\\/\\\/blogdofarnesio.com.br\\\/?p=88717\"},\"wordCount\":398,\"commentCount\":0,\"publisher\":{\"@id\":\"https:\\\/\\\/blogdofarnesio.com.br\\\/#organization\"},\"image\":{\"@id\":\"https:\\\/\\\/blogdofarnesio.com.br\\\/?p=88717#primaryimage\"},\"thumbnailUrl\":\"http:\\\/\\\/www.quersaberpolitica.com.br\\\/2016\\\/wp-content\\\/uploads\\\/2014\\\/06\\\/unnamed314.jpg\",\"articleSection\":[\"Cultura\"],\"inLanguage\":\"pt-BR\",\"potentialAction\":[{\"@type\":\"CommentAction\",\"name\":\"Comment\",\"target\":[\"https:\\\/\\\/blogdofarnesio.com.br\\\/?p=88717#respond\"]}]},{\"@type\":\"WebPage\",\"@id\":\"https:\\\/\\\/blogdofarnesio.com.br\\\/?p=88717\",\"url\":\"https:\\\/\\\/blogdofarnesio.com.br\\\/?p=88717\",\"name\":\"XOTE, SERTANEJO E BAI\u00c3O , ASSIM FOI A 4\u00aa NOITE DO S\u00c3O JO\u00c3O DO VALE. JORGE E MATHEUS COMANDAM A FESTA DESTA QUINTA - Blog do Farn\u00e9sio\",\"isPartOf\":{\"@id\":\"https:\\\/\\\/blogdofarnesio.com.br\\\/#website\"},\"primaryImageOfPage\":{\"@id\":\"https:\\\/\\\/blogdofarnesio.com.br\\\/?p=88717#primaryimage\"},\"image\":{\"@id\":\"https:\\\/\\\/blogdofarnesio.com.br\\\/?p=88717#primaryimage\"},\"thumbnailUrl\":\"http:\\\/\\\/www.quersaberpolitica.com.br\\\/2016\\\/wp-content\\\/uploads\\\/2014\\\/06\\\/unnamed314.jpg\",\"datePublished\":\"2014-06-25T18:23:51+00:00\",\"breadcrumb\":{\"@id\":\"https:\\\/\\\/blogdofarnesio.com.br\\\/?p=88717#breadcrumb\"},\"inLanguage\":\"pt-BR\",\"potentialAction\":[{\"@type\":\"ReadAction\",\"target\":[\"https:\\\/\\\/blogdofarnesio.com.br\\\/?p=88717\"]}]},{\"@type\":\"ImageObject\",\"inLanguage\":\"pt-BR\",\"@id\":\"https:\\\/\\\/blogdofarnesio.com.br\\\/?p=88717#primaryimage\",\"url\":\"http:\\\/\\\/www.quersaberpolitica.com.br\\\/2016\\\/wp-content\\\/uploads\\\/2014\\\/06\\\/unnamed314.jpg\",\"contentUrl\":\"http:\\\/\\\/www.quersaberpolitica.com.br\\\/2016\\\/wp-content\\\/uploads\\\/2014\\\/06\\\/unnamed314.jpg\"},{\"@type\":\"BreadcrumbList\",\"@id\":\"https:\\\/\\\/blogdofarnesio.com.br\\\/?p=88717#breadcrumb\",\"itemListElement\":[{\"@type\":\"ListItem\",\"position\":1,\"name\":\"In\u00edcio\",\"item\":\"https:\\\/\\\/blogdofarnesio.com.br\\\/\"},{\"@type\":\"ListItem\",\"position\":2,\"name\":\"XOTE, SERTANEJO E BAI\u00c3O , ASSIM FOI A 4\u00aa NOITE DO S\u00c3O JO\u00c3O DO VALE. JORGE E MATHEUS COMANDAM A FESTA DESTA QUINTA\"}]},{\"@type\":\"WebSite\",\"@id\":\"https:\\\/\\\/blogdofarnesio.com.br\\\/#website\",\"url\":\"https:\\\/\\\/blogdofarnesio.com.br\\\/\",\"name\":\"Blog do Farn\u00e9sio\",\"description\":\"Quer Saber Pol\u00edtica?\",\"publisher\":{\"@id\":\"https:\\\/\\\/blogdofarnesio.com.br\\\/#organization\"},\"potentialAction\":[{\"@type\":\"SearchAction\",\"target\":{\"@type\":\"EntryPoint\",\"urlTemplate\":\"https:\\\/\\\/blogdofarnesio.com.br\\\/?s={search_term_string}\"},\"query-input\":{\"@type\":\"PropertyValueSpecification\",\"valueRequired\":true,\"valueName\":\"search_term_string\"}}],\"inLanguage\":\"pt-BR\"},{\"@type\":\"Organization\",\"@id\":\"https:\\\/\\\/blogdofarnesio.com.br\\\/#organization\",\"name\":\"Blog do Farn\u00e9sio\",\"url\":\"https:\\\/\\\/blogdofarnesio.com.br\\\/\",\"logo\":{\"@type\":\"ImageObject\",\"inLanguage\":\"pt-BR\",\"@id\":\"https:\\\/\\\/blogdofarnesio.com.br\\\/#\\\/schema\\\/logo\\\/image\\\/\",\"url\":\"https:\\\/\\\/blogdofarnesio.com.br\\\/wp-content\\\/uploads\\\/2026\\\/03\\\/cropped-logo_new-1.png\",\"contentUrl\":\"https:\\\/\\\/blogdofarnesio.com.br\\\/wp-content\\\/uploads\\\/2026\\\/03\\\/cropped-logo_new-1.png\",\"width\":881,\"height\":685,\"caption\":\"Blog do Farn\u00e9sio\"},\"image\":{\"@id\":\"https:\\\/\\\/blogdofarnesio.com.br\\\/#\\\/schema\\\/logo\\\/image\\\/\"},\"sameAs\":[\"https:\\\/\\\/www.facebook.com\\\/BlogQuerSaberPolitica\\\/\"]},{\"@type\":\"Person\",\"@id\":\"https:\\\/\\\/blogdofarnesio.com.br\\\/#\\\/schema\\\/person\\\/dd1bf5eba40b687199ba45ca6b97dff9\",\"name\":\"teste\",\"image\":{\"@type\":\"ImageObject\",\"inLanguage\":\"pt-BR\",\"@id\":\"https:\\\/\\\/secure.gravatar.com\\\/avatar\\\/2172498d4914b51e1d89a0f97957b035ac4938723a5cac208135d389b6972a6d?s=96&d=mm&r=g\",\"url\":\"https:\\\/\\\/secure.gravatar.com\\\/avatar\\\/2172498d4914b51e1d89a0f97957b035ac4938723a5cac208135d389b6972a6d?s=96&d=mm&r=g\",\"contentUrl\":\"https:\\\/\\\/secure.gravatar.com\\\/avatar\\\/2172498d4914b51e1d89a0f97957b035ac4938723a5cac208135d389b6972a6d?s=96&d=mm&r=g\",\"caption\":\"teste\"},\"url\":\"https:\\\/\\\/blogdofarnesio.com.br\\\/?author=3\"}]}<\/script>\n<!-- \/ Yoast SEO plugin. -->","yoast_head_json":{"title":"XOTE, SERTANEJO E BAI\u00c3O , ASSIM FOI A 4\u00aa NOITE DO S\u00c3O JO\u00c3O DO VALE. JORGE E MATHEUS COMANDAM A FESTA DESTA QUINTA - Blog do Farn\u00e9sio","robots":{"index":"index","follow":"follow","max-snippet":"max-snippet:-1","max-image-preview":"max-image-preview:large","max-video-preview":"max-video-preview:-1"},"canonical":"https:\/\/blogdofarnesio.com.br\/?p=88717","og_locale":"pt_BR","og_type":"article","og_title":"XOTE, SERTANEJO E BAI\u00c3O , ASSIM FOI A 4\u00aa NOITE DO S\u00c3O JO\u00c3O DO VALE. JORGE E MATHEUS COMANDAM A FESTA DESTA QUINTA - Blog do Farn\u00e9sio","og_description":"A quarta noite do S\u00e3o Jo\u00e3o do Vale, nessa ter\u00e7a ( 24), trouxe um grande p\u00fablico ao P\u00e1tio de Eventos Ana das Carrancas. A cantora Fabiana Santiago entrou no palco \u00e0s 22 hs, com um repertorio de muitos xotes e bai\u00e3o. O S\u00e3o Jo\u00e3o do vale espera para essa \u00a0noite de quinta (25), um p\u00fablico recorde para o show de\u00a0 Jorge e Matheus, grandes\u00a0 \u00cddolos\u00a0 do p\u00fablico. Passar\u00e3o ainda no festejo junino, que vai at\u00e9 o dia (28), Avi\u00f5es do Forr\u00f3, Cezar Menotti e Fabiano e Saulo Fernandes. A estrutura utilizada pela prefeitura de Petrolina foi elogiada por artistas que tem passado pela festa, como \u00a0os cantores sertanejos, Munhoz e Mariano, e segundo eles, essa\u00a0 \u00e9 a primeira vez que&hellip;","og_url":"https:\/\/blogdofarnesio.com.br\/?p=88717","og_site_name":"Blog do Farn\u00e9sio","article_publisher":"https:\/\/www.facebook.com\/BlogQuerSaberPolitica\/","article_published_time":"2014-06-25T18:23:51+00:00","og_image":[{"url":"http:\/\/www.quersaberpolitica.com.br\/2016\/wp-content\/uploads\/2014\/06\/unnamed314.jpg","type":"","width":"","height":""}],"author":"teste","twitter_card":"summary_large_image","twitter_misc":{"Escrito por":"teste","Est. tempo de leitura":"2 minutos"},"schema":{"@context":"https:\/\/schema.org","@graph":[{"@type":"Article","@id":"https:\/\/blogdofarnesio.com.br\/?p=88717#article","isPartOf":{"@id":"https:\/\/blogdofarnesio.com.br\/?p=88717"},"author":{"name":"teste","@id":"https:\/\/blogdofarnesio.com.br\/#\/schema\/person\/dd1bf5eba40b687199ba45ca6b97dff9"},"headline":"XOTE, SERTANEJO E BAI\u00c3O , ASSIM FOI A 4\u00aa NOITE DO S\u00c3O JO\u00c3O DO VALE. JORGE E MATHEUS COMANDAM A FESTA DESTA QUINTA","datePublished":"2014-06-25T18:23:51+00:00","mainEntityOfPage":{"@id":"https:\/\/blogdofarnesio.com.br\/?p=88717"},"wordCount":398,"commentCount":0,"publisher":{"@id":"https:\/\/blogdofarnesio.com.br\/#organization"},"image":{"@id":"https:\/\/blogdofarnesio.com.br\/?p=88717#primaryimage"},"thumbnailUrl":"http:\/\/www.quersaberpolitica.com.br\/2016\/wp-content\/uploads\/2014\/06\/unnamed314.jpg","articleSection":["Cultura"],"inLanguage":"pt-BR","potentialAction":[{"@type":"CommentAction","name":"Comment","target":["https:\/\/blogdofarnesio.com.br\/?p=88717#respond"]}]},{"@type":"WebPage","@id":"https:\/\/blogdofarnesio.com.br\/?p=88717","url":"https:\/\/blogdofarnesio.com.br\/?p=88717","name":"XOTE, SERTANEJO E BAI\u00c3O , ASSIM FOI A 4\u00aa NOITE DO S\u00c3O JO\u00c3O DO VALE. JORGE E MATHEUS COMANDAM A FESTA DESTA QUINTA - Blog do Farn\u00e9sio","isPartOf":{"@id":"https:\/\/blogdofarnesio.com.br\/#website"},"primaryImageOfPage":{"@id":"https:\/\/blogdofarnesio.com.br\/?p=88717#primaryimage"},"image":{"@id":"https:\/\/blogdofarnesio.com.br\/?p=88717#primaryimage"},"thumbnailUrl":"http:\/\/www.quersaberpolitica.com.br\/2016\/wp-content\/uploads\/2014\/06\/unnamed314.jpg","datePublished":"2014-06-25T18:23:51+00:00","breadcrumb":{"@id":"https:\/\/blogdofarnesio.com.br\/?p=88717#breadcrumb"},"inLanguage":"pt-BR","potentialAction":[{"@type":"ReadAction","target":["https:\/\/blogdofarnesio.com.br\/?p=88717"]}]},{"@type":"ImageObject","inLanguage":"pt-BR","@id":"https:\/\/blogdofarnesio.com.br\/?p=88717#primaryimage","url":"http:\/\/www.quersaberpolitica.com.br\/2016\/wp-content\/uploads\/2014\/06\/unnamed314.jpg","contentUrl":"http:\/\/www.quersaberpolitica.com.br\/2016\/wp-content\/uploads\/2014\/06\/unnamed314.jpg"},{"@type":"BreadcrumbList","@id":"https:\/\/blogdofarnesio.com.br\/?p=88717#breadcrumb","itemListElement":[{"@type":"ListItem","position":1,"name":"In\u00edcio","item":"https:\/\/blogdofarnesio.com.br\/"},{"@type":"ListItem","position":2,"name":"XOTE, SERTANEJO E BAI\u00c3O , ASSIM FOI A 4\u00aa NOITE DO S\u00c3O JO\u00c3O DO VALE. JORGE E MATHEUS COMANDAM A FESTA DESTA QUINTA"}]},{"@type":"WebSite","@id":"https:\/\/blogdofarnesio.com.br\/#website","url":"https:\/\/blogdofarnesio.com.br\/","name":"Blog do Farn\u00e9sio","description":"Quer Saber Pol\u00edtica?","publisher":{"@id":"https:\/\/blogdofarnesio.com.br\/#organization"},"potentialAction":[{"@type":"SearchAction","target":{"@type":"EntryPoint","urlTemplate":"https:\/\/blogdofarnesio.com.br\/?s={search_term_string}"},"query-input":{"@type":"PropertyValueSpecification","valueRequired":true,"valueName":"search_term_string"}}],"inLanguage":"pt-BR"},{"@type":"Organization","@id":"https:\/\/blogdofarnesio.com.br\/#organization","name":"Blog do Farn\u00e9sio","url":"https:\/\/blogdofarnesio.com.br\/","logo":{"@type":"ImageObject","inLanguage":"pt-BR","@id":"https:\/\/blogdofarnesio.com.br\/#\/schema\/logo\/image\/","url":"https:\/\/blogdofarnesio.com.br\/wp-content\/uploads\/2026\/03\/cropped-logo_new-1.png","contentUrl":"https:\/\/blogdofarnesio.com.br\/wp-content\/uploads\/2026\/03\/cropped-logo_new-1.png","width":881,"height":685,"caption":"Blog do Farn\u00e9sio"},"image":{"@id":"https:\/\/blogdofarnesio.com.br\/#\/schema\/logo\/image\/"},"sameAs":["https:\/\/www.facebook.com\/BlogQuerSaberPolitica\/"]},{"@type":"Person","@id":"https:\/\/blogdofarnesio.com.br\/#\/schema\/person\/dd1bf5eba40b687199ba45ca6b97dff9","name":"teste","image":{"@type":"ImageObject","inLanguage":"pt-BR","@id":"https:\/\/secure.gravatar.com\/avatar\/2172498d4914b51e1d89a0f97957b035ac4938723a5cac208135d389b6972a6d?s=96&d=mm&r=g","url":"https:\/\/secure.gravatar.com\/avatar\/2172498d4914b51e1d89a0f97957b035ac4938723a5cac208135d389b6972a6d?s=96&d=mm&r=g","contentUrl":"https:\/\/secure.gravatar.com\/avatar\/2172498d4914b51e1d89a0f97957b035ac4938723a5cac208135d389b6972a6d?s=96&d=mm&r=g","caption":"teste"},"url":"https:\/\/blogdofarnesio.com.br\/?author=3"}]}},"_links":{"self":[{"href":"https:\/\/blogdofarnesio.com.br\/index.php?rest_route=\/wp\/v2\/posts\/88717","targetHints":{"allow":["GET"]}}],"collection":[{"href":"https:\/\/blogdofarnesio.com.br\/index.php?rest_route=\/wp\/v2\/posts"}],"about":[{"href":"https:\/\/blogdofarnesio.com.br\/index.php?rest_route=\/wp\/v2\/types\/post"}],"author":[{"embeddable":true,"href":"https:\/\/blogdofarnesio.com.br\/index.php?rest_route=\/wp\/v2\/users\/3"}],"replies":[{"embeddable":true,"href":"https:\/\/blogdofarnesio.com.br\/index.php?rest_route=%2Fwp%2Fv2%2Fcomments&post=88717"}],"version-history":[{"count":0,"href":"https:\/\/blogdofarnesio.com.br\/index.php?rest_route=\/wp\/v2\/posts\/88717\/revisions"}],"wp:attachment":[{"href":"https:\/\/blogdofarnesio.com.br\/index.php?rest_route=%2Fwp%2Fv2%2Fmedia&parent=88717"}],"wp:term":[{"taxonomy":"category","embeddable":true,"href":"https:\/\/blogdofarnesio.com.br\/index.php?rest_route=%2Fwp%2Fv2%2Fcategories&post=88717"},{"taxonomy":"post_tag","embeddable":true,"href":"https:\/\/blogdofarnesio.com.br\/index.php?rest_route=%2Fwp%2Fv2%2Ftags&post=88717"}],"curies":[{"name":"wp","href":"https:\/\/api.w.org\/{rel}","templated":true}]}}