{"id":88714,"date":"2014-06-25T17:00:01","date_gmt":"2014-06-25T20:00:01","guid":{"rendered":"http:\/\/www.quersaberpolitica.com.br\/?p=88714"},"modified":"2014-06-25T15:49:07","modified_gmt":"2014-06-25T18:49:07","slug":"deputado-amauri-faz-plenaria-neste-domingo-29-para-decidir-destino-das-emendas-parlamentares-em-juazeiro","status":"publish","type":"post","link":"https:\/\/blogdofarnesio.com.br\/?p=88714","title":{"rendered":"DEPUTADO AMAURI FAZ PLEN\u00c1RIA NESTE DOMINGO (29) PARA DECIDIR DESTINO DAS EMENDAS PARLAMENTARES EM JUAZEIRO"},"content":{"rendered":"<div style=\"text-align: justify\"><a href=\"http:\/\/www.quersaberpolitica.com.br\/2016\/wp-content\/uploads\/2014\/06\/unnamed313.jpg\"><img loading=\"lazy\" decoding=\"async\" class=\"aligncenter size-full wp-image-88715\" alt=\"unnamed\" src=\"http:\/\/www.quersaberpolitica.com.br\/2016\/wp-content\/uploads\/2014\/06\/unnamed313.jpg\" width=\"448\" height=\"186\" srcset=\"https:\/\/blogdofarnesio.com.br\/wp-content\/uploads\/2014\/06\/unnamed313.jpg 448w, https:\/\/blogdofarnesio.com.br\/wp-content\/uploads\/2014\/06\/unnamed313-300x124.jpg 300w\" sizes=\"auto, (max-width: 448px) 100vw, 448px\" \/><\/a>Pela primeira vez, a popula\u00e7\u00e3o de Juazeiro e regi\u00e3o vai decidir como e onde gastar o dinheiro previsto atrav\u00e9s das emendas parlamentares de um deputado baiano. Trata-se do deputado federal Amauri Teixeira (PT\/BA), que realiza no dia 29 de junho (domingo), \u00e0s 9h, no audit\u00f3rio da Escola Modelo, em frente a Rodovi\u00e1ria de Juazeiro, a \u00faltima plen\u00e1ria das Emendas Participativas. Na ocasi\u00e3o, a plen\u00e1ria territorial vai definir o uso dos recursos das emendas parlamentares para as \u00e1reas de sa\u00fade, educa\u00e7\u00e3o, agricultura, infra-estrutura, esporte e cultura.<\/div>\n<div style=\"text-align: justify\"><\/div>\n<div style=\"text-align: justify\">Ao todo, o deputado conta com um total de R$ 15 milh\u00f5es em emendas parlamentares. Entre os 39 deputados baianos, Amauri Teixeira \u00e9 o \u00fanico que resolveu discutir abertamente o destino desses recursos juntamente com a popula\u00e7\u00e3o. No Brasil, apenas tr\u00eas deputados federais realizam o processo deliberativo: Vicentinho (PT\/SP), Glauber Braga (PSB\/RJ) e Amauri Teixeira (PT\/BA).<!--more--><\/div>\n<div style=\"text-align: justify\"><\/div>\n<div style=\"text-align: justify\">Ap\u00f3s percorrer os munic\u00edpios de Teixeira de Freitas, Irec\u00ea, Santo Ant\u00f4nio de Jesus, Jacobina e Pintadas, o deputado Amauri Teixeira conclui em Juazeiro um total de seis plen\u00e1rias territoriais para definir as principais prioridades na \u00e1rea de sa\u00fade, educa\u00e7\u00e3o, agricultura, infra-estrutura, cultura e esporte. A expectativa do evento \u00e9 mobilizar ativistas dos territ\u00f3rios do Sert\u00e3o do S\u00e3o Francisco e do Piemonte da Diamantina.<\/div>\n<div>\n<div id=\":q6\"><img decoding=\"async\" alt=\"\" src=\"https:\/\/mail.google.com\/mail\/u\/0\/images\/cleardot.gif\" \/><\/div>\n<\/div>\n","protected":false},"excerpt":{"rendered":"<p>Pela primeira vez, a popula\u00e7\u00e3o de Juazeiro e regi\u00e3o vai decidir como e onde gastar o dinheiro previsto atrav\u00e9s das emendas parlamentares de um deputado baiano. Trata-se do deputado federal Amauri Teixeira (PT\/BA), que realiza no dia 29 de junho (domingo), \u00e0s 9h, no audit\u00f3rio da Escola Modelo, em frente a Rodovi\u00e1ria de Juazeiro, a \u00faltima plen\u00e1ria das Emendas Participativas. Na ocasi\u00e3o, a plen\u00e1ria territorial vai definir o uso dos recursos das emendas parlamentares para as \u00e1reas de sa\u00fade, educa\u00e7\u00e3o, agricultura, infra-estrutura, esporte e cultura. Ao todo, o deputado conta com um total de R$ 15 milh\u00f5es em emendas parlamentares. Entre os 39 deputados baianos, Amauri Teixeira \u00e9 o \u00fanico que resolveu discutir abertamente o destino desses recursos juntamente com&hellip; <\/p>\n","protected":false},"author":3,"featured_media":0,"comment_status":"open","ping_status":"open","sticky":false,"template":"","format":"standard","meta":{"_acf_changed":false,"footnotes":""},"categories":[1],"tags":[],"class_list":["post-88714","post","type-post","status-publish","format-standard","hentry","category-politica"],"acf":[],"yoast_head":"<!-- This site is optimized with the Yoast SEO plugin v27.4 - https:\/\/yoast.com\/product\/yoast-seo-wordpress\/ -->\n<title>DEPUTADO AMAURI FAZ PLEN\u00c1RIA NESTE DOMINGO (29) PARA DECIDIR DESTINO DAS EMENDAS PARLAMENTARES EM JUAZEIRO - Blog do Farn\u00e9sio<\/title>\n<meta name=\"robots\" content=\"index, follow, max-snippet:-1, max-image-preview:large, max-video-preview:-1\" \/>\n<link rel=\"canonical\" href=\"https:\/\/blogdofarnesio.com.br\/?p=88714\" \/>\n<meta property=\"og:locale\" content=\"pt_BR\" \/>\n<meta property=\"og:type\" content=\"article\" \/>\n<meta property=\"og:title\" content=\"DEPUTADO AMAURI FAZ PLEN\u00c1RIA NESTE DOMINGO (29) PARA DECIDIR DESTINO DAS EMENDAS PARLAMENTARES EM JUAZEIRO - Blog do Farn\u00e9sio\" \/>\n<meta property=\"og:description\" content=\"Pela primeira vez, a popula\u00e7\u00e3o de Juazeiro e regi\u00e3o vai decidir como e onde gastar o dinheiro previsto atrav\u00e9s das emendas parlamentares de um deputado baiano. Trata-se do deputado federal Amauri Teixeira (PT\/BA), que realiza no dia 29 de junho (domingo), \u00e0s 9h, no audit\u00f3rio da Escola Modelo, em frente a Rodovi\u00e1ria de Juazeiro, a \u00faltima plen\u00e1ria das Emendas Participativas. Na ocasi\u00e3o, a plen\u00e1ria territorial vai definir o uso dos recursos das emendas parlamentares para as \u00e1reas de sa\u00fade, educa\u00e7\u00e3o, agricultura, infra-estrutura, esporte e cultura. Ao todo, o deputado conta com um total de R$ 15 milh\u00f5es em emendas parlamentares. Entre os 39 deputados baianos, Amauri Teixeira \u00e9 o \u00fanico que resolveu discutir abertamente o destino desses recursos juntamente com&hellip;\" \/>\n<meta property=\"og:url\" content=\"https:\/\/blogdofarnesio.com.br\/?p=88714\" \/>\n<meta property=\"og:site_name\" content=\"Blog do Farn\u00e9sio\" \/>\n<meta property=\"article:publisher\" content=\"https:\/\/www.facebook.com\/BlogQuerSaberPolitica\/\" \/>\n<meta property=\"article:published_time\" content=\"2014-06-25T20:00:01+00:00\" \/>\n<meta property=\"og:image\" content=\"http:\/\/www.quersaberpolitica.com.br\/2016\/wp-content\/uploads\/2014\/06\/unnamed313.jpg\" \/>\n<meta name=\"author\" content=\"teste\" \/>\n<meta name=\"twitter:card\" content=\"summary_large_image\" \/>\n<meta name=\"twitter:label1\" content=\"Escrito por\" \/>\n\t<meta name=\"twitter:data1\" content=\"teste\" \/>\n\t<meta name=\"twitter:label2\" content=\"Est. tempo de leitura\" \/>\n\t<meta name=\"twitter:data2\" content=\"1 minuto\" \/>\n<script type=\"application\/ld+json\" class=\"yoast-schema-graph\">{\"@context\":\"https:\\\/\\\/schema.org\",\"@graph\":[{\"@type\":\"Article\",\"@id\":\"https:\\\/\\\/blogdofarnesio.com.br\\\/?p=88714#article\",\"isPartOf\":{\"@id\":\"https:\\\/\\\/blogdofarnesio.com.br\\\/?p=88714\"},\"author\":{\"name\":\"teste\",\"@id\":\"https:\\\/\\\/blogdofarnesio.com.br\\\/#\\\/schema\\\/person\\\/dd1bf5eba40b687199ba45ca6b97dff9\"},\"headline\":\"DEPUTADO AMAURI FAZ PLEN\u00c1RIA NESTE DOMINGO (29) PARA DECIDIR DESTINO DAS EMENDAS PARLAMENTARES EM JUAZEIRO\",\"datePublished\":\"2014-06-25T20:00:01+00:00\",\"mainEntityOfPage\":{\"@id\":\"https:\\\/\\\/blogdofarnesio.com.br\\\/?p=88714\"},\"wordCount\":240,\"commentCount\":0,\"publisher\":{\"@id\":\"https:\\\/\\\/blogdofarnesio.com.br\\\/#organization\"},\"image\":{\"@id\":\"https:\\\/\\\/blogdofarnesio.com.br\\\/?p=88714#primaryimage\"},\"thumbnailUrl\":\"http:\\\/\\\/www.quersaberpolitica.com.br\\\/2016\\\/wp-content\\\/uploads\\\/2014\\\/06\\\/unnamed313.jpg\",\"articleSection\":[\"Pol\u00edtica\"],\"inLanguage\":\"pt-BR\",\"potentialAction\":[{\"@type\":\"CommentAction\",\"name\":\"Comment\",\"target\":[\"https:\\\/\\\/blogdofarnesio.com.br\\\/?p=88714#respond\"]}]},{\"@type\":\"WebPage\",\"@id\":\"https:\\\/\\\/blogdofarnesio.com.br\\\/?p=88714\",\"url\":\"https:\\\/\\\/blogdofarnesio.com.br\\\/?p=88714\",\"name\":\"DEPUTADO AMAURI FAZ PLEN\u00c1RIA NESTE DOMINGO (29) PARA DECIDIR DESTINO DAS EMENDAS PARLAMENTARES EM JUAZEIRO - Blog do Farn\u00e9sio\",\"isPartOf\":{\"@id\":\"https:\\\/\\\/blogdofarnesio.com.br\\\/#website\"},\"primaryImageOfPage\":{\"@id\":\"https:\\\/\\\/blogdofarnesio.com.br\\\/?p=88714#primaryimage\"},\"image\":{\"@id\":\"https:\\\/\\\/blogdofarnesio.com.br\\\/?p=88714#primaryimage\"},\"thumbnailUrl\":\"http:\\\/\\\/www.quersaberpolitica.com.br\\\/2016\\\/wp-content\\\/uploads\\\/2014\\\/06\\\/unnamed313.jpg\",\"datePublished\":\"2014-06-25T20:00:01+00:00\",\"breadcrumb\":{\"@id\":\"https:\\\/\\\/blogdofarnesio.com.br\\\/?p=88714#breadcrumb\"},\"inLanguage\":\"pt-BR\",\"potentialAction\":[{\"@type\":\"ReadAction\",\"target\":[\"https:\\\/\\\/blogdofarnesio.com.br\\\/?p=88714\"]}]},{\"@type\":\"ImageObject\",\"inLanguage\":\"pt-BR\",\"@id\":\"https:\\\/\\\/blogdofarnesio.com.br\\\/?p=88714#primaryimage\",\"url\":\"http:\\\/\\\/www.quersaberpolitica.com.br\\\/2016\\\/wp-content\\\/uploads\\\/2014\\\/06\\\/unnamed313.jpg\",\"contentUrl\":\"http:\\\/\\\/www.quersaberpolitica.com.br\\\/2016\\\/wp-content\\\/uploads\\\/2014\\\/06\\\/unnamed313.jpg\"},{\"@type\":\"BreadcrumbList\",\"@id\":\"https:\\\/\\\/blogdofarnesio.com.br\\\/?p=88714#breadcrumb\",\"itemListElement\":[{\"@type\":\"ListItem\",\"position\":1,\"name\":\"In\u00edcio\",\"item\":\"https:\\\/\\\/blogdofarnesio.com.br\\\/\"},{\"@type\":\"ListItem\",\"position\":2,\"name\":\"DEPUTADO AMAURI FAZ PLEN\u00c1RIA NESTE DOMINGO (29) PARA DECIDIR DESTINO DAS EMENDAS PARLAMENTARES EM JUAZEIRO\"}]},{\"@type\":\"WebSite\",\"@id\":\"https:\\\/\\\/blogdofarnesio.com.br\\\/#website\",\"url\":\"https:\\\/\\\/blogdofarnesio.com.br\\\/\",\"name\":\"Blog do Farn\u00e9sio\",\"description\":\"Quer Saber Pol\u00edtica?\",\"publisher\":{\"@id\":\"https:\\\/\\\/blogdofarnesio.com.br\\\/#organization\"},\"potentialAction\":[{\"@type\":\"SearchAction\",\"target\":{\"@type\":\"EntryPoint\",\"urlTemplate\":\"https:\\\/\\\/blogdofarnesio.com.br\\\/?s={search_term_string}\"},\"query-input\":{\"@type\":\"PropertyValueSpecification\",\"valueRequired\":true,\"valueName\":\"search_term_string\"}}],\"inLanguage\":\"pt-BR\"},{\"@type\":\"Organization\",\"@id\":\"https:\\\/\\\/blogdofarnesio.com.br\\\/#organization\",\"name\":\"Blog do Farn\u00e9sio\",\"url\":\"https:\\\/\\\/blogdofarnesio.com.br\\\/\",\"logo\":{\"@type\":\"ImageObject\",\"inLanguage\":\"pt-BR\",\"@id\":\"https:\\\/\\\/blogdofarnesio.com.br\\\/#\\\/schema\\\/logo\\\/image\\\/\",\"url\":\"https:\\\/\\\/blogdofarnesio.com.br\\\/wp-content\\\/uploads\\\/2026\\\/03\\\/cropped-logo_new-1.png\",\"contentUrl\":\"https:\\\/\\\/blogdofarnesio.com.br\\\/wp-content\\\/uploads\\\/2026\\\/03\\\/cropped-logo_new-1.png\",\"width\":881,\"height\":685,\"caption\":\"Blog do Farn\u00e9sio\"},\"image\":{\"@id\":\"https:\\\/\\\/blogdofarnesio.com.br\\\/#\\\/schema\\\/logo\\\/image\\\/\"},\"sameAs\":[\"https:\\\/\\\/www.facebook.com\\\/BlogQuerSaberPolitica\\\/\"]},{\"@type\":\"Person\",\"@id\":\"https:\\\/\\\/blogdofarnesio.com.br\\\/#\\\/schema\\\/person\\\/dd1bf5eba40b687199ba45ca6b97dff9\",\"name\":\"teste\",\"image\":{\"@type\":\"ImageObject\",\"inLanguage\":\"pt-BR\",\"@id\":\"https:\\\/\\\/secure.gravatar.com\\\/avatar\\\/2172498d4914b51e1d89a0f97957b035ac4938723a5cac208135d389b6972a6d?s=96&d=mm&r=g\",\"url\":\"https:\\\/\\\/secure.gravatar.com\\\/avatar\\\/2172498d4914b51e1d89a0f97957b035ac4938723a5cac208135d389b6972a6d?s=96&d=mm&r=g\",\"contentUrl\":\"https:\\\/\\\/secure.gravatar.com\\\/avatar\\\/2172498d4914b51e1d89a0f97957b035ac4938723a5cac208135d389b6972a6d?s=96&d=mm&r=g\",\"caption\":\"teste\"},\"url\":\"https:\\\/\\\/blogdofarnesio.com.br\\\/?author=3\"}]}<\/script>\n<!-- \/ Yoast SEO plugin. -->","yoast_head_json":{"title":"DEPUTADO AMAURI FAZ PLEN\u00c1RIA NESTE DOMINGO (29) PARA DECIDIR DESTINO DAS EMENDAS PARLAMENTARES EM JUAZEIRO - Blog do Farn\u00e9sio","robots":{"index":"index","follow":"follow","max-snippet":"max-snippet:-1","max-image-preview":"max-image-preview:large","max-video-preview":"max-video-preview:-1"},"canonical":"https:\/\/blogdofarnesio.com.br\/?p=88714","og_locale":"pt_BR","og_type":"article","og_title":"DEPUTADO AMAURI FAZ PLEN\u00c1RIA NESTE DOMINGO (29) PARA DECIDIR DESTINO DAS EMENDAS PARLAMENTARES EM JUAZEIRO - Blog do Farn\u00e9sio","og_description":"Pela primeira vez, a popula\u00e7\u00e3o de Juazeiro e regi\u00e3o vai decidir como e onde gastar o dinheiro previsto atrav\u00e9s das emendas parlamentares de um deputado baiano. Trata-se do deputado federal Amauri Teixeira (PT\/BA), que realiza no dia 29 de junho (domingo), \u00e0s 9h, no audit\u00f3rio da Escola Modelo, em frente a Rodovi\u00e1ria de Juazeiro, a \u00faltima plen\u00e1ria das Emendas Participativas. Na ocasi\u00e3o, a plen\u00e1ria territorial vai definir o uso dos recursos das emendas parlamentares para as \u00e1reas de sa\u00fade, educa\u00e7\u00e3o, agricultura, infra-estrutura, esporte e cultura. Ao todo, o deputado conta com um total de R$ 15 milh\u00f5es em emendas parlamentares. Entre os 39 deputados baianos, Amauri Teixeira \u00e9 o \u00fanico que resolveu discutir abertamente o destino desses recursos juntamente com&hellip;","og_url":"https:\/\/blogdofarnesio.com.br\/?p=88714","og_site_name":"Blog do Farn\u00e9sio","article_publisher":"https:\/\/www.facebook.com\/BlogQuerSaberPolitica\/","article_published_time":"2014-06-25T20:00:01+00:00","og_image":[{"url":"http:\/\/www.quersaberpolitica.com.br\/2016\/wp-content\/uploads\/2014\/06\/unnamed313.jpg","type":"","width":"","height":""}],"author":"teste","twitter_card":"summary_large_image","twitter_misc":{"Escrito por":"teste","Est. tempo de leitura":"1 minuto"},"schema":{"@context":"https:\/\/schema.org","@graph":[{"@type":"Article","@id":"https:\/\/blogdofarnesio.com.br\/?p=88714#article","isPartOf":{"@id":"https:\/\/blogdofarnesio.com.br\/?p=88714"},"author":{"name":"teste","@id":"https:\/\/blogdofarnesio.com.br\/#\/schema\/person\/dd1bf5eba40b687199ba45ca6b97dff9"},"headline":"DEPUTADO AMAURI FAZ PLEN\u00c1RIA NESTE DOMINGO (29) PARA DECIDIR DESTINO DAS EMENDAS PARLAMENTARES EM JUAZEIRO","datePublished":"2014-06-25T20:00:01+00:00","mainEntityOfPage":{"@id":"https:\/\/blogdofarnesio.com.br\/?p=88714"},"wordCount":240,"commentCount":0,"publisher":{"@id":"https:\/\/blogdofarnesio.com.br\/#organization"},"image":{"@id":"https:\/\/blogdofarnesio.com.br\/?p=88714#primaryimage"},"thumbnailUrl":"http:\/\/www.quersaberpolitica.com.br\/2016\/wp-content\/uploads\/2014\/06\/unnamed313.jpg","articleSection":["Pol\u00edtica"],"inLanguage":"pt-BR","potentialAction":[{"@type":"CommentAction","name":"Comment","target":["https:\/\/blogdofarnesio.com.br\/?p=88714#respond"]}]},{"@type":"WebPage","@id":"https:\/\/blogdofarnesio.com.br\/?p=88714","url":"https:\/\/blogdofarnesio.com.br\/?p=88714","name":"DEPUTADO AMAURI FAZ PLEN\u00c1RIA NESTE DOMINGO (29) PARA DECIDIR DESTINO DAS EMENDAS PARLAMENTARES EM JUAZEIRO - Blog do Farn\u00e9sio","isPartOf":{"@id":"https:\/\/blogdofarnesio.com.br\/#website"},"primaryImageOfPage":{"@id":"https:\/\/blogdofarnesio.com.br\/?p=88714#primaryimage"},"image":{"@id":"https:\/\/blogdofarnesio.com.br\/?p=88714#primaryimage"},"thumbnailUrl":"http:\/\/www.quersaberpolitica.com.br\/2016\/wp-content\/uploads\/2014\/06\/unnamed313.jpg","datePublished":"2014-06-25T20:00:01+00:00","breadcrumb":{"@id":"https:\/\/blogdofarnesio.com.br\/?p=88714#breadcrumb"},"inLanguage":"pt-BR","potentialAction":[{"@type":"ReadAction","target":["https:\/\/blogdofarnesio.com.br\/?p=88714"]}]},{"@type":"ImageObject","inLanguage":"pt-BR","@id":"https:\/\/blogdofarnesio.com.br\/?p=88714#primaryimage","url":"http:\/\/www.quersaberpolitica.com.br\/2016\/wp-content\/uploads\/2014\/06\/unnamed313.jpg","contentUrl":"http:\/\/www.quersaberpolitica.com.br\/2016\/wp-content\/uploads\/2014\/06\/unnamed313.jpg"},{"@type":"BreadcrumbList","@id":"https:\/\/blogdofarnesio.com.br\/?p=88714#breadcrumb","itemListElement":[{"@type":"ListItem","position":1,"name":"In\u00edcio","item":"https:\/\/blogdofarnesio.com.br\/"},{"@type":"ListItem","position":2,"name":"DEPUTADO AMAURI FAZ PLEN\u00c1RIA NESTE DOMINGO (29) PARA DECIDIR DESTINO DAS EMENDAS PARLAMENTARES EM JUAZEIRO"}]},{"@type":"WebSite","@id":"https:\/\/blogdofarnesio.com.br\/#website","url":"https:\/\/blogdofarnesio.com.br\/","name":"Blog do Farn\u00e9sio","description":"Quer Saber Pol\u00edtica?","publisher":{"@id":"https:\/\/blogdofarnesio.com.br\/#organization"},"potentialAction":[{"@type":"SearchAction","target":{"@type":"EntryPoint","urlTemplate":"https:\/\/blogdofarnesio.com.br\/?s={search_term_string}"},"query-input":{"@type":"PropertyValueSpecification","valueRequired":true,"valueName":"search_term_string"}}],"inLanguage":"pt-BR"},{"@type":"Organization","@id":"https:\/\/blogdofarnesio.com.br\/#organization","name":"Blog do Farn\u00e9sio","url":"https:\/\/blogdofarnesio.com.br\/","logo":{"@type":"ImageObject","inLanguage":"pt-BR","@id":"https:\/\/blogdofarnesio.com.br\/#\/schema\/logo\/image\/","url":"https:\/\/blogdofarnesio.com.br\/wp-content\/uploads\/2026\/03\/cropped-logo_new-1.png","contentUrl":"https:\/\/blogdofarnesio.com.br\/wp-content\/uploads\/2026\/03\/cropped-logo_new-1.png","width":881,"height":685,"caption":"Blog do Farn\u00e9sio"},"image":{"@id":"https:\/\/blogdofarnesio.com.br\/#\/schema\/logo\/image\/"},"sameAs":["https:\/\/www.facebook.com\/BlogQuerSaberPolitica\/"]},{"@type":"Person","@id":"https:\/\/blogdofarnesio.com.br\/#\/schema\/person\/dd1bf5eba40b687199ba45ca6b97dff9","name":"teste","image":{"@type":"ImageObject","inLanguage":"pt-BR","@id":"https:\/\/secure.gravatar.com\/avatar\/2172498d4914b51e1d89a0f97957b035ac4938723a5cac208135d389b6972a6d?s=96&d=mm&r=g","url":"https:\/\/secure.gravatar.com\/avatar\/2172498d4914b51e1d89a0f97957b035ac4938723a5cac208135d389b6972a6d?s=96&d=mm&r=g","contentUrl":"https:\/\/secure.gravatar.com\/avatar\/2172498d4914b51e1d89a0f97957b035ac4938723a5cac208135d389b6972a6d?s=96&d=mm&r=g","caption":"teste"},"url":"https:\/\/blogdofarnesio.com.br\/?author=3"}]}},"_links":{"self":[{"href":"https:\/\/blogdofarnesio.com.br\/index.php?rest_route=\/wp\/v2\/posts\/88714","targetHints":{"allow":["GET"]}}],"collection":[{"href":"https:\/\/blogdofarnesio.com.br\/index.php?rest_route=\/wp\/v2\/posts"}],"about":[{"href":"https:\/\/blogdofarnesio.com.br\/index.php?rest_route=\/wp\/v2\/types\/post"}],"author":[{"embeddable":true,"href":"https:\/\/blogdofarnesio.com.br\/index.php?rest_route=\/wp\/v2\/users\/3"}],"replies":[{"embeddable":true,"href":"https:\/\/blogdofarnesio.com.br\/index.php?rest_route=%2Fwp%2Fv2%2Fcomments&post=88714"}],"version-history":[{"count":0,"href":"https:\/\/blogdofarnesio.com.br\/index.php?rest_route=\/wp\/v2\/posts\/88714\/revisions"}],"wp:attachment":[{"href":"https:\/\/blogdofarnesio.com.br\/index.php?rest_route=%2Fwp%2Fv2%2Fmedia&parent=88714"}],"wp:term":[{"taxonomy":"category","embeddable":true,"href":"https:\/\/blogdofarnesio.com.br\/index.php?rest_route=%2Fwp%2Fv2%2Fcategories&post=88714"},{"taxonomy":"post_tag","embeddable":true,"href":"https:\/\/blogdofarnesio.com.br\/index.php?rest_route=%2Fwp%2Fv2%2Ftags&post=88714"}],"curies":[{"name":"wp","href":"https:\/\/api.w.org\/{rel}","templated":true}]}}