{"id":88708,"date":"2014-06-25T15:43:03","date_gmt":"2014-06-25T18:43:03","guid":{"rendered":"http:\/\/www.quersaberpolitica.com.br\/?p=88708"},"modified":"2014-06-25T16:34:47","modified_gmt":"2014-06-25T19:34:47","slug":"direto-de-sobradinho-153","status":"publish","type":"post","link":"https:\/\/blogdofarnesio.com.br\/?p=88708","title":{"rendered":"DIRETO DE SOBRADINHO"},"content":{"rendered":"<p align=\"center\"><strong>EMBRAPA SEMI\u00c1RIDO INSTALA UNIDADE DEMONSTRATIVA DE TECNOLOGIAS EM ESCOLA AGR\u00cdCOLA DO MUNIC\u00cdPIO<\/strong><\/p>\n<p><strong><img loading=\"lazy\" decoding=\"async\" class=\"aligncenter size-full wp-image-88709\" alt=\"unnamed\" src=\"http:\/\/www.quersaberpolitica.com.br\/2016\/wp-content\/uploads\/2014\/06\/unnamed311.jpg\" width=\"448\" height=\"319\" srcset=\"https:\/\/blogdofarnesio.com.br\/wp-content\/uploads\/2014\/06\/unnamed311.jpg 448w, https:\/\/blogdofarnesio.com.br\/wp-content\/uploads\/2014\/06\/unnamed311-300x213.jpg 300w, https:\/\/blogdofarnesio.com.br\/wp-content\/uploads\/2014\/06\/unnamed311-421x300.jpg 421w\" sizes=\"auto, (max-width: 448px) 100vw, 448px\" \/><\/strong><\/p>\n<p style=\"text-align: justify\">Na \u00e1rea rural, adolescentes que s\u00e3o filhos de agricultores de munic\u00edpios baianos como Casa Nova, Sento S\u00e9, Remanso e Sobradinho, aprendem diversas atividades. A rotina come\u00e7a \u00e0s 6h e ap\u00f3s o caf\u00e9 eles ajudam a limpar a cozinha e outros c\u00f4modos da \u201ccasa\u201d. Em seguida, participam de um momento de reflex\u00e3o. A rotina inclui ainda aulas e o aprendizado de t\u00e9cnicas agr\u00edcolas no campo. Ao final da tarde, tem tamb\u00e9m um momento reservado para as brincadeiras, conversas e o descanso, ap\u00f3s o dia repleto de ensinamentos.<\/p>\n<p style=\"text-align: justify\">O lar \u00e9 na verdade uma das unidades da escola fam\u00edlia agr\u00edcola, que est\u00e1 localizada no munic\u00edpio de Sobradinho, onde os estudantes permanecem em regimes alternados de quinze dias. Respeito, disciplina e a valoriza\u00e7\u00e3o do campo s\u00e3o alguns dos princ\u00edpios que o diretor, Ailton Ferreira, aponta como parte dos saberes que s\u00e3o transmitidos aos jovens com idade m\u00e9dia entre 11 e 15 anos. \u201cEles estudam disciplinas regulares do Ensino Fundamental II e tamb\u00e9m disciplinas diversificadas, que inclui ensino de zootecnia, agricultura, economia dom\u00e9stica, orienta\u00e7\u00e3o humana e programa de sa\u00fade\u201d, completou.<!--more--><\/p>\n<p style=\"text-align: justify\">A escola comunit\u00e1ria de Sobradinho faz parte da Rede de Escolas Fam\u00edlia Agr\u00edcola Integradas do Semi-\u00c1rido, entidade da sociedade civil sediada em Feira de Santana (BA), e conta com o apoio de parceiros para manter o espa\u00e7o, os sal\u00e1rios de funcion\u00e1rios, as alimenta\u00e7\u00f5es di\u00e1rias dos alunos e a realiza\u00e7\u00e3o de cursos. O diretor Ailton Ferreira destacou que os colaboradores s\u00e3o fundamentais para tentar suprir todas as demandas da escola agr\u00edcola de Sobradinho, onde h\u00e1 cerca de 80 alunos que est\u00e3o divididos em quatro turmas.<\/p>\n<p style=\"text-align: justify\">Alguns dos que contribuem s\u00e3o os pais dos estudantes e o Instituto Regional da Pequena Agropecu\u00e1ria Apropriada (Irpaa). Agora, a escola tamb\u00e9m inicia um trabalho com o Projeto Lago de Sobradinho, executado pela Companhia Hidro El\u00e9trica do S\u00e3o Francisco (CHESF) e a Embrapa Semi\u00e1rido, que instalou na primeira semana do m\u00eas de junho, uma unidade demonstrativa de tecnologias agropecu\u00e1rias no campo experimental da escola. Com a ajuda dos estudantes, foi feito o plantio de aproximadamente 40 mudas de fruteiras nativas como o umbuzeiro, considerado uma das d\u00e1divas do Semi\u00e1rido. A planta que tem ra\u00edzes modificadas consegue se adaptar \u00e0 irregularidade de chuvas da regi\u00e3o.<\/p>\n<p style=\"text-align: justify\">O aluno do 7\u00ba ano Rubens Ferreira, observou as orienta\u00e7\u00f5es dos funcion\u00e1rios da Embrapa Semi\u00e1rido e declarou que pretende incentivar a fam\u00edlia dele, que mora na comunidade do Salitre, em Juazeiro (BA), a reservar uma \u00e1rea do s\u00edtio para plantar mudas do umbuzeiro. A import\u00e2ncia da a\u00e7\u00e3o realizada na Escola Fam\u00edlia Agr\u00edcola de Sobradinho (EFAS), tamb\u00e9m \u00e9, segundo o pesquisador da Embrapa Semi\u00e1rido Francisco Pinheiro Ara\u00fajo, de incentivar a preserva\u00e7\u00e3o de esp\u00e9cies nativas e auxiliar a obten\u00e7\u00e3o de renda na escola, que no futuro poder\u00e1 investir no beneficiamento dos frutos.<\/p>\n<p style=\"text-align: justify\">Al\u00e9m das plantas de umbuzeiro, tamb\u00e9m foi feito o plantio de mudas enxertadas. \u201cA raiz do umbuzeiro consegue reter mais \u00e1gua. \u00c9 por isso que a planta ajuda a cultivar tamb\u00e9m esp\u00e9cies que normalmente n\u00e3o s\u00e3o produzidas na nossa regi\u00e3o. Ent\u00e3o, \u00e9 com o aproveitamento dessas ra\u00edzes do umbuzeiro, que vamos produzir o umbu-caj\u00e1, a umbuguela e o cajamanga\u201d, explicou o pesquisador da Embrapa Semi\u00e1rido Francisco Pinheiro Ara\u00fajo.<\/p>\n<p style=\"text-align: justify\"><b>Hist\u00f3ria \u2013<\/b> A EFAS j\u00e1 formou cerca de dois mil alunos desde 1990. O diretor Ailton Ferreira fez parte da primeira turma. E a coordenadora pedag\u00f3gica Eliana Evangelista estudou na segunda turma da escola. Os dois tamb\u00e9m lecionam na EFAS, a professora Eliana\u00a0Evangelista\u00a0trabalha h\u00e1 15 anos na unidade. Nascida na comunidade de S\u00e3o Gon\u00e7alo do Salitre, na \u00e1rea rural de Sobradinho, ela ressaltou que a escola foi fundamental para as oportunidades de estudos e a sua forma\u00e7\u00e3o pessoal.<\/p>\n","protected":false},"excerpt":{"rendered":"<p>EMBRAPA SEMI\u00c1RIDO INSTALA UNIDADE DEMONSTRATIVA DE TECNOLOGIAS EM ESCOLA AGR\u00cdCOLA DO MUNIC\u00cdPIO Na \u00e1rea rural, adolescentes que s\u00e3o filhos de agricultores de munic\u00edpios baianos como Casa Nova, Sento S\u00e9, Remanso e Sobradinho, aprendem diversas atividades. A rotina come\u00e7a \u00e0s 6h e ap\u00f3s o caf\u00e9 eles ajudam a limpar a cozinha e outros c\u00f4modos da \u201ccasa\u201d. Em seguida, participam de um momento de reflex\u00e3o. A rotina inclui ainda aulas e o aprendizado de t\u00e9cnicas agr\u00edcolas no campo. Ao final da tarde, tem tamb\u00e9m um momento reservado para as brincadeiras, conversas e o descanso, ap\u00f3s o dia repleto de ensinamentos. O lar \u00e9 na verdade uma das unidades da escola fam\u00edlia agr\u00edcola, que est\u00e1 localizada no munic\u00edpio de Sobradinho, onde os estudantes&hellip; <\/p>\n","protected":false},"author":3,"featured_media":0,"comment_status":"open","ping_status":"open","sticky":false,"template":"","format":"standard","meta":{"_acf_changed":false,"footnotes":""},"categories":[27],"tags":[],"class_list":["post-88708","post","type-post","status-publish","format-standard","hentry","category-cidades"],"acf":[],"yoast_head":"<!-- This site is optimized with the Yoast SEO plugin v27.4 - https:\/\/yoast.com\/product\/yoast-seo-wordpress\/ -->\n<title>DIRETO DE SOBRADINHO - Blog do Farn\u00e9sio<\/title>\n<meta name=\"robots\" content=\"index, follow, max-snippet:-1, max-image-preview:large, max-video-preview:-1\" \/>\n<link rel=\"canonical\" href=\"https:\/\/blogdofarnesio.com.br\/?p=88708\" \/>\n<meta property=\"og:locale\" content=\"pt_BR\" \/>\n<meta property=\"og:type\" content=\"article\" \/>\n<meta property=\"og:title\" content=\"DIRETO DE SOBRADINHO - Blog do Farn\u00e9sio\" \/>\n<meta property=\"og:description\" content=\"EMBRAPA SEMI\u00c1RIDO INSTALA UNIDADE DEMONSTRATIVA DE TECNOLOGIAS EM ESCOLA AGR\u00cdCOLA DO MUNIC\u00cdPIO Na \u00e1rea rural, adolescentes que s\u00e3o filhos de agricultores de munic\u00edpios baianos como Casa Nova, Sento S\u00e9, Remanso e Sobradinho, aprendem diversas atividades. A rotina come\u00e7a \u00e0s 6h e ap\u00f3s o caf\u00e9 eles ajudam a limpar a cozinha e outros c\u00f4modos da \u201ccasa\u201d. Em seguida, participam de um momento de reflex\u00e3o. A rotina inclui ainda aulas e o aprendizado de t\u00e9cnicas agr\u00edcolas no campo. Ao final da tarde, tem tamb\u00e9m um momento reservado para as brincadeiras, conversas e o descanso, ap\u00f3s o dia repleto de ensinamentos. O lar \u00e9 na verdade uma das unidades da escola fam\u00edlia agr\u00edcola, que est\u00e1 localizada no munic\u00edpio de Sobradinho, onde os estudantes&hellip;\" \/>\n<meta property=\"og:url\" content=\"https:\/\/blogdofarnesio.com.br\/?p=88708\" \/>\n<meta property=\"og:site_name\" content=\"Blog do Farn\u00e9sio\" \/>\n<meta property=\"article:publisher\" content=\"https:\/\/www.facebook.com\/BlogQuerSaberPolitica\/\" \/>\n<meta property=\"article:published_time\" content=\"2014-06-25T18:43:03+00:00\" \/>\n<meta property=\"article:modified_time\" content=\"2014-06-25T19:34:47+00:00\" \/>\n<meta property=\"og:image\" content=\"http:\/\/www.quersaberpolitica.com.br\/2016\/wp-content\/uploads\/2014\/06\/unnamed311.jpg\" \/>\n<meta name=\"author\" content=\"teste\" \/>\n<meta name=\"twitter:card\" content=\"summary_large_image\" \/>\n<meta name=\"twitter:label1\" content=\"Escrito por\" \/>\n\t<meta name=\"twitter:data1\" content=\"teste\" \/>\n\t<meta name=\"twitter:label2\" content=\"Est. tempo de leitura\" \/>\n\t<meta name=\"twitter:data2\" content=\"3 minutos\" \/>\n<script type=\"application\/ld+json\" class=\"yoast-schema-graph\">{\"@context\":\"https:\\\/\\\/schema.org\",\"@graph\":[{\"@type\":\"Article\",\"@id\":\"https:\\\/\\\/blogdofarnesio.com.br\\\/?p=88708#article\",\"isPartOf\":{\"@id\":\"https:\\\/\\\/blogdofarnesio.com.br\\\/?p=88708\"},\"author\":{\"name\":\"teste\",\"@id\":\"https:\\\/\\\/blogdofarnesio.com.br\\\/#\\\/schema\\\/person\\\/dd1bf5eba40b687199ba45ca6b97dff9\"},\"headline\":\"DIRETO DE SOBRADINHO\",\"datePublished\":\"2014-06-25T18:43:03+00:00\",\"dateModified\":\"2014-06-25T19:34:47+00:00\",\"mainEntityOfPage\":{\"@id\":\"https:\\\/\\\/blogdofarnesio.com.br\\\/?p=88708\"},\"wordCount\":686,\"commentCount\":0,\"publisher\":{\"@id\":\"https:\\\/\\\/blogdofarnesio.com.br\\\/#organization\"},\"image\":{\"@id\":\"https:\\\/\\\/blogdofarnesio.com.br\\\/?p=88708#primaryimage\"},\"thumbnailUrl\":\"http:\\\/\\\/www.quersaberpolitica.com.br\\\/2016\\\/wp-content\\\/uploads\\\/2014\\\/06\\\/unnamed311.jpg\",\"articleSection\":[\"Cidades\"],\"inLanguage\":\"pt-BR\",\"potentialAction\":[{\"@type\":\"CommentAction\",\"name\":\"Comment\",\"target\":[\"https:\\\/\\\/blogdofarnesio.com.br\\\/?p=88708#respond\"]}]},{\"@type\":\"WebPage\",\"@id\":\"https:\\\/\\\/blogdofarnesio.com.br\\\/?p=88708\",\"url\":\"https:\\\/\\\/blogdofarnesio.com.br\\\/?p=88708\",\"name\":\"DIRETO DE SOBRADINHO - Blog do Farn\u00e9sio\",\"isPartOf\":{\"@id\":\"https:\\\/\\\/blogdofarnesio.com.br\\\/#website\"},\"primaryImageOfPage\":{\"@id\":\"https:\\\/\\\/blogdofarnesio.com.br\\\/?p=88708#primaryimage\"},\"image\":{\"@id\":\"https:\\\/\\\/blogdofarnesio.com.br\\\/?p=88708#primaryimage\"},\"thumbnailUrl\":\"http:\\\/\\\/www.quersaberpolitica.com.br\\\/2016\\\/wp-content\\\/uploads\\\/2014\\\/06\\\/unnamed311.jpg\",\"datePublished\":\"2014-06-25T18:43:03+00:00\",\"dateModified\":\"2014-06-25T19:34:47+00:00\",\"breadcrumb\":{\"@id\":\"https:\\\/\\\/blogdofarnesio.com.br\\\/?p=88708#breadcrumb\"},\"inLanguage\":\"pt-BR\",\"potentialAction\":[{\"@type\":\"ReadAction\",\"target\":[\"https:\\\/\\\/blogdofarnesio.com.br\\\/?p=88708\"]}]},{\"@type\":\"ImageObject\",\"inLanguage\":\"pt-BR\",\"@id\":\"https:\\\/\\\/blogdofarnesio.com.br\\\/?p=88708#primaryimage\",\"url\":\"http:\\\/\\\/www.quersaberpolitica.com.br\\\/2016\\\/wp-content\\\/uploads\\\/2014\\\/06\\\/unnamed311.jpg\",\"contentUrl\":\"http:\\\/\\\/www.quersaberpolitica.com.br\\\/2016\\\/wp-content\\\/uploads\\\/2014\\\/06\\\/unnamed311.jpg\"},{\"@type\":\"BreadcrumbList\",\"@id\":\"https:\\\/\\\/blogdofarnesio.com.br\\\/?p=88708#breadcrumb\",\"itemListElement\":[{\"@type\":\"ListItem\",\"position\":1,\"name\":\"In\u00edcio\",\"item\":\"https:\\\/\\\/blogdofarnesio.com.br\\\/\"},{\"@type\":\"ListItem\",\"position\":2,\"name\":\"DIRETO DE SOBRADINHO\"}]},{\"@type\":\"WebSite\",\"@id\":\"https:\\\/\\\/blogdofarnesio.com.br\\\/#website\",\"url\":\"https:\\\/\\\/blogdofarnesio.com.br\\\/\",\"name\":\"Blog do Farn\u00e9sio\",\"description\":\"Quer Saber Pol\u00edtica?\",\"publisher\":{\"@id\":\"https:\\\/\\\/blogdofarnesio.com.br\\\/#organization\"},\"potentialAction\":[{\"@type\":\"SearchAction\",\"target\":{\"@type\":\"EntryPoint\",\"urlTemplate\":\"https:\\\/\\\/blogdofarnesio.com.br\\\/?s={search_term_string}\"},\"query-input\":{\"@type\":\"PropertyValueSpecification\",\"valueRequired\":true,\"valueName\":\"search_term_string\"}}],\"inLanguage\":\"pt-BR\"},{\"@type\":\"Organization\",\"@id\":\"https:\\\/\\\/blogdofarnesio.com.br\\\/#organization\",\"name\":\"Blog do Farn\u00e9sio\",\"url\":\"https:\\\/\\\/blogdofarnesio.com.br\\\/\",\"logo\":{\"@type\":\"ImageObject\",\"inLanguage\":\"pt-BR\",\"@id\":\"https:\\\/\\\/blogdofarnesio.com.br\\\/#\\\/schema\\\/logo\\\/image\\\/\",\"url\":\"https:\\\/\\\/blogdofarnesio.com.br\\\/wp-content\\\/uploads\\\/2026\\\/03\\\/cropped-logo_new-1.png\",\"contentUrl\":\"https:\\\/\\\/blogdofarnesio.com.br\\\/wp-content\\\/uploads\\\/2026\\\/03\\\/cropped-logo_new-1.png\",\"width\":881,\"height\":685,\"caption\":\"Blog do Farn\u00e9sio\"},\"image\":{\"@id\":\"https:\\\/\\\/blogdofarnesio.com.br\\\/#\\\/schema\\\/logo\\\/image\\\/\"},\"sameAs\":[\"https:\\\/\\\/www.facebook.com\\\/BlogQuerSaberPolitica\\\/\"]},{\"@type\":\"Person\",\"@id\":\"https:\\\/\\\/blogdofarnesio.com.br\\\/#\\\/schema\\\/person\\\/dd1bf5eba40b687199ba45ca6b97dff9\",\"name\":\"teste\",\"image\":{\"@type\":\"ImageObject\",\"inLanguage\":\"pt-BR\",\"@id\":\"https:\\\/\\\/secure.gravatar.com\\\/avatar\\\/2172498d4914b51e1d89a0f97957b035ac4938723a5cac208135d389b6972a6d?s=96&d=mm&r=g\",\"url\":\"https:\\\/\\\/secure.gravatar.com\\\/avatar\\\/2172498d4914b51e1d89a0f97957b035ac4938723a5cac208135d389b6972a6d?s=96&d=mm&r=g\",\"contentUrl\":\"https:\\\/\\\/secure.gravatar.com\\\/avatar\\\/2172498d4914b51e1d89a0f97957b035ac4938723a5cac208135d389b6972a6d?s=96&d=mm&r=g\",\"caption\":\"teste\"},\"url\":\"https:\\\/\\\/blogdofarnesio.com.br\\\/?author=3\"}]}<\/script>\n<!-- \/ Yoast SEO plugin. -->","yoast_head_json":{"title":"DIRETO DE SOBRADINHO - Blog do Farn\u00e9sio","robots":{"index":"index","follow":"follow","max-snippet":"max-snippet:-1","max-image-preview":"max-image-preview:large","max-video-preview":"max-video-preview:-1"},"canonical":"https:\/\/blogdofarnesio.com.br\/?p=88708","og_locale":"pt_BR","og_type":"article","og_title":"DIRETO DE SOBRADINHO - Blog do Farn\u00e9sio","og_description":"EMBRAPA SEMI\u00c1RIDO INSTALA UNIDADE DEMONSTRATIVA DE TECNOLOGIAS EM ESCOLA AGR\u00cdCOLA DO MUNIC\u00cdPIO Na \u00e1rea rural, adolescentes que s\u00e3o filhos de agricultores de munic\u00edpios baianos como Casa Nova, Sento S\u00e9, Remanso e Sobradinho, aprendem diversas atividades. A rotina come\u00e7a \u00e0s 6h e ap\u00f3s o caf\u00e9 eles ajudam a limpar a cozinha e outros c\u00f4modos da \u201ccasa\u201d. Em seguida, participam de um momento de reflex\u00e3o. A rotina inclui ainda aulas e o aprendizado de t\u00e9cnicas agr\u00edcolas no campo. Ao final da tarde, tem tamb\u00e9m um momento reservado para as brincadeiras, conversas e o descanso, ap\u00f3s o dia repleto de ensinamentos. O lar \u00e9 na verdade uma das unidades da escola fam\u00edlia agr\u00edcola, que est\u00e1 localizada no munic\u00edpio de Sobradinho, onde os estudantes&hellip;","og_url":"https:\/\/blogdofarnesio.com.br\/?p=88708","og_site_name":"Blog do Farn\u00e9sio","article_publisher":"https:\/\/www.facebook.com\/BlogQuerSaberPolitica\/","article_published_time":"2014-06-25T18:43:03+00:00","article_modified_time":"2014-06-25T19:34:47+00:00","og_image":[{"url":"http:\/\/www.quersaberpolitica.com.br\/2016\/wp-content\/uploads\/2014\/06\/unnamed311.jpg","type":"","width":"","height":""}],"author":"teste","twitter_card":"summary_large_image","twitter_misc":{"Escrito por":"teste","Est. tempo de leitura":"3 minutos"},"schema":{"@context":"https:\/\/schema.org","@graph":[{"@type":"Article","@id":"https:\/\/blogdofarnesio.com.br\/?p=88708#article","isPartOf":{"@id":"https:\/\/blogdofarnesio.com.br\/?p=88708"},"author":{"name":"teste","@id":"https:\/\/blogdofarnesio.com.br\/#\/schema\/person\/dd1bf5eba40b687199ba45ca6b97dff9"},"headline":"DIRETO DE SOBRADINHO","datePublished":"2014-06-25T18:43:03+00:00","dateModified":"2014-06-25T19:34:47+00:00","mainEntityOfPage":{"@id":"https:\/\/blogdofarnesio.com.br\/?p=88708"},"wordCount":686,"commentCount":0,"publisher":{"@id":"https:\/\/blogdofarnesio.com.br\/#organization"},"image":{"@id":"https:\/\/blogdofarnesio.com.br\/?p=88708#primaryimage"},"thumbnailUrl":"http:\/\/www.quersaberpolitica.com.br\/2016\/wp-content\/uploads\/2014\/06\/unnamed311.jpg","articleSection":["Cidades"],"inLanguage":"pt-BR","potentialAction":[{"@type":"CommentAction","name":"Comment","target":["https:\/\/blogdofarnesio.com.br\/?p=88708#respond"]}]},{"@type":"WebPage","@id":"https:\/\/blogdofarnesio.com.br\/?p=88708","url":"https:\/\/blogdofarnesio.com.br\/?p=88708","name":"DIRETO DE SOBRADINHO - Blog do Farn\u00e9sio","isPartOf":{"@id":"https:\/\/blogdofarnesio.com.br\/#website"},"primaryImageOfPage":{"@id":"https:\/\/blogdofarnesio.com.br\/?p=88708#primaryimage"},"image":{"@id":"https:\/\/blogdofarnesio.com.br\/?p=88708#primaryimage"},"thumbnailUrl":"http:\/\/www.quersaberpolitica.com.br\/2016\/wp-content\/uploads\/2014\/06\/unnamed311.jpg","datePublished":"2014-06-25T18:43:03+00:00","dateModified":"2014-06-25T19:34:47+00:00","breadcrumb":{"@id":"https:\/\/blogdofarnesio.com.br\/?p=88708#breadcrumb"},"inLanguage":"pt-BR","potentialAction":[{"@type":"ReadAction","target":["https:\/\/blogdofarnesio.com.br\/?p=88708"]}]},{"@type":"ImageObject","inLanguage":"pt-BR","@id":"https:\/\/blogdofarnesio.com.br\/?p=88708#primaryimage","url":"http:\/\/www.quersaberpolitica.com.br\/2016\/wp-content\/uploads\/2014\/06\/unnamed311.jpg","contentUrl":"http:\/\/www.quersaberpolitica.com.br\/2016\/wp-content\/uploads\/2014\/06\/unnamed311.jpg"},{"@type":"BreadcrumbList","@id":"https:\/\/blogdofarnesio.com.br\/?p=88708#breadcrumb","itemListElement":[{"@type":"ListItem","position":1,"name":"In\u00edcio","item":"https:\/\/blogdofarnesio.com.br\/"},{"@type":"ListItem","position":2,"name":"DIRETO DE SOBRADINHO"}]},{"@type":"WebSite","@id":"https:\/\/blogdofarnesio.com.br\/#website","url":"https:\/\/blogdofarnesio.com.br\/","name":"Blog do Farn\u00e9sio","description":"Quer Saber Pol\u00edtica?","publisher":{"@id":"https:\/\/blogdofarnesio.com.br\/#organization"},"potentialAction":[{"@type":"SearchAction","target":{"@type":"EntryPoint","urlTemplate":"https:\/\/blogdofarnesio.com.br\/?s={search_term_string}"},"query-input":{"@type":"PropertyValueSpecification","valueRequired":true,"valueName":"search_term_string"}}],"inLanguage":"pt-BR"},{"@type":"Organization","@id":"https:\/\/blogdofarnesio.com.br\/#organization","name":"Blog do Farn\u00e9sio","url":"https:\/\/blogdofarnesio.com.br\/","logo":{"@type":"ImageObject","inLanguage":"pt-BR","@id":"https:\/\/blogdofarnesio.com.br\/#\/schema\/logo\/image\/","url":"https:\/\/blogdofarnesio.com.br\/wp-content\/uploads\/2026\/03\/cropped-logo_new-1.png","contentUrl":"https:\/\/blogdofarnesio.com.br\/wp-content\/uploads\/2026\/03\/cropped-logo_new-1.png","width":881,"height":685,"caption":"Blog do Farn\u00e9sio"},"image":{"@id":"https:\/\/blogdofarnesio.com.br\/#\/schema\/logo\/image\/"},"sameAs":["https:\/\/www.facebook.com\/BlogQuerSaberPolitica\/"]},{"@type":"Person","@id":"https:\/\/blogdofarnesio.com.br\/#\/schema\/person\/dd1bf5eba40b687199ba45ca6b97dff9","name":"teste","image":{"@type":"ImageObject","inLanguage":"pt-BR","@id":"https:\/\/secure.gravatar.com\/avatar\/2172498d4914b51e1d89a0f97957b035ac4938723a5cac208135d389b6972a6d?s=96&d=mm&r=g","url":"https:\/\/secure.gravatar.com\/avatar\/2172498d4914b51e1d89a0f97957b035ac4938723a5cac208135d389b6972a6d?s=96&d=mm&r=g","contentUrl":"https:\/\/secure.gravatar.com\/avatar\/2172498d4914b51e1d89a0f97957b035ac4938723a5cac208135d389b6972a6d?s=96&d=mm&r=g","caption":"teste"},"url":"https:\/\/blogdofarnesio.com.br\/?author=3"}]}},"_links":{"self":[{"href":"https:\/\/blogdofarnesio.com.br\/index.php?rest_route=\/wp\/v2\/posts\/88708","targetHints":{"allow":["GET"]}}],"collection":[{"href":"https:\/\/blogdofarnesio.com.br\/index.php?rest_route=\/wp\/v2\/posts"}],"about":[{"href":"https:\/\/blogdofarnesio.com.br\/index.php?rest_route=\/wp\/v2\/types\/post"}],"author":[{"embeddable":true,"href":"https:\/\/blogdofarnesio.com.br\/index.php?rest_route=\/wp\/v2\/users\/3"}],"replies":[{"embeddable":true,"href":"https:\/\/blogdofarnesio.com.br\/index.php?rest_route=%2Fwp%2Fv2%2Fcomments&post=88708"}],"version-history":[{"count":0,"href":"https:\/\/blogdofarnesio.com.br\/index.php?rest_route=\/wp\/v2\/posts\/88708\/revisions"}],"wp:attachment":[{"href":"https:\/\/blogdofarnesio.com.br\/index.php?rest_route=%2Fwp%2Fv2%2Fmedia&parent=88708"}],"wp:term":[{"taxonomy":"category","embeddable":true,"href":"https:\/\/blogdofarnesio.com.br\/index.php?rest_route=%2Fwp%2Fv2%2Fcategories&post=88708"},{"taxonomy":"post_tag","embeddable":true,"href":"https:\/\/blogdofarnesio.com.br\/index.php?rest_route=%2Fwp%2Fv2%2Ftags&post=88708"}],"curies":[{"name":"wp","href":"https:\/\/api.w.org\/{rel}","templated":true}]}}