{"id":88689,"date":"2014-06-25T15:00:58","date_gmt":"2014-06-25T18:00:58","guid":{"rendered":"http:\/\/www.quersaberpolitica.com.br\/?p=88689"},"modified":"2014-06-25T10:10:43","modified_gmt":"2014-06-25T13:10:43","slug":"vestigios-arqueologicos-de-mais-de-600-mil-anos-sao-encontrados-em-rajada","status":"publish","type":"post","link":"https:\/\/blogdofarnesio.com.br\/?p=88689","title":{"rendered":"VEST\u00cdGIOS ARQUEOL\u00d3GICOS DE MAIS DE 600 MIL ANOS S\u00c3O ENCONTRADOS EM RAJADA"},"content":{"rendered":"<figure id=\"attachment_69073\" aria-describedby=\"caption-attachment-69073\" style=\"width: 400px\" class=\"wp-caption aligncenter\"><a href=\"http:\/\/www.quersaberpolitica.com.br\/2016\/wp-content\/uploads\/2014\/01\/photo4.jpg\"><img loading=\"lazy\" decoding=\"async\" class=\"size-full wp-image-69073\" alt=\"ILUSTRA\u00c7\u00c3O\" src=\"http:\/\/www.quersaberpolitica.com.br\/2016\/wp-content\/uploads\/2014\/01\/photo4.jpg\" width=\"400\" height=\"299\" srcset=\"https:\/\/blogdofarnesio.com.br\/wp-content\/uploads\/2014\/01\/photo4.jpg 400w, https:\/\/blogdofarnesio.com.br\/wp-content\/uploads\/2014\/01\/photo4-300x224.jpg 300w\" sizes=\"auto, (max-width: 400px) 100vw, 400px\" \/><\/a><figcaption id=\"caption-attachment-69073\" class=\"wp-caption-text\">ILUSTRA\u00c7\u00c3O<\/figcaption><\/figure>\n<p style=\"text-align: justify\">Vest\u00edgios de comunidades pr\u00e9-hist\u00f3ricas foram encontrados h\u00e1 cerca de 40 quil\u00f4metros da sede de Petrolina, mais precisamente no distrito de Rajada, sert\u00e3o do Estado. L\u00e1, no A\u00e7ude das Pedras, inscri\u00e7\u00f5es rupestres que podem ser datadas em mais de 600 mil anos, encontram-se misturadas ao cen\u00e1rio intrigante da caatinga. S\u00e3o imagens que podem remontar \u00e0 descri\u00e7\u00e3o do cotidiano dos antigos povos, a respeito de suas tradi\u00e7\u00f5es, religi\u00f5es, rela\u00e7\u00f5es com a natureza.<\/p>\n<p style=\"text-align: justify\">\u201cFotos do local foram encaminhadas para dois professores universit\u00e1rios- um arque\u00f3logo e um ge\u00f3logo- para que eles pudessem avaliar o material encontrado em Rajada. Os dois pareceres t\u00e9cnicos foram extremamente positivos. Sem d\u00favida alguma, o A\u00e7ude das Pedras de Rajada vai se constituir em uma importante fonte de pesquisa para a comunidade cient\u00edfica, bem como mais um ponto de atra\u00e7\u00e3o tur\u00edstica de nossa regi\u00e3o\u201d, avalia o secret\u00e1rio Executivo de Turismo de Petrolina, Iuric Pires.<!--more--><\/p>\n<p style=\"text-align: justify\">De acordo com informa\u00e7\u00f5es do professor Fabricio Caxito, do departamento de Geologia da Universidade Federal de Minas Gerais, \u201cas pedras do a\u00e7ude tratam-se de granitos datados de 600 milh\u00f5es de anos, muito semelhantes a granitos que atualmente ocorrem na regi\u00e3o dos Himalaias, na \u00c1sia. Isso sugere que nesta \u00e9poca a regi\u00e3o oeste de Pernambuco, inserindo-se a comunidade de Rajada, fez parte de uma grande cadeia de montanhas semelhantes \u00e0 que existe hoje entre a China e o Tibete\u201d.<\/p>\n<p style=\"text-align: justify\">A grande preocupa\u00e7\u00e3o do munic\u00edpio agora \u00e9 preservar a \u00e1rea onde as rochas est\u00e3o inseridas. Evid\u00eancias de degrada\u00e7\u00e3o ambiental j\u00e1 foram registradas. \u201cTemos conhecimento de polui\u00e7\u00e3o, muito material sendo jogado no local e tamb\u00e9m de pessoas que estariam quebrando a rocha para obter pedras destinadas \u00e0 constru\u00e7\u00e3o de casas\u201d, explica o diretor presidente da Ag\u00eancia Municipal do Meio Ambiente (AMMA), Gleidson Castro.<\/p>\n<p style=\"text-align: justify\">J\u00e1 foi assinado o decreto 35\/2014, pelo poder p\u00fablico municipal, que disp\u00f5e justamente sobre a prote\u00e7\u00e3o de dos monumentos arqueol\u00f3gicos e pr\u00e9-hist\u00f3ricos do munic\u00edpio. Fica proibido o aproveitamento econ\u00f4mico, destrui\u00e7\u00e3o ou mutila\u00e7\u00e3o, para qualquer fim, das jazidas arqueol\u00f3gicas ou pr\u00e9-hist\u00f3ricas, antes de serem pesquisadas. O decreto tamb\u00e9m informa que qualquer den\u00fancia de depreda\u00e7\u00e3o do ambiente pode ser feita para os \u00f3rg\u00e3os competentes, a exemplo do Minist\u00e9rio P\u00fablico e Pol\u00edcia Federal.<\/p>\n","protected":false},"excerpt":{"rendered":"<p>Vest\u00edgios de comunidades pr\u00e9-hist\u00f3ricas foram encontrados h\u00e1 cerca de 40 quil\u00f4metros da sede de Petrolina, mais precisamente no distrito de Rajada, sert\u00e3o do Estado. L\u00e1, no A\u00e7ude das Pedras, inscri\u00e7\u00f5es rupestres que podem ser datadas em mais de 600 mil anos, encontram-se misturadas ao cen\u00e1rio intrigante da caatinga. S\u00e3o imagens que podem remontar \u00e0 descri\u00e7\u00e3o do cotidiano dos antigos povos, a respeito de suas tradi\u00e7\u00f5es, religi\u00f5es, rela\u00e7\u00f5es com a natureza. \u201cFotos do local foram encaminhadas para dois professores universit\u00e1rios- um arque\u00f3logo e um ge\u00f3logo- para que eles pudessem avaliar o material encontrado em Rajada. Os dois pareceres t\u00e9cnicos foram extremamente positivos. Sem d\u00favida alguma, o A\u00e7ude das Pedras de Rajada vai se constituir em uma importante fonte de pesquisa para&hellip; <\/p>\n","protected":false},"author":3,"featured_media":0,"comment_status":"open","ping_status":"open","sticky":false,"template":"","format":"standard","meta":{"_acf_changed":false,"footnotes":""},"categories":[10,25],"tags":[],"class_list":["post-88689","post","type-post","status-publish","format-standard","hentry","category-cultura","category-curiosidades"],"acf":[],"yoast_head":"<!-- This site is optimized with the Yoast SEO plugin v27.4 - https:\/\/yoast.com\/product\/yoast-seo-wordpress\/ -->\n<title>VEST\u00cdGIOS ARQUEOL\u00d3GICOS DE MAIS DE 600 MIL ANOS S\u00c3O ENCONTRADOS EM RAJADA  - Blog do Farn\u00e9sio<\/title>\n<meta name=\"robots\" content=\"index, follow, max-snippet:-1, max-image-preview:large, max-video-preview:-1\" \/>\n<link rel=\"canonical\" href=\"https:\/\/blogdofarnesio.com.br\/?p=88689\" \/>\n<meta property=\"og:locale\" content=\"pt_BR\" \/>\n<meta property=\"og:type\" content=\"article\" \/>\n<meta property=\"og:title\" content=\"VEST\u00cdGIOS ARQUEOL\u00d3GICOS DE MAIS DE 600 MIL ANOS S\u00c3O ENCONTRADOS EM RAJADA  - Blog do Farn\u00e9sio\" \/>\n<meta property=\"og:description\" content=\"Vest\u00edgios de comunidades pr\u00e9-hist\u00f3ricas foram encontrados h\u00e1 cerca de 40 quil\u00f4metros da sede de Petrolina, mais precisamente no distrito de Rajada, sert\u00e3o do Estado. L\u00e1, no A\u00e7ude das Pedras, inscri\u00e7\u00f5es rupestres que podem ser datadas em mais de 600 mil anos, encontram-se misturadas ao cen\u00e1rio intrigante da caatinga. S\u00e3o imagens que podem remontar \u00e0 descri\u00e7\u00e3o do cotidiano dos antigos povos, a respeito de suas tradi\u00e7\u00f5es, religi\u00f5es, rela\u00e7\u00f5es com a natureza. \u201cFotos do local foram encaminhadas para dois professores universit\u00e1rios- um arque\u00f3logo e um ge\u00f3logo- para que eles pudessem avaliar o material encontrado em Rajada. Os dois pareceres t\u00e9cnicos foram extremamente positivos. Sem d\u00favida alguma, o A\u00e7ude das Pedras de Rajada vai se constituir em uma importante fonte de pesquisa para&hellip;\" \/>\n<meta property=\"og:url\" content=\"https:\/\/blogdofarnesio.com.br\/?p=88689\" \/>\n<meta property=\"og:site_name\" content=\"Blog do Farn\u00e9sio\" \/>\n<meta property=\"article:publisher\" content=\"https:\/\/www.facebook.com\/BlogQuerSaberPolitica\/\" \/>\n<meta property=\"article:published_time\" content=\"2014-06-25T18:00:58+00:00\" \/>\n<meta property=\"og:image\" content=\"http:\/\/www.quersaberpolitica.com.br\/2016\/wp-content\/uploads\/2014\/01\/photo4.jpg\" \/>\n<meta name=\"author\" content=\"teste\" \/>\n<meta name=\"twitter:card\" content=\"summary_large_image\" \/>\n<meta name=\"twitter:label1\" content=\"Escrito por\" \/>\n\t<meta name=\"twitter:data1\" content=\"teste\" \/>\n\t<meta name=\"twitter:label2\" content=\"Est. tempo de leitura\" \/>\n\t<meta name=\"twitter:data2\" content=\"2 minutos\" \/>\n<script type=\"application\/ld+json\" class=\"yoast-schema-graph\">{\"@context\":\"https:\\\/\\\/schema.org\",\"@graph\":[{\"@type\":\"Article\",\"@id\":\"https:\\\/\\\/blogdofarnesio.com.br\\\/?p=88689#article\",\"isPartOf\":{\"@id\":\"https:\\\/\\\/blogdofarnesio.com.br\\\/?p=88689\"},\"author\":{\"name\":\"teste\",\"@id\":\"https:\\\/\\\/blogdofarnesio.com.br\\\/#\\\/schema\\\/person\\\/dd1bf5eba40b687199ba45ca6b97dff9\"},\"headline\":\"VEST\u00cdGIOS ARQUEOL\u00d3GICOS DE MAIS DE 600 MIL ANOS S\u00c3O ENCONTRADOS EM RAJADA\",\"datePublished\":\"2014-06-25T18:00:58+00:00\",\"mainEntityOfPage\":{\"@id\":\"https:\\\/\\\/blogdofarnesio.com.br\\\/?p=88689\"},\"wordCount\":427,\"commentCount\":0,\"publisher\":{\"@id\":\"https:\\\/\\\/blogdofarnesio.com.br\\\/#organization\"},\"image\":{\"@id\":\"https:\\\/\\\/blogdofarnesio.com.br\\\/?p=88689#primaryimage\"},\"thumbnailUrl\":\"http:\\\/\\\/www.quersaberpolitica.com.br\\\/2016\\\/wp-content\\\/uploads\\\/2014\\\/01\\\/photo4.jpg\",\"articleSection\":[\"Cultura\",\"Curiosidades\"],\"inLanguage\":\"pt-BR\",\"potentialAction\":[{\"@type\":\"CommentAction\",\"name\":\"Comment\",\"target\":[\"https:\\\/\\\/blogdofarnesio.com.br\\\/?p=88689#respond\"]}]},{\"@type\":\"WebPage\",\"@id\":\"https:\\\/\\\/blogdofarnesio.com.br\\\/?p=88689\",\"url\":\"https:\\\/\\\/blogdofarnesio.com.br\\\/?p=88689\",\"name\":\"VEST\u00cdGIOS ARQUEOL\u00d3GICOS DE MAIS DE 600 MIL ANOS S\u00c3O ENCONTRADOS EM RAJADA - Blog do Farn\u00e9sio\",\"isPartOf\":{\"@id\":\"https:\\\/\\\/blogdofarnesio.com.br\\\/#website\"},\"primaryImageOfPage\":{\"@id\":\"https:\\\/\\\/blogdofarnesio.com.br\\\/?p=88689#primaryimage\"},\"image\":{\"@id\":\"https:\\\/\\\/blogdofarnesio.com.br\\\/?p=88689#primaryimage\"},\"thumbnailUrl\":\"http:\\\/\\\/www.quersaberpolitica.com.br\\\/2016\\\/wp-content\\\/uploads\\\/2014\\\/01\\\/photo4.jpg\",\"datePublished\":\"2014-06-25T18:00:58+00:00\",\"breadcrumb\":{\"@id\":\"https:\\\/\\\/blogdofarnesio.com.br\\\/?p=88689#breadcrumb\"},\"inLanguage\":\"pt-BR\",\"potentialAction\":[{\"@type\":\"ReadAction\",\"target\":[\"https:\\\/\\\/blogdofarnesio.com.br\\\/?p=88689\"]}]},{\"@type\":\"ImageObject\",\"inLanguage\":\"pt-BR\",\"@id\":\"https:\\\/\\\/blogdofarnesio.com.br\\\/?p=88689#primaryimage\",\"url\":\"http:\\\/\\\/www.quersaberpolitica.com.br\\\/2016\\\/wp-content\\\/uploads\\\/2014\\\/01\\\/photo4.jpg\",\"contentUrl\":\"http:\\\/\\\/www.quersaberpolitica.com.br\\\/2016\\\/wp-content\\\/uploads\\\/2014\\\/01\\\/photo4.jpg\"},{\"@type\":\"BreadcrumbList\",\"@id\":\"https:\\\/\\\/blogdofarnesio.com.br\\\/?p=88689#breadcrumb\",\"itemListElement\":[{\"@type\":\"ListItem\",\"position\":1,\"name\":\"In\u00edcio\",\"item\":\"https:\\\/\\\/blogdofarnesio.com.br\\\/\"},{\"@type\":\"ListItem\",\"position\":2,\"name\":\"VEST\u00cdGIOS ARQUEOL\u00d3GICOS DE MAIS DE 600 MIL ANOS S\u00c3O ENCONTRADOS EM RAJADA\"}]},{\"@type\":\"WebSite\",\"@id\":\"https:\\\/\\\/blogdofarnesio.com.br\\\/#website\",\"url\":\"https:\\\/\\\/blogdofarnesio.com.br\\\/\",\"name\":\"Blog do Farn\u00e9sio\",\"description\":\"Quer Saber Pol\u00edtica?\",\"publisher\":{\"@id\":\"https:\\\/\\\/blogdofarnesio.com.br\\\/#organization\"},\"potentialAction\":[{\"@type\":\"SearchAction\",\"target\":{\"@type\":\"EntryPoint\",\"urlTemplate\":\"https:\\\/\\\/blogdofarnesio.com.br\\\/?s={search_term_string}\"},\"query-input\":{\"@type\":\"PropertyValueSpecification\",\"valueRequired\":true,\"valueName\":\"search_term_string\"}}],\"inLanguage\":\"pt-BR\"},{\"@type\":\"Organization\",\"@id\":\"https:\\\/\\\/blogdofarnesio.com.br\\\/#organization\",\"name\":\"Blog do Farn\u00e9sio\",\"url\":\"https:\\\/\\\/blogdofarnesio.com.br\\\/\",\"logo\":{\"@type\":\"ImageObject\",\"inLanguage\":\"pt-BR\",\"@id\":\"https:\\\/\\\/blogdofarnesio.com.br\\\/#\\\/schema\\\/logo\\\/image\\\/\",\"url\":\"https:\\\/\\\/blogdofarnesio.com.br\\\/wp-content\\\/uploads\\\/2026\\\/03\\\/cropped-logo_new-1.png\",\"contentUrl\":\"https:\\\/\\\/blogdofarnesio.com.br\\\/wp-content\\\/uploads\\\/2026\\\/03\\\/cropped-logo_new-1.png\",\"width\":881,\"height\":685,\"caption\":\"Blog do Farn\u00e9sio\"},\"image\":{\"@id\":\"https:\\\/\\\/blogdofarnesio.com.br\\\/#\\\/schema\\\/logo\\\/image\\\/\"},\"sameAs\":[\"https:\\\/\\\/www.facebook.com\\\/BlogQuerSaberPolitica\\\/\"]},{\"@type\":\"Person\",\"@id\":\"https:\\\/\\\/blogdofarnesio.com.br\\\/#\\\/schema\\\/person\\\/dd1bf5eba40b687199ba45ca6b97dff9\",\"name\":\"teste\",\"image\":{\"@type\":\"ImageObject\",\"inLanguage\":\"pt-BR\",\"@id\":\"https:\\\/\\\/secure.gravatar.com\\\/avatar\\\/2172498d4914b51e1d89a0f97957b035ac4938723a5cac208135d389b6972a6d?s=96&d=mm&r=g\",\"url\":\"https:\\\/\\\/secure.gravatar.com\\\/avatar\\\/2172498d4914b51e1d89a0f97957b035ac4938723a5cac208135d389b6972a6d?s=96&d=mm&r=g\",\"contentUrl\":\"https:\\\/\\\/secure.gravatar.com\\\/avatar\\\/2172498d4914b51e1d89a0f97957b035ac4938723a5cac208135d389b6972a6d?s=96&d=mm&r=g\",\"caption\":\"teste\"},\"url\":\"https:\\\/\\\/blogdofarnesio.com.br\\\/?author=3\"}]}<\/script>\n<!-- \/ Yoast SEO plugin. -->","yoast_head_json":{"title":"VEST\u00cdGIOS ARQUEOL\u00d3GICOS DE MAIS DE 600 MIL ANOS S\u00c3O ENCONTRADOS EM RAJADA  - Blog do Farn\u00e9sio","robots":{"index":"index","follow":"follow","max-snippet":"max-snippet:-1","max-image-preview":"max-image-preview:large","max-video-preview":"max-video-preview:-1"},"canonical":"https:\/\/blogdofarnesio.com.br\/?p=88689","og_locale":"pt_BR","og_type":"article","og_title":"VEST\u00cdGIOS ARQUEOL\u00d3GICOS DE MAIS DE 600 MIL ANOS S\u00c3O ENCONTRADOS EM RAJADA  - Blog do Farn\u00e9sio","og_description":"Vest\u00edgios de comunidades pr\u00e9-hist\u00f3ricas foram encontrados h\u00e1 cerca de 40 quil\u00f4metros da sede de Petrolina, mais precisamente no distrito de Rajada, sert\u00e3o do Estado. L\u00e1, no A\u00e7ude das Pedras, inscri\u00e7\u00f5es rupestres que podem ser datadas em mais de 600 mil anos, encontram-se misturadas ao cen\u00e1rio intrigante da caatinga. S\u00e3o imagens que podem remontar \u00e0 descri\u00e7\u00e3o do cotidiano dos antigos povos, a respeito de suas tradi\u00e7\u00f5es, religi\u00f5es, rela\u00e7\u00f5es com a natureza. \u201cFotos do local foram encaminhadas para dois professores universit\u00e1rios- um arque\u00f3logo e um ge\u00f3logo- para que eles pudessem avaliar o material encontrado em Rajada. Os dois pareceres t\u00e9cnicos foram extremamente positivos. Sem d\u00favida alguma, o A\u00e7ude das Pedras de Rajada vai se constituir em uma importante fonte de pesquisa para&hellip;","og_url":"https:\/\/blogdofarnesio.com.br\/?p=88689","og_site_name":"Blog do Farn\u00e9sio","article_publisher":"https:\/\/www.facebook.com\/BlogQuerSaberPolitica\/","article_published_time":"2014-06-25T18:00:58+00:00","og_image":[{"url":"http:\/\/www.quersaberpolitica.com.br\/2016\/wp-content\/uploads\/2014\/01\/photo4.jpg","type":"","width":"","height":""}],"author":"teste","twitter_card":"summary_large_image","twitter_misc":{"Escrito por":"teste","Est. tempo de leitura":"2 minutos"},"schema":{"@context":"https:\/\/schema.org","@graph":[{"@type":"Article","@id":"https:\/\/blogdofarnesio.com.br\/?p=88689#article","isPartOf":{"@id":"https:\/\/blogdofarnesio.com.br\/?p=88689"},"author":{"name":"teste","@id":"https:\/\/blogdofarnesio.com.br\/#\/schema\/person\/dd1bf5eba40b687199ba45ca6b97dff9"},"headline":"VEST\u00cdGIOS ARQUEOL\u00d3GICOS DE MAIS DE 600 MIL ANOS S\u00c3O ENCONTRADOS EM RAJADA","datePublished":"2014-06-25T18:00:58+00:00","mainEntityOfPage":{"@id":"https:\/\/blogdofarnesio.com.br\/?p=88689"},"wordCount":427,"commentCount":0,"publisher":{"@id":"https:\/\/blogdofarnesio.com.br\/#organization"},"image":{"@id":"https:\/\/blogdofarnesio.com.br\/?p=88689#primaryimage"},"thumbnailUrl":"http:\/\/www.quersaberpolitica.com.br\/2016\/wp-content\/uploads\/2014\/01\/photo4.jpg","articleSection":["Cultura","Curiosidades"],"inLanguage":"pt-BR","potentialAction":[{"@type":"CommentAction","name":"Comment","target":["https:\/\/blogdofarnesio.com.br\/?p=88689#respond"]}]},{"@type":"WebPage","@id":"https:\/\/blogdofarnesio.com.br\/?p=88689","url":"https:\/\/blogdofarnesio.com.br\/?p=88689","name":"VEST\u00cdGIOS ARQUEOL\u00d3GICOS DE MAIS DE 600 MIL ANOS S\u00c3O ENCONTRADOS EM RAJADA - Blog do Farn\u00e9sio","isPartOf":{"@id":"https:\/\/blogdofarnesio.com.br\/#website"},"primaryImageOfPage":{"@id":"https:\/\/blogdofarnesio.com.br\/?p=88689#primaryimage"},"image":{"@id":"https:\/\/blogdofarnesio.com.br\/?p=88689#primaryimage"},"thumbnailUrl":"http:\/\/www.quersaberpolitica.com.br\/2016\/wp-content\/uploads\/2014\/01\/photo4.jpg","datePublished":"2014-06-25T18:00:58+00:00","breadcrumb":{"@id":"https:\/\/blogdofarnesio.com.br\/?p=88689#breadcrumb"},"inLanguage":"pt-BR","potentialAction":[{"@type":"ReadAction","target":["https:\/\/blogdofarnesio.com.br\/?p=88689"]}]},{"@type":"ImageObject","inLanguage":"pt-BR","@id":"https:\/\/blogdofarnesio.com.br\/?p=88689#primaryimage","url":"http:\/\/www.quersaberpolitica.com.br\/2016\/wp-content\/uploads\/2014\/01\/photo4.jpg","contentUrl":"http:\/\/www.quersaberpolitica.com.br\/2016\/wp-content\/uploads\/2014\/01\/photo4.jpg"},{"@type":"BreadcrumbList","@id":"https:\/\/blogdofarnesio.com.br\/?p=88689#breadcrumb","itemListElement":[{"@type":"ListItem","position":1,"name":"In\u00edcio","item":"https:\/\/blogdofarnesio.com.br\/"},{"@type":"ListItem","position":2,"name":"VEST\u00cdGIOS ARQUEOL\u00d3GICOS DE MAIS DE 600 MIL ANOS S\u00c3O ENCONTRADOS EM RAJADA"}]},{"@type":"WebSite","@id":"https:\/\/blogdofarnesio.com.br\/#website","url":"https:\/\/blogdofarnesio.com.br\/","name":"Blog do Farn\u00e9sio","description":"Quer Saber Pol\u00edtica?","publisher":{"@id":"https:\/\/blogdofarnesio.com.br\/#organization"},"potentialAction":[{"@type":"SearchAction","target":{"@type":"EntryPoint","urlTemplate":"https:\/\/blogdofarnesio.com.br\/?s={search_term_string}"},"query-input":{"@type":"PropertyValueSpecification","valueRequired":true,"valueName":"search_term_string"}}],"inLanguage":"pt-BR"},{"@type":"Organization","@id":"https:\/\/blogdofarnesio.com.br\/#organization","name":"Blog do Farn\u00e9sio","url":"https:\/\/blogdofarnesio.com.br\/","logo":{"@type":"ImageObject","inLanguage":"pt-BR","@id":"https:\/\/blogdofarnesio.com.br\/#\/schema\/logo\/image\/","url":"https:\/\/blogdofarnesio.com.br\/wp-content\/uploads\/2026\/03\/cropped-logo_new-1.png","contentUrl":"https:\/\/blogdofarnesio.com.br\/wp-content\/uploads\/2026\/03\/cropped-logo_new-1.png","width":881,"height":685,"caption":"Blog do Farn\u00e9sio"},"image":{"@id":"https:\/\/blogdofarnesio.com.br\/#\/schema\/logo\/image\/"},"sameAs":["https:\/\/www.facebook.com\/BlogQuerSaberPolitica\/"]},{"@type":"Person","@id":"https:\/\/blogdofarnesio.com.br\/#\/schema\/person\/dd1bf5eba40b687199ba45ca6b97dff9","name":"teste","image":{"@type":"ImageObject","inLanguage":"pt-BR","@id":"https:\/\/secure.gravatar.com\/avatar\/2172498d4914b51e1d89a0f97957b035ac4938723a5cac208135d389b6972a6d?s=96&d=mm&r=g","url":"https:\/\/secure.gravatar.com\/avatar\/2172498d4914b51e1d89a0f97957b035ac4938723a5cac208135d389b6972a6d?s=96&d=mm&r=g","contentUrl":"https:\/\/secure.gravatar.com\/avatar\/2172498d4914b51e1d89a0f97957b035ac4938723a5cac208135d389b6972a6d?s=96&d=mm&r=g","caption":"teste"},"url":"https:\/\/blogdofarnesio.com.br\/?author=3"}]}},"_links":{"self":[{"href":"https:\/\/blogdofarnesio.com.br\/index.php?rest_route=\/wp\/v2\/posts\/88689","targetHints":{"allow":["GET"]}}],"collection":[{"href":"https:\/\/blogdofarnesio.com.br\/index.php?rest_route=\/wp\/v2\/posts"}],"about":[{"href":"https:\/\/blogdofarnesio.com.br\/index.php?rest_route=\/wp\/v2\/types\/post"}],"author":[{"embeddable":true,"href":"https:\/\/blogdofarnesio.com.br\/index.php?rest_route=\/wp\/v2\/users\/3"}],"replies":[{"embeddable":true,"href":"https:\/\/blogdofarnesio.com.br\/index.php?rest_route=%2Fwp%2Fv2%2Fcomments&post=88689"}],"version-history":[{"count":0,"href":"https:\/\/blogdofarnesio.com.br\/index.php?rest_route=\/wp\/v2\/posts\/88689\/revisions"}],"wp:attachment":[{"href":"https:\/\/blogdofarnesio.com.br\/index.php?rest_route=%2Fwp%2Fv2%2Fmedia&parent=88689"}],"wp:term":[{"taxonomy":"category","embeddable":true,"href":"https:\/\/blogdofarnesio.com.br\/index.php?rest_route=%2Fwp%2Fv2%2Fcategories&post=88689"},{"taxonomy":"post_tag","embeddable":true,"href":"https:\/\/blogdofarnesio.com.br\/index.php?rest_route=%2Fwp%2Fv2%2Ftags&post=88689"}],"curies":[{"name":"wp","href":"https:\/\/api.w.org\/{rel}","templated":true}]}}