{"id":88625,"date":"2014-06-24T18:59:13","date_gmt":"2014-06-24T21:59:13","guid":{"rendered":"http:\/\/www.quersaberpolitica.com.br\/?p=88625"},"modified":"2014-06-24T18:59:13","modified_gmt":"2014-06-24T21:59:13","slug":"prefeito-lossio-passa-mal-e-esta-internado-para-observacoes","status":"publish","type":"post","link":"https:\/\/blogdofarnesio.com.br\/?p=88625","title":{"rendered":"PREFEITO LOSSIO PASSA MAL E EST\u00c1 INTERNADO PARA OBSERVA\u00c7\u00d5ES"},"content":{"rendered":"<p style=\"text-align: justify\"><a href=\"http:\/\/www.quersaberpolitica.com.br\/2016\/wp-content\/uploads\/2013\/02\/blogqspjlo1.jpg\"><img loading=\"lazy\" decoding=\"async\" class=\"aligncenter size-full wp-image-29255\" alt=\"blogqspjlo1\" src=\"http:\/\/www.quersaberpolitica.com.br\/2016\/wp-content\/uploads\/2013\/02\/blogqspjlo1.jpg\" width=\"448\" height=\"336\" srcset=\"https:\/\/blogdofarnesio.com.br\/wp-content\/uploads\/2013\/02\/blogqspjlo1.jpg 448w, https:\/\/blogdofarnesio.com.br\/wp-content\/uploads\/2013\/02\/blogqspjlo1-300x224.jpg 300w, https:\/\/blogdofarnesio.com.br\/wp-content\/uploads\/2013\/02\/blogqspjlo1-400x300.jpg 400w\" sizes=\"auto, (max-width: 448px) 100vw, 448px\" \/><\/a>O prefeito Dr. Julio est\u00e1 internado em Petrolina. Nesta ter\u00e7a-feira (24), procurou atendimento m\u00e9dico, ap\u00f3s sentir fortes dores de cabe\u00e7a, iniciada na tarde da segunda-feira (23).<\/p>\n<p style=\"text-align: justify\">O m\u00e9dico Dr. Jos\u00e9 Carlos de Moura, neurocirurgi\u00e3o, decidiu mant\u00ea-lo internado. O prefeito de Petrolina passou por alguns exames e permanece em observa\u00e7\u00e3o para controlar a press\u00e3o arterial.<\/p>\n<p style=\"text-align: justify\">Ainda conforme boletim m\u00e9dico, ele passa bem, mas deve permanecer internado, e em repouso absoluto, ate se restabelecer completamente.<\/p>\n","protected":false},"excerpt":{"rendered":"<p>O prefeito Dr. Julio est\u00e1 internado em Petrolina. Nesta ter\u00e7a-feira (24), procurou atendimento m\u00e9dico, ap\u00f3s sentir fortes dores de cabe\u00e7a, iniciada na tarde da segunda-feira (23). O m\u00e9dico Dr. Jos\u00e9 Carlos de Moura, neurocirurgi\u00e3o, decidiu mant\u00ea-lo internado. O prefeito de Petrolina passou por alguns exames e permanece em observa\u00e7\u00e3o para controlar a press\u00e3o arterial. Ainda conforme boletim m\u00e9dico, ele passa bem, mas deve permanecer internado, e em repouso absoluto, ate se restabelecer completamente.<\/p>\n","protected":false},"author":3,"featured_media":0,"comment_status":"open","ping_status":"open","sticky":false,"template":"","format":"standard","meta":{"_acf_changed":false,"footnotes":""},"categories":[44],"tags":[],"class_list":["post-88625","post","type-post","status-publish","format-standard","hentry","category-administracao"],"acf":[],"yoast_head":"<!-- This site is optimized with the Yoast SEO plugin v27.4 - https:\/\/yoast.com\/product\/yoast-seo-wordpress\/ -->\n<title>PREFEITO LOSSIO PASSA MAL E EST\u00c1 INTERNADO PARA OBSERVA\u00c7\u00d5ES - Blog do Farn\u00e9sio<\/title>\n<meta name=\"robots\" content=\"index, follow, max-snippet:-1, max-image-preview:large, max-video-preview:-1\" \/>\n<link rel=\"canonical\" href=\"https:\/\/blogdofarnesio.com.br\/?p=88625\" \/>\n<meta property=\"og:locale\" content=\"pt_BR\" \/>\n<meta property=\"og:type\" content=\"article\" \/>\n<meta property=\"og:title\" content=\"PREFEITO LOSSIO PASSA MAL E EST\u00c1 INTERNADO PARA OBSERVA\u00c7\u00d5ES - Blog do Farn\u00e9sio\" \/>\n<meta property=\"og:description\" content=\"O prefeito Dr. Julio est\u00e1 internado em Petrolina. Nesta ter\u00e7a-feira (24), procurou atendimento m\u00e9dico, ap\u00f3s sentir fortes dores de cabe\u00e7a, iniciada na tarde da segunda-feira (23). O m\u00e9dico Dr. Jos\u00e9 Carlos de Moura, neurocirurgi\u00e3o, decidiu mant\u00ea-lo internado. O prefeito de Petrolina passou por alguns exames e permanece em observa\u00e7\u00e3o para controlar a press\u00e3o arterial. Ainda conforme boletim m\u00e9dico, ele passa bem, mas deve permanecer internado, e em repouso absoluto, ate se restabelecer completamente.\" \/>\n<meta property=\"og:url\" content=\"https:\/\/blogdofarnesio.com.br\/?p=88625\" \/>\n<meta property=\"og:site_name\" content=\"Blog do Farn\u00e9sio\" \/>\n<meta property=\"article:publisher\" content=\"https:\/\/www.facebook.com\/BlogQuerSaberPolitica\/\" \/>\n<meta property=\"article:published_time\" content=\"2014-06-24T21:59:13+00:00\" \/>\n<meta property=\"og:image\" content=\"http:\/\/www.quersaberpolitica.com.br\/2016\/wp-content\/uploads\/2013\/02\/blogqspjlo1.jpg\" \/>\n<meta name=\"author\" content=\"teste\" \/>\n<meta name=\"twitter:card\" content=\"summary_large_image\" \/>\n<meta name=\"twitter:label1\" content=\"Escrito por\" \/>\n\t<meta name=\"twitter:data1\" content=\"teste\" \/>\n<script type=\"application\/ld+json\" class=\"yoast-schema-graph\">{\"@context\":\"https:\\\/\\\/schema.org\",\"@graph\":[{\"@type\":\"Article\",\"@id\":\"https:\\\/\\\/blogdofarnesio.com.br\\\/?p=88625#article\",\"isPartOf\":{\"@id\":\"https:\\\/\\\/blogdofarnesio.com.br\\\/?p=88625\"},\"author\":{\"name\":\"teste\",\"@id\":\"https:\\\/\\\/blogdofarnesio.com.br\\\/#\\\/schema\\\/person\\\/dd1bf5eba40b687199ba45ca6b97dff9\"},\"headline\":\"PREFEITO LOSSIO PASSA MAL E EST\u00c1 INTERNADO PARA OBSERVA\u00c7\u00d5ES\",\"datePublished\":\"2014-06-24T21:59:13+00:00\",\"mainEntityOfPage\":{\"@id\":\"https:\\\/\\\/blogdofarnesio.com.br\\\/?p=88625\"},\"wordCount\":91,\"commentCount\":0,\"publisher\":{\"@id\":\"https:\\\/\\\/blogdofarnesio.com.br\\\/#organization\"},\"image\":{\"@id\":\"https:\\\/\\\/blogdofarnesio.com.br\\\/?p=88625#primaryimage\"},\"thumbnailUrl\":\"http:\\\/\\\/www.quersaberpolitica.com.br\\\/2016\\\/wp-content\\\/uploads\\\/2013\\\/02\\\/blogqspjlo1.jpg\",\"articleSection\":[\"Administra\u00e7\u00e3o\"],\"inLanguage\":\"pt-BR\",\"potentialAction\":[{\"@type\":\"CommentAction\",\"name\":\"Comment\",\"target\":[\"https:\\\/\\\/blogdofarnesio.com.br\\\/?p=88625#respond\"]}]},{\"@type\":\"WebPage\",\"@id\":\"https:\\\/\\\/blogdofarnesio.com.br\\\/?p=88625\",\"url\":\"https:\\\/\\\/blogdofarnesio.com.br\\\/?p=88625\",\"name\":\"PREFEITO LOSSIO PASSA MAL E EST\u00c1 INTERNADO PARA OBSERVA\u00c7\u00d5ES - Blog do Farn\u00e9sio\",\"isPartOf\":{\"@id\":\"https:\\\/\\\/blogdofarnesio.com.br\\\/#website\"},\"primaryImageOfPage\":{\"@id\":\"https:\\\/\\\/blogdofarnesio.com.br\\\/?p=88625#primaryimage\"},\"image\":{\"@id\":\"https:\\\/\\\/blogdofarnesio.com.br\\\/?p=88625#primaryimage\"},\"thumbnailUrl\":\"http:\\\/\\\/www.quersaberpolitica.com.br\\\/2016\\\/wp-content\\\/uploads\\\/2013\\\/02\\\/blogqspjlo1.jpg\",\"datePublished\":\"2014-06-24T21:59:13+00:00\",\"breadcrumb\":{\"@id\":\"https:\\\/\\\/blogdofarnesio.com.br\\\/?p=88625#breadcrumb\"},\"inLanguage\":\"pt-BR\",\"potentialAction\":[{\"@type\":\"ReadAction\",\"target\":[\"https:\\\/\\\/blogdofarnesio.com.br\\\/?p=88625\"]}]},{\"@type\":\"ImageObject\",\"inLanguage\":\"pt-BR\",\"@id\":\"https:\\\/\\\/blogdofarnesio.com.br\\\/?p=88625#primaryimage\",\"url\":\"http:\\\/\\\/www.quersaberpolitica.com.br\\\/2016\\\/wp-content\\\/uploads\\\/2013\\\/02\\\/blogqspjlo1.jpg\",\"contentUrl\":\"http:\\\/\\\/www.quersaberpolitica.com.br\\\/2016\\\/wp-content\\\/uploads\\\/2013\\\/02\\\/blogqspjlo1.jpg\"},{\"@type\":\"BreadcrumbList\",\"@id\":\"https:\\\/\\\/blogdofarnesio.com.br\\\/?p=88625#breadcrumb\",\"itemListElement\":[{\"@type\":\"ListItem\",\"position\":1,\"name\":\"In\u00edcio\",\"item\":\"https:\\\/\\\/blogdofarnesio.com.br\\\/\"},{\"@type\":\"ListItem\",\"position\":2,\"name\":\"PREFEITO LOSSIO PASSA MAL E EST\u00c1 INTERNADO PARA OBSERVA\u00c7\u00d5ES\"}]},{\"@type\":\"WebSite\",\"@id\":\"https:\\\/\\\/blogdofarnesio.com.br\\\/#website\",\"url\":\"https:\\\/\\\/blogdofarnesio.com.br\\\/\",\"name\":\"Blog do Farn\u00e9sio\",\"description\":\"Quer Saber Pol\u00edtica?\",\"publisher\":{\"@id\":\"https:\\\/\\\/blogdofarnesio.com.br\\\/#organization\"},\"potentialAction\":[{\"@type\":\"SearchAction\",\"target\":{\"@type\":\"EntryPoint\",\"urlTemplate\":\"https:\\\/\\\/blogdofarnesio.com.br\\\/?s={search_term_string}\"},\"query-input\":{\"@type\":\"PropertyValueSpecification\",\"valueRequired\":true,\"valueName\":\"search_term_string\"}}],\"inLanguage\":\"pt-BR\"},{\"@type\":\"Organization\",\"@id\":\"https:\\\/\\\/blogdofarnesio.com.br\\\/#organization\",\"name\":\"Blog do Farn\u00e9sio\",\"url\":\"https:\\\/\\\/blogdofarnesio.com.br\\\/\",\"logo\":{\"@type\":\"ImageObject\",\"inLanguage\":\"pt-BR\",\"@id\":\"https:\\\/\\\/blogdofarnesio.com.br\\\/#\\\/schema\\\/logo\\\/image\\\/\",\"url\":\"https:\\\/\\\/blogdofarnesio.com.br\\\/wp-content\\\/uploads\\\/2026\\\/03\\\/cropped-logo_new-1.png\",\"contentUrl\":\"https:\\\/\\\/blogdofarnesio.com.br\\\/wp-content\\\/uploads\\\/2026\\\/03\\\/cropped-logo_new-1.png\",\"width\":881,\"height\":685,\"caption\":\"Blog do Farn\u00e9sio\"},\"image\":{\"@id\":\"https:\\\/\\\/blogdofarnesio.com.br\\\/#\\\/schema\\\/logo\\\/image\\\/\"},\"sameAs\":[\"https:\\\/\\\/www.facebook.com\\\/BlogQuerSaberPolitica\\\/\"]},{\"@type\":\"Person\",\"@id\":\"https:\\\/\\\/blogdofarnesio.com.br\\\/#\\\/schema\\\/person\\\/dd1bf5eba40b687199ba45ca6b97dff9\",\"name\":\"teste\",\"image\":{\"@type\":\"ImageObject\",\"inLanguage\":\"pt-BR\",\"@id\":\"https:\\\/\\\/secure.gravatar.com\\\/avatar\\\/2172498d4914b51e1d89a0f97957b035ac4938723a5cac208135d389b6972a6d?s=96&d=mm&r=g\",\"url\":\"https:\\\/\\\/secure.gravatar.com\\\/avatar\\\/2172498d4914b51e1d89a0f97957b035ac4938723a5cac208135d389b6972a6d?s=96&d=mm&r=g\",\"contentUrl\":\"https:\\\/\\\/secure.gravatar.com\\\/avatar\\\/2172498d4914b51e1d89a0f97957b035ac4938723a5cac208135d389b6972a6d?s=96&d=mm&r=g\",\"caption\":\"teste\"},\"url\":\"https:\\\/\\\/blogdofarnesio.com.br\\\/?author=3\"}]}<\/script>\n<!-- \/ Yoast SEO plugin. -->","yoast_head_json":{"title":"PREFEITO LOSSIO PASSA MAL E EST\u00c1 INTERNADO PARA OBSERVA\u00c7\u00d5ES - Blog do Farn\u00e9sio","robots":{"index":"index","follow":"follow","max-snippet":"max-snippet:-1","max-image-preview":"max-image-preview:large","max-video-preview":"max-video-preview:-1"},"canonical":"https:\/\/blogdofarnesio.com.br\/?p=88625","og_locale":"pt_BR","og_type":"article","og_title":"PREFEITO LOSSIO PASSA MAL E EST\u00c1 INTERNADO PARA OBSERVA\u00c7\u00d5ES - Blog do Farn\u00e9sio","og_description":"O prefeito Dr. Julio est\u00e1 internado em Petrolina. Nesta ter\u00e7a-feira (24), procurou atendimento m\u00e9dico, ap\u00f3s sentir fortes dores de cabe\u00e7a, iniciada na tarde da segunda-feira (23). O m\u00e9dico Dr. Jos\u00e9 Carlos de Moura, neurocirurgi\u00e3o, decidiu mant\u00ea-lo internado. O prefeito de Petrolina passou por alguns exames e permanece em observa\u00e7\u00e3o para controlar a press\u00e3o arterial. Ainda conforme boletim m\u00e9dico, ele passa bem, mas deve permanecer internado, e em repouso absoluto, ate se restabelecer completamente.","og_url":"https:\/\/blogdofarnesio.com.br\/?p=88625","og_site_name":"Blog do Farn\u00e9sio","article_publisher":"https:\/\/www.facebook.com\/BlogQuerSaberPolitica\/","article_published_time":"2014-06-24T21:59:13+00:00","og_image":[{"url":"http:\/\/www.quersaberpolitica.com.br\/2016\/wp-content\/uploads\/2013\/02\/blogqspjlo1.jpg","type":"","width":"","height":""}],"author":"teste","twitter_card":"summary_large_image","twitter_misc":{"Escrito por":"teste"},"schema":{"@context":"https:\/\/schema.org","@graph":[{"@type":"Article","@id":"https:\/\/blogdofarnesio.com.br\/?p=88625#article","isPartOf":{"@id":"https:\/\/blogdofarnesio.com.br\/?p=88625"},"author":{"name":"teste","@id":"https:\/\/blogdofarnesio.com.br\/#\/schema\/person\/dd1bf5eba40b687199ba45ca6b97dff9"},"headline":"PREFEITO LOSSIO PASSA MAL E EST\u00c1 INTERNADO PARA OBSERVA\u00c7\u00d5ES","datePublished":"2014-06-24T21:59:13+00:00","mainEntityOfPage":{"@id":"https:\/\/blogdofarnesio.com.br\/?p=88625"},"wordCount":91,"commentCount":0,"publisher":{"@id":"https:\/\/blogdofarnesio.com.br\/#organization"},"image":{"@id":"https:\/\/blogdofarnesio.com.br\/?p=88625#primaryimage"},"thumbnailUrl":"http:\/\/www.quersaberpolitica.com.br\/2016\/wp-content\/uploads\/2013\/02\/blogqspjlo1.jpg","articleSection":["Administra\u00e7\u00e3o"],"inLanguage":"pt-BR","potentialAction":[{"@type":"CommentAction","name":"Comment","target":["https:\/\/blogdofarnesio.com.br\/?p=88625#respond"]}]},{"@type":"WebPage","@id":"https:\/\/blogdofarnesio.com.br\/?p=88625","url":"https:\/\/blogdofarnesio.com.br\/?p=88625","name":"PREFEITO LOSSIO PASSA MAL E EST\u00c1 INTERNADO PARA OBSERVA\u00c7\u00d5ES - Blog do Farn\u00e9sio","isPartOf":{"@id":"https:\/\/blogdofarnesio.com.br\/#website"},"primaryImageOfPage":{"@id":"https:\/\/blogdofarnesio.com.br\/?p=88625#primaryimage"},"image":{"@id":"https:\/\/blogdofarnesio.com.br\/?p=88625#primaryimage"},"thumbnailUrl":"http:\/\/www.quersaberpolitica.com.br\/2016\/wp-content\/uploads\/2013\/02\/blogqspjlo1.jpg","datePublished":"2014-06-24T21:59:13+00:00","breadcrumb":{"@id":"https:\/\/blogdofarnesio.com.br\/?p=88625#breadcrumb"},"inLanguage":"pt-BR","potentialAction":[{"@type":"ReadAction","target":["https:\/\/blogdofarnesio.com.br\/?p=88625"]}]},{"@type":"ImageObject","inLanguage":"pt-BR","@id":"https:\/\/blogdofarnesio.com.br\/?p=88625#primaryimage","url":"http:\/\/www.quersaberpolitica.com.br\/2016\/wp-content\/uploads\/2013\/02\/blogqspjlo1.jpg","contentUrl":"http:\/\/www.quersaberpolitica.com.br\/2016\/wp-content\/uploads\/2013\/02\/blogqspjlo1.jpg"},{"@type":"BreadcrumbList","@id":"https:\/\/blogdofarnesio.com.br\/?p=88625#breadcrumb","itemListElement":[{"@type":"ListItem","position":1,"name":"In\u00edcio","item":"https:\/\/blogdofarnesio.com.br\/"},{"@type":"ListItem","position":2,"name":"PREFEITO LOSSIO PASSA MAL E EST\u00c1 INTERNADO PARA OBSERVA\u00c7\u00d5ES"}]},{"@type":"WebSite","@id":"https:\/\/blogdofarnesio.com.br\/#website","url":"https:\/\/blogdofarnesio.com.br\/","name":"Blog do Farn\u00e9sio","description":"Quer Saber Pol\u00edtica?","publisher":{"@id":"https:\/\/blogdofarnesio.com.br\/#organization"},"potentialAction":[{"@type":"SearchAction","target":{"@type":"EntryPoint","urlTemplate":"https:\/\/blogdofarnesio.com.br\/?s={search_term_string}"},"query-input":{"@type":"PropertyValueSpecification","valueRequired":true,"valueName":"search_term_string"}}],"inLanguage":"pt-BR"},{"@type":"Organization","@id":"https:\/\/blogdofarnesio.com.br\/#organization","name":"Blog do Farn\u00e9sio","url":"https:\/\/blogdofarnesio.com.br\/","logo":{"@type":"ImageObject","inLanguage":"pt-BR","@id":"https:\/\/blogdofarnesio.com.br\/#\/schema\/logo\/image\/","url":"https:\/\/blogdofarnesio.com.br\/wp-content\/uploads\/2026\/03\/cropped-logo_new-1.png","contentUrl":"https:\/\/blogdofarnesio.com.br\/wp-content\/uploads\/2026\/03\/cropped-logo_new-1.png","width":881,"height":685,"caption":"Blog do Farn\u00e9sio"},"image":{"@id":"https:\/\/blogdofarnesio.com.br\/#\/schema\/logo\/image\/"},"sameAs":["https:\/\/www.facebook.com\/BlogQuerSaberPolitica\/"]},{"@type":"Person","@id":"https:\/\/blogdofarnesio.com.br\/#\/schema\/person\/dd1bf5eba40b687199ba45ca6b97dff9","name":"teste","image":{"@type":"ImageObject","inLanguage":"pt-BR","@id":"https:\/\/secure.gravatar.com\/avatar\/2172498d4914b51e1d89a0f97957b035ac4938723a5cac208135d389b6972a6d?s=96&d=mm&r=g","url":"https:\/\/secure.gravatar.com\/avatar\/2172498d4914b51e1d89a0f97957b035ac4938723a5cac208135d389b6972a6d?s=96&d=mm&r=g","contentUrl":"https:\/\/secure.gravatar.com\/avatar\/2172498d4914b51e1d89a0f97957b035ac4938723a5cac208135d389b6972a6d?s=96&d=mm&r=g","caption":"teste"},"url":"https:\/\/blogdofarnesio.com.br\/?author=3"}]}},"_links":{"self":[{"href":"https:\/\/blogdofarnesio.com.br\/index.php?rest_route=\/wp\/v2\/posts\/88625","targetHints":{"allow":["GET"]}}],"collection":[{"href":"https:\/\/blogdofarnesio.com.br\/index.php?rest_route=\/wp\/v2\/posts"}],"about":[{"href":"https:\/\/blogdofarnesio.com.br\/index.php?rest_route=\/wp\/v2\/types\/post"}],"author":[{"embeddable":true,"href":"https:\/\/blogdofarnesio.com.br\/index.php?rest_route=\/wp\/v2\/users\/3"}],"replies":[{"embeddable":true,"href":"https:\/\/blogdofarnesio.com.br\/index.php?rest_route=%2Fwp%2Fv2%2Fcomments&post=88625"}],"version-history":[{"count":0,"href":"https:\/\/blogdofarnesio.com.br\/index.php?rest_route=\/wp\/v2\/posts\/88625\/revisions"}],"wp:attachment":[{"href":"https:\/\/blogdofarnesio.com.br\/index.php?rest_route=%2Fwp%2Fv2%2Fmedia&parent=88625"}],"wp:term":[{"taxonomy":"category","embeddable":true,"href":"https:\/\/blogdofarnesio.com.br\/index.php?rest_route=%2Fwp%2Fv2%2Fcategories&post=88625"},{"taxonomy":"post_tag","embeddable":true,"href":"https:\/\/blogdofarnesio.com.br\/index.php?rest_route=%2Fwp%2Fv2%2Ftags&post=88625"}],"curies":[{"name":"wp","href":"https:\/\/api.w.org\/{rel}","templated":true}]}}