{"id":88510,"date":"2014-06-23T14:42:40","date_gmt":"2014-06-23T17:42:40","guid":{"rendered":"http:\/\/www.quersaberpolitica.com.br\/?p=88510"},"modified":"2014-06-23T09:46:18","modified_gmt":"2014-06-23T12:46:18","slug":"em-alagoas-eduardo-diz-que-e-candidato-contra-os-poderosos","status":"publish","type":"post","link":"https:\/\/blogdofarnesio.com.br\/?p=88510","title":{"rendered":"EM ALAGOAS, EDUARDO DIZ QUE \u00c9 CANDIDATO CONTRA OS PODEROSOS"},"content":{"rendered":"<header><img loading=\"lazy\" decoding=\"async\" class=\"aligncenter\" alt=\"Foto: Alexandre Severo\/PSB\" src=\"http:\/\/blogs.ne10.uol.com.br\/jamildo\/wp-content\/uploads\/2014\/06\/Eduardo-Campos-MACEIO-580.jpg\" width=\"464\" height=\"310\" \/><\/header>\n<div style=\"text-align: justify\">\n<p><em>Foto: Alexandre Severo\/PSB<\/em><\/p>\n<p>Por Carolina Albuquerque<br \/>\nDo Jornal do Commercio desta segunda-feira (23).<\/p>\n<p>Em conven\u00e7\u00e3o do PSB em Alagoas, o presidenci\u00e1vel Eduardo Campos (PSB) se colocou como candidato contra \u201cos poderosos\u201d e sens\u00edvel \u00e0s causas do Nordeste, endurecendo seu discurso \u00e0s v\u00e9speras da abertura da campanha presidencial. O tom adotado por Eduardo vem ap\u00f3s o ex-presidente Lula, em sua passagem pelo Recife, h\u00e1 10 dias, ter reagido ao que chamou de \u201c\u00f3dio de classes\u201d. \u201cA for\u00e7a do povo \u00e9 muito maior do que os poderosos possam imaginar\u201d, disse Eduardo, no ato do PSB em Macei\u00f3, realizado no \u00faltimo s\u00e1bado.<\/p>\n<p>\u201cQuem tem f\u00e9 como eu tenho, quem sabe dialogar com o povo como aprendi desde cedo, sabe que quando o cora\u00e7\u00e3o do povo se enche de esperan\u00e7a, a f\u00e9 comanda a sua atitude. A gente remove as montanhas, os pal\u00e1cios, o poder do dinheiro, da arrog\u00e2ncia daqueles que acham que compram tudo\u201d, bradou o presidenci\u00e1vel. Em Alagoas, o PSB ocupa a vice, com Alexandre Toledo, do candidato ao governo do Estado Benito de Lira (PP).<\/p>\n<p>O presidenci\u00e1vel tamb\u00e9m aproveitou para criticar a presidente Dilma Rousseff, afirmando que ela n\u00e3o enxerga as necessidades do Nordeste. \u201cNunca o Nordeste foi t\u00e3o importante na elei\u00e7\u00e3o de um presidente, como foi na elei\u00e7\u00e3o da presidente Dilma. E agora o Nordeste olha assim e v\u00ea obras inacabadas, promessas feitas que n\u00e3o foram realizadas\u201d, disse.<\/p>\n<p>Eduardo acrescentou que o governo viu a seca que arrasou a agricultura familiar sem \u201cdar uma palavra\u201d e n\u00e3o estimulou setores importantes para a regi\u00e3o como o turismo, o sucroalcooleiro, o de confec\u00e7\u00e3o, o cal\u00e7adista, a agricultura irrigada. E concluiu: \u201cN\u00f3s servimos para ser eleitor, mas n\u00e3o servimos para ser olhados e cuidados\u201d.<\/p>\n<p>Apresentando-se como o homem que \u201cn\u00e3o cria os problemas, mas que resolve\u201d, defendeu que o Nordeste n\u00e3o pode ser mais visto como o \u201cproblema do Brasil\u201d. Na mesma linha, disse que \u201cn\u00f3s n\u00e3o somos os currais\u201d eleitorais e se somou aos esfor\u00e7os para romper a \u201ccerca\u201d que \u201celes colocaram sobre n\u00f3s\u201d, tudo dito sem deixar claro quem seriam o \u201celes\u201d.<\/p>\n<p>Mais uma vez, Eduardo voltou a dizer que o seu projeto \u00e9 o \u00fanico capaz de unir o Brasil e se contrapor \u00e0s for\u00e7as que governam e j\u00e1 governaram o Pa\u00eds. E ressaltou que a popula\u00e7\u00e3o estaria \u201ccansada\u201d dessa \u201carenga\u201d entre o PT e o PSDB.<\/p>\n<\/div>\n","protected":false},"excerpt":{"rendered":"<p>Foto: Alexandre Severo\/PSB Por Carolina Albuquerque Do Jornal do Commercio desta segunda-feira (23). Em conven\u00e7\u00e3o do PSB em Alagoas, o presidenci\u00e1vel Eduardo Campos (PSB) se colocou como candidato contra \u201cos poderosos\u201d e sens\u00edvel \u00e0s causas do Nordeste, endurecendo seu discurso \u00e0s v\u00e9speras da abertura da campanha presidencial. O tom adotado por Eduardo vem ap\u00f3s o ex-presidente Lula, em sua passagem pelo Recife, h\u00e1 10 dias, ter reagido ao que chamou de \u201c\u00f3dio de classes\u201d. \u201cA for\u00e7a do povo \u00e9 muito maior do que os poderosos possam imaginar\u201d, disse Eduardo, no ato do PSB em Macei\u00f3, realizado no \u00faltimo s\u00e1bado. \u201cQuem tem f\u00e9 como eu tenho, quem sabe dialogar com o povo como aprendi desde cedo, sabe que quando o cora\u00e7\u00e3o&hellip; <\/p>\n","protected":false},"author":3,"featured_media":0,"comment_status":"open","ping_status":"open","sticky":false,"template":"","format":"standard","meta":{"_acf_changed":false,"footnotes":""},"categories":[34],"tags":[],"class_list":["post-88510","post","type-post","status-publish","format-standard","hentry","category-eleicoes"],"acf":[],"yoast_head":"<!-- This site is optimized with the Yoast SEO plugin v27.4 - https:\/\/yoast.com\/product\/yoast-seo-wordpress\/ -->\n<title>EM ALAGOAS, EDUARDO DIZ QUE \u00c9 CANDIDATO CONTRA OS PODEROSOS - Blog do Farn\u00e9sio<\/title>\n<meta name=\"robots\" content=\"index, follow, max-snippet:-1, max-image-preview:large, max-video-preview:-1\" \/>\n<link rel=\"canonical\" href=\"https:\/\/blogdofarnesio.com.br\/?p=88510\" \/>\n<meta property=\"og:locale\" content=\"pt_BR\" \/>\n<meta property=\"og:type\" content=\"article\" \/>\n<meta property=\"og:title\" content=\"EM ALAGOAS, EDUARDO DIZ QUE \u00c9 CANDIDATO CONTRA OS PODEROSOS - Blog do Farn\u00e9sio\" \/>\n<meta property=\"og:description\" content=\"Foto: Alexandre Severo\/PSB Por Carolina Albuquerque Do Jornal do Commercio desta segunda-feira (23). Em conven\u00e7\u00e3o do PSB em Alagoas, o presidenci\u00e1vel Eduardo Campos (PSB) se colocou como candidato contra \u201cos poderosos\u201d e sens\u00edvel \u00e0s causas do Nordeste, endurecendo seu discurso \u00e0s v\u00e9speras da abertura da campanha presidencial. O tom adotado por Eduardo vem ap\u00f3s o ex-presidente Lula, em sua passagem pelo Recife, h\u00e1 10 dias, ter reagido ao que chamou de \u201c\u00f3dio de classes\u201d. \u201cA for\u00e7a do povo \u00e9 muito maior do que os poderosos possam imaginar\u201d, disse Eduardo, no ato do PSB em Macei\u00f3, realizado no \u00faltimo s\u00e1bado. \u201cQuem tem f\u00e9 como eu tenho, quem sabe dialogar com o povo como aprendi desde cedo, sabe que quando o cora\u00e7\u00e3o&hellip;\" \/>\n<meta property=\"og:url\" content=\"https:\/\/blogdofarnesio.com.br\/?p=88510\" \/>\n<meta property=\"og:site_name\" content=\"Blog do Farn\u00e9sio\" \/>\n<meta property=\"article:publisher\" content=\"https:\/\/www.facebook.com\/BlogQuerSaberPolitica\/\" \/>\n<meta property=\"article:published_time\" content=\"2014-06-23T17:42:40+00:00\" \/>\n<meta property=\"og:image\" content=\"http:\/\/blogs.ne10.uol.com.br\/jamildo\/wp-content\/uploads\/2014\/06\/Eduardo-Campos-MACEIO-580.jpg\" \/>\n<meta name=\"author\" content=\"teste\" \/>\n<meta name=\"twitter:card\" content=\"summary_large_image\" \/>\n<meta name=\"twitter:label1\" content=\"Escrito por\" \/>\n\t<meta name=\"twitter:data1\" content=\"teste\" \/>\n\t<meta name=\"twitter:label2\" content=\"Est. tempo de leitura\" \/>\n\t<meta name=\"twitter:data2\" content=\"2 minutos\" \/>\n<script type=\"application\/ld+json\" class=\"yoast-schema-graph\">{\"@context\":\"https:\\\/\\\/schema.org\",\"@graph\":[{\"@type\":\"Article\",\"@id\":\"https:\\\/\\\/blogdofarnesio.com.br\\\/?p=88510#article\",\"isPartOf\":{\"@id\":\"https:\\\/\\\/blogdofarnesio.com.br\\\/?p=88510\"},\"author\":{\"name\":\"teste\",\"@id\":\"https:\\\/\\\/blogdofarnesio.com.br\\\/#\\\/schema\\\/person\\\/dd1bf5eba40b687199ba45ca6b97dff9\"},\"headline\":\"EM ALAGOAS, EDUARDO DIZ QUE \u00c9 CANDIDATO CONTRA OS PODEROSOS\",\"datePublished\":\"2014-06-23T17:42:40+00:00\",\"mainEntityOfPage\":{\"@id\":\"https:\\\/\\\/blogdofarnesio.com.br\\\/?p=88510\"},\"wordCount\":427,\"commentCount\":0,\"publisher\":{\"@id\":\"https:\\\/\\\/blogdofarnesio.com.br\\\/#organization\"},\"image\":{\"@id\":\"https:\\\/\\\/blogdofarnesio.com.br\\\/?p=88510#primaryimage\"},\"thumbnailUrl\":\"http:\\\/\\\/blogs.ne10.uol.com.br\\\/jamildo\\\/wp-content\\\/uploads\\\/2014\\\/06\\\/Eduardo-Campos-MACEIO-580.jpg\",\"articleSection\":[\"Elei\u00e7\u00f5es\"],\"inLanguage\":\"pt-BR\",\"potentialAction\":[{\"@type\":\"CommentAction\",\"name\":\"Comment\",\"target\":[\"https:\\\/\\\/blogdofarnesio.com.br\\\/?p=88510#respond\"]}]},{\"@type\":\"WebPage\",\"@id\":\"https:\\\/\\\/blogdofarnesio.com.br\\\/?p=88510\",\"url\":\"https:\\\/\\\/blogdofarnesio.com.br\\\/?p=88510\",\"name\":\"EM ALAGOAS, EDUARDO DIZ QUE \u00c9 CANDIDATO CONTRA OS PODEROSOS - Blog do Farn\u00e9sio\",\"isPartOf\":{\"@id\":\"https:\\\/\\\/blogdofarnesio.com.br\\\/#website\"},\"primaryImageOfPage\":{\"@id\":\"https:\\\/\\\/blogdofarnesio.com.br\\\/?p=88510#primaryimage\"},\"image\":{\"@id\":\"https:\\\/\\\/blogdofarnesio.com.br\\\/?p=88510#primaryimage\"},\"thumbnailUrl\":\"http:\\\/\\\/blogs.ne10.uol.com.br\\\/jamildo\\\/wp-content\\\/uploads\\\/2014\\\/06\\\/Eduardo-Campos-MACEIO-580.jpg\",\"datePublished\":\"2014-06-23T17:42:40+00:00\",\"breadcrumb\":{\"@id\":\"https:\\\/\\\/blogdofarnesio.com.br\\\/?p=88510#breadcrumb\"},\"inLanguage\":\"pt-BR\",\"potentialAction\":[{\"@type\":\"ReadAction\",\"target\":[\"https:\\\/\\\/blogdofarnesio.com.br\\\/?p=88510\"]}]},{\"@type\":\"ImageObject\",\"inLanguage\":\"pt-BR\",\"@id\":\"https:\\\/\\\/blogdofarnesio.com.br\\\/?p=88510#primaryimage\",\"url\":\"http:\\\/\\\/blogs.ne10.uol.com.br\\\/jamildo\\\/wp-content\\\/uploads\\\/2014\\\/06\\\/Eduardo-Campos-MACEIO-580.jpg\",\"contentUrl\":\"http:\\\/\\\/blogs.ne10.uol.com.br\\\/jamildo\\\/wp-content\\\/uploads\\\/2014\\\/06\\\/Eduardo-Campos-MACEIO-580.jpg\"},{\"@type\":\"BreadcrumbList\",\"@id\":\"https:\\\/\\\/blogdofarnesio.com.br\\\/?p=88510#breadcrumb\",\"itemListElement\":[{\"@type\":\"ListItem\",\"position\":1,\"name\":\"In\u00edcio\",\"item\":\"https:\\\/\\\/blogdofarnesio.com.br\\\/\"},{\"@type\":\"ListItem\",\"position\":2,\"name\":\"EM ALAGOAS, EDUARDO DIZ QUE \u00c9 CANDIDATO CONTRA OS PODEROSOS\"}]},{\"@type\":\"WebSite\",\"@id\":\"https:\\\/\\\/blogdofarnesio.com.br\\\/#website\",\"url\":\"https:\\\/\\\/blogdofarnesio.com.br\\\/\",\"name\":\"Blog do Farn\u00e9sio\",\"description\":\"Quer Saber Pol\u00edtica?\",\"publisher\":{\"@id\":\"https:\\\/\\\/blogdofarnesio.com.br\\\/#organization\"},\"potentialAction\":[{\"@type\":\"SearchAction\",\"target\":{\"@type\":\"EntryPoint\",\"urlTemplate\":\"https:\\\/\\\/blogdofarnesio.com.br\\\/?s={search_term_string}\"},\"query-input\":{\"@type\":\"PropertyValueSpecification\",\"valueRequired\":true,\"valueName\":\"search_term_string\"}}],\"inLanguage\":\"pt-BR\"},{\"@type\":\"Organization\",\"@id\":\"https:\\\/\\\/blogdofarnesio.com.br\\\/#organization\",\"name\":\"Blog do Farn\u00e9sio\",\"url\":\"https:\\\/\\\/blogdofarnesio.com.br\\\/\",\"logo\":{\"@type\":\"ImageObject\",\"inLanguage\":\"pt-BR\",\"@id\":\"https:\\\/\\\/blogdofarnesio.com.br\\\/#\\\/schema\\\/logo\\\/image\\\/\",\"url\":\"https:\\\/\\\/blogdofarnesio.com.br\\\/wp-content\\\/uploads\\\/2026\\\/03\\\/cropped-logo_new-1.png\",\"contentUrl\":\"https:\\\/\\\/blogdofarnesio.com.br\\\/wp-content\\\/uploads\\\/2026\\\/03\\\/cropped-logo_new-1.png\",\"width\":881,\"height\":685,\"caption\":\"Blog do Farn\u00e9sio\"},\"image\":{\"@id\":\"https:\\\/\\\/blogdofarnesio.com.br\\\/#\\\/schema\\\/logo\\\/image\\\/\"},\"sameAs\":[\"https:\\\/\\\/www.facebook.com\\\/BlogQuerSaberPolitica\\\/\"]},{\"@type\":\"Person\",\"@id\":\"https:\\\/\\\/blogdofarnesio.com.br\\\/#\\\/schema\\\/person\\\/dd1bf5eba40b687199ba45ca6b97dff9\",\"name\":\"teste\",\"image\":{\"@type\":\"ImageObject\",\"inLanguage\":\"pt-BR\",\"@id\":\"https:\\\/\\\/secure.gravatar.com\\\/avatar\\\/2172498d4914b51e1d89a0f97957b035ac4938723a5cac208135d389b6972a6d?s=96&d=mm&r=g\",\"url\":\"https:\\\/\\\/secure.gravatar.com\\\/avatar\\\/2172498d4914b51e1d89a0f97957b035ac4938723a5cac208135d389b6972a6d?s=96&d=mm&r=g\",\"contentUrl\":\"https:\\\/\\\/secure.gravatar.com\\\/avatar\\\/2172498d4914b51e1d89a0f97957b035ac4938723a5cac208135d389b6972a6d?s=96&d=mm&r=g\",\"caption\":\"teste\"},\"url\":\"https:\\\/\\\/blogdofarnesio.com.br\\\/?author=3\"}]}<\/script>\n<!-- \/ Yoast SEO plugin. -->","yoast_head_json":{"title":"EM ALAGOAS, EDUARDO DIZ QUE \u00c9 CANDIDATO CONTRA OS PODEROSOS - Blog do Farn\u00e9sio","robots":{"index":"index","follow":"follow","max-snippet":"max-snippet:-1","max-image-preview":"max-image-preview:large","max-video-preview":"max-video-preview:-1"},"canonical":"https:\/\/blogdofarnesio.com.br\/?p=88510","og_locale":"pt_BR","og_type":"article","og_title":"EM ALAGOAS, EDUARDO DIZ QUE \u00c9 CANDIDATO CONTRA OS PODEROSOS - Blog do Farn\u00e9sio","og_description":"Foto: Alexandre Severo\/PSB Por Carolina Albuquerque Do Jornal do Commercio desta segunda-feira (23). Em conven\u00e7\u00e3o do PSB em Alagoas, o presidenci\u00e1vel Eduardo Campos (PSB) se colocou como candidato contra \u201cos poderosos\u201d e sens\u00edvel \u00e0s causas do Nordeste, endurecendo seu discurso \u00e0s v\u00e9speras da abertura da campanha presidencial. O tom adotado por Eduardo vem ap\u00f3s o ex-presidente Lula, em sua passagem pelo Recife, h\u00e1 10 dias, ter reagido ao que chamou de \u201c\u00f3dio de classes\u201d. \u201cA for\u00e7a do povo \u00e9 muito maior do que os poderosos possam imaginar\u201d, disse Eduardo, no ato do PSB em Macei\u00f3, realizado no \u00faltimo s\u00e1bado. \u201cQuem tem f\u00e9 como eu tenho, quem sabe dialogar com o povo como aprendi desde cedo, sabe que quando o cora\u00e7\u00e3o&hellip;","og_url":"https:\/\/blogdofarnesio.com.br\/?p=88510","og_site_name":"Blog do Farn\u00e9sio","article_publisher":"https:\/\/www.facebook.com\/BlogQuerSaberPolitica\/","article_published_time":"2014-06-23T17:42:40+00:00","og_image":[{"url":"http:\/\/blogs.ne10.uol.com.br\/jamildo\/wp-content\/uploads\/2014\/06\/Eduardo-Campos-MACEIO-580.jpg","type":"","width":"","height":""}],"author":"teste","twitter_card":"summary_large_image","twitter_misc":{"Escrito por":"teste","Est. tempo de leitura":"2 minutos"},"schema":{"@context":"https:\/\/schema.org","@graph":[{"@type":"Article","@id":"https:\/\/blogdofarnesio.com.br\/?p=88510#article","isPartOf":{"@id":"https:\/\/blogdofarnesio.com.br\/?p=88510"},"author":{"name":"teste","@id":"https:\/\/blogdofarnesio.com.br\/#\/schema\/person\/dd1bf5eba40b687199ba45ca6b97dff9"},"headline":"EM ALAGOAS, EDUARDO DIZ QUE \u00c9 CANDIDATO CONTRA OS PODEROSOS","datePublished":"2014-06-23T17:42:40+00:00","mainEntityOfPage":{"@id":"https:\/\/blogdofarnesio.com.br\/?p=88510"},"wordCount":427,"commentCount":0,"publisher":{"@id":"https:\/\/blogdofarnesio.com.br\/#organization"},"image":{"@id":"https:\/\/blogdofarnesio.com.br\/?p=88510#primaryimage"},"thumbnailUrl":"http:\/\/blogs.ne10.uol.com.br\/jamildo\/wp-content\/uploads\/2014\/06\/Eduardo-Campos-MACEIO-580.jpg","articleSection":["Elei\u00e7\u00f5es"],"inLanguage":"pt-BR","potentialAction":[{"@type":"CommentAction","name":"Comment","target":["https:\/\/blogdofarnesio.com.br\/?p=88510#respond"]}]},{"@type":"WebPage","@id":"https:\/\/blogdofarnesio.com.br\/?p=88510","url":"https:\/\/blogdofarnesio.com.br\/?p=88510","name":"EM ALAGOAS, EDUARDO DIZ QUE \u00c9 CANDIDATO CONTRA OS PODEROSOS - Blog do Farn\u00e9sio","isPartOf":{"@id":"https:\/\/blogdofarnesio.com.br\/#website"},"primaryImageOfPage":{"@id":"https:\/\/blogdofarnesio.com.br\/?p=88510#primaryimage"},"image":{"@id":"https:\/\/blogdofarnesio.com.br\/?p=88510#primaryimage"},"thumbnailUrl":"http:\/\/blogs.ne10.uol.com.br\/jamildo\/wp-content\/uploads\/2014\/06\/Eduardo-Campos-MACEIO-580.jpg","datePublished":"2014-06-23T17:42:40+00:00","breadcrumb":{"@id":"https:\/\/blogdofarnesio.com.br\/?p=88510#breadcrumb"},"inLanguage":"pt-BR","potentialAction":[{"@type":"ReadAction","target":["https:\/\/blogdofarnesio.com.br\/?p=88510"]}]},{"@type":"ImageObject","inLanguage":"pt-BR","@id":"https:\/\/blogdofarnesio.com.br\/?p=88510#primaryimage","url":"http:\/\/blogs.ne10.uol.com.br\/jamildo\/wp-content\/uploads\/2014\/06\/Eduardo-Campos-MACEIO-580.jpg","contentUrl":"http:\/\/blogs.ne10.uol.com.br\/jamildo\/wp-content\/uploads\/2014\/06\/Eduardo-Campos-MACEIO-580.jpg"},{"@type":"BreadcrumbList","@id":"https:\/\/blogdofarnesio.com.br\/?p=88510#breadcrumb","itemListElement":[{"@type":"ListItem","position":1,"name":"In\u00edcio","item":"https:\/\/blogdofarnesio.com.br\/"},{"@type":"ListItem","position":2,"name":"EM ALAGOAS, EDUARDO DIZ QUE \u00c9 CANDIDATO CONTRA OS PODEROSOS"}]},{"@type":"WebSite","@id":"https:\/\/blogdofarnesio.com.br\/#website","url":"https:\/\/blogdofarnesio.com.br\/","name":"Blog do Farn\u00e9sio","description":"Quer Saber Pol\u00edtica?","publisher":{"@id":"https:\/\/blogdofarnesio.com.br\/#organization"},"potentialAction":[{"@type":"SearchAction","target":{"@type":"EntryPoint","urlTemplate":"https:\/\/blogdofarnesio.com.br\/?s={search_term_string}"},"query-input":{"@type":"PropertyValueSpecification","valueRequired":true,"valueName":"search_term_string"}}],"inLanguage":"pt-BR"},{"@type":"Organization","@id":"https:\/\/blogdofarnesio.com.br\/#organization","name":"Blog do Farn\u00e9sio","url":"https:\/\/blogdofarnesio.com.br\/","logo":{"@type":"ImageObject","inLanguage":"pt-BR","@id":"https:\/\/blogdofarnesio.com.br\/#\/schema\/logo\/image\/","url":"https:\/\/blogdofarnesio.com.br\/wp-content\/uploads\/2026\/03\/cropped-logo_new-1.png","contentUrl":"https:\/\/blogdofarnesio.com.br\/wp-content\/uploads\/2026\/03\/cropped-logo_new-1.png","width":881,"height":685,"caption":"Blog do Farn\u00e9sio"},"image":{"@id":"https:\/\/blogdofarnesio.com.br\/#\/schema\/logo\/image\/"},"sameAs":["https:\/\/www.facebook.com\/BlogQuerSaberPolitica\/"]},{"@type":"Person","@id":"https:\/\/blogdofarnesio.com.br\/#\/schema\/person\/dd1bf5eba40b687199ba45ca6b97dff9","name":"teste","image":{"@type":"ImageObject","inLanguage":"pt-BR","@id":"https:\/\/secure.gravatar.com\/avatar\/2172498d4914b51e1d89a0f97957b035ac4938723a5cac208135d389b6972a6d?s=96&d=mm&r=g","url":"https:\/\/secure.gravatar.com\/avatar\/2172498d4914b51e1d89a0f97957b035ac4938723a5cac208135d389b6972a6d?s=96&d=mm&r=g","contentUrl":"https:\/\/secure.gravatar.com\/avatar\/2172498d4914b51e1d89a0f97957b035ac4938723a5cac208135d389b6972a6d?s=96&d=mm&r=g","caption":"teste"},"url":"https:\/\/blogdofarnesio.com.br\/?author=3"}]}},"_links":{"self":[{"href":"https:\/\/blogdofarnesio.com.br\/index.php?rest_route=\/wp\/v2\/posts\/88510","targetHints":{"allow":["GET"]}}],"collection":[{"href":"https:\/\/blogdofarnesio.com.br\/index.php?rest_route=\/wp\/v2\/posts"}],"about":[{"href":"https:\/\/blogdofarnesio.com.br\/index.php?rest_route=\/wp\/v2\/types\/post"}],"author":[{"embeddable":true,"href":"https:\/\/blogdofarnesio.com.br\/index.php?rest_route=\/wp\/v2\/users\/3"}],"replies":[{"embeddable":true,"href":"https:\/\/blogdofarnesio.com.br\/index.php?rest_route=%2Fwp%2Fv2%2Fcomments&post=88510"}],"version-history":[{"count":0,"href":"https:\/\/blogdofarnesio.com.br\/index.php?rest_route=\/wp\/v2\/posts\/88510\/revisions"}],"wp:attachment":[{"href":"https:\/\/blogdofarnesio.com.br\/index.php?rest_route=%2Fwp%2Fv2%2Fmedia&parent=88510"}],"wp:term":[{"taxonomy":"category","embeddable":true,"href":"https:\/\/blogdofarnesio.com.br\/index.php?rest_route=%2Fwp%2Fv2%2Fcategories&post=88510"},{"taxonomy":"post_tag","embeddable":true,"href":"https:\/\/blogdofarnesio.com.br\/index.php?rest_route=%2Fwp%2Fv2%2Ftags&post=88510"}],"curies":[{"name":"wp","href":"https:\/\/api.w.org\/{rel}","templated":true}]}}