{"id":88090,"date":"2014-06-18T14:00:16","date_gmt":"2014-06-18T17:00:16","guid":{"rendered":"http:\/\/www.quersaberpolitica.com.br\/?p=88090"},"modified":"2014-06-18T11:06:10","modified_gmt":"2014-06-18T14:06:10","slug":"catedral-de-juazeiro-sera-elevada-a-santuario-neste-sabado","status":"publish","type":"post","link":"https:\/\/blogdofarnesio.com.br\/?p=88090","title":{"rendered":"CATEDRAL DE JUAZEIRO SER\u00c1 ELEVADA A SANTU\u00c1RIO NESTE S\u00c1BADO"},"content":{"rendered":"<figure id=\"attachment_30682\" aria-describedby=\"caption-attachment-30682\" style=\"width: 448px\" class=\"wp-caption aligncenter\"><a href=\"http:\/\/www.quersaberpolitica.com.br\/2016\/wp-content\/uploads\/2013\/03\/blogqspjuacatedral-2.jpg\"><img loading=\"lazy\" decoding=\"async\" class=\"size-full wp-image-30682\" alt=\"Catedral de Juazeiro BA Foto Farn\u00e9sio Silva\" src=\"http:\/\/www.quersaberpolitica.com.br\/2016\/wp-content\/uploads\/2013\/03\/blogqspjuacatedral-2.jpg\" width=\"448\" height=\"336\" srcset=\"https:\/\/blogdofarnesio.com.br\/wp-content\/uploads\/2013\/03\/blogqspjuacatedral-2.jpg 448w, https:\/\/blogdofarnesio.com.br\/wp-content\/uploads\/2013\/03\/blogqspjuacatedral-2-300x224.jpg 300w, https:\/\/blogdofarnesio.com.br\/wp-content\/uploads\/2013\/03\/blogqspjuacatedral-2-400x300.jpg 400w\" sizes=\"auto, (max-width: 448px) 100vw, 448px\" \/><\/a><figcaption id=\"caption-attachment-30682\" class=\"wp-caption-text\">Catedral de Juazeiro BA \u00a0 \u00a0 \u00a0 \u00a0 \u00a0 \u00a0 \u00a0 \u00a0 \u00a0 \u00a0 \u00a0Foto Farn\u00e9sio Silva<\/figcaption><\/figure>\n<p style=\"text-align: justify\">Cart\u00e3o postal de Juazeiro, a Catedral h\u00e1 quatro anos passa por reformas internas e externas. Finalizadas as obras, a Diocese realizar\u00e1 neste s\u00e1bado (21), \u00e0s 19h30, a inaugura\u00e7\u00e3o oficial do templo. Na ocasi\u00e3o, o Bispo Dom Jos\u00e9 Geraldo da Cruz elevar\u00e1 a igreja ao t\u00edtulo de Santu\u00e1rio Nossa Senhora das Grotas.<\/p>\n<p style=\"text-align: justify\">\u00a0Fi\u00e9is de Juazeiro e de cidades vizinhas pertencentes \u00e0 Diocese s\u00e3o esperados na celebra\u00e7\u00e3o. \u201cA ere\u00e7\u00e3o do Santu\u00e1rio \u00e9 muito importante para os fi\u00e9is de toda a Diocese, que tem Nossa Senhora das Grotas como Padroeira. Sua devo\u00e7\u00e3o se estende al\u00e9m das fronteiras diocesanas. A venera\u00e7\u00e3o da imagem, encontrada nas grotas do Rio S\u00e3o Francisco, \u00e9 tricenten\u00e1ria e est\u00e1 muito arraigada no cora\u00e7\u00e3o do povo\u201d, explicou Dom Jos\u00e9 Geraldo.<\/p>\n<p style=\"text-align: justify\">Com a cria\u00e7\u00e3o do Santu\u00e1rio, a igreja dever\u00e1 aumentar suas atividades de atendimento aos fi\u00e9is. Segundo Dom Jos\u00e9 Geraldo, o Santu\u00e1rio ser\u00e1 um lugar privilegiado de piedade e devo\u00e7\u00e3o, com a celebra\u00e7\u00e3o di\u00e1ria da Missa e a presen\u00e7a constante de padres para atender o povo para aconselhamento, confiss\u00f5es e outras atividades de evangeliza\u00e7\u00e3o.<!--more--><\/p>\n<p style=\"text-align: justify\">Ser\u00e1 concedida tamb\u00e9m, uma coletiva com toda a imprensa do Vale do S\u00e3o Francisco nesta Sexta-Feira (20), \u00e0s 8 da manh\u00e3 no Brasinha, ao lado da Catedral para a apresenta\u00e7\u00e3o deste novo projeto a toda sociedade.<\/p>\n<p style=\"text-align: justify\">A inaugura\u00e7\u00e3o, marcada para o dia 21 de junho tamb\u00e9m n\u00e3o \u00e9 por acaso. \u201cCair\u00e1 no dia da Dedica\u00e7\u00e3o da Catedral, que \u00e9 solenidade na Diocese. Nesse dia ser\u00e3o acesas todas as luzes da ilumina\u00e7\u00e3o interna e externa e ser\u00e1 lido o Decreto de cria\u00e7\u00e3o do Santu\u00e1rio\u201d, explicou o bispo.<\/p>\n<p style=\"text-align: justify\">\n","protected":false},"excerpt":{"rendered":"<p>Cart\u00e3o postal de Juazeiro, a Catedral h\u00e1 quatro anos passa por reformas internas e externas. Finalizadas as obras, a Diocese realizar\u00e1 neste s\u00e1bado (21), \u00e0s 19h30, a inaugura\u00e7\u00e3o oficial do templo. Na ocasi\u00e3o, o Bispo Dom Jos\u00e9 Geraldo da Cruz elevar\u00e1 a igreja ao t\u00edtulo de Santu\u00e1rio Nossa Senhora das Grotas. \u00a0Fi\u00e9is de Juazeiro e de cidades vizinhas pertencentes \u00e0 Diocese s\u00e3o esperados na celebra\u00e7\u00e3o. \u201cA ere\u00e7\u00e3o do Santu\u00e1rio \u00e9 muito importante para os fi\u00e9is de toda a Diocese, que tem Nossa Senhora das Grotas como Padroeira. Sua devo\u00e7\u00e3o se estende al\u00e9m das fronteiras diocesanas. A venera\u00e7\u00e3o da imagem, encontrada nas grotas do Rio S\u00e3o Francisco, \u00e9 tricenten\u00e1ria e est\u00e1 muito arraigada no cora\u00e7\u00e3o do povo\u201d, explicou Dom Jos\u00e9 Geraldo.&hellip; <\/p>\n","protected":false},"author":3,"featured_media":0,"comment_status":"open","ping_status":"open","sticky":false,"template":"","format":"standard","meta":{"_acf_changed":false,"footnotes":""},"categories":[1],"tags":[],"class_list":["post-88090","post","type-post","status-publish","format-standard","hentry","category-politica"],"acf":[],"yoast_head":"<!-- This site is optimized with the Yoast SEO plugin v27.4 - https:\/\/yoast.com\/product\/yoast-seo-wordpress\/ -->\n<title>CATEDRAL DE JUAZEIRO SER\u00c1 ELEVADA A SANTU\u00c1RIO NESTE S\u00c1BADO - Blog do Farn\u00e9sio<\/title>\n<meta name=\"robots\" content=\"index, follow, max-snippet:-1, max-image-preview:large, max-video-preview:-1\" \/>\n<link rel=\"canonical\" href=\"https:\/\/blogdofarnesio.com.br\/?p=88090\" \/>\n<meta property=\"og:locale\" content=\"pt_BR\" \/>\n<meta property=\"og:type\" content=\"article\" \/>\n<meta property=\"og:title\" content=\"CATEDRAL DE JUAZEIRO SER\u00c1 ELEVADA A SANTU\u00c1RIO NESTE S\u00c1BADO - Blog do Farn\u00e9sio\" \/>\n<meta property=\"og:description\" content=\"Cart\u00e3o postal de Juazeiro, a Catedral h\u00e1 quatro anos passa por reformas internas e externas. Finalizadas as obras, a Diocese realizar\u00e1 neste s\u00e1bado (21), \u00e0s 19h30, a inaugura\u00e7\u00e3o oficial do templo. Na ocasi\u00e3o, o Bispo Dom Jos\u00e9 Geraldo da Cruz elevar\u00e1 a igreja ao t\u00edtulo de Santu\u00e1rio Nossa Senhora das Grotas. \u00a0Fi\u00e9is de Juazeiro e de cidades vizinhas pertencentes \u00e0 Diocese s\u00e3o esperados na celebra\u00e7\u00e3o. \u201cA ere\u00e7\u00e3o do Santu\u00e1rio \u00e9 muito importante para os fi\u00e9is de toda a Diocese, que tem Nossa Senhora das Grotas como Padroeira. Sua devo\u00e7\u00e3o se estende al\u00e9m das fronteiras diocesanas. A venera\u00e7\u00e3o da imagem, encontrada nas grotas do Rio S\u00e3o Francisco, \u00e9 tricenten\u00e1ria e est\u00e1 muito arraigada no cora\u00e7\u00e3o do povo\u201d, explicou Dom Jos\u00e9 Geraldo.&hellip;\" \/>\n<meta property=\"og:url\" content=\"https:\/\/blogdofarnesio.com.br\/?p=88090\" \/>\n<meta property=\"og:site_name\" content=\"Blog do Farn\u00e9sio\" \/>\n<meta property=\"article:publisher\" content=\"https:\/\/www.facebook.com\/BlogQuerSaberPolitica\/\" \/>\n<meta property=\"article:published_time\" content=\"2014-06-18T17:00:16+00:00\" \/>\n<meta property=\"og:image\" content=\"http:\/\/www.quersaberpolitica.com.br\/2016\/wp-content\/uploads\/2013\/03\/blogqspjuacatedral-2.jpg\" \/>\n<meta name=\"author\" content=\"teste\" \/>\n<meta name=\"twitter:card\" content=\"summary_large_image\" \/>\n<meta name=\"twitter:label1\" content=\"Escrito por\" \/>\n\t<meta name=\"twitter:data1\" content=\"teste\" \/>\n\t<meta name=\"twitter:label2\" content=\"Est. tempo de leitura\" \/>\n\t<meta name=\"twitter:data2\" content=\"2 minutos\" \/>\n<script type=\"application\/ld+json\" class=\"yoast-schema-graph\">{\"@context\":\"https:\\\/\\\/schema.org\",\"@graph\":[{\"@type\":\"Article\",\"@id\":\"https:\\\/\\\/blogdofarnesio.com.br\\\/?p=88090#article\",\"isPartOf\":{\"@id\":\"https:\\\/\\\/blogdofarnesio.com.br\\\/?p=88090\"},\"author\":{\"name\":\"teste\",\"@id\":\"https:\\\/\\\/blogdofarnesio.com.br\\\/#\\\/schema\\\/person\\\/dd1bf5eba40b687199ba45ca6b97dff9\"},\"headline\":\"CATEDRAL DE JUAZEIRO SER\u00c1 ELEVADA A SANTU\u00c1RIO NESTE S\u00c1BADO\",\"datePublished\":\"2014-06-18T17:00:16+00:00\",\"mainEntityOfPage\":{\"@id\":\"https:\\\/\\\/blogdofarnesio.com.br\\\/?p=88090\"},\"wordCount\":315,\"commentCount\":0,\"publisher\":{\"@id\":\"https:\\\/\\\/blogdofarnesio.com.br\\\/#organization\"},\"image\":{\"@id\":\"https:\\\/\\\/blogdofarnesio.com.br\\\/?p=88090#primaryimage\"},\"thumbnailUrl\":\"http:\\\/\\\/www.quersaberpolitica.com.br\\\/2016\\\/wp-content\\\/uploads\\\/2013\\\/03\\\/blogqspjuacatedral-2.jpg\",\"articleSection\":[\"Pol\u00edtica\"],\"inLanguage\":\"pt-BR\",\"potentialAction\":[{\"@type\":\"CommentAction\",\"name\":\"Comment\",\"target\":[\"https:\\\/\\\/blogdofarnesio.com.br\\\/?p=88090#respond\"]}]},{\"@type\":\"WebPage\",\"@id\":\"https:\\\/\\\/blogdofarnesio.com.br\\\/?p=88090\",\"url\":\"https:\\\/\\\/blogdofarnesio.com.br\\\/?p=88090\",\"name\":\"CATEDRAL DE JUAZEIRO SER\u00c1 ELEVADA A SANTU\u00c1RIO NESTE S\u00c1BADO - Blog do Farn\u00e9sio\",\"isPartOf\":{\"@id\":\"https:\\\/\\\/blogdofarnesio.com.br\\\/#website\"},\"primaryImageOfPage\":{\"@id\":\"https:\\\/\\\/blogdofarnesio.com.br\\\/?p=88090#primaryimage\"},\"image\":{\"@id\":\"https:\\\/\\\/blogdofarnesio.com.br\\\/?p=88090#primaryimage\"},\"thumbnailUrl\":\"http:\\\/\\\/www.quersaberpolitica.com.br\\\/2016\\\/wp-content\\\/uploads\\\/2013\\\/03\\\/blogqspjuacatedral-2.jpg\",\"datePublished\":\"2014-06-18T17:00:16+00:00\",\"breadcrumb\":{\"@id\":\"https:\\\/\\\/blogdofarnesio.com.br\\\/?p=88090#breadcrumb\"},\"inLanguage\":\"pt-BR\",\"potentialAction\":[{\"@type\":\"ReadAction\",\"target\":[\"https:\\\/\\\/blogdofarnesio.com.br\\\/?p=88090\"]}]},{\"@type\":\"ImageObject\",\"inLanguage\":\"pt-BR\",\"@id\":\"https:\\\/\\\/blogdofarnesio.com.br\\\/?p=88090#primaryimage\",\"url\":\"http:\\\/\\\/www.quersaberpolitica.com.br\\\/2016\\\/wp-content\\\/uploads\\\/2013\\\/03\\\/blogqspjuacatedral-2.jpg\",\"contentUrl\":\"http:\\\/\\\/www.quersaberpolitica.com.br\\\/2016\\\/wp-content\\\/uploads\\\/2013\\\/03\\\/blogqspjuacatedral-2.jpg\"},{\"@type\":\"BreadcrumbList\",\"@id\":\"https:\\\/\\\/blogdofarnesio.com.br\\\/?p=88090#breadcrumb\",\"itemListElement\":[{\"@type\":\"ListItem\",\"position\":1,\"name\":\"In\u00edcio\",\"item\":\"https:\\\/\\\/blogdofarnesio.com.br\\\/\"},{\"@type\":\"ListItem\",\"position\":2,\"name\":\"CATEDRAL DE JUAZEIRO SER\u00c1 ELEVADA A SANTU\u00c1RIO NESTE S\u00c1BADO\"}]},{\"@type\":\"WebSite\",\"@id\":\"https:\\\/\\\/blogdofarnesio.com.br\\\/#website\",\"url\":\"https:\\\/\\\/blogdofarnesio.com.br\\\/\",\"name\":\"Blog do Farn\u00e9sio\",\"description\":\"Quer Saber Pol\u00edtica?\",\"publisher\":{\"@id\":\"https:\\\/\\\/blogdofarnesio.com.br\\\/#organization\"},\"potentialAction\":[{\"@type\":\"SearchAction\",\"target\":{\"@type\":\"EntryPoint\",\"urlTemplate\":\"https:\\\/\\\/blogdofarnesio.com.br\\\/?s={search_term_string}\"},\"query-input\":{\"@type\":\"PropertyValueSpecification\",\"valueRequired\":true,\"valueName\":\"search_term_string\"}}],\"inLanguage\":\"pt-BR\"},{\"@type\":\"Organization\",\"@id\":\"https:\\\/\\\/blogdofarnesio.com.br\\\/#organization\",\"name\":\"Blog do Farn\u00e9sio\",\"url\":\"https:\\\/\\\/blogdofarnesio.com.br\\\/\",\"logo\":{\"@type\":\"ImageObject\",\"inLanguage\":\"pt-BR\",\"@id\":\"https:\\\/\\\/blogdofarnesio.com.br\\\/#\\\/schema\\\/logo\\\/image\\\/\",\"url\":\"https:\\\/\\\/blogdofarnesio.com.br\\\/wp-content\\\/uploads\\\/2026\\\/03\\\/cropped-logo_new-1.png\",\"contentUrl\":\"https:\\\/\\\/blogdofarnesio.com.br\\\/wp-content\\\/uploads\\\/2026\\\/03\\\/cropped-logo_new-1.png\",\"width\":881,\"height\":685,\"caption\":\"Blog do Farn\u00e9sio\"},\"image\":{\"@id\":\"https:\\\/\\\/blogdofarnesio.com.br\\\/#\\\/schema\\\/logo\\\/image\\\/\"},\"sameAs\":[\"https:\\\/\\\/www.facebook.com\\\/BlogQuerSaberPolitica\\\/\"]},{\"@type\":\"Person\",\"@id\":\"https:\\\/\\\/blogdofarnesio.com.br\\\/#\\\/schema\\\/person\\\/dd1bf5eba40b687199ba45ca6b97dff9\",\"name\":\"teste\",\"image\":{\"@type\":\"ImageObject\",\"inLanguage\":\"pt-BR\",\"@id\":\"https:\\\/\\\/secure.gravatar.com\\\/avatar\\\/2172498d4914b51e1d89a0f97957b035ac4938723a5cac208135d389b6972a6d?s=96&d=mm&r=g\",\"url\":\"https:\\\/\\\/secure.gravatar.com\\\/avatar\\\/2172498d4914b51e1d89a0f97957b035ac4938723a5cac208135d389b6972a6d?s=96&d=mm&r=g\",\"contentUrl\":\"https:\\\/\\\/secure.gravatar.com\\\/avatar\\\/2172498d4914b51e1d89a0f97957b035ac4938723a5cac208135d389b6972a6d?s=96&d=mm&r=g\",\"caption\":\"teste\"},\"url\":\"https:\\\/\\\/blogdofarnesio.com.br\\\/?author=3\"}]}<\/script>\n<!-- \/ Yoast SEO plugin. -->","yoast_head_json":{"title":"CATEDRAL DE JUAZEIRO SER\u00c1 ELEVADA A SANTU\u00c1RIO NESTE S\u00c1BADO - Blog do Farn\u00e9sio","robots":{"index":"index","follow":"follow","max-snippet":"max-snippet:-1","max-image-preview":"max-image-preview:large","max-video-preview":"max-video-preview:-1"},"canonical":"https:\/\/blogdofarnesio.com.br\/?p=88090","og_locale":"pt_BR","og_type":"article","og_title":"CATEDRAL DE JUAZEIRO SER\u00c1 ELEVADA A SANTU\u00c1RIO NESTE S\u00c1BADO - Blog do Farn\u00e9sio","og_description":"Cart\u00e3o postal de Juazeiro, a Catedral h\u00e1 quatro anos passa por reformas internas e externas. Finalizadas as obras, a Diocese realizar\u00e1 neste s\u00e1bado (21), \u00e0s 19h30, a inaugura\u00e7\u00e3o oficial do templo. Na ocasi\u00e3o, o Bispo Dom Jos\u00e9 Geraldo da Cruz elevar\u00e1 a igreja ao t\u00edtulo de Santu\u00e1rio Nossa Senhora das Grotas. \u00a0Fi\u00e9is de Juazeiro e de cidades vizinhas pertencentes \u00e0 Diocese s\u00e3o esperados na celebra\u00e7\u00e3o. \u201cA ere\u00e7\u00e3o do Santu\u00e1rio \u00e9 muito importante para os fi\u00e9is de toda a Diocese, que tem Nossa Senhora das Grotas como Padroeira. Sua devo\u00e7\u00e3o se estende al\u00e9m das fronteiras diocesanas. A venera\u00e7\u00e3o da imagem, encontrada nas grotas do Rio S\u00e3o Francisco, \u00e9 tricenten\u00e1ria e est\u00e1 muito arraigada no cora\u00e7\u00e3o do povo\u201d, explicou Dom Jos\u00e9 Geraldo.&hellip;","og_url":"https:\/\/blogdofarnesio.com.br\/?p=88090","og_site_name":"Blog do Farn\u00e9sio","article_publisher":"https:\/\/www.facebook.com\/BlogQuerSaberPolitica\/","article_published_time":"2014-06-18T17:00:16+00:00","og_image":[{"url":"http:\/\/www.quersaberpolitica.com.br\/2016\/wp-content\/uploads\/2013\/03\/blogqspjuacatedral-2.jpg","type":"","width":"","height":""}],"author":"teste","twitter_card":"summary_large_image","twitter_misc":{"Escrito por":"teste","Est. tempo de leitura":"2 minutos"},"schema":{"@context":"https:\/\/schema.org","@graph":[{"@type":"Article","@id":"https:\/\/blogdofarnesio.com.br\/?p=88090#article","isPartOf":{"@id":"https:\/\/blogdofarnesio.com.br\/?p=88090"},"author":{"name":"teste","@id":"https:\/\/blogdofarnesio.com.br\/#\/schema\/person\/dd1bf5eba40b687199ba45ca6b97dff9"},"headline":"CATEDRAL DE JUAZEIRO SER\u00c1 ELEVADA A SANTU\u00c1RIO NESTE S\u00c1BADO","datePublished":"2014-06-18T17:00:16+00:00","mainEntityOfPage":{"@id":"https:\/\/blogdofarnesio.com.br\/?p=88090"},"wordCount":315,"commentCount":0,"publisher":{"@id":"https:\/\/blogdofarnesio.com.br\/#organization"},"image":{"@id":"https:\/\/blogdofarnesio.com.br\/?p=88090#primaryimage"},"thumbnailUrl":"http:\/\/www.quersaberpolitica.com.br\/2016\/wp-content\/uploads\/2013\/03\/blogqspjuacatedral-2.jpg","articleSection":["Pol\u00edtica"],"inLanguage":"pt-BR","potentialAction":[{"@type":"CommentAction","name":"Comment","target":["https:\/\/blogdofarnesio.com.br\/?p=88090#respond"]}]},{"@type":"WebPage","@id":"https:\/\/blogdofarnesio.com.br\/?p=88090","url":"https:\/\/blogdofarnesio.com.br\/?p=88090","name":"CATEDRAL DE JUAZEIRO SER\u00c1 ELEVADA A SANTU\u00c1RIO NESTE S\u00c1BADO - Blog do Farn\u00e9sio","isPartOf":{"@id":"https:\/\/blogdofarnesio.com.br\/#website"},"primaryImageOfPage":{"@id":"https:\/\/blogdofarnesio.com.br\/?p=88090#primaryimage"},"image":{"@id":"https:\/\/blogdofarnesio.com.br\/?p=88090#primaryimage"},"thumbnailUrl":"http:\/\/www.quersaberpolitica.com.br\/2016\/wp-content\/uploads\/2013\/03\/blogqspjuacatedral-2.jpg","datePublished":"2014-06-18T17:00:16+00:00","breadcrumb":{"@id":"https:\/\/blogdofarnesio.com.br\/?p=88090#breadcrumb"},"inLanguage":"pt-BR","potentialAction":[{"@type":"ReadAction","target":["https:\/\/blogdofarnesio.com.br\/?p=88090"]}]},{"@type":"ImageObject","inLanguage":"pt-BR","@id":"https:\/\/blogdofarnesio.com.br\/?p=88090#primaryimage","url":"http:\/\/www.quersaberpolitica.com.br\/2016\/wp-content\/uploads\/2013\/03\/blogqspjuacatedral-2.jpg","contentUrl":"http:\/\/www.quersaberpolitica.com.br\/2016\/wp-content\/uploads\/2013\/03\/blogqspjuacatedral-2.jpg"},{"@type":"BreadcrumbList","@id":"https:\/\/blogdofarnesio.com.br\/?p=88090#breadcrumb","itemListElement":[{"@type":"ListItem","position":1,"name":"In\u00edcio","item":"https:\/\/blogdofarnesio.com.br\/"},{"@type":"ListItem","position":2,"name":"CATEDRAL DE JUAZEIRO SER\u00c1 ELEVADA A SANTU\u00c1RIO NESTE S\u00c1BADO"}]},{"@type":"WebSite","@id":"https:\/\/blogdofarnesio.com.br\/#website","url":"https:\/\/blogdofarnesio.com.br\/","name":"Blog do Farn\u00e9sio","description":"Quer Saber Pol\u00edtica?","publisher":{"@id":"https:\/\/blogdofarnesio.com.br\/#organization"},"potentialAction":[{"@type":"SearchAction","target":{"@type":"EntryPoint","urlTemplate":"https:\/\/blogdofarnesio.com.br\/?s={search_term_string}"},"query-input":{"@type":"PropertyValueSpecification","valueRequired":true,"valueName":"search_term_string"}}],"inLanguage":"pt-BR"},{"@type":"Organization","@id":"https:\/\/blogdofarnesio.com.br\/#organization","name":"Blog do Farn\u00e9sio","url":"https:\/\/blogdofarnesio.com.br\/","logo":{"@type":"ImageObject","inLanguage":"pt-BR","@id":"https:\/\/blogdofarnesio.com.br\/#\/schema\/logo\/image\/","url":"https:\/\/blogdofarnesio.com.br\/wp-content\/uploads\/2026\/03\/cropped-logo_new-1.png","contentUrl":"https:\/\/blogdofarnesio.com.br\/wp-content\/uploads\/2026\/03\/cropped-logo_new-1.png","width":881,"height":685,"caption":"Blog do Farn\u00e9sio"},"image":{"@id":"https:\/\/blogdofarnesio.com.br\/#\/schema\/logo\/image\/"},"sameAs":["https:\/\/www.facebook.com\/BlogQuerSaberPolitica\/"]},{"@type":"Person","@id":"https:\/\/blogdofarnesio.com.br\/#\/schema\/person\/dd1bf5eba40b687199ba45ca6b97dff9","name":"teste","image":{"@type":"ImageObject","inLanguage":"pt-BR","@id":"https:\/\/secure.gravatar.com\/avatar\/2172498d4914b51e1d89a0f97957b035ac4938723a5cac208135d389b6972a6d?s=96&d=mm&r=g","url":"https:\/\/secure.gravatar.com\/avatar\/2172498d4914b51e1d89a0f97957b035ac4938723a5cac208135d389b6972a6d?s=96&d=mm&r=g","contentUrl":"https:\/\/secure.gravatar.com\/avatar\/2172498d4914b51e1d89a0f97957b035ac4938723a5cac208135d389b6972a6d?s=96&d=mm&r=g","caption":"teste"},"url":"https:\/\/blogdofarnesio.com.br\/?author=3"}]}},"_links":{"self":[{"href":"https:\/\/blogdofarnesio.com.br\/index.php?rest_route=\/wp\/v2\/posts\/88090","targetHints":{"allow":["GET"]}}],"collection":[{"href":"https:\/\/blogdofarnesio.com.br\/index.php?rest_route=\/wp\/v2\/posts"}],"about":[{"href":"https:\/\/blogdofarnesio.com.br\/index.php?rest_route=\/wp\/v2\/types\/post"}],"author":[{"embeddable":true,"href":"https:\/\/blogdofarnesio.com.br\/index.php?rest_route=\/wp\/v2\/users\/3"}],"replies":[{"embeddable":true,"href":"https:\/\/blogdofarnesio.com.br\/index.php?rest_route=%2Fwp%2Fv2%2Fcomments&post=88090"}],"version-history":[{"count":0,"href":"https:\/\/blogdofarnesio.com.br\/index.php?rest_route=\/wp\/v2\/posts\/88090\/revisions"}],"wp:attachment":[{"href":"https:\/\/blogdofarnesio.com.br\/index.php?rest_route=%2Fwp%2Fv2%2Fmedia&parent=88090"}],"wp:term":[{"taxonomy":"category","embeddable":true,"href":"https:\/\/blogdofarnesio.com.br\/index.php?rest_route=%2Fwp%2Fv2%2Fcategories&post=88090"},{"taxonomy":"post_tag","embeddable":true,"href":"https:\/\/blogdofarnesio.com.br\/index.php?rest_route=%2Fwp%2Fv2%2Ftags&post=88090"}],"curies":[{"name":"wp","href":"https:\/\/api.w.org\/{rel}","templated":true}]}}