{"id":88087,"date":"2014-06-18T14:43:33","date_gmt":"2014-06-18T17:43:33","guid":{"rendered":"http:\/\/www.quersaberpolitica.com.br\/?p=88087"},"modified":"2014-06-18T11:07:32","modified_gmt":"2014-06-18T14:07:32","slug":"prefeito-isaac-fiscaliza-trabalhos-de-recuperacao-de-ruas-em-tres-bairros-de-juazeiro","status":"publish","type":"post","link":"https:\/\/blogdofarnesio.com.br\/?p=88087","title":{"rendered":"PREFEITO ISAAC FISCALIZA TRABALHOS DE RECUPERA\u00c7\u00c3O DE RUAS EM TR\u00caS BAIRROS DE JUAZEIRO"},"content":{"rendered":"<p style=\"text-align: justify\"><a href=\"http:\/\/www.quersaberpolitica.com.br\/2016\/wp-content\/uploads\/2014\/06\/unnamed252.jpg\"><img loading=\"lazy\" decoding=\"async\" class=\"aligncenter size-medium wp-image-88088\" alt=\"unnamed\" src=\"http:\/\/www.quersaberpolitica.com.br\/2016\/wp-content\/uploads\/2014\/06\/unnamed252-300x199.jpg\" width=\"300\" height=\"199\" srcset=\"https:\/\/blogdofarnesio.com.br\/wp-content\/uploads\/2014\/06\/unnamed252-300x199.jpg 300w, https:\/\/blogdofarnesio.com.br\/wp-content\/uploads\/2014\/06\/unnamed252.jpg 448w\" sizes=\"auto, (max-width: 300px) 100vw, 300px\" \/><\/a>Acompanhado do vice-prefeito Francisco Oliveira, dos secret\u00e1rios Eduardo Lopes (Sesp) e Jorge Barboza (Seduh), do assessor de Infraestrutura, Pl\u00ednio Amorim, e dos vereadores Cris\u00f3stomo Lima (Z\u00f3) e Anderson Alves, o prefeito Isaac Carvalho visitou nesta ter\u00e7a-feira (17) os trabalhos que de recupera\u00e7\u00e3o de pavimenta\u00e7\u00e3o que est\u00e3o sendo realizados em diversas ruas dos bairros Jo\u00e3o XXIII, Alto da Maravilha e Quid\u00e9.<\/p>\n<p style=\"text-align: justify\">Com recursos do pr\u00f3prio munic\u00edpio, at\u00e9 o momento j\u00e1 foram investidos cerca de R$ 400 mil com troca de paralelep\u00edpedos e meio-fio. No Jo\u00e3o XXIII, por exemplo, a Rua Eurico Gaspar Dutra \u00e9 a sexta que est\u00e1 sendo recuperada para melhorar o tr\u00e1fego e oferecer maior comodidade aos moradores. O mesmo est\u00e1 acontecendo na Rua 3 do bairro Alto da Maravilha.<!--more--><\/p>\n<p style=\"text-align: justify\">\u201cA recupera\u00e7\u00e3o dessas ruas, mais os mutir\u00f5es de limpeza que estamos fazendo em todo o munic\u00edpio, demonstra a preocupa\u00e7\u00e3o do governo em melhorar o aspecto urbano e dar mais qualidade de vida aos juazeirenses da sede e do interior\u201d, explicou o secret\u00e1rio Eduardo Lopes. Paralelamente outra frente de trabalho no Quid\u00e9 est\u00e1 recuperando mais ruas do munic\u00edpio, al\u00e9m da constru\u00e7\u00e3o do canteiro e passeio da Avenida Nossa Senhora de Nazar\u00e9, que j\u00e1 teve conclu\u00edda a drenagem e a pavimenta\u00e7\u00e3o com o asfalto. O secret\u00e1rio de Obras, Jorge Barboza, assegurou que em breve a obra ser\u00e1 entregue com a via toda conclu\u00edda.<\/p>\n<p style=\"text-align: justify\">\u201cA popula\u00e7\u00e3o n\u00e3o s\u00f3 deste bairro, mas de toda a cidade est\u00e1 ganhando uma avenida com todas as condi\u00e7\u00f5es necess\u00e1rias para facilitar o fluxo de acesso \u00e0s demais vias\u201d. O prefeito Isaac ressaltou que o governo est\u00e1 empenhado em melhorar a infraestrutura de todo o munic\u00edpio com v\u00e1rias a\u00e7\u00f5es. \u201cEstamos realizando a interven\u00e7\u00e3o urbana em 12 bairros, dentro da parceria com o Governo Federal atrav\u00e9s do PAC 2, mas tamb\u00e9m com recursos pr\u00f3prios temos superado todas as dificuldades e com muito empenho da equipe estamos diminuindo o hist\u00f3rico d\u00e9ficit da infraestrutura de Juazeiro\u201d.<\/p>\n","protected":false},"excerpt":{"rendered":"<p>Acompanhado do vice-prefeito Francisco Oliveira, dos secret\u00e1rios Eduardo Lopes (Sesp) e Jorge Barboza (Seduh), do assessor de Infraestrutura, Pl\u00ednio Amorim, e dos vereadores Cris\u00f3stomo Lima (Z\u00f3) e Anderson Alves, o prefeito Isaac Carvalho visitou nesta ter\u00e7a-feira (17) os trabalhos que de recupera\u00e7\u00e3o de pavimenta\u00e7\u00e3o que est\u00e3o sendo realizados em diversas ruas dos bairros Jo\u00e3o XXIII, Alto da Maravilha e Quid\u00e9. Com recursos do pr\u00f3prio munic\u00edpio, at\u00e9 o momento j\u00e1 foram investidos cerca de R$ 400 mil com troca de paralelep\u00edpedos e meio-fio. No Jo\u00e3o XXIII, por exemplo, a Rua Eurico Gaspar Dutra \u00e9 a sexta que est\u00e1 sendo recuperada para melhorar o tr\u00e1fego e oferecer maior comodidade aos moradores. O mesmo est\u00e1 acontecendo na Rua 3 do bairro Alto da&hellip; <\/p>\n","protected":false},"author":3,"featured_media":0,"comment_status":"open","ping_status":"open","sticky":false,"template":"","format":"standard","meta":{"_acf_changed":false,"footnotes":""},"categories":[44],"tags":[],"class_list":["post-88087","post","type-post","status-publish","format-standard","hentry","category-administracao"],"acf":[],"yoast_head":"<!-- This site is optimized with the Yoast SEO plugin v27.4 - https:\/\/yoast.com\/product\/yoast-seo-wordpress\/ -->\n<title>PREFEITO ISAAC FISCALIZA TRABALHOS DE RECUPERA\u00c7\u00c3O DE RUAS EM TR\u00caS BAIRROS DE JUAZEIRO - Blog do Farn\u00e9sio<\/title>\n<meta name=\"robots\" content=\"index, follow, max-snippet:-1, max-image-preview:large, max-video-preview:-1\" \/>\n<link rel=\"canonical\" href=\"https:\/\/blogdofarnesio.com.br\/?p=88087\" \/>\n<meta property=\"og:locale\" content=\"pt_BR\" \/>\n<meta property=\"og:type\" content=\"article\" \/>\n<meta property=\"og:title\" content=\"PREFEITO ISAAC FISCALIZA TRABALHOS DE RECUPERA\u00c7\u00c3O DE RUAS EM TR\u00caS BAIRROS DE JUAZEIRO - Blog do Farn\u00e9sio\" \/>\n<meta property=\"og:description\" content=\"Acompanhado do vice-prefeito Francisco Oliveira, dos secret\u00e1rios Eduardo Lopes (Sesp) e Jorge Barboza (Seduh), do assessor de Infraestrutura, Pl\u00ednio Amorim, e dos vereadores Cris\u00f3stomo Lima (Z\u00f3) e Anderson Alves, o prefeito Isaac Carvalho visitou nesta ter\u00e7a-feira (17) os trabalhos que de recupera\u00e7\u00e3o de pavimenta\u00e7\u00e3o que est\u00e3o sendo realizados em diversas ruas dos bairros Jo\u00e3o XXIII, Alto da Maravilha e Quid\u00e9. Com recursos do pr\u00f3prio munic\u00edpio, at\u00e9 o momento j\u00e1 foram investidos cerca de R$ 400 mil com troca de paralelep\u00edpedos e meio-fio. No Jo\u00e3o XXIII, por exemplo, a Rua Eurico Gaspar Dutra \u00e9 a sexta que est\u00e1 sendo recuperada para melhorar o tr\u00e1fego e oferecer maior comodidade aos moradores. O mesmo est\u00e1 acontecendo na Rua 3 do bairro Alto da&hellip;\" \/>\n<meta property=\"og:url\" content=\"https:\/\/blogdofarnesio.com.br\/?p=88087\" \/>\n<meta property=\"og:site_name\" content=\"Blog do Farn\u00e9sio\" \/>\n<meta property=\"article:publisher\" content=\"https:\/\/www.facebook.com\/BlogQuerSaberPolitica\/\" \/>\n<meta property=\"article:published_time\" content=\"2014-06-18T17:43:33+00:00\" \/>\n<meta property=\"og:image\" content=\"http:\/\/www.quersaberpolitica.com.br\/2016\/wp-content\/uploads\/2014\/06\/unnamed252-300x199.jpg\" \/>\n<meta name=\"author\" content=\"teste\" \/>\n<meta name=\"twitter:card\" content=\"summary_large_image\" \/>\n<meta name=\"twitter:label1\" content=\"Escrito por\" \/>\n\t<meta name=\"twitter:data1\" content=\"teste\" \/>\n\t<meta name=\"twitter:label2\" content=\"Est. tempo de leitura\" \/>\n\t<meta name=\"twitter:data2\" content=\"2 minutos\" \/>\n<script type=\"application\/ld+json\" class=\"yoast-schema-graph\">{\"@context\":\"https:\\\/\\\/schema.org\",\"@graph\":[{\"@type\":\"Article\",\"@id\":\"https:\\\/\\\/blogdofarnesio.com.br\\\/?p=88087#article\",\"isPartOf\":{\"@id\":\"https:\\\/\\\/blogdofarnesio.com.br\\\/?p=88087\"},\"author\":{\"name\":\"teste\",\"@id\":\"https:\\\/\\\/blogdofarnesio.com.br\\\/#\\\/schema\\\/person\\\/dd1bf5eba40b687199ba45ca6b97dff9\"},\"headline\":\"PREFEITO ISAAC FISCALIZA TRABALHOS DE RECUPERA\u00c7\u00c3O DE RUAS EM TR\u00caS BAIRROS DE JUAZEIRO\",\"datePublished\":\"2014-06-18T17:43:33+00:00\",\"mainEntityOfPage\":{\"@id\":\"https:\\\/\\\/blogdofarnesio.com.br\\\/?p=88087\"},\"wordCount\":362,\"commentCount\":0,\"publisher\":{\"@id\":\"https:\\\/\\\/blogdofarnesio.com.br\\\/#organization\"},\"image\":{\"@id\":\"https:\\\/\\\/blogdofarnesio.com.br\\\/?p=88087#primaryimage\"},\"thumbnailUrl\":\"http:\\\/\\\/www.quersaberpolitica.com.br\\\/2016\\\/wp-content\\\/uploads\\\/2014\\\/06\\\/unnamed252-300x199.jpg\",\"articleSection\":[\"Administra\u00e7\u00e3o\"],\"inLanguage\":\"pt-BR\",\"potentialAction\":[{\"@type\":\"CommentAction\",\"name\":\"Comment\",\"target\":[\"https:\\\/\\\/blogdofarnesio.com.br\\\/?p=88087#respond\"]}]},{\"@type\":\"WebPage\",\"@id\":\"https:\\\/\\\/blogdofarnesio.com.br\\\/?p=88087\",\"url\":\"https:\\\/\\\/blogdofarnesio.com.br\\\/?p=88087\",\"name\":\"PREFEITO ISAAC FISCALIZA TRABALHOS DE RECUPERA\u00c7\u00c3O DE RUAS EM TR\u00caS BAIRROS DE JUAZEIRO - Blog do Farn\u00e9sio\",\"isPartOf\":{\"@id\":\"https:\\\/\\\/blogdofarnesio.com.br\\\/#website\"},\"primaryImageOfPage\":{\"@id\":\"https:\\\/\\\/blogdofarnesio.com.br\\\/?p=88087#primaryimage\"},\"image\":{\"@id\":\"https:\\\/\\\/blogdofarnesio.com.br\\\/?p=88087#primaryimage\"},\"thumbnailUrl\":\"http:\\\/\\\/www.quersaberpolitica.com.br\\\/2016\\\/wp-content\\\/uploads\\\/2014\\\/06\\\/unnamed252-300x199.jpg\",\"datePublished\":\"2014-06-18T17:43:33+00:00\",\"breadcrumb\":{\"@id\":\"https:\\\/\\\/blogdofarnesio.com.br\\\/?p=88087#breadcrumb\"},\"inLanguage\":\"pt-BR\",\"potentialAction\":[{\"@type\":\"ReadAction\",\"target\":[\"https:\\\/\\\/blogdofarnesio.com.br\\\/?p=88087\"]}]},{\"@type\":\"ImageObject\",\"inLanguage\":\"pt-BR\",\"@id\":\"https:\\\/\\\/blogdofarnesio.com.br\\\/?p=88087#primaryimage\",\"url\":\"http:\\\/\\\/www.quersaberpolitica.com.br\\\/2016\\\/wp-content\\\/uploads\\\/2014\\\/06\\\/unnamed252-300x199.jpg\",\"contentUrl\":\"http:\\\/\\\/www.quersaberpolitica.com.br\\\/2016\\\/wp-content\\\/uploads\\\/2014\\\/06\\\/unnamed252-300x199.jpg\"},{\"@type\":\"BreadcrumbList\",\"@id\":\"https:\\\/\\\/blogdofarnesio.com.br\\\/?p=88087#breadcrumb\",\"itemListElement\":[{\"@type\":\"ListItem\",\"position\":1,\"name\":\"In\u00edcio\",\"item\":\"https:\\\/\\\/blogdofarnesio.com.br\\\/\"},{\"@type\":\"ListItem\",\"position\":2,\"name\":\"PREFEITO ISAAC FISCALIZA TRABALHOS DE RECUPERA\u00c7\u00c3O DE RUAS EM TR\u00caS BAIRROS DE JUAZEIRO\"}]},{\"@type\":\"WebSite\",\"@id\":\"https:\\\/\\\/blogdofarnesio.com.br\\\/#website\",\"url\":\"https:\\\/\\\/blogdofarnesio.com.br\\\/\",\"name\":\"Blog do Farn\u00e9sio\",\"description\":\"Quer Saber Pol\u00edtica?\",\"publisher\":{\"@id\":\"https:\\\/\\\/blogdofarnesio.com.br\\\/#organization\"},\"potentialAction\":[{\"@type\":\"SearchAction\",\"target\":{\"@type\":\"EntryPoint\",\"urlTemplate\":\"https:\\\/\\\/blogdofarnesio.com.br\\\/?s={search_term_string}\"},\"query-input\":{\"@type\":\"PropertyValueSpecification\",\"valueRequired\":true,\"valueName\":\"search_term_string\"}}],\"inLanguage\":\"pt-BR\"},{\"@type\":\"Organization\",\"@id\":\"https:\\\/\\\/blogdofarnesio.com.br\\\/#organization\",\"name\":\"Blog do Farn\u00e9sio\",\"url\":\"https:\\\/\\\/blogdofarnesio.com.br\\\/\",\"logo\":{\"@type\":\"ImageObject\",\"inLanguage\":\"pt-BR\",\"@id\":\"https:\\\/\\\/blogdofarnesio.com.br\\\/#\\\/schema\\\/logo\\\/image\\\/\",\"url\":\"https:\\\/\\\/blogdofarnesio.com.br\\\/wp-content\\\/uploads\\\/2026\\\/03\\\/cropped-logo_new-1.png\",\"contentUrl\":\"https:\\\/\\\/blogdofarnesio.com.br\\\/wp-content\\\/uploads\\\/2026\\\/03\\\/cropped-logo_new-1.png\",\"width\":881,\"height\":685,\"caption\":\"Blog do Farn\u00e9sio\"},\"image\":{\"@id\":\"https:\\\/\\\/blogdofarnesio.com.br\\\/#\\\/schema\\\/logo\\\/image\\\/\"},\"sameAs\":[\"https:\\\/\\\/www.facebook.com\\\/BlogQuerSaberPolitica\\\/\"]},{\"@type\":\"Person\",\"@id\":\"https:\\\/\\\/blogdofarnesio.com.br\\\/#\\\/schema\\\/person\\\/dd1bf5eba40b687199ba45ca6b97dff9\",\"name\":\"teste\",\"image\":{\"@type\":\"ImageObject\",\"inLanguage\":\"pt-BR\",\"@id\":\"https:\\\/\\\/secure.gravatar.com\\\/avatar\\\/2172498d4914b51e1d89a0f97957b035ac4938723a5cac208135d389b6972a6d?s=96&d=mm&r=g\",\"url\":\"https:\\\/\\\/secure.gravatar.com\\\/avatar\\\/2172498d4914b51e1d89a0f97957b035ac4938723a5cac208135d389b6972a6d?s=96&d=mm&r=g\",\"contentUrl\":\"https:\\\/\\\/secure.gravatar.com\\\/avatar\\\/2172498d4914b51e1d89a0f97957b035ac4938723a5cac208135d389b6972a6d?s=96&d=mm&r=g\",\"caption\":\"teste\"},\"url\":\"https:\\\/\\\/blogdofarnesio.com.br\\\/?author=3\"}]}<\/script>\n<!-- \/ Yoast SEO plugin. -->","yoast_head_json":{"title":"PREFEITO ISAAC FISCALIZA TRABALHOS DE RECUPERA\u00c7\u00c3O DE RUAS EM TR\u00caS BAIRROS DE JUAZEIRO - Blog do Farn\u00e9sio","robots":{"index":"index","follow":"follow","max-snippet":"max-snippet:-1","max-image-preview":"max-image-preview:large","max-video-preview":"max-video-preview:-1"},"canonical":"https:\/\/blogdofarnesio.com.br\/?p=88087","og_locale":"pt_BR","og_type":"article","og_title":"PREFEITO ISAAC FISCALIZA TRABALHOS DE RECUPERA\u00c7\u00c3O DE RUAS EM TR\u00caS BAIRROS DE JUAZEIRO - Blog do Farn\u00e9sio","og_description":"Acompanhado do vice-prefeito Francisco Oliveira, dos secret\u00e1rios Eduardo Lopes (Sesp) e Jorge Barboza (Seduh), do assessor de Infraestrutura, Pl\u00ednio Amorim, e dos vereadores Cris\u00f3stomo Lima (Z\u00f3) e Anderson Alves, o prefeito Isaac Carvalho visitou nesta ter\u00e7a-feira (17) os trabalhos que de recupera\u00e7\u00e3o de pavimenta\u00e7\u00e3o que est\u00e3o sendo realizados em diversas ruas dos bairros Jo\u00e3o XXIII, Alto da Maravilha e Quid\u00e9. Com recursos do pr\u00f3prio munic\u00edpio, at\u00e9 o momento j\u00e1 foram investidos cerca de R$ 400 mil com troca de paralelep\u00edpedos e meio-fio. No Jo\u00e3o XXIII, por exemplo, a Rua Eurico Gaspar Dutra \u00e9 a sexta que est\u00e1 sendo recuperada para melhorar o tr\u00e1fego e oferecer maior comodidade aos moradores. O mesmo est\u00e1 acontecendo na Rua 3 do bairro Alto da&hellip;","og_url":"https:\/\/blogdofarnesio.com.br\/?p=88087","og_site_name":"Blog do Farn\u00e9sio","article_publisher":"https:\/\/www.facebook.com\/BlogQuerSaberPolitica\/","article_published_time":"2014-06-18T17:43:33+00:00","og_image":[{"url":"http:\/\/www.quersaberpolitica.com.br\/2016\/wp-content\/uploads\/2014\/06\/unnamed252-300x199.jpg","type":"","width":"","height":""}],"author":"teste","twitter_card":"summary_large_image","twitter_misc":{"Escrito por":"teste","Est. tempo de leitura":"2 minutos"},"schema":{"@context":"https:\/\/schema.org","@graph":[{"@type":"Article","@id":"https:\/\/blogdofarnesio.com.br\/?p=88087#article","isPartOf":{"@id":"https:\/\/blogdofarnesio.com.br\/?p=88087"},"author":{"name":"teste","@id":"https:\/\/blogdofarnesio.com.br\/#\/schema\/person\/dd1bf5eba40b687199ba45ca6b97dff9"},"headline":"PREFEITO ISAAC FISCALIZA TRABALHOS DE RECUPERA\u00c7\u00c3O DE RUAS EM TR\u00caS BAIRROS DE JUAZEIRO","datePublished":"2014-06-18T17:43:33+00:00","mainEntityOfPage":{"@id":"https:\/\/blogdofarnesio.com.br\/?p=88087"},"wordCount":362,"commentCount":0,"publisher":{"@id":"https:\/\/blogdofarnesio.com.br\/#organization"},"image":{"@id":"https:\/\/blogdofarnesio.com.br\/?p=88087#primaryimage"},"thumbnailUrl":"http:\/\/www.quersaberpolitica.com.br\/2016\/wp-content\/uploads\/2014\/06\/unnamed252-300x199.jpg","articleSection":["Administra\u00e7\u00e3o"],"inLanguage":"pt-BR","potentialAction":[{"@type":"CommentAction","name":"Comment","target":["https:\/\/blogdofarnesio.com.br\/?p=88087#respond"]}]},{"@type":"WebPage","@id":"https:\/\/blogdofarnesio.com.br\/?p=88087","url":"https:\/\/blogdofarnesio.com.br\/?p=88087","name":"PREFEITO ISAAC FISCALIZA TRABALHOS DE RECUPERA\u00c7\u00c3O DE RUAS EM TR\u00caS BAIRROS DE JUAZEIRO - Blog do Farn\u00e9sio","isPartOf":{"@id":"https:\/\/blogdofarnesio.com.br\/#website"},"primaryImageOfPage":{"@id":"https:\/\/blogdofarnesio.com.br\/?p=88087#primaryimage"},"image":{"@id":"https:\/\/blogdofarnesio.com.br\/?p=88087#primaryimage"},"thumbnailUrl":"http:\/\/www.quersaberpolitica.com.br\/2016\/wp-content\/uploads\/2014\/06\/unnamed252-300x199.jpg","datePublished":"2014-06-18T17:43:33+00:00","breadcrumb":{"@id":"https:\/\/blogdofarnesio.com.br\/?p=88087#breadcrumb"},"inLanguage":"pt-BR","potentialAction":[{"@type":"ReadAction","target":["https:\/\/blogdofarnesio.com.br\/?p=88087"]}]},{"@type":"ImageObject","inLanguage":"pt-BR","@id":"https:\/\/blogdofarnesio.com.br\/?p=88087#primaryimage","url":"http:\/\/www.quersaberpolitica.com.br\/2016\/wp-content\/uploads\/2014\/06\/unnamed252-300x199.jpg","contentUrl":"http:\/\/www.quersaberpolitica.com.br\/2016\/wp-content\/uploads\/2014\/06\/unnamed252-300x199.jpg"},{"@type":"BreadcrumbList","@id":"https:\/\/blogdofarnesio.com.br\/?p=88087#breadcrumb","itemListElement":[{"@type":"ListItem","position":1,"name":"In\u00edcio","item":"https:\/\/blogdofarnesio.com.br\/"},{"@type":"ListItem","position":2,"name":"PREFEITO ISAAC FISCALIZA TRABALHOS DE RECUPERA\u00c7\u00c3O DE RUAS EM TR\u00caS BAIRROS DE JUAZEIRO"}]},{"@type":"WebSite","@id":"https:\/\/blogdofarnesio.com.br\/#website","url":"https:\/\/blogdofarnesio.com.br\/","name":"Blog do Farn\u00e9sio","description":"Quer Saber Pol\u00edtica?","publisher":{"@id":"https:\/\/blogdofarnesio.com.br\/#organization"},"potentialAction":[{"@type":"SearchAction","target":{"@type":"EntryPoint","urlTemplate":"https:\/\/blogdofarnesio.com.br\/?s={search_term_string}"},"query-input":{"@type":"PropertyValueSpecification","valueRequired":true,"valueName":"search_term_string"}}],"inLanguage":"pt-BR"},{"@type":"Organization","@id":"https:\/\/blogdofarnesio.com.br\/#organization","name":"Blog do Farn\u00e9sio","url":"https:\/\/blogdofarnesio.com.br\/","logo":{"@type":"ImageObject","inLanguage":"pt-BR","@id":"https:\/\/blogdofarnesio.com.br\/#\/schema\/logo\/image\/","url":"https:\/\/blogdofarnesio.com.br\/wp-content\/uploads\/2026\/03\/cropped-logo_new-1.png","contentUrl":"https:\/\/blogdofarnesio.com.br\/wp-content\/uploads\/2026\/03\/cropped-logo_new-1.png","width":881,"height":685,"caption":"Blog do Farn\u00e9sio"},"image":{"@id":"https:\/\/blogdofarnesio.com.br\/#\/schema\/logo\/image\/"},"sameAs":["https:\/\/www.facebook.com\/BlogQuerSaberPolitica\/"]},{"@type":"Person","@id":"https:\/\/blogdofarnesio.com.br\/#\/schema\/person\/dd1bf5eba40b687199ba45ca6b97dff9","name":"teste","image":{"@type":"ImageObject","inLanguage":"pt-BR","@id":"https:\/\/secure.gravatar.com\/avatar\/2172498d4914b51e1d89a0f97957b035ac4938723a5cac208135d389b6972a6d?s=96&d=mm&r=g","url":"https:\/\/secure.gravatar.com\/avatar\/2172498d4914b51e1d89a0f97957b035ac4938723a5cac208135d389b6972a6d?s=96&d=mm&r=g","contentUrl":"https:\/\/secure.gravatar.com\/avatar\/2172498d4914b51e1d89a0f97957b035ac4938723a5cac208135d389b6972a6d?s=96&d=mm&r=g","caption":"teste"},"url":"https:\/\/blogdofarnesio.com.br\/?author=3"}]}},"_links":{"self":[{"href":"https:\/\/blogdofarnesio.com.br\/index.php?rest_route=\/wp\/v2\/posts\/88087","targetHints":{"allow":["GET"]}}],"collection":[{"href":"https:\/\/blogdofarnesio.com.br\/index.php?rest_route=\/wp\/v2\/posts"}],"about":[{"href":"https:\/\/blogdofarnesio.com.br\/index.php?rest_route=\/wp\/v2\/types\/post"}],"author":[{"embeddable":true,"href":"https:\/\/blogdofarnesio.com.br\/index.php?rest_route=\/wp\/v2\/users\/3"}],"replies":[{"embeddable":true,"href":"https:\/\/blogdofarnesio.com.br\/index.php?rest_route=%2Fwp%2Fv2%2Fcomments&post=88087"}],"version-history":[{"count":0,"href":"https:\/\/blogdofarnesio.com.br\/index.php?rest_route=\/wp\/v2\/posts\/88087\/revisions"}],"wp:attachment":[{"href":"https:\/\/blogdofarnesio.com.br\/index.php?rest_route=%2Fwp%2Fv2%2Fmedia&parent=88087"}],"wp:term":[{"taxonomy":"category","embeddable":true,"href":"https:\/\/blogdofarnesio.com.br\/index.php?rest_route=%2Fwp%2Fv2%2Fcategories&post=88087"},{"taxonomy":"post_tag","embeddable":true,"href":"https:\/\/blogdofarnesio.com.br\/index.php?rest_route=%2Fwp%2Fv2%2Ftags&post=88087"}],"curies":[{"name":"wp","href":"https:\/\/api.w.org\/{rel}","templated":true}]}}