{"id":8781,"date":"2011-11-28T11:00:18","date_gmt":"2011-11-28T11:00:18","guid":{"rendered":"http:\/\/www.quersaberpolitica.com.br?p=8781"},"modified":"-0001-11-30T00:00:00","modified_gmt":"-0001-11-30T03:00:00","slug":"direto-de-curaca","status":"publish","type":"post","link":"https:\/\/blogdofarnesio.com.br\/?p=8781","title":{"rendered":"Direto de Cura\u00e7\u00e1"},"content":{"rendered":"<p style=\"text-align: justify;\"><span style=\"font-size: small;\"><br \/><\/span><\/p>\n<p style=\"text-align: justify;\"><strong><em><span style=\"font-size: small;\">FUNCION&Aacute;RIOS DO SAAE DE CURA&Ccedil;&Aacute; PARALISAM SUAS ATIVIDADES<\/span><\/em><\/strong><\/p>\n<p style=\"text-align: justify;\"><span style=\"font-size: small;\"><a rel=\"lightbox\" href=\"http:\/\/www.quersaberpolitica.com.br\/2016\/wp-content\/uploads\/2012\/12\/blogqspcuracagrevesaae.jpg\"><img loading=\"lazy\" decoding=\"async\" style=\"float: right; margin-top: 5px; margin-bottom: 5px; margin-left: 10px; margin-right: 10px;\" title=\"Saae Cura&ccedil;&aacute;\" src=\"http:\/\/www.quersaberpolitica.com.br\/2016\/wp-content\/uploads\/2012\/12\/blogqspcuracagrevesaae.jpg\" alt=\"\" width=\"200\" height=\"150\" \/><\/a>Os funcion&aacute;rios do SAAE de Cura&ccedil;&aacute; entraram em paralisa&ccedil;&atilde;o na manh&atilde; de hoje, segunda-feira, alegando o n&atilde;o cumprimento de um Acordo Coletivo de Trabalho firmado entre os funcion&aacute;rios e a Empresa em 2011, o qual foi assinado conjuntamente entre o Diretor da Autarquia e do Sindicato dos Trabalhadores em &Aacute;gua e Esgoto &#8211; SINDAE.<\/p>\n<p>Diante da situa&ccedil;&atilde;o, os Funcion&aacute;rios fizeram uma Assembleia e ficou decidido que todos iriam parar pelos seguintes motivos:<\/p>\n<p>a) N&atilde;o foi dado o reajuste salarial;<br \/>b) Data de pagamento sempre atrasada, conforme Acordo;<br \/>c) Ass&eacute;dio Moral constante e atitude Ditatorial do Diretor;<br \/>d) Condi&ccedil;&otilde;es de Trabalho m&iacute;nimas e perigosas;<br \/>e) Falta de Transpar&ecirc;ncia nas Contas;<\/p>\n<p>Conforme Patr&iacute;cia Pires, Dirigente Sindical de Base do SINDAE em Cura&ccedil;&aacute;, a mobiliza&ccedil;&atilde;o dessa manh&atilde; foi feita com o intuito de mostrar ao povo de Cura&ccedil;&aacute; que a Empresa anda mal e que os funcion&aacute;rios &eacute; quem vem pagando por isso. &#8220;Resolvemos dar um basta, pois ser&iacute;amos omissos se n&atilde;o fiz&eacute;ssemos isso&#8221;, diz a Dirigente.<\/p>\n<p>Segundo os outros representantes do Movimento, Ivan Pinto e Ari Carvalho, os trabalhadores continuar&atilde;o mobilizados e v&atilde;o tentar abrir o di&aacute;logo com o Diretor do SAAE, Roque Soares, e com o prefeito Salvador Lopes.<\/span><\/p>\n<p style=\"text-align: justify;\"><span style=\"font-size: small;\">INFORMA&Ccedil;&Otilde;ES: MAURIZIO BIM<\/span><\/p>\n<p style=\"text-align: justify;\"><span style=\"font-size: small;\"><br \/><\/span><\/p>\n<p style=\"text-align: justify;\">&nbsp;<\/p>\n","protected":false},"excerpt":{"rendered":"<p>FUNCION&Aacute;RIOS DO SAAE DE CURA&Ccedil;&Aacute; PARALISAM SUAS ATIVIDADES Os funcion&aacute;rios do SAAE de Cura&ccedil;&aacute; entraram em paralisa&ccedil;&atilde;o na manh&atilde; de hoje, segunda-feira, alegando o n&atilde;o cumprimento de um Acordo Coletivo de Trabalho firmado entre os funcion&aacute;rios e a Empresa em 2011, o qual foi assinado conjuntamente entre o Diretor da Autarquia e do Sindicato dos Trabalhadores em &Aacute;gua e Esgoto &#8211; SINDAE. Diante da situa&ccedil;&atilde;o, os Funcion&aacute;rios fizeram uma Assembleia e ficou decidido que todos iriam parar pelos seguintes motivos: a) N&atilde;o foi dado o reajuste salarial;b) Data de pagamento sempre atrasada, conforme Acordo;c) Ass&eacute;dio Moral constante e atitude Ditatorial do Diretor;d) Condi&ccedil;&otilde;es de Trabalho m&iacute;nimas e perigosas;e) Falta de Transpar&ecirc;ncia nas Contas; Conforme Patr&iacute;cia Pires, Dirigente Sindical de Base&hellip; <\/p>\n","protected":false},"author":0,"featured_media":0,"comment_status":"open","ping_status":"open","sticky":false,"template":"","format":"standard","meta":{"_acf_changed":false,"footnotes":""},"categories":[27],"tags":[],"class_list":["post-8781","post","type-post","status-publish","format-standard","hentry","category-cidades"],"acf":[],"yoast_head":"<!-- This site is optimized with the Yoast SEO plugin v27.4 - https:\/\/yoast.com\/product\/yoast-seo-wordpress\/ -->\n<title>Direto de Cura\u00e7\u00e1 - Blog do Farn\u00e9sio<\/title>\n<meta name=\"robots\" content=\"index, follow, max-snippet:-1, max-image-preview:large, max-video-preview:-1\" \/>\n<link rel=\"canonical\" href=\"https:\/\/blogdofarnesio.com.br\/?p=8781\" \/>\n<meta property=\"og:locale\" content=\"pt_BR\" \/>\n<meta property=\"og:type\" content=\"article\" \/>\n<meta property=\"og:title\" content=\"Direto de Cura\u00e7\u00e1 - Blog do Farn\u00e9sio\" \/>\n<meta property=\"og:description\" content=\"FUNCION&Aacute;RIOS DO SAAE DE CURA&Ccedil;&Aacute; PARALISAM SUAS ATIVIDADES Os funcion&aacute;rios do SAAE de Cura&ccedil;&aacute; entraram em paralisa&ccedil;&atilde;o na manh&atilde; de hoje, segunda-feira, alegando o n&atilde;o cumprimento de um Acordo Coletivo de Trabalho firmado entre os funcion&aacute;rios e a Empresa em 2011, o qual foi assinado conjuntamente entre o Diretor da Autarquia e do Sindicato dos Trabalhadores em &Aacute;gua e Esgoto &#8211; SINDAE. Diante da situa&ccedil;&atilde;o, os Funcion&aacute;rios fizeram uma Assembleia e ficou decidido que todos iriam parar pelos seguintes motivos: a) N&atilde;o foi dado o reajuste salarial;b) Data de pagamento sempre atrasada, conforme Acordo;c) Ass&eacute;dio Moral constante e atitude Ditatorial do Diretor;d) Condi&ccedil;&otilde;es de Trabalho m&iacute;nimas e perigosas;e) Falta de Transpar&ecirc;ncia nas Contas; Conforme Patr&iacute;cia Pires, Dirigente Sindical de Base&hellip;\" \/>\n<meta property=\"og:url\" content=\"https:\/\/blogdofarnesio.com.br\/?p=8781\" \/>\n<meta property=\"og:site_name\" content=\"Blog do Farn\u00e9sio\" \/>\n<meta property=\"article:publisher\" content=\"https:\/\/www.facebook.com\/BlogQuerSaberPolitica\/\" \/>\n<meta property=\"article:published_time\" content=\"2011-11-28T11:00:18+00:00\" \/>\n<meta property=\"og:image\" content=\"http:\/\/www.quersaberpolitica.com.br\/2016\/wp-content\/uploads\/2012\/12\/blogqspcuracagrevesaae.jpg\" \/>\n<meta name=\"twitter:card\" content=\"summary_large_image\" \/>\n<meta name=\"twitter:label1\" content=\"Est. tempo de leitura\" \/>\n\t<meta name=\"twitter:data1\" content=\"1 minuto\" \/>\n<script type=\"application\/ld+json\" class=\"yoast-schema-graph\">{\"@context\":\"https:\\\/\\\/schema.org\",\"@graph\":[{\"@type\":\"Article\",\"@id\":\"https:\\\/\\\/blogdofarnesio.com.br\\\/?p=8781#article\",\"isPartOf\":{\"@id\":\"https:\\\/\\\/blogdofarnesio.com.br\\\/?p=8781\"},\"author\":{\"name\":\"\",\"@id\":\"\"},\"headline\":\"Direto de Cura\u00e7\u00e1\",\"datePublished\":\"2011-11-28T11:00:18+00:00\",\"mainEntityOfPage\":{\"@id\":\"https:\\\/\\\/blogdofarnesio.com.br\\\/?p=8781\"},\"wordCount\":272,\"commentCount\":0,\"publisher\":{\"@id\":\"https:\\\/\\\/blogdofarnesio.com.br\\\/#organization\"},\"image\":{\"@id\":\"https:\\\/\\\/blogdofarnesio.com.br\\\/?p=8781#primaryimage\"},\"thumbnailUrl\":\"http:\\\/\\\/www.quersaberpolitica.com.br\\\/2016\\\/wp-content\\\/uploads\\\/2012\\\/12\\\/blogqspcuracagrevesaae.jpg\",\"articleSection\":[\"Cidades\"],\"inLanguage\":\"pt-BR\",\"potentialAction\":[{\"@type\":\"CommentAction\",\"name\":\"Comment\",\"target\":[\"https:\\\/\\\/blogdofarnesio.com.br\\\/?p=8781#respond\"]}]},{\"@type\":\"WebPage\",\"@id\":\"https:\\\/\\\/blogdofarnesio.com.br\\\/?p=8781\",\"url\":\"https:\\\/\\\/blogdofarnesio.com.br\\\/?p=8781\",\"name\":\"Direto de Cura\u00e7\u00e1 - Blog do Farn\u00e9sio\",\"isPartOf\":{\"@id\":\"https:\\\/\\\/blogdofarnesio.com.br\\\/#website\"},\"primaryImageOfPage\":{\"@id\":\"https:\\\/\\\/blogdofarnesio.com.br\\\/?p=8781#primaryimage\"},\"image\":{\"@id\":\"https:\\\/\\\/blogdofarnesio.com.br\\\/?p=8781#primaryimage\"},\"thumbnailUrl\":\"http:\\\/\\\/www.quersaberpolitica.com.br\\\/2016\\\/wp-content\\\/uploads\\\/2012\\\/12\\\/blogqspcuracagrevesaae.jpg\",\"datePublished\":\"2011-11-28T11:00:18+00:00\",\"breadcrumb\":{\"@id\":\"https:\\\/\\\/blogdofarnesio.com.br\\\/?p=8781#breadcrumb\"},\"inLanguage\":\"pt-BR\",\"potentialAction\":[{\"@type\":\"ReadAction\",\"target\":[\"https:\\\/\\\/blogdofarnesio.com.br\\\/?p=8781\"]}]},{\"@type\":\"ImageObject\",\"inLanguage\":\"pt-BR\",\"@id\":\"https:\\\/\\\/blogdofarnesio.com.br\\\/?p=8781#primaryimage\",\"url\":\"http:\\\/\\\/www.quersaberpolitica.com.br\\\/2016\\\/wp-content\\\/uploads\\\/2012\\\/12\\\/blogqspcuracagrevesaae.jpg\",\"contentUrl\":\"http:\\\/\\\/www.quersaberpolitica.com.br\\\/2016\\\/wp-content\\\/uploads\\\/2012\\\/12\\\/blogqspcuracagrevesaae.jpg\"},{\"@type\":\"BreadcrumbList\",\"@id\":\"https:\\\/\\\/blogdofarnesio.com.br\\\/?p=8781#breadcrumb\",\"itemListElement\":[{\"@type\":\"ListItem\",\"position\":1,\"name\":\"In\u00edcio\",\"item\":\"https:\\\/\\\/blogdofarnesio.com.br\\\/\"},{\"@type\":\"ListItem\",\"position\":2,\"name\":\"Direto de Cura\u00e7\u00e1\"}]},{\"@type\":\"WebSite\",\"@id\":\"https:\\\/\\\/blogdofarnesio.com.br\\\/#website\",\"url\":\"https:\\\/\\\/blogdofarnesio.com.br\\\/\",\"name\":\"Blog do Farn\u00e9sio\",\"description\":\"Quer Saber Pol\u00edtica?\",\"publisher\":{\"@id\":\"https:\\\/\\\/blogdofarnesio.com.br\\\/#organization\"},\"potentialAction\":[{\"@type\":\"SearchAction\",\"target\":{\"@type\":\"EntryPoint\",\"urlTemplate\":\"https:\\\/\\\/blogdofarnesio.com.br\\\/?s={search_term_string}\"},\"query-input\":{\"@type\":\"PropertyValueSpecification\",\"valueRequired\":true,\"valueName\":\"search_term_string\"}}],\"inLanguage\":\"pt-BR\"},{\"@type\":\"Organization\",\"@id\":\"https:\\\/\\\/blogdofarnesio.com.br\\\/#organization\",\"name\":\"Blog do Farn\u00e9sio\",\"url\":\"https:\\\/\\\/blogdofarnesio.com.br\\\/\",\"logo\":{\"@type\":\"ImageObject\",\"inLanguage\":\"pt-BR\",\"@id\":\"https:\\\/\\\/blogdofarnesio.com.br\\\/#\\\/schema\\\/logo\\\/image\\\/\",\"url\":\"https:\\\/\\\/blogdofarnesio.com.br\\\/wp-content\\\/uploads\\\/2026\\\/03\\\/cropped-logo_new-1.png\",\"contentUrl\":\"https:\\\/\\\/blogdofarnesio.com.br\\\/wp-content\\\/uploads\\\/2026\\\/03\\\/cropped-logo_new-1.png\",\"width\":881,\"height\":685,\"caption\":\"Blog do Farn\u00e9sio\"},\"image\":{\"@id\":\"https:\\\/\\\/blogdofarnesio.com.br\\\/#\\\/schema\\\/logo\\\/image\\\/\"},\"sameAs\":[\"https:\\\/\\\/www.facebook.com\\\/BlogQuerSaberPolitica\\\/\"]}]}<\/script>\n<!-- \/ Yoast SEO plugin. -->","yoast_head_json":{"title":"Direto de Cura\u00e7\u00e1 - Blog do Farn\u00e9sio","robots":{"index":"index","follow":"follow","max-snippet":"max-snippet:-1","max-image-preview":"max-image-preview:large","max-video-preview":"max-video-preview:-1"},"canonical":"https:\/\/blogdofarnesio.com.br\/?p=8781","og_locale":"pt_BR","og_type":"article","og_title":"Direto de Cura\u00e7\u00e1 - Blog do Farn\u00e9sio","og_description":"FUNCION&Aacute;RIOS DO SAAE DE CURA&Ccedil;&Aacute; PARALISAM SUAS ATIVIDADES Os funcion&aacute;rios do SAAE de Cura&ccedil;&aacute; entraram em paralisa&ccedil;&atilde;o na manh&atilde; de hoje, segunda-feira, alegando o n&atilde;o cumprimento de um Acordo Coletivo de Trabalho firmado entre os funcion&aacute;rios e a Empresa em 2011, o qual foi assinado conjuntamente entre o Diretor da Autarquia e do Sindicato dos Trabalhadores em &Aacute;gua e Esgoto &#8211; SINDAE. Diante da situa&ccedil;&atilde;o, os Funcion&aacute;rios fizeram uma Assembleia e ficou decidido que todos iriam parar pelos seguintes motivos: a) N&atilde;o foi dado o reajuste salarial;b) Data de pagamento sempre atrasada, conforme Acordo;c) Ass&eacute;dio Moral constante e atitude Ditatorial do Diretor;d) Condi&ccedil;&otilde;es de Trabalho m&iacute;nimas e perigosas;e) Falta de Transpar&ecirc;ncia nas Contas; Conforme Patr&iacute;cia Pires, Dirigente Sindical de Base&hellip;","og_url":"https:\/\/blogdofarnesio.com.br\/?p=8781","og_site_name":"Blog do Farn\u00e9sio","article_publisher":"https:\/\/www.facebook.com\/BlogQuerSaberPolitica\/","article_published_time":"2011-11-28T11:00:18+00:00","og_image":[{"url":"http:\/\/www.quersaberpolitica.com.br\/2016\/wp-content\/uploads\/2012\/12\/blogqspcuracagrevesaae.jpg","type":"","width":"","height":""}],"twitter_card":"summary_large_image","twitter_misc":{"Est. tempo de leitura":"1 minuto"},"schema":{"@context":"https:\/\/schema.org","@graph":[{"@type":"Article","@id":"https:\/\/blogdofarnesio.com.br\/?p=8781#article","isPartOf":{"@id":"https:\/\/blogdofarnesio.com.br\/?p=8781"},"author":{"name":"","@id":""},"headline":"Direto de Cura\u00e7\u00e1","datePublished":"2011-11-28T11:00:18+00:00","mainEntityOfPage":{"@id":"https:\/\/blogdofarnesio.com.br\/?p=8781"},"wordCount":272,"commentCount":0,"publisher":{"@id":"https:\/\/blogdofarnesio.com.br\/#organization"},"image":{"@id":"https:\/\/blogdofarnesio.com.br\/?p=8781#primaryimage"},"thumbnailUrl":"http:\/\/www.quersaberpolitica.com.br\/2016\/wp-content\/uploads\/2012\/12\/blogqspcuracagrevesaae.jpg","articleSection":["Cidades"],"inLanguage":"pt-BR","potentialAction":[{"@type":"CommentAction","name":"Comment","target":["https:\/\/blogdofarnesio.com.br\/?p=8781#respond"]}]},{"@type":"WebPage","@id":"https:\/\/blogdofarnesio.com.br\/?p=8781","url":"https:\/\/blogdofarnesio.com.br\/?p=8781","name":"Direto de Cura\u00e7\u00e1 - Blog do Farn\u00e9sio","isPartOf":{"@id":"https:\/\/blogdofarnesio.com.br\/#website"},"primaryImageOfPage":{"@id":"https:\/\/blogdofarnesio.com.br\/?p=8781#primaryimage"},"image":{"@id":"https:\/\/blogdofarnesio.com.br\/?p=8781#primaryimage"},"thumbnailUrl":"http:\/\/www.quersaberpolitica.com.br\/2016\/wp-content\/uploads\/2012\/12\/blogqspcuracagrevesaae.jpg","datePublished":"2011-11-28T11:00:18+00:00","breadcrumb":{"@id":"https:\/\/blogdofarnesio.com.br\/?p=8781#breadcrumb"},"inLanguage":"pt-BR","potentialAction":[{"@type":"ReadAction","target":["https:\/\/blogdofarnesio.com.br\/?p=8781"]}]},{"@type":"ImageObject","inLanguage":"pt-BR","@id":"https:\/\/blogdofarnesio.com.br\/?p=8781#primaryimage","url":"http:\/\/www.quersaberpolitica.com.br\/2016\/wp-content\/uploads\/2012\/12\/blogqspcuracagrevesaae.jpg","contentUrl":"http:\/\/www.quersaberpolitica.com.br\/2016\/wp-content\/uploads\/2012\/12\/blogqspcuracagrevesaae.jpg"},{"@type":"BreadcrumbList","@id":"https:\/\/blogdofarnesio.com.br\/?p=8781#breadcrumb","itemListElement":[{"@type":"ListItem","position":1,"name":"In\u00edcio","item":"https:\/\/blogdofarnesio.com.br\/"},{"@type":"ListItem","position":2,"name":"Direto de Cura\u00e7\u00e1"}]},{"@type":"WebSite","@id":"https:\/\/blogdofarnesio.com.br\/#website","url":"https:\/\/blogdofarnesio.com.br\/","name":"Blog do Farn\u00e9sio","description":"Quer Saber Pol\u00edtica?","publisher":{"@id":"https:\/\/blogdofarnesio.com.br\/#organization"},"potentialAction":[{"@type":"SearchAction","target":{"@type":"EntryPoint","urlTemplate":"https:\/\/blogdofarnesio.com.br\/?s={search_term_string}"},"query-input":{"@type":"PropertyValueSpecification","valueRequired":true,"valueName":"search_term_string"}}],"inLanguage":"pt-BR"},{"@type":"Organization","@id":"https:\/\/blogdofarnesio.com.br\/#organization","name":"Blog do Farn\u00e9sio","url":"https:\/\/blogdofarnesio.com.br\/","logo":{"@type":"ImageObject","inLanguage":"pt-BR","@id":"https:\/\/blogdofarnesio.com.br\/#\/schema\/logo\/image\/","url":"https:\/\/blogdofarnesio.com.br\/wp-content\/uploads\/2026\/03\/cropped-logo_new-1.png","contentUrl":"https:\/\/blogdofarnesio.com.br\/wp-content\/uploads\/2026\/03\/cropped-logo_new-1.png","width":881,"height":685,"caption":"Blog do Farn\u00e9sio"},"image":{"@id":"https:\/\/blogdofarnesio.com.br\/#\/schema\/logo\/image\/"},"sameAs":["https:\/\/www.facebook.com\/BlogQuerSaberPolitica\/"]}]}},"_links":{"self":[{"href":"https:\/\/blogdofarnesio.com.br\/index.php?rest_route=\/wp\/v2\/posts\/8781","targetHints":{"allow":["GET"]}}],"collection":[{"href":"https:\/\/blogdofarnesio.com.br\/index.php?rest_route=\/wp\/v2\/posts"}],"about":[{"href":"https:\/\/blogdofarnesio.com.br\/index.php?rest_route=\/wp\/v2\/types\/post"}],"replies":[{"embeddable":true,"href":"https:\/\/blogdofarnesio.com.br\/index.php?rest_route=%2Fwp%2Fv2%2Fcomments&post=8781"}],"version-history":[{"count":0,"href":"https:\/\/blogdofarnesio.com.br\/index.php?rest_route=\/wp\/v2\/posts\/8781\/revisions"}],"wp:attachment":[{"href":"https:\/\/blogdofarnesio.com.br\/index.php?rest_route=%2Fwp%2Fv2%2Fmedia&parent=8781"}],"wp:term":[{"taxonomy":"category","embeddable":true,"href":"https:\/\/blogdofarnesio.com.br\/index.php?rest_route=%2Fwp%2Fv2%2Fcategories&post=8781"},{"taxonomy":"post_tag","embeddable":true,"href":"https:\/\/blogdofarnesio.com.br\/index.php?rest_route=%2Fwp%2Fv2%2Ftags&post=8781"}],"curies":[{"name":"wp","href":"https:\/\/api.w.org\/{rel}","templated":true}]}}