{"id":8759,"date":"2011-11-27T12:31:02","date_gmt":"2011-11-27T12:31:02","guid":{"rendered":"http:\/\/www.quersaberpolitica.com.br?p=8759"},"modified":"2011-11-27T01:03:32","modified_gmt":"2011-11-27T01:03:32","slug":"mais-de-100-pessoas-sao-atendidas-em-acao-de-combate-a-diabetes-em-petrolina","status":"publish","type":"post","link":"https:\/\/blogdofarnesio.com.br\/?p=8759","title":{"rendered":"Mais de 100 pessoas s\u00e3o atendidas em a\u00e7\u00e3o de combate a diabetes em Petrolina"},"content":{"rendered":"<p style=\"text-align: justify;\"><span style=\"font-size: small;\"><a rel=\"lightbox\" href=\"http:\/\/www.quersaberpolitica.com.br\/2016\/wp-content\/uploads\/2012\/12\/blogqspcombateadiabetespetrolina1.jpg\"><img loading=\"lazy\" decoding=\"async\" style=\"margin-top: 5px; margin-bottom: 5px; margin-left: 10px; margin-right: 10px; float: left;\" title=\"Imagem Divulga&ccedil;&atilde;o\" src=\"http:\/\/www.quersaberpolitica.com.br\/2016\/wp-content\/uploads\/2012\/12\/blogqspcombateadiabetespetrolina1.jpg\" alt=\"\" width=\"200\" height=\"133\" \/><\/a>Estimular a preven&ccedil;&atilde;o de doen&ccedil;as e alertar as pessoas sobre a import&acirc;ncia de buscar uma vida saud&aacute;vel s&atilde;o compromissos da gest&atilde;o municipal com a popula&ccedil;&atilde;o de Petrolina. Cumprindo esse papel, o N&uacute;cleo de Apoio &agrave; Sa&uacute;de da Fam&iacute;lia (Nasf) e a Coordena&ccedil;&atilde;o de Promo&ccedil;&atilde;o &agrave; Sa&uacute;de da Secretaria Municipal de Sa&uacute;de (SMS) realizaram, hoje (25), uma a&ccedil;&atilde;o educativa de combate &agrave; diabetes. O evento, aberto ao p&uacute;blico, aconteceu na Academia das Cidades e teve como foco o cuidado que diab&eacute;ticos e hipertensos devem ter com a alimenta&ccedil;&atilde;o e pr&aacute;tica de exerc&iacute;cios f&iacute;sicos.<\/span><\/p>\n<p style=\"text-align: justify;\"><span style=\"font-size: small;\">Durante a a&ccedil;&atilde;o, mais de 100 pessoas realizaram atividades f&iacute;sicas, verificaram press&atilde;o arterial, fizeram teste de glicemia e participaram de palestras educativas. O evento foi dirigido por uma equipe do Nasf, composta por psic&oacute;logo, farmac&ecirc;utico, educador f&iacute;sico, nutricionista e assistente social, e contou com o apoio dos Agentes Comunit&aacute;rios de Sa&uacute;de (ACS) dos bairros Ant&ocirc;nio Cassimiro, Jardim Amazonas, Jardim Maravilha, Ouro Preto e Pedro Raimundo, al&eacute;m do enfermeiro Edson Freitas, da Unidade B&aacute;sica de Sa&uacute;de do Jardim Maravilha e representantes da Funda&ccedil;&atilde;o Nilo Coelho.<\/span><\/p>\n<p style=\"text-align: justify;\"><span style=\"font-size: small;\">De acordo com a educadora f&iacute;sica do Nasf, Elka Camargo, o cuidado com a alimenta&ccedil;&atilde;o e a pr&aacute;tica de exerc&iacute;cios f&iacute;sicos s&atilde;o elementos indispens&aacute;veis para o portador da diabetes. &#8220;Todo diab&eacute;tico precisa da pr&aacute;tica de atividades f&iacute;sicas com orienta&ccedil;&atilde;o. Isso possibilita o aumento da produ&ccedil;&atilde;o de insulina e melhora a auto-estima, porque esse paciente sai do isolamento&#8221;, afirmou a educadora, salientando ainda a necessidade controlar a medica&ccedil;&atilde;o e seguir a dieta indicada pelo nutricionista.<br \/>&#8220;&Eacute; bom demais me exercitar. Tenho diabetes e sempre me sinto melhor depois fa&ccedil;o as minhas atividades&#8221;, disse dona Severina Maria da Silva, de 74 anos. Casos como o de dona Severina demonstram que a&ccedil;&otilde;es desse tipo precisam ser empregadas cada vez mais pela SMS, tanto na preven&ccedil;&atilde;o, para evitar que surjam novos casos da doen&ccedil;a, como para ajudar o portador da diabetes a ter uma vida melhor. &#8220;Estimular pr&aacute;ticas saud&aacute;veis como atividade f&iacute;sica e alimenta&ccedil;&atilde;o balanceada &eacute; uma das preocupa&ccedil;&otilde;es da gest&atilde;o municipal. Nosso objetivo &eacute; proporcionar &agrave; popula&ccedil;&atilde;o uma vida mais saud&aacute;vel, diminuindo, consequentemente, a incid&ecirc;ncia do diabetes&#8221;, enfatizou a Secret&aacute;ria de Sa&uacute;de, L&uacute;cia Giesta.<\/span><\/p>\n<p style=\"text-align: justify;\"><span style=\"font-size: small;\">Os pacientes que tiveram alguma altera&ccedil;&atilde;o na verifica&ccedil;&atilde;o da press&atilde;o arterial ou no teste de glicemia foram orientados a procurar a Unidade B&aacute;sica de Sa&uacute;de do seu bairro para uma investiga&ccedil;&atilde;o mais aprofundada do caso.<\/span><\/p>\n<p style=\"text-align: justify;\"><span style=\"font-size: small;\">(Eneida Trindade &#8211; Ascom Petrolina)<\/span><\/p>\n","protected":false},"excerpt":{"rendered":"<p>Estimular a preven&ccedil;&atilde;o de doen&ccedil;as e alertar as pessoas sobre a import&acirc;ncia de buscar uma vida saud&aacute;vel s&atilde;o compromissos da gest&atilde;o municipal com a popula&ccedil;&atilde;o de Petrolina. Cumprindo esse papel, o N&uacute;cleo de Apoio &agrave; Sa&uacute;de da Fam&iacute;lia (Nasf) e a Coordena&ccedil;&atilde;o de Promo&ccedil;&atilde;o &agrave; Sa&uacute;de da Secretaria Municipal de Sa&uacute;de (SMS) realizaram, hoje (25), uma a&ccedil;&atilde;o educativa de combate &agrave; diabetes. O evento, aberto ao p&uacute;blico, aconteceu na Academia das Cidades e teve como foco o cuidado que diab&eacute;ticos e hipertensos devem ter com a alimenta&ccedil;&atilde;o e pr&aacute;tica de exerc&iacute;cios f&iacute;sicos. Durante a a&ccedil;&atilde;o, mais de 100 pessoas realizaram atividades f&iacute;sicas, verificaram press&atilde;o arterial, fizeram teste de glicemia e participaram de palestras educativas. O evento foi dirigido por uma&hellip; <\/p>\n","protected":false},"author":0,"featured_media":0,"comment_status":"open","ping_status":"open","sticky":false,"template":"","format":"standard","meta":{"_acf_changed":false,"footnotes":""},"categories":[3],"tags":[],"class_list":["post-8759","post","type-post","status-publish","format-standard","hentry","category-entretenimento"],"acf":[],"yoast_head":"<!-- This site is optimized with the Yoast SEO plugin v27.4 - https:\/\/yoast.com\/product\/yoast-seo-wordpress\/ -->\n<title>Mais de 100 pessoas s\u00e3o atendidas em a\u00e7\u00e3o de combate a diabetes em Petrolina - Blog do Farn\u00e9sio<\/title>\n<meta name=\"robots\" content=\"index, follow, max-snippet:-1, max-image-preview:large, max-video-preview:-1\" \/>\n<link rel=\"canonical\" href=\"https:\/\/blogdofarnesio.com.br\/?p=8759\" \/>\n<meta property=\"og:locale\" content=\"pt_BR\" \/>\n<meta property=\"og:type\" content=\"article\" \/>\n<meta property=\"og:title\" content=\"Mais de 100 pessoas s\u00e3o atendidas em a\u00e7\u00e3o de combate a diabetes em Petrolina - Blog do Farn\u00e9sio\" \/>\n<meta property=\"og:description\" content=\"Estimular a preven&ccedil;&atilde;o de doen&ccedil;as e alertar as pessoas sobre a import&acirc;ncia de buscar uma vida saud&aacute;vel s&atilde;o compromissos da gest&atilde;o municipal com a popula&ccedil;&atilde;o de Petrolina. Cumprindo esse papel, o N&uacute;cleo de Apoio &agrave; Sa&uacute;de da Fam&iacute;lia (Nasf) e a Coordena&ccedil;&atilde;o de Promo&ccedil;&atilde;o &agrave; Sa&uacute;de da Secretaria Municipal de Sa&uacute;de (SMS) realizaram, hoje (25), uma a&ccedil;&atilde;o educativa de combate &agrave; diabetes. O evento, aberto ao p&uacute;blico, aconteceu na Academia das Cidades e teve como foco o cuidado que diab&eacute;ticos e hipertensos devem ter com a alimenta&ccedil;&atilde;o e pr&aacute;tica de exerc&iacute;cios f&iacute;sicos. Durante a a&ccedil;&atilde;o, mais de 100 pessoas realizaram atividades f&iacute;sicas, verificaram press&atilde;o arterial, fizeram teste de glicemia e participaram de palestras educativas. O evento foi dirigido por uma&hellip;\" \/>\n<meta property=\"og:url\" content=\"https:\/\/blogdofarnesio.com.br\/?p=8759\" \/>\n<meta property=\"og:site_name\" content=\"Blog do Farn\u00e9sio\" \/>\n<meta property=\"article:publisher\" content=\"https:\/\/www.facebook.com\/BlogQuerSaberPolitica\/\" \/>\n<meta property=\"article:published_time\" content=\"2011-11-27T12:31:02+00:00\" \/>\n<meta property=\"og:image\" content=\"http:\/\/www.quersaberpolitica.com.br\/2016\/wp-content\/uploads\/2012\/12\/blogqspcombateadiabetespetrolina1.jpg\" \/>\n<meta name=\"twitter:card\" content=\"summary_large_image\" \/>\n<meta name=\"twitter:label1\" content=\"Est. tempo de leitura\" \/>\n\t<meta name=\"twitter:data1\" content=\"3 minutos\" \/>\n<script type=\"application\/ld+json\" class=\"yoast-schema-graph\">{\"@context\":\"https:\\\/\\\/schema.org\",\"@graph\":[{\"@type\":\"Article\",\"@id\":\"https:\\\/\\\/blogdofarnesio.com.br\\\/?p=8759#article\",\"isPartOf\":{\"@id\":\"https:\\\/\\\/blogdofarnesio.com.br\\\/?p=8759\"},\"author\":{\"name\":\"\",\"@id\":\"\"},\"headline\":\"Mais de 100 pessoas s\u00e3o atendidas em a\u00e7\u00e3o de combate a diabetes em Petrolina\",\"datePublished\":\"2011-11-27T12:31:02+00:00\",\"mainEntityOfPage\":{\"@id\":\"https:\\\/\\\/blogdofarnesio.com.br\\\/?p=8759\"},\"wordCount\":567,\"commentCount\":0,\"publisher\":{\"@id\":\"https:\\\/\\\/blogdofarnesio.com.br\\\/#organization\"},\"image\":{\"@id\":\"https:\\\/\\\/blogdofarnesio.com.br\\\/?p=8759#primaryimage\"},\"thumbnailUrl\":\"http:\\\/\\\/www.quersaberpolitica.com.br\\\/2016\\\/wp-content\\\/uploads\\\/2012\\\/12\\\/blogqspcombateadiabetespetrolina1.jpg\",\"articleSection\":[\"Entretenimento\"],\"inLanguage\":\"pt-BR\",\"potentialAction\":[{\"@type\":\"CommentAction\",\"name\":\"Comment\",\"target\":[\"https:\\\/\\\/blogdofarnesio.com.br\\\/?p=8759#respond\"]}]},{\"@type\":\"WebPage\",\"@id\":\"https:\\\/\\\/blogdofarnesio.com.br\\\/?p=8759\",\"url\":\"https:\\\/\\\/blogdofarnesio.com.br\\\/?p=8759\",\"name\":\"Mais de 100 pessoas s\u00e3o atendidas em a\u00e7\u00e3o de combate a diabetes em Petrolina - Blog do Farn\u00e9sio\",\"isPartOf\":{\"@id\":\"https:\\\/\\\/blogdofarnesio.com.br\\\/#website\"},\"primaryImageOfPage\":{\"@id\":\"https:\\\/\\\/blogdofarnesio.com.br\\\/?p=8759#primaryimage\"},\"image\":{\"@id\":\"https:\\\/\\\/blogdofarnesio.com.br\\\/?p=8759#primaryimage\"},\"thumbnailUrl\":\"http:\\\/\\\/www.quersaberpolitica.com.br\\\/2016\\\/wp-content\\\/uploads\\\/2012\\\/12\\\/blogqspcombateadiabetespetrolina1.jpg\",\"datePublished\":\"2011-11-27T12:31:02+00:00\",\"breadcrumb\":{\"@id\":\"https:\\\/\\\/blogdofarnesio.com.br\\\/?p=8759#breadcrumb\"},\"inLanguage\":\"pt-BR\",\"potentialAction\":[{\"@type\":\"ReadAction\",\"target\":[\"https:\\\/\\\/blogdofarnesio.com.br\\\/?p=8759\"]}]},{\"@type\":\"ImageObject\",\"inLanguage\":\"pt-BR\",\"@id\":\"https:\\\/\\\/blogdofarnesio.com.br\\\/?p=8759#primaryimage\",\"url\":\"http:\\\/\\\/www.quersaberpolitica.com.br\\\/2016\\\/wp-content\\\/uploads\\\/2012\\\/12\\\/blogqspcombateadiabetespetrolina1.jpg\",\"contentUrl\":\"http:\\\/\\\/www.quersaberpolitica.com.br\\\/2016\\\/wp-content\\\/uploads\\\/2012\\\/12\\\/blogqspcombateadiabetespetrolina1.jpg\"},{\"@type\":\"BreadcrumbList\",\"@id\":\"https:\\\/\\\/blogdofarnesio.com.br\\\/?p=8759#breadcrumb\",\"itemListElement\":[{\"@type\":\"ListItem\",\"position\":1,\"name\":\"In\u00edcio\",\"item\":\"https:\\\/\\\/blogdofarnesio.com.br\\\/\"},{\"@type\":\"ListItem\",\"position\":2,\"name\":\"Mais de 100 pessoas s\u00e3o atendidas em a\u00e7\u00e3o de combate a diabetes em Petrolina\"}]},{\"@type\":\"WebSite\",\"@id\":\"https:\\\/\\\/blogdofarnesio.com.br\\\/#website\",\"url\":\"https:\\\/\\\/blogdofarnesio.com.br\\\/\",\"name\":\"Blog do Farn\u00e9sio\",\"description\":\"Quer Saber Pol\u00edtica?\",\"publisher\":{\"@id\":\"https:\\\/\\\/blogdofarnesio.com.br\\\/#organization\"},\"potentialAction\":[{\"@type\":\"SearchAction\",\"target\":{\"@type\":\"EntryPoint\",\"urlTemplate\":\"https:\\\/\\\/blogdofarnesio.com.br\\\/?s={search_term_string}\"},\"query-input\":{\"@type\":\"PropertyValueSpecification\",\"valueRequired\":true,\"valueName\":\"search_term_string\"}}],\"inLanguage\":\"pt-BR\"},{\"@type\":\"Organization\",\"@id\":\"https:\\\/\\\/blogdofarnesio.com.br\\\/#organization\",\"name\":\"Blog do Farn\u00e9sio\",\"url\":\"https:\\\/\\\/blogdofarnesio.com.br\\\/\",\"logo\":{\"@type\":\"ImageObject\",\"inLanguage\":\"pt-BR\",\"@id\":\"https:\\\/\\\/blogdofarnesio.com.br\\\/#\\\/schema\\\/logo\\\/image\\\/\",\"url\":\"https:\\\/\\\/blogdofarnesio.com.br\\\/wp-content\\\/uploads\\\/2026\\\/03\\\/cropped-logo_new-1.png\",\"contentUrl\":\"https:\\\/\\\/blogdofarnesio.com.br\\\/wp-content\\\/uploads\\\/2026\\\/03\\\/cropped-logo_new-1.png\",\"width\":881,\"height\":685,\"caption\":\"Blog do Farn\u00e9sio\"},\"image\":{\"@id\":\"https:\\\/\\\/blogdofarnesio.com.br\\\/#\\\/schema\\\/logo\\\/image\\\/\"},\"sameAs\":[\"https:\\\/\\\/www.facebook.com\\\/BlogQuerSaberPolitica\\\/\"]}]}<\/script>\n<!-- \/ Yoast SEO plugin. -->","yoast_head_json":{"title":"Mais de 100 pessoas s\u00e3o atendidas em a\u00e7\u00e3o de combate a diabetes em Petrolina - Blog do Farn\u00e9sio","robots":{"index":"index","follow":"follow","max-snippet":"max-snippet:-1","max-image-preview":"max-image-preview:large","max-video-preview":"max-video-preview:-1"},"canonical":"https:\/\/blogdofarnesio.com.br\/?p=8759","og_locale":"pt_BR","og_type":"article","og_title":"Mais de 100 pessoas s\u00e3o atendidas em a\u00e7\u00e3o de combate a diabetes em Petrolina - Blog do Farn\u00e9sio","og_description":"Estimular a preven&ccedil;&atilde;o de doen&ccedil;as e alertar as pessoas sobre a import&acirc;ncia de buscar uma vida saud&aacute;vel s&atilde;o compromissos da gest&atilde;o municipal com a popula&ccedil;&atilde;o de Petrolina. Cumprindo esse papel, o N&uacute;cleo de Apoio &agrave; Sa&uacute;de da Fam&iacute;lia (Nasf) e a Coordena&ccedil;&atilde;o de Promo&ccedil;&atilde;o &agrave; Sa&uacute;de da Secretaria Municipal de Sa&uacute;de (SMS) realizaram, hoje (25), uma a&ccedil;&atilde;o educativa de combate &agrave; diabetes. O evento, aberto ao p&uacute;blico, aconteceu na Academia das Cidades e teve como foco o cuidado que diab&eacute;ticos e hipertensos devem ter com a alimenta&ccedil;&atilde;o e pr&aacute;tica de exerc&iacute;cios f&iacute;sicos. Durante a a&ccedil;&atilde;o, mais de 100 pessoas realizaram atividades f&iacute;sicas, verificaram press&atilde;o arterial, fizeram teste de glicemia e participaram de palestras educativas. O evento foi dirigido por uma&hellip;","og_url":"https:\/\/blogdofarnesio.com.br\/?p=8759","og_site_name":"Blog do Farn\u00e9sio","article_publisher":"https:\/\/www.facebook.com\/BlogQuerSaberPolitica\/","article_published_time":"2011-11-27T12:31:02+00:00","og_image":[{"url":"http:\/\/www.quersaberpolitica.com.br\/2016\/wp-content\/uploads\/2012\/12\/blogqspcombateadiabetespetrolina1.jpg","type":"","width":"","height":""}],"twitter_card":"summary_large_image","twitter_misc":{"Est. tempo de leitura":"3 minutos"},"schema":{"@context":"https:\/\/schema.org","@graph":[{"@type":"Article","@id":"https:\/\/blogdofarnesio.com.br\/?p=8759#article","isPartOf":{"@id":"https:\/\/blogdofarnesio.com.br\/?p=8759"},"author":{"name":"","@id":""},"headline":"Mais de 100 pessoas s\u00e3o atendidas em a\u00e7\u00e3o de combate a diabetes em Petrolina","datePublished":"2011-11-27T12:31:02+00:00","mainEntityOfPage":{"@id":"https:\/\/blogdofarnesio.com.br\/?p=8759"},"wordCount":567,"commentCount":0,"publisher":{"@id":"https:\/\/blogdofarnesio.com.br\/#organization"},"image":{"@id":"https:\/\/blogdofarnesio.com.br\/?p=8759#primaryimage"},"thumbnailUrl":"http:\/\/www.quersaberpolitica.com.br\/2016\/wp-content\/uploads\/2012\/12\/blogqspcombateadiabetespetrolina1.jpg","articleSection":["Entretenimento"],"inLanguage":"pt-BR","potentialAction":[{"@type":"CommentAction","name":"Comment","target":["https:\/\/blogdofarnesio.com.br\/?p=8759#respond"]}]},{"@type":"WebPage","@id":"https:\/\/blogdofarnesio.com.br\/?p=8759","url":"https:\/\/blogdofarnesio.com.br\/?p=8759","name":"Mais de 100 pessoas s\u00e3o atendidas em a\u00e7\u00e3o de combate a diabetes em Petrolina - Blog do Farn\u00e9sio","isPartOf":{"@id":"https:\/\/blogdofarnesio.com.br\/#website"},"primaryImageOfPage":{"@id":"https:\/\/blogdofarnesio.com.br\/?p=8759#primaryimage"},"image":{"@id":"https:\/\/blogdofarnesio.com.br\/?p=8759#primaryimage"},"thumbnailUrl":"http:\/\/www.quersaberpolitica.com.br\/2016\/wp-content\/uploads\/2012\/12\/blogqspcombateadiabetespetrolina1.jpg","datePublished":"2011-11-27T12:31:02+00:00","breadcrumb":{"@id":"https:\/\/blogdofarnesio.com.br\/?p=8759#breadcrumb"},"inLanguage":"pt-BR","potentialAction":[{"@type":"ReadAction","target":["https:\/\/blogdofarnesio.com.br\/?p=8759"]}]},{"@type":"ImageObject","inLanguage":"pt-BR","@id":"https:\/\/blogdofarnesio.com.br\/?p=8759#primaryimage","url":"http:\/\/www.quersaberpolitica.com.br\/2016\/wp-content\/uploads\/2012\/12\/blogqspcombateadiabetespetrolina1.jpg","contentUrl":"http:\/\/www.quersaberpolitica.com.br\/2016\/wp-content\/uploads\/2012\/12\/blogqspcombateadiabetespetrolina1.jpg"},{"@type":"BreadcrumbList","@id":"https:\/\/blogdofarnesio.com.br\/?p=8759#breadcrumb","itemListElement":[{"@type":"ListItem","position":1,"name":"In\u00edcio","item":"https:\/\/blogdofarnesio.com.br\/"},{"@type":"ListItem","position":2,"name":"Mais de 100 pessoas s\u00e3o atendidas em a\u00e7\u00e3o de combate a diabetes em Petrolina"}]},{"@type":"WebSite","@id":"https:\/\/blogdofarnesio.com.br\/#website","url":"https:\/\/blogdofarnesio.com.br\/","name":"Blog do Farn\u00e9sio","description":"Quer Saber Pol\u00edtica?","publisher":{"@id":"https:\/\/blogdofarnesio.com.br\/#organization"},"potentialAction":[{"@type":"SearchAction","target":{"@type":"EntryPoint","urlTemplate":"https:\/\/blogdofarnesio.com.br\/?s={search_term_string}"},"query-input":{"@type":"PropertyValueSpecification","valueRequired":true,"valueName":"search_term_string"}}],"inLanguage":"pt-BR"},{"@type":"Organization","@id":"https:\/\/blogdofarnesio.com.br\/#organization","name":"Blog do Farn\u00e9sio","url":"https:\/\/blogdofarnesio.com.br\/","logo":{"@type":"ImageObject","inLanguage":"pt-BR","@id":"https:\/\/blogdofarnesio.com.br\/#\/schema\/logo\/image\/","url":"https:\/\/blogdofarnesio.com.br\/wp-content\/uploads\/2026\/03\/cropped-logo_new-1.png","contentUrl":"https:\/\/blogdofarnesio.com.br\/wp-content\/uploads\/2026\/03\/cropped-logo_new-1.png","width":881,"height":685,"caption":"Blog do Farn\u00e9sio"},"image":{"@id":"https:\/\/blogdofarnesio.com.br\/#\/schema\/logo\/image\/"},"sameAs":["https:\/\/www.facebook.com\/BlogQuerSaberPolitica\/"]}]}},"_links":{"self":[{"href":"https:\/\/blogdofarnesio.com.br\/index.php?rest_route=\/wp\/v2\/posts\/8759","targetHints":{"allow":["GET"]}}],"collection":[{"href":"https:\/\/blogdofarnesio.com.br\/index.php?rest_route=\/wp\/v2\/posts"}],"about":[{"href":"https:\/\/blogdofarnesio.com.br\/index.php?rest_route=\/wp\/v2\/types\/post"}],"replies":[{"embeddable":true,"href":"https:\/\/blogdofarnesio.com.br\/index.php?rest_route=%2Fwp%2Fv2%2Fcomments&post=8759"}],"version-history":[{"count":0,"href":"https:\/\/blogdofarnesio.com.br\/index.php?rest_route=\/wp\/v2\/posts\/8759\/revisions"}],"wp:attachment":[{"href":"https:\/\/blogdofarnesio.com.br\/index.php?rest_route=%2Fwp%2Fv2%2Fmedia&parent=8759"}],"wp:term":[{"taxonomy":"category","embeddable":true,"href":"https:\/\/blogdofarnesio.com.br\/index.php?rest_route=%2Fwp%2Fv2%2Fcategories&post=8759"},{"taxonomy":"post_tag","embeddable":true,"href":"https:\/\/blogdofarnesio.com.br\/index.php?rest_route=%2Fwp%2Fv2%2Ftags&post=8759"}],"curies":[{"name":"wp","href":"https:\/\/api.w.org\/{rel}","templated":true}]}}