{"id":8758,"date":"2011-11-28T11:31:03","date_gmt":"2011-11-28T11:31:03","guid":{"rendered":"http:\/\/www.quersaberpolitica.com.br?p=8758"},"modified":"-0001-11-30T00:00:00","modified_gmt":"-0001-11-30T03:00:00","slug":"sesc-realiza-com-sucesso-nona-edicao-do-projeto-colmeia","status":"publish","type":"post","link":"https:\/\/blogdofarnesio.com.br\/?p=8758","title":{"rendered":"Sesc realiza com sucesso nona edi\u00e7\u00e3o do Projeto Colmeia"},"content":{"rendered":"<p style=\"text-align: justify;\"><span style=\"font-size: small;\"><a rel=\"lightbox\" href=\"http:\/\/www.quersaberpolitica.com.br\/2016\/wp-content\/uploads\/2012\/12\/blogqspprojetocolmeiasucessopet.jpg\"><img loading=\"lazy\" decoding=\"async\" style=\"float: left; margin-top: 5px; margin-bottom: 5px; margin-left: 10px; margin-right: 10px;\" title=\"Imagem Divulga&ccedil;&atilde;o\" src=\"http:\/\/www.quersaberpolitica.com.br\/2016\/wp-content\/uploads\/2012\/12\/blogqspprojetocolmeiasucessopet.jpg\" alt=\"\" width=\"200\" height=\"133\" \/><\/a>Mais de seis mil pessoas e 15 mil atendimentos movimentaram as depend&ecirc;ncias do Sesc Petrolina e parte da rua Pac&iacute;fico da luz na manh&atilde; desta sexta-feira (25), durante a realiza&ccedil;&atilde;o da nona edi&ccedil;&atilde;o do Projeto Colm&eacute;ia. Considerada a maior feira de sa&uacute;de e cidadania do Vale do S&atilde;o Francisco, o Projeto Colmeia disponibilizou gratuitamente &agrave; popula&ccedil;&atilde;o, das 8h at&eacute; &agrave;s 14h, 49 servi&ccedil;os de sa&uacute;de e cidadania, al&eacute;m da promo&ccedil;&atilde;o de a&ccedil;&otilde;es educativas e preventivas, op&ccedil;&otilde;es esportivas e apresenta&ccedil;&otilde;es culturais.<\/span><\/p>\n<p style=\"text-align: justify;\"><span style=\"font-size: small;\">De acordo com o gerente do Sesc Petrolina, Hednilson Bezerra 25 parceiros, entre entidades governamentais, n&atilde;o governamentais e empresas privadas foram mobilizados para o pleno funcionamento das atividades do projeto. &#8220;Dentre os servi&ccedil;os, foram realizados exames de vista, ultra-sonografia, mamografia, audiometria, testes de colesterol e glicose, consultas m&eacute;dicas com cl&iacute;nicos gerais e pediatra, al&eacute;m da emiss&atilde;o de documentos, servi&ccedil;os de corte de cabelo, avalia&ccedil;&atilde;o e orienta&ccedil;&atilde;o nutricional, avalia&ccedil;&atilde;o postural, massagem, alongamento, distribui&ccedil;&atilde;o de mudas para arboriza&ccedil;&atilde;o urbana e orienta&ccedil;&otilde;es sobre cuidados com o meio ambiente&#8221;, exemplificou Hednilson Bezerra, adiantando tamb&eacute;m que o prop&oacute;sito do Colmeia &eacute; contribuir com a melhoria da qualidade de vida e para o resgate da cidadania da popula&ccedil;&atilde;o.<\/span><\/p>\n<p style=\"text-align: justify;\"><span style=\"font-size: small;\">Participaram da edi&ccedil;&atilde;o 2011 do Projeto Colmeia as entidades: Secretaria municipal de Sa&uacute;de, Minist&eacute;rio do Trabalho, Unimed Vale do S&atilde;o Francisco, UPE, Apami, Hgu Sa&uacute;de, Sesi, Inss, Sest\/Senat, Lions Clube Petrolina Centro, VIII Geres, Funda&ccedil;&atilde;o Banco de Olhos Vale do S&atilde;o Francisco, Epttc, Sebrae, Senac, Corpo de Bombeiros, Sedest, Caixa Econ&ocirc;mica Federal, Univasf, Embrapa Semi&aacute;rido, Pol&iacute;cia Militar, Sanepav e  TV Grande Rio.<\/span><\/p>\n<p style=\"text-align: justify;\"><span style=\"font-size: small;\">(Clas Comunica&ccedil;&atilde;o)<\/span><\/p>\n","protected":false},"excerpt":{"rendered":"<p>Mais de seis mil pessoas e 15 mil atendimentos movimentaram as depend&ecirc;ncias do Sesc Petrolina e parte da rua Pac&iacute;fico da luz na manh&atilde; desta sexta-feira (25), durante a realiza&ccedil;&atilde;o da nona edi&ccedil;&atilde;o do Projeto Colm&eacute;ia. Considerada a maior feira de sa&uacute;de e cidadania do Vale do S&atilde;o Francisco, o Projeto Colmeia disponibilizou gratuitamente &agrave; popula&ccedil;&atilde;o, das 8h at&eacute; &agrave;s 14h, 49 servi&ccedil;os de sa&uacute;de e cidadania, al&eacute;m da promo&ccedil;&atilde;o de a&ccedil;&otilde;es educativas e preventivas, op&ccedil;&otilde;es esportivas e apresenta&ccedil;&otilde;es culturais. De acordo com o gerente do Sesc Petrolina, Hednilson Bezerra 25 parceiros, entre entidades governamentais, n&atilde;o governamentais e empresas privadas foram mobilizados para o pleno funcionamento das atividades do projeto. &#8220;Dentre os servi&ccedil;os, foram realizados exames de vista, ultra-sonografia, mamografia,&hellip; <\/p>\n","protected":false},"author":0,"featured_media":0,"comment_status":"open","ping_status":"open","sticky":false,"template":"","format":"standard","meta":{"_acf_changed":false,"footnotes":""},"categories":[22],"tags":[],"class_list":["post-8758","post","type-post","status-publish","format-standard","hentry","category-acao-social"],"acf":[],"yoast_head":"<!-- This site is optimized with the Yoast SEO plugin v27.4 - https:\/\/yoast.com\/product\/yoast-seo-wordpress\/ -->\n<title>Sesc realiza com sucesso nona edi\u00e7\u00e3o do Projeto Colmeia - Blog do Farn\u00e9sio<\/title>\n<meta name=\"robots\" content=\"index, follow, max-snippet:-1, max-image-preview:large, max-video-preview:-1\" \/>\n<link rel=\"canonical\" href=\"https:\/\/blogdofarnesio.com.br\/?p=8758\" \/>\n<meta property=\"og:locale\" content=\"pt_BR\" \/>\n<meta property=\"og:type\" content=\"article\" \/>\n<meta property=\"og:title\" content=\"Sesc realiza com sucesso nona edi\u00e7\u00e3o do Projeto Colmeia - Blog do Farn\u00e9sio\" \/>\n<meta property=\"og:description\" content=\"Mais de seis mil pessoas e 15 mil atendimentos movimentaram as depend&ecirc;ncias do Sesc Petrolina e parte da rua Pac&iacute;fico da luz na manh&atilde; desta sexta-feira (25), durante a realiza&ccedil;&atilde;o da nona edi&ccedil;&atilde;o do Projeto Colm&eacute;ia. Considerada a maior feira de sa&uacute;de e cidadania do Vale do S&atilde;o Francisco, o Projeto Colmeia disponibilizou gratuitamente &agrave; popula&ccedil;&atilde;o, das 8h at&eacute; &agrave;s 14h, 49 servi&ccedil;os de sa&uacute;de e cidadania, al&eacute;m da promo&ccedil;&atilde;o de a&ccedil;&otilde;es educativas e preventivas, op&ccedil;&otilde;es esportivas e apresenta&ccedil;&otilde;es culturais. De acordo com o gerente do Sesc Petrolina, Hednilson Bezerra 25 parceiros, entre entidades governamentais, n&atilde;o governamentais e empresas privadas foram mobilizados para o pleno funcionamento das atividades do projeto. &#8220;Dentre os servi&ccedil;os, foram realizados exames de vista, ultra-sonografia, mamografia,&hellip;\" \/>\n<meta property=\"og:url\" content=\"https:\/\/blogdofarnesio.com.br\/?p=8758\" \/>\n<meta property=\"og:site_name\" content=\"Blog do Farn\u00e9sio\" \/>\n<meta property=\"article:publisher\" content=\"https:\/\/www.facebook.com\/BlogQuerSaberPolitica\/\" \/>\n<meta property=\"article:published_time\" content=\"2011-11-28T11:31:03+00:00\" \/>\n<meta property=\"og:image\" content=\"http:\/\/www.quersaberpolitica.com.br\/2016\/wp-content\/uploads\/2012\/12\/blogqspprojetocolmeiasucessopet.jpg\" \/>\n<meta name=\"twitter:card\" content=\"summary_large_image\" \/>\n<meta name=\"twitter:label1\" content=\"Est. tempo de leitura\" \/>\n\t<meta name=\"twitter:data1\" content=\"2 minutos\" \/>\n<script type=\"application\/ld+json\" class=\"yoast-schema-graph\">{\"@context\":\"https:\\\/\\\/schema.org\",\"@graph\":[{\"@type\":\"Article\",\"@id\":\"https:\\\/\\\/blogdofarnesio.com.br\\\/?p=8758#article\",\"isPartOf\":{\"@id\":\"https:\\\/\\\/blogdofarnesio.com.br\\\/?p=8758\"},\"author\":{\"name\":\"\",\"@id\":\"\"},\"headline\":\"Sesc realiza com sucesso nona edi\u00e7\u00e3o do Projeto Colmeia\",\"datePublished\":\"2011-11-28T11:31:03+00:00\",\"mainEntityOfPage\":{\"@id\":\"https:\\\/\\\/blogdofarnesio.com.br\\\/?p=8758\"},\"wordCount\":366,\"commentCount\":0,\"publisher\":{\"@id\":\"https:\\\/\\\/blogdofarnesio.com.br\\\/#organization\"},\"image\":{\"@id\":\"https:\\\/\\\/blogdofarnesio.com.br\\\/?p=8758#primaryimage\"},\"thumbnailUrl\":\"http:\\\/\\\/www.quersaberpolitica.com.br\\\/2016\\\/wp-content\\\/uploads\\\/2012\\\/12\\\/blogqspprojetocolmeiasucessopet.jpg\",\"articleSection\":[\"A\u00e7\u00e3o Social\"],\"inLanguage\":\"pt-BR\",\"potentialAction\":[{\"@type\":\"CommentAction\",\"name\":\"Comment\",\"target\":[\"https:\\\/\\\/blogdofarnesio.com.br\\\/?p=8758#respond\"]}]},{\"@type\":\"WebPage\",\"@id\":\"https:\\\/\\\/blogdofarnesio.com.br\\\/?p=8758\",\"url\":\"https:\\\/\\\/blogdofarnesio.com.br\\\/?p=8758\",\"name\":\"Sesc realiza com sucesso nona edi\u00e7\u00e3o do Projeto Colmeia - Blog do Farn\u00e9sio\",\"isPartOf\":{\"@id\":\"https:\\\/\\\/blogdofarnesio.com.br\\\/#website\"},\"primaryImageOfPage\":{\"@id\":\"https:\\\/\\\/blogdofarnesio.com.br\\\/?p=8758#primaryimage\"},\"image\":{\"@id\":\"https:\\\/\\\/blogdofarnesio.com.br\\\/?p=8758#primaryimage\"},\"thumbnailUrl\":\"http:\\\/\\\/www.quersaberpolitica.com.br\\\/2016\\\/wp-content\\\/uploads\\\/2012\\\/12\\\/blogqspprojetocolmeiasucessopet.jpg\",\"datePublished\":\"2011-11-28T11:31:03+00:00\",\"breadcrumb\":{\"@id\":\"https:\\\/\\\/blogdofarnesio.com.br\\\/?p=8758#breadcrumb\"},\"inLanguage\":\"pt-BR\",\"potentialAction\":[{\"@type\":\"ReadAction\",\"target\":[\"https:\\\/\\\/blogdofarnesio.com.br\\\/?p=8758\"]}]},{\"@type\":\"ImageObject\",\"inLanguage\":\"pt-BR\",\"@id\":\"https:\\\/\\\/blogdofarnesio.com.br\\\/?p=8758#primaryimage\",\"url\":\"http:\\\/\\\/www.quersaberpolitica.com.br\\\/2016\\\/wp-content\\\/uploads\\\/2012\\\/12\\\/blogqspprojetocolmeiasucessopet.jpg\",\"contentUrl\":\"http:\\\/\\\/www.quersaberpolitica.com.br\\\/2016\\\/wp-content\\\/uploads\\\/2012\\\/12\\\/blogqspprojetocolmeiasucessopet.jpg\"},{\"@type\":\"BreadcrumbList\",\"@id\":\"https:\\\/\\\/blogdofarnesio.com.br\\\/?p=8758#breadcrumb\",\"itemListElement\":[{\"@type\":\"ListItem\",\"position\":1,\"name\":\"In\u00edcio\",\"item\":\"https:\\\/\\\/blogdofarnesio.com.br\\\/\"},{\"@type\":\"ListItem\",\"position\":2,\"name\":\"Sesc realiza com sucesso nona edi\u00e7\u00e3o do Projeto Colmeia\"}]},{\"@type\":\"WebSite\",\"@id\":\"https:\\\/\\\/blogdofarnesio.com.br\\\/#website\",\"url\":\"https:\\\/\\\/blogdofarnesio.com.br\\\/\",\"name\":\"Blog do Farn\u00e9sio\",\"description\":\"Quer Saber Pol\u00edtica?\",\"publisher\":{\"@id\":\"https:\\\/\\\/blogdofarnesio.com.br\\\/#organization\"},\"potentialAction\":[{\"@type\":\"SearchAction\",\"target\":{\"@type\":\"EntryPoint\",\"urlTemplate\":\"https:\\\/\\\/blogdofarnesio.com.br\\\/?s={search_term_string}\"},\"query-input\":{\"@type\":\"PropertyValueSpecification\",\"valueRequired\":true,\"valueName\":\"search_term_string\"}}],\"inLanguage\":\"pt-BR\"},{\"@type\":\"Organization\",\"@id\":\"https:\\\/\\\/blogdofarnesio.com.br\\\/#organization\",\"name\":\"Blog do Farn\u00e9sio\",\"url\":\"https:\\\/\\\/blogdofarnesio.com.br\\\/\",\"logo\":{\"@type\":\"ImageObject\",\"inLanguage\":\"pt-BR\",\"@id\":\"https:\\\/\\\/blogdofarnesio.com.br\\\/#\\\/schema\\\/logo\\\/image\\\/\",\"url\":\"https:\\\/\\\/blogdofarnesio.com.br\\\/wp-content\\\/uploads\\\/2026\\\/03\\\/cropped-logo_new-1.png\",\"contentUrl\":\"https:\\\/\\\/blogdofarnesio.com.br\\\/wp-content\\\/uploads\\\/2026\\\/03\\\/cropped-logo_new-1.png\",\"width\":881,\"height\":685,\"caption\":\"Blog do Farn\u00e9sio\"},\"image\":{\"@id\":\"https:\\\/\\\/blogdofarnesio.com.br\\\/#\\\/schema\\\/logo\\\/image\\\/\"},\"sameAs\":[\"https:\\\/\\\/www.facebook.com\\\/BlogQuerSaberPolitica\\\/\"]}]}<\/script>\n<!-- \/ Yoast SEO plugin. -->","yoast_head_json":{"title":"Sesc realiza com sucesso nona edi\u00e7\u00e3o do Projeto Colmeia - Blog do Farn\u00e9sio","robots":{"index":"index","follow":"follow","max-snippet":"max-snippet:-1","max-image-preview":"max-image-preview:large","max-video-preview":"max-video-preview:-1"},"canonical":"https:\/\/blogdofarnesio.com.br\/?p=8758","og_locale":"pt_BR","og_type":"article","og_title":"Sesc realiza com sucesso nona edi\u00e7\u00e3o do Projeto Colmeia - Blog do Farn\u00e9sio","og_description":"Mais de seis mil pessoas e 15 mil atendimentos movimentaram as depend&ecirc;ncias do Sesc Petrolina e parte da rua Pac&iacute;fico da luz na manh&atilde; desta sexta-feira (25), durante a realiza&ccedil;&atilde;o da nona edi&ccedil;&atilde;o do Projeto Colm&eacute;ia. Considerada a maior feira de sa&uacute;de e cidadania do Vale do S&atilde;o Francisco, o Projeto Colmeia disponibilizou gratuitamente &agrave; popula&ccedil;&atilde;o, das 8h at&eacute; &agrave;s 14h, 49 servi&ccedil;os de sa&uacute;de e cidadania, al&eacute;m da promo&ccedil;&atilde;o de a&ccedil;&otilde;es educativas e preventivas, op&ccedil;&otilde;es esportivas e apresenta&ccedil;&otilde;es culturais. De acordo com o gerente do Sesc Petrolina, Hednilson Bezerra 25 parceiros, entre entidades governamentais, n&atilde;o governamentais e empresas privadas foram mobilizados para o pleno funcionamento das atividades do projeto. &#8220;Dentre os servi&ccedil;os, foram realizados exames de vista, ultra-sonografia, mamografia,&hellip;","og_url":"https:\/\/blogdofarnesio.com.br\/?p=8758","og_site_name":"Blog do Farn\u00e9sio","article_publisher":"https:\/\/www.facebook.com\/BlogQuerSaberPolitica\/","article_published_time":"2011-11-28T11:31:03+00:00","og_image":[{"url":"http:\/\/www.quersaberpolitica.com.br\/2016\/wp-content\/uploads\/2012\/12\/blogqspprojetocolmeiasucessopet.jpg","type":"","width":"","height":""}],"twitter_card":"summary_large_image","twitter_misc":{"Est. tempo de leitura":"2 minutos"},"schema":{"@context":"https:\/\/schema.org","@graph":[{"@type":"Article","@id":"https:\/\/blogdofarnesio.com.br\/?p=8758#article","isPartOf":{"@id":"https:\/\/blogdofarnesio.com.br\/?p=8758"},"author":{"name":"","@id":""},"headline":"Sesc realiza com sucesso nona edi\u00e7\u00e3o do Projeto Colmeia","datePublished":"2011-11-28T11:31:03+00:00","mainEntityOfPage":{"@id":"https:\/\/blogdofarnesio.com.br\/?p=8758"},"wordCount":366,"commentCount":0,"publisher":{"@id":"https:\/\/blogdofarnesio.com.br\/#organization"},"image":{"@id":"https:\/\/blogdofarnesio.com.br\/?p=8758#primaryimage"},"thumbnailUrl":"http:\/\/www.quersaberpolitica.com.br\/2016\/wp-content\/uploads\/2012\/12\/blogqspprojetocolmeiasucessopet.jpg","articleSection":["A\u00e7\u00e3o Social"],"inLanguage":"pt-BR","potentialAction":[{"@type":"CommentAction","name":"Comment","target":["https:\/\/blogdofarnesio.com.br\/?p=8758#respond"]}]},{"@type":"WebPage","@id":"https:\/\/blogdofarnesio.com.br\/?p=8758","url":"https:\/\/blogdofarnesio.com.br\/?p=8758","name":"Sesc realiza com sucesso nona edi\u00e7\u00e3o do Projeto Colmeia - Blog do Farn\u00e9sio","isPartOf":{"@id":"https:\/\/blogdofarnesio.com.br\/#website"},"primaryImageOfPage":{"@id":"https:\/\/blogdofarnesio.com.br\/?p=8758#primaryimage"},"image":{"@id":"https:\/\/blogdofarnesio.com.br\/?p=8758#primaryimage"},"thumbnailUrl":"http:\/\/www.quersaberpolitica.com.br\/2016\/wp-content\/uploads\/2012\/12\/blogqspprojetocolmeiasucessopet.jpg","datePublished":"2011-11-28T11:31:03+00:00","breadcrumb":{"@id":"https:\/\/blogdofarnesio.com.br\/?p=8758#breadcrumb"},"inLanguage":"pt-BR","potentialAction":[{"@type":"ReadAction","target":["https:\/\/blogdofarnesio.com.br\/?p=8758"]}]},{"@type":"ImageObject","inLanguage":"pt-BR","@id":"https:\/\/blogdofarnesio.com.br\/?p=8758#primaryimage","url":"http:\/\/www.quersaberpolitica.com.br\/2016\/wp-content\/uploads\/2012\/12\/blogqspprojetocolmeiasucessopet.jpg","contentUrl":"http:\/\/www.quersaberpolitica.com.br\/2016\/wp-content\/uploads\/2012\/12\/blogqspprojetocolmeiasucessopet.jpg"},{"@type":"BreadcrumbList","@id":"https:\/\/blogdofarnesio.com.br\/?p=8758#breadcrumb","itemListElement":[{"@type":"ListItem","position":1,"name":"In\u00edcio","item":"https:\/\/blogdofarnesio.com.br\/"},{"@type":"ListItem","position":2,"name":"Sesc realiza com sucesso nona edi\u00e7\u00e3o do Projeto Colmeia"}]},{"@type":"WebSite","@id":"https:\/\/blogdofarnesio.com.br\/#website","url":"https:\/\/blogdofarnesio.com.br\/","name":"Blog do Farn\u00e9sio","description":"Quer Saber Pol\u00edtica?","publisher":{"@id":"https:\/\/blogdofarnesio.com.br\/#organization"},"potentialAction":[{"@type":"SearchAction","target":{"@type":"EntryPoint","urlTemplate":"https:\/\/blogdofarnesio.com.br\/?s={search_term_string}"},"query-input":{"@type":"PropertyValueSpecification","valueRequired":true,"valueName":"search_term_string"}}],"inLanguage":"pt-BR"},{"@type":"Organization","@id":"https:\/\/blogdofarnesio.com.br\/#organization","name":"Blog do Farn\u00e9sio","url":"https:\/\/blogdofarnesio.com.br\/","logo":{"@type":"ImageObject","inLanguage":"pt-BR","@id":"https:\/\/blogdofarnesio.com.br\/#\/schema\/logo\/image\/","url":"https:\/\/blogdofarnesio.com.br\/wp-content\/uploads\/2026\/03\/cropped-logo_new-1.png","contentUrl":"https:\/\/blogdofarnesio.com.br\/wp-content\/uploads\/2026\/03\/cropped-logo_new-1.png","width":881,"height":685,"caption":"Blog do Farn\u00e9sio"},"image":{"@id":"https:\/\/blogdofarnesio.com.br\/#\/schema\/logo\/image\/"},"sameAs":["https:\/\/www.facebook.com\/BlogQuerSaberPolitica\/"]}]}},"_links":{"self":[{"href":"https:\/\/blogdofarnesio.com.br\/index.php?rest_route=\/wp\/v2\/posts\/8758","targetHints":{"allow":["GET"]}}],"collection":[{"href":"https:\/\/blogdofarnesio.com.br\/index.php?rest_route=\/wp\/v2\/posts"}],"about":[{"href":"https:\/\/blogdofarnesio.com.br\/index.php?rest_route=\/wp\/v2\/types\/post"}],"replies":[{"embeddable":true,"href":"https:\/\/blogdofarnesio.com.br\/index.php?rest_route=%2Fwp%2Fv2%2Fcomments&post=8758"}],"version-history":[{"count":0,"href":"https:\/\/blogdofarnesio.com.br\/index.php?rest_route=\/wp\/v2\/posts\/8758\/revisions"}],"wp:attachment":[{"href":"https:\/\/blogdofarnesio.com.br\/index.php?rest_route=%2Fwp%2Fv2%2Fmedia&parent=8758"}],"wp:term":[{"taxonomy":"category","embeddable":true,"href":"https:\/\/blogdofarnesio.com.br\/index.php?rest_route=%2Fwp%2Fv2%2Fcategories&post=8758"},{"taxonomy":"post_tag","embeddable":true,"href":"https:\/\/blogdofarnesio.com.br\/index.php?rest_route=%2Fwp%2Fv2%2Ftags&post=8758"}],"curies":[{"name":"wp","href":"https:\/\/api.w.org\/{rel}","templated":true}]}}