{"id":87320,"date":"2014-06-13T09:01:26","date_gmt":"2014-06-13T12:01:26","guid":{"rendered":"http:\/\/www.quersaberpolitica.com.br\/?p=87320"},"modified":"2014-06-12T21:12:38","modified_gmt":"2014-06-13T00:12:38","slug":"petrolina-atinge-meta-proposta-pelo-ministerio-da-saude-e-vacina-80-de-meninas-contra-o-hpv","status":"publish","type":"post","link":"https:\/\/blogdofarnesio.com.br\/?p=87320","title":{"rendered":"PETROLINA ATINGE META PROPOSTA PELO MINIST\u00c9RIO DA SA\u00daDE E VACINA 80% DE MENINAS CONTRA O HPV"},"content":{"rendered":"<p style=\"text-align: justify\"><a href=\"http:\/\/www.quersaberpolitica.com.br\/2016\/wp-content\/uploads\/2014\/06\/unnamed170.jpg\"><img loading=\"lazy\" decoding=\"async\" class=\" wp-image-87321 alignleft\" alt=\"unnamed\" src=\"http:\/\/www.quersaberpolitica.com.br\/2016\/wp-content\/uploads\/2014\/06\/unnamed170.jpg\" width=\"302\" height=\"403\" srcset=\"https:\/\/blogdofarnesio.com.br\/wp-content\/uploads\/2014\/06\/unnamed170.jpg 336w, https:\/\/blogdofarnesio.com.br\/wp-content\/uploads\/2014\/06\/unnamed170-224x300.jpg 224w\" sizes=\"auto, (max-width: 302px) 100vw, 302px\" \/><\/a>Ap\u00f3s tr\u00eas meses de introdu\u00e7\u00e3o da vacina contra\u00a0papiloma v\u00edrus humano (HPV)\u00a0\u00a0pelo\u00a0Sistema \u00danico de Sa\u00fade (SUS), a Secretaria Municipal de Sa\u00fade de Petrolina atingiu a meta de vacinar 80% das meninas entre 11 e 13 anos imunizando 7.002 adolescentes, 80,07% do p\u00fablico alvo.<\/p>\n<p style=\"text-align: justify\">O esquema de vacina\u00e7\u00e3o\u00a0\u00e9 composto por tr\u00eas doses: a segunda ser\u00e1 aplicada com intervalo de seis meses e a terceira, de refor\u00e7o, cinco anos ap\u00f3s a primeira dose.\u00a0\u201cAinda temos vacina nas unidades de sa\u00fade e aquelas meninas que est\u00e3o na faixa et\u00e1ria\u00a0e ainda n\u00e3o se protegeram devem se vacinar\u201d, explicou a coordenadora do Programa Nacional de Imuniza\u00e7\u00e3o (PNI), Jeane Moraes.<!--more--><\/p>\n<p style=\"text-align: justify\">Utilizada na preven\u00e7\u00e3o do c\u00e2ncer de colo de \u00fatero, a vacina contra o\u00a0HPV\u00a0passou a ser ofertada este ano gratuitamente \u00a0na rede p\u00fablica de sa\u00fade para meninas de 11 a 13 anos. \u201cA vacina\u00a0fornecida pelo SUS\u00a0\u00e9 a quadrivalente, que previne contra quatro tipos de\u00a0HPV\u00a0(6, 11, 16 e 18). O v\u00edrus\u00a0HPV\u00a0\u00e9 tido como o respons\u00e1vel por 90% dos casos de c\u00e2ncer de colo de \u00fatero\u201d, informou a coordenadora.<\/p>\n<p style=\"text-align: justify\">As Unidades de Sa\u00fade funcionam de segunda a sexta-feira das 7h \u00e0s 14h, zona rural, j\u00e1 na zona urbana, as unidades funcionam de 8h \u00e0s 17h. Lembrando que durante os dias que tiverem jogos do Brasil todas as unidades fecham \u00e0s 14h.<\/p>\n","protected":false},"excerpt":{"rendered":"<p>Ap\u00f3s tr\u00eas meses de introdu\u00e7\u00e3o da vacina contra\u00a0papiloma v\u00edrus humano (HPV)\u00a0\u00a0pelo\u00a0Sistema \u00danico de Sa\u00fade (SUS), a Secretaria Municipal de Sa\u00fade de Petrolina atingiu a meta de vacinar 80% das meninas entre 11 e 13 anos imunizando 7.002 adolescentes, 80,07% do p\u00fablico alvo. O esquema de vacina\u00e7\u00e3o\u00a0\u00e9 composto por tr\u00eas doses: a segunda ser\u00e1 aplicada com intervalo de seis meses e a terceira, de refor\u00e7o, cinco anos ap\u00f3s a primeira dose.\u00a0\u201cAinda temos vacina nas unidades de sa\u00fade e aquelas meninas que est\u00e3o na faixa et\u00e1ria\u00a0e ainda n\u00e3o se protegeram devem se vacinar\u201d, explicou a coordenadora do Programa Nacional de Imuniza\u00e7\u00e3o (PNI), Jeane Moraes.<\/p>\n","protected":false},"author":3,"featured_media":0,"comment_status":"open","ping_status":"open","sticky":false,"template":"","format":"standard","meta":{"_acf_changed":false,"footnotes":""},"categories":[4],"tags":[],"class_list":["post-87320","post","type-post","status-publish","format-standard","hentry","category-saude"],"acf":[],"yoast_head":"<!-- This site is optimized with the Yoast SEO plugin v27.4 - https:\/\/yoast.com\/product\/yoast-seo-wordpress\/ -->\n<title>PETROLINA ATINGE META PROPOSTA PELO MINIST\u00c9RIO DA SA\u00daDE E VACINA 80% DE MENINAS CONTRA O HPV - Blog do Farn\u00e9sio<\/title>\n<meta name=\"robots\" content=\"index, follow, max-snippet:-1, max-image-preview:large, max-video-preview:-1\" \/>\n<link rel=\"canonical\" href=\"https:\/\/blogdofarnesio.com.br\/?p=87320\" \/>\n<meta property=\"og:locale\" content=\"pt_BR\" \/>\n<meta property=\"og:type\" content=\"article\" \/>\n<meta property=\"og:title\" content=\"PETROLINA ATINGE META PROPOSTA PELO MINIST\u00c9RIO DA SA\u00daDE E VACINA 80% DE MENINAS CONTRA O HPV - Blog do Farn\u00e9sio\" \/>\n<meta property=\"og:description\" content=\"Ap\u00f3s tr\u00eas meses de introdu\u00e7\u00e3o da vacina contra\u00a0papiloma v\u00edrus humano (HPV)\u00a0\u00a0pelo\u00a0Sistema \u00danico de Sa\u00fade (SUS), a Secretaria Municipal de Sa\u00fade de Petrolina atingiu a meta de vacinar 80% das meninas entre 11 e 13 anos imunizando 7.002 adolescentes, 80,07% do p\u00fablico alvo. O esquema de vacina\u00e7\u00e3o\u00a0\u00e9 composto por tr\u00eas doses: a segunda ser\u00e1 aplicada com intervalo de seis meses e a terceira, de refor\u00e7o, cinco anos ap\u00f3s a primeira dose.\u00a0\u201cAinda temos vacina nas unidades de sa\u00fade e aquelas meninas que est\u00e3o na faixa et\u00e1ria\u00a0e ainda n\u00e3o se protegeram devem se vacinar\u201d, explicou a coordenadora do Programa Nacional de Imuniza\u00e7\u00e3o (PNI), Jeane Moraes.\" \/>\n<meta property=\"og:url\" content=\"https:\/\/blogdofarnesio.com.br\/?p=87320\" \/>\n<meta property=\"og:site_name\" content=\"Blog do Farn\u00e9sio\" \/>\n<meta property=\"article:publisher\" content=\"https:\/\/www.facebook.com\/BlogQuerSaberPolitica\/\" \/>\n<meta property=\"article:published_time\" content=\"2014-06-13T12:01:26+00:00\" \/>\n<meta property=\"og:image\" content=\"http:\/\/www.quersaberpolitica.com.br\/2016\/wp-content\/uploads\/2014\/06\/unnamed170.jpg\" \/>\n<meta name=\"author\" content=\"teste\" \/>\n<meta name=\"twitter:card\" content=\"summary_large_image\" \/>\n<meta name=\"twitter:label1\" content=\"Escrito por\" \/>\n\t<meta name=\"twitter:data1\" content=\"teste\" \/>\n\t<meta name=\"twitter:label2\" content=\"Est. tempo de leitura\" \/>\n\t<meta name=\"twitter:data2\" content=\"1 minuto\" \/>\n<script type=\"application\/ld+json\" class=\"yoast-schema-graph\">{\"@context\":\"https:\\\/\\\/schema.org\",\"@graph\":[{\"@type\":\"Article\",\"@id\":\"https:\\\/\\\/blogdofarnesio.com.br\\\/?p=87320#article\",\"isPartOf\":{\"@id\":\"https:\\\/\\\/blogdofarnesio.com.br\\\/?p=87320\"},\"author\":{\"name\":\"teste\",\"@id\":\"https:\\\/\\\/blogdofarnesio.com.br\\\/#\\\/schema\\\/person\\\/dd1bf5eba40b687199ba45ca6b97dff9\"},\"headline\":\"PETROLINA ATINGE META PROPOSTA PELO MINIST\u00c9RIO DA SA\u00daDE E VACINA 80% DE MENINAS CONTRA O HPV\",\"datePublished\":\"2014-06-13T12:01:26+00:00\",\"mainEntityOfPage\":{\"@id\":\"https:\\\/\\\/blogdofarnesio.com.br\\\/?p=87320\"},\"wordCount\":250,\"commentCount\":0,\"publisher\":{\"@id\":\"https:\\\/\\\/blogdofarnesio.com.br\\\/#organization\"},\"image\":{\"@id\":\"https:\\\/\\\/blogdofarnesio.com.br\\\/?p=87320#primaryimage\"},\"thumbnailUrl\":\"http:\\\/\\\/www.quersaberpolitica.com.br\\\/2016\\\/wp-content\\\/uploads\\\/2014\\\/06\\\/unnamed170.jpg\",\"articleSection\":[\"Sa\u00fade\"],\"inLanguage\":\"pt-BR\",\"potentialAction\":[{\"@type\":\"CommentAction\",\"name\":\"Comment\",\"target\":[\"https:\\\/\\\/blogdofarnesio.com.br\\\/?p=87320#respond\"]}]},{\"@type\":\"WebPage\",\"@id\":\"https:\\\/\\\/blogdofarnesio.com.br\\\/?p=87320\",\"url\":\"https:\\\/\\\/blogdofarnesio.com.br\\\/?p=87320\",\"name\":\"PETROLINA ATINGE META PROPOSTA PELO MINIST\u00c9RIO DA SA\u00daDE E VACINA 80% DE MENINAS CONTRA O HPV - Blog do Farn\u00e9sio\",\"isPartOf\":{\"@id\":\"https:\\\/\\\/blogdofarnesio.com.br\\\/#website\"},\"primaryImageOfPage\":{\"@id\":\"https:\\\/\\\/blogdofarnesio.com.br\\\/?p=87320#primaryimage\"},\"image\":{\"@id\":\"https:\\\/\\\/blogdofarnesio.com.br\\\/?p=87320#primaryimage\"},\"thumbnailUrl\":\"http:\\\/\\\/www.quersaberpolitica.com.br\\\/2016\\\/wp-content\\\/uploads\\\/2014\\\/06\\\/unnamed170.jpg\",\"datePublished\":\"2014-06-13T12:01:26+00:00\",\"breadcrumb\":{\"@id\":\"https:\\\/\\\/blogdofarnesio.com.br\\\/?p=87320#breadcrumb\"},\"inLanguage\":\"pt-BR\",\"potentialAction\":[{\"@type\":\"ReadAction\",\"target\":[\"https:\\\/\\\/blogdofarnesio.com.br\\\/?p=87320\"]}]},{\"@type\":\"ImageObject\",\"inLanguage\":\"pt-BR\",\"@id\":\"https:\\\/\\\/blogdofarnesio.com.br\\\/?p=87320#primaryimage\",\"url\":\"http:\\\/\\\/www.quersaberpolitica.com.br\\\/2016\\\/wp-content\\\/uploads\\\/2014\\\/06\\\/unnamed170.jpg\",\"contentUrl\":\"http:\\\/\\\/www.quersaberpolitica.com.br\\\/2016\\\/wp-content\\\/uploads\\\/2014\\\/06\\\/unnamed170.jpg\"},{\"@type\":\"BreadcrumbList\",\"@id\":\"https:\\\/\\\/blogdofarnesio.com.br\\\/?p=87320#breadcrumb\",\"itemListElement\":[{\"@type\":\"ListItem\",\"position\":1,\"name\":\"In\u00edcio\",\"item\":\"https:\\\/\\\/blogdofarnesio.com.br\\\/\"},{\"@type\":\"ListItem\",\"position\":2,\"name\":\"PETROLINA ATINGE META PROPOSTA PELO MINIST\u00c9RIO DA SA\u00daDE E VACINA 80% DE MENINAS CONTRA O HPV\"}]},{\"@type\":\"WebSite\",\"@id\":\"https:\\\/\\\/blogdofarnesio.com.br\\\/#website\",\"url\":\"https:\\\/\\\/blogdofarnesio.com.br\\\/\",\"name\":\"Blog do Farn\u00e9sio\",\"description\":\"Quer Saber Pol\u00edtica?\",\"publisher\":{\"@id\":\"https:\\\/\\\/blogdofarnesio.com.br\\\/#organization\"},\"potentialAction\":[{\"@type\":\"SearchAction\",\"target\":{\"@type\":\"EntryPoint\",\"urlTemplate\":\"https:\\\/\\\/blogdofarnesio.com.br\\\/?s={search_term_string}\"},\"query-input\":{\"@type\":\"PropertyValueSpecification\",\"valueRequired\":true,\"valueName\":\"search_term_string\"}}],\"inLanguage\":\"pt-BR\"},{\"@type\":\"Organization\",\"@id\":\"https:\\\/\\\/blogdofarnesio.com.br\\\/#organization\",\"name\":\"Blog do Farn\u00e9sio\",\"url\":\"https:\\\/\\\/blogdofarnesio.com.br\\\/\",\"logo\":{\"@type\":\"ImageObject\",\"inLanguage\":\"pt-BR\",\"@id\":\"https:\\\/\\\/blogdofarnesio.com.br\\\/#\\\/schema\\\/logo\\\/image\\\/\",\"url\":\"https:\\\/\\\/blogdofarnesio.com.br\\\/wp-content\\\/uploads\\\/2026\\\/03\\\/cropped-logo_new-1.png\",\"contentUrl\":\"https:\\\/\\\/blogdofarnesio.com.br\\\/wp-content\\\/uploads\\\/2026\\\/03\\\/cropped-logo_new-1.png\",\"width\":881,\"height\":685,\"caption\":\"Blog do Farn\u00e9sio\"},\"image\":{\"@id\":\"https:\\\/\\\/blogdofarnesio.com.br\\\/#\\\/schema\\\/logo\\\/image\\\/\"},\"sameAs\":[\"https:\\\/\\\/www.facebook.com\\\/BlogQuerSaberPolitica\\\/\"]},{\"@type\":\"Person\",\"@id\":\"https:\\\/\\\/blogdofarnesio.com.br\\\/#\\\/schema\\\/person\\\/dd1bf5eba40b687199ba45ca6b97dff9\",\"name\":\"teste\",\"image\":{\"@type\":\"ImageObject\",\"inLanguage\":\"pt-BR\",\"@id\":\"https:\\\/\\\/secure.gravatar.com\\\/avatar\\\/2172498d4914b51e1d89a0f97957b035ac4938723a5cac208135d389b6972a6d?s=96&d=mm&r=g\",\"url\":\"https:\\\/\\\/secure.gravatar.com\\\/avatar\\\/2172498d4914b51e1d89a0f97957b035ac4938723a5cac208135d389b6972a6d?s=96&d=mm&r=g\",\"contentUrl\":\"https:\\\/\\\/secure.gravatar.com\\\/avatar\\\/2172498d4914b51e1d89a0f97957b035ac4938723a5cac208135d389b6972a6d?s=96&d=mm&r=g\",\"caption\":\"teste\"},\"url\":\"https:\\\/\\\/blogdofarnesio.com.br\\\/?author=3\"}]}<\/script>\n<!-- \/ Yoast SEO plugin. -->","yoast_head_json":{"title":"PETROLINA ATINGE META PROPOSTA PELO MINIST\u00c9RIO DA SA\u00daDE E VACINA 80% DE MENINAS CONTRA O HPV - Blog do Farn\u00e9sio","robots":{"index":"index","follow":"follow","max-snippet":"max-snippet:-1","max-image-preview":"max-image-preview:large","max-video-preview":"max-video-preview:-1"},"canonical":"https:\/\/blogdofarnesio.com.br\/?p=87320","og_locale":"pt_BR","og_type":"article","og_title":"PETROLINA ATINGE META PROPOSTA PELO MINIST\u00c9RIO DA SA\u00daDE E VACINA 80% DE MENINAS CONTRA O HPV - Blog do Farn\u00e9sio","og_description":"Ap\u00f3s tr\u00eas meses de introdu\u00e7\u00e3o da vacina contra\u00a0papiloma v\u00edrus humano (HPV)\u00a0\u00a0pelo\u00a0Sistema \u00danico de Sa\u00fade (SUS), a Secretaria Municipal de Sa\u00fade de Petrolina atingiu a meta de vacinar 80% das meninas entre 11 e 13 anos imunizando 7.002 adolescentes, 80,07% do p\u00fablico alvo. O esquema de vacina\u00e7\u00e3o\u00a0\u00e9 composto por tr\u00eas doses: a segunda ser\u00e1 aplicada com intervalo de seis meses e a terceira, de refor\u00e7o, cinco anos ap\u00f3s a primeira dose.\u00a0\u201cAinda temos vacina nas unidades de sa\u00fade e aquelas meninas que est\u00e3o na faixa et\u00e1ria\u00a0e ainda n\u00e3o se protegeram devem se vacinar\u201d, explicou a coordenadora do Programa Nacional de Imuniza\u00e7\u00e3o (PNI), Jeane Moraes.","og_url":"https:\/\/blogdofarnesio.com.br\/?p=87320","og_site_name":"Blog do Farn\u00e9sio","article_publisher":"https:\/\/www.facebook.com\/BlogQuerSaberPolitica\/","article_published_time":"2014-06-13T12:01:26+00:00","og_image":[{"url":"http:\/\/www.quersaberpolitica.com.br\/2016\/wp-content\/uploads\/2014\/06\/unnamed170.jpg","type":"","width":"","height":""}],"author":"teste","twitter_card":"summary_large_image","twitter_misc":{"Escrito por":"teste","Est. tempo de leitura":"1 minuto"},"schema":{"@context":"https:\/\/schema.org","@graph":[{"@type":"Article","@id":"https:\/\/blogdofarnesio.com.br\/?p=87320#article","isPartOf":{"@id":"https:\/\/blogdofarnesio.com.br\/?p=87320"},"author":{"name":"teste","@id":"https:\/\/blogdofarnesio.com.br\/#\/schema\/person\/dd1bf5eba40b687199ba45ca6b97dff9"},"headline":"PETROLINA ATINGE META PROPOSTA PELO MINIST\u00c9RIO DA SA\u00daDE E VACINA 80% DE MENINAS CONTRA O HPV","datePublished":"2014-06-13T12:01:26+00:00","mainEntityOfPage":{"@id":"https:\/\/blogdofarnesio.com.br\/?p=87320"},"wordCount":250,"commentCount":0,"publisher":{"@id":"https:\/\/blogdofarnesio.com.br\/#organization"},"image":{"@id":"https:\/\/blogdofarnesio.com.br\/?p=87320#primaryimage"},"thumbnailUrl":"http:\/\/www.quersaberpolitica.com.br\/2016\/wp-content\/uploads\/2014\/06\/unnamed170.jpg","articleSection":["Sa\u00fade"],"inLanguage":"pt-BR","potentialAction":[{"@type":"CommentAction","name":"Comment","target":["https:\/\/blogdofarnesio.com.br\/?p=87320#respond"]}]},{"@type":"WebPage","@id":"https:\/\/blogdofarnesio.com.br\/?p=87320","url":"https:\/\/blogdofarnesio.com.br\/?p=87320","name":"PETROLINA ATINGE META PROPOSTA PELO MINIST\u00c9RIO DA SA\u00daDE E VACINA 80% DE MENINAS CONTRA O HPV - Blog do Farn\u00e9sio","isPartOf":{"@id":"https:\/\/blogdofarnesio.com.br\/#website"},"primaryImageOfPage":{"@id":"https:\/\/blogdofarnesio.com.br\/?p=87320#primaryimage"},"image":{"@id":"https:\/\/blogdofarnesio.com.br\/?p=87320#primaryimage"},"thumbnailUrl":"http:\/\/www.quersaberpolitica.com.br\/2016\/wp-content\/uploads\/2014\/06\/unnamed170.jpg","datePublished":"2014-06-13T12:01:26+00:00","breadcrumb":{"@id":"https:\/\/blogdofarnesio.com.br\/?p=87320#breadcrumb"},"inLanguage":"pt-BR","potentialAction":[{"@type":"ReadAction","target":["https:\/\/blogdofarnesio.com.br\/?p=87320"]}]},{"@type":"ImageObject","inLanguage":"pt-BR","@id":"https:\/\/blogdofarnesio.com.br\/?p=87320#primaryimage","url":"http:\/\/www.quersaberpolitica.com.br\/2016\/wp-content\/uploads\/2014\/06\/unnamed170.jpg","contentUrl":"http:\/\/www.quersaberpolitica.com.br\/2016\/wp-content\/uploads\/2014\/06\/unnamed170.jpg"},{"@type":"BreadcrumbList","@id":"https:\/\/blogdofarnesio.com.br\/?p=87320#breadcrumb","itemListElement":[{"@type":"ListItem","position":1,"name":"In\u00edcio","item":"https:\/\/blogdofarnesio.com.br\/"},{"@type":"ListItem","position":2,"name":"PETROLINA ATINGE META PROPOSTA PELO MINIST\u00c9RIO DA SA\u00daDE E VACINA 80% DE MENINAS CONTRA O HPV"}]},{"@type":"WebSite","@id":"https:\/\/blogdofarnesio.com.br\/#website","url":"https:\/\/blogdofarnesio.com.br\/","name":"Blog do Farn\u00e9sio","description":"Quer Saber Pol\u00edtica?","publisher":{"@id":"https:\/\/blogdofarnesio.com.br\/#organization"},"potentialAction":[{"@type":"SearchAction","target":{"@type":"EntryPoint","urlTemplate":"https:\/\/blogdofarnesio.com.br\/?s={search_term_string}"},"query-input":{"@type":"PropertyValueSpecification","valueRequired":true,"valueName":"search_term_string"}}],"inLanguage":"pt-BR"},{"@type":"Organization","@id":"https:\/\/blogdofarnesio.com.br\/#organization","name":"Blog do Farn\u00e9sio","url":"https:\/\/blogdofarnesio.com.br\/","logo":{"@type":"ImageObject","inLanguage":"pt-BR","@id":"https:\/\/blogdofarnesio.com.br\/#\/schema\/logo\/image\/","url":"https:\/\/blogdofarnesio.com.br\/wp-content\/uploads\/2026\/03\/cropped-logo_new-1.png","contentUrl":"https:\/\/blogdofarnesio.com.br\/wp-content\/uploads\/2026\/03\/cropped-logo_new-1.png","width":881,"height":685,"caption":"Blog do Farn\u00e9sio"},"image":{"@id":"https:\/\/blogdofarnesio.com.br\/#\/schema\/logo\/image\/"},"sameAs":["https:\/\/www.facebook.com\/BlogQuerSaberPolitica\/"]},{"@type":"Person","@id":"https:\/\/blogdofarnesio.com.br\/#\/schema\/person\/dd1bf5eba40b687199ba45ca6b97dff9","name":"teste","image":{"@type":"ImageObject","inLanguage":"pt-BR","@id":"https:\/\/secure.gravatar.com\/avatar\/2172498d4914b51e1d89a0f97957b035ac4938723a5cac208135d389b6972a6d?s=96&d=mm&r=g","url":"https:\/\/secure.gravatar.com\/avatar\/2172498d4914b51e1d89a0f97957b035ac4938723a5cac208135d389b6972a6d?s=96&d=mm&r=g","contentUrl":"https:\/\/secure.gravatar.com\/avatar\/2172498d4914b51e1d89a0f97957b035ac4938723a5cac208135d389b6972a6d?s=96&d=mm&r=g","caption":"teste"},"url":"https:\/\/blogdofarnesio.com.br\/?author=3"}]}},"_links":{"self":[{"href":"https:\/\/blogdofarnesio.com.br\/index.php?rest_route=\/wp\/v2\/posts\/87320","targetHints":{"allow":["GET"]}}],"collection":[{"href":"https:\/\/blogdofarnesio.com.br\/index.php?rest_route=\/wp\/v2\/posts"}],"about":[{"href":"https:\/\/blogdofarnesio.com.br\/index.php?rest_route=\/wp\/v2\/types\/post"}],"author":[{"embeddable":true,"href":"https:\/\/blogdofarnesio.com.br\/index.php?rest_route=\/wp\/v2\/users\/3"}],"replies":[{"embeddable":true,"href":"https:\/\/blogdofarnesio.com.br\/index.php?rest_route=%2Fwp%2Fv2%2Fcomments&post=87320"}],"version-history":[{"count":0,"href":"https:\/\/blogdofarnesio.com.br\/index.php?rest_route=\/wp\/v2\/posts\/87320\/revisions"}],"wp:attachment":[{"href":"https:\/\/blogdofarnesio.com.br\/index.php?rest_route=%2Fwp%2Fv2%2Fmedia&parent=87320"}],"wp:term":[{"taxonomy":"category","embeddable":true,"href":"https:\/\/blogdofarnesio.com.br\/index.php?rest_route=%2Fwp%2Fv2%2Fcategories&post=87320"},{"taxonomy":"post_tag","embeddable":true,"href":"https:\/\/blogdofarnesio.com.br\/index.php?rest_route=%2Fwp%2Fv2%2Ftags&post=87320"}],"curies":[{"name":"wp","href":"https:\/\/api.w.org\/{rel}","templated":true}]}}