{"id":85956,"date":"2014-06-03T07:42:33","date_gmt":"2014-06-03T10:42:33","guid":{"rendered":"http:\/\/www.quersaberpolitica.com.br\/?p=85956"},"modified":"2014-06-02T16:52:22","modified_gmt":"2014-06-02T19:52:22","slug":"prefeito-assinara-mais-um-contrato-para-moradias-em-manicoba","status":"publish","type":"post","link":"https:\/\/blogdofarnesio.com.br\/?p=85956","title":{"rendered":"PREFEITO ASSINAR\u00c1 MAIS UM CONTRATO PARA MORADIAS EM MANI\u00c7OBA"},"content":{"rendered":"<p style=\"text-align: justify\"><a href=\"http:\/\/www.quersaberpolitica.com.br\/2016\/wp-content\/uploads\/2014\/06\/unnamed19.jpg\"><img loading=\"lazy\" decoding=\"async\" class=\"aligncenter size-full wp-image-85957\" alt=\"unnamed\" src=\"http:\/\/www.quersaberpolitica.com.br\/2016\/wp-content\/uploads\/2014\/06\/unnamed19.jpg\" width=\"480\" height=\"270\" srcset=\"https:\/\/blogdofarnesio.com.br\/wp-content\/uploads\/2014\/06\/unnamed19.jpg 480w, https:\/\/blogdofarnesio.com.br\/wp-content\/uploads\/2014\/06\/unnamed19-300x168.jpg 300w\" sizes=\"auto, (max-width: 480px) 100vw, 480px\" \/><\/a>Nesta ter\u00e7a-feira (3), \u00e0s 08h30, o prefeito Isaac Carvalho assinar\u00e1 o segundo contrato do \u2018Minha Casa, Minha Vida Rural\u2019 no povoado de Campos, em Mani\u00e7oba. No total ser\u00e3o 40 unidades habitacionais adquiridas mediante parceria da Prefeitura de Juazeiro com o Banco do Brasil, com o Instituto de Desenvolvimento Sustent\u00e1vel Araci (IDESA) e com o Sindicato dos Trabalhadores Rurais de Juazeiro (STR).<\/p>\n<p style=\"text-align: justify\">O primeiro contrato assinado contemplou o distrito de Massaroca com 14 casas. O Programa Nacional de Habita\u00e7\u00e3o Rural \u2013 PNHR, integrante do Programa Minha Casa Minha Vida \u2013 PMCMV objetiva a produ\u00e7\u00e3o ou reforma de im\u00f3veis aos agricultores familiares e trabalhadores rurais, por interm\u00e9dio de opera\u00e7\u00f5es de repasse de recursos do Or\u00e7amento Geral da Uni\u00e3o ou de financiamento habitacional com recursos do Fundo de Garantia do Tempo de Servi\u00e7o \u2013 FGTS, reduzindo o d\u00e9ficit habitacional rural.<!--more--><\/p>\n<p style=\"text-align: justify\">Em seguida o prefeito Isaac e comitiva seguir\u00e3o para os povoados de Sifra e Lagoa dos Porcos, tamb\u00e9m em Mani\u00e7oba, onde ser\u00e3o inaugurados mais dois po\u00e7os tubulares dos 50 que a Prefeitura est\u00e1 levando para diversas localidades da zona rural.<\/p>\n","protected":false},"excerpt":{"rendered":"<p>Nesta ter\u00e7a-feira (3), \u00e0s 08h30, o prefeito Isaac Carvalho assinar\u00e1 o segundo contrato do \u2018Minha Casa, Minha Vida Rural\u2019 no povoado de Campos, em Mani\u00e7oba. No total ser\u00e3o 40 unidades habitacionais adquiridas mediante parceria da Prefeitura de Juazeiro com o Banco do Brasil, com o Instituto de Desenvolvimento Sustent\u00e1vel Araci (IDESA) e com o Sindicato dos Trabalhadores Rurais de Juazeiro (STR). O primeiro contrato assinado contemplou o distrito de Massaroca com 14 casas. O Programa Nacional de Habita\u00e7\u00e3o Rural \u2013 PNHR, integrante do Programa Minha Casa Minha Vida \u2013 PMCMV objetiva a produ\u00e7\u00e3o ou reforma de im\u00f3veis aos agricultores familiares e trabalhadores rurais, por interm\u00e9dio de opera\u00e7\u00f5es de repasse de recursos do Or\u00e7amento Geral da Uni\u00e3o ou de financiamento habitacional&hellip; <\/p>\n","protected":false},"author":3,"featured_media":0,"comment_status":"open","ping_status":"open","sticky":false,"template":"","format":"standard","meta":{"_acf_changed":false,"footnotes":""},"categories":[],"tags":[],"class_list":["post-85956","post","type-post","status-publish","format-standard","hentry"],"acf":[],"yoast_head":"<!-- This site is optimized with the Yoast SEO plugin v27.4 - https:\/\/yoast.com\/product\/yoast-seo-wordpress\/ -->\n<title>PREFEITO ASSINAR\u00c1 MAIS UM CONTRATO PARA MORADIAS EM MANI\u00c7OBA - Blog do Farn\u00e9sio<\/title>\n<meta name=\"robots\" content=\"index, follow, max-snippet:-1, max-image-preview:large, max-video-preview:-1\" \/>\n<link rel=\"canonical\" href=\"https:\/\/blogdofarnesio.com.br\/?p=85956\" \/>\n<meta property=\"og:locale\" content=\"pt_BR\" \/>\n<meta property=\"og:type\" content=\"article\" \/>\n<meta property=\"og:title\" content=\"PREFEITO ASSINAR\u00c1 MAIS UM CONTRATO PARA MORADIAS EM MANI\u00c7OBA - Blog do Farn\u00e9sio\" \/>\n<meta property=\"og:description\" content=\"Nesta ter\u00e7a-feira (3), \u00e0s 08h30, o prefeito Isaac Carvalho assinar\u00e1 o segundo contrato do \u2018Minha Casa, Minha Vida Rural\u2019 no povoado de Campos, em Mani\u00e7oba. No total ser\u00e3o 40 unidades habitacionais adquiridas mediante parceria da Prefeitura de Juazeiro com o Banco do Brasil, com o Instituto de Desenvolvimento Sustent\u00e1vel Araci (IDESA) e com o Sindicato dos Trabalhadores Rurais de Juazeiro (STR). O primeiro contrato assinado contemplou o distrito de Massaroca com 14 casas. O Programa Nacional de Habita\u00e7\u00e3o Rural \u2013 PNHR, integrante do Programa Minha Casa Minha Vida \u2013 PMCMV objetiva a produ\u00e7\u00e3o ou reforma de im\u00f3veis aos agricultores familiares e trabalhadores rurais, por interm\u00e9dio de opera\u00e7\u00f5es de repasse de recursos do Or\u00e7amento Geral da Uni\u00e3o ou de financiamento habitacional&hellip;\" \/>\n<meta property=\"og:url\" content=\"https:\/\/blogdofarnesio.com.br\/?p=85956\" \/>\n<meta property=\"og:site_name\" content=\"Blog do Farn\u00e9sio\" \/>\n<meta property=\"article:publisher\" content=\"https:\/\/www.facebook.com\/BlogQuerSaberPolitica\/\" \/>\n<meta property=\"article:published_time\" content=\"2014-06-03T10:42:33+00:00\" \/>\n<meta property=\"og:image\" content=\"http:\/\/www.quersaberpolitica.com.br\/2016\/wp-content\/uploads\/2014\/06\/unnamed19.jpg\" \/>\n<meta name=\"author\" content=\"teste\" \/>\n<meta name=\"twitter:card\" content=\"summary_large_image\" \/>\n<meta name=\"twitter:label1\" content=\"Escrito por\" \/>\n\t<meta name=\"twitter:data1\" content=\"teste\" \/>\n\t<meta name=\"twitter:label2\" content=\"Est. tempo de leitura\" \/>\n\t<meta name=\"twitter:data2\" content=\"1 minuto\" \/>\n<script type=\"application\/ld+json\" class=\"yoast-schema-graph\">{\"@context\":\"https:\\\/\\\/schema.org\",\"@graph\":[{\"@type\":\"Article\",\"@id\":\"https:\\\/\\\/blogdofarnesio.com.br\\\/?p=85956#article\",\"isPartOf\":{\"@id\":\"https:\\\/\\\/blogdofarnesio.com.br\\\/?p=85956\"},\"author\":{\"name\":\"teste\",\"@id\":\"https:\\\/\\\/blogdofarnesio.com.br\\\/#\\\/schema\\\/person\\\/dd1bf5eba40b687199ba45ca6b97dff9\"},\"headline\":\"PREFEITO ASSINAR\u00c1 MAIS UM CONTRATO PARA MORADIAS EM MANI\u00c7OBA\",\"datePublished\":\"2014-06-03T10:42:33+00:00\",\"mainEntityOfPage\":{\"@id\":\"https:\\\/\\\/blogdofarnesio.com.br\\\/?p=85956\"},\"wordCount\":198,\"commentCount\":0,\"publisher\":{\"@id\":\"https:\\\/\\\/blogdofarnesio.com.br\\\/#organization\"},\"image\":{\"@id\":\"https:\\\/\\\/blogdofarnesio.com.br\\\/?p=85956#primaryimage\"},\"thumbnailUrl\":\"http:\\\/\\\/www.quersaberpolitica.com.br\\\/2016\\\/wp-content\\\/uploads\\\/2014\\\/06\\\/unnamed19.jpg\",\"inLanguage\":\"pt-BR\",\"potentialAction\":[{\"@type\":\"CommentAction\",\"name\":\"Comment\",\"target\":[\"https:\\\/\\\/blogdofarnesio.com.br\\\/?p=85956#respond\"]}]},{\"@type\":\"WebPage\",\"@id\":\"https:\\\/\\\/blogdofarnesio.com.br\\\/?p=85956\",\"url\":\"https:\\\/\\\/blogdofarnesio.com.br\\\/?p=85956\",\"name\":\"PREFEITO ASSINAR\u00c1 MAIS UM CONTRATO PARA MORADIAS EM MANI\u00c7OBA - Blog do Farn\u00e9sio\",\"isPartOf\":{\"@id\":\"https:\\\/\\\/blogdofarnesio.com.br\\\/#website\"},\"primaryImageOfPage\":{\"@id\":\"https:\\\/\\\/blogdofarnesio.com.br\\\/?p=85956#primaryimage\"},\"image\":{\"@id\":\"https:\\\/\\\/blogdofarnesio.com.br\\\/?p=85956#primaryimage\"},\"thumbnailUrl\":\"http:\\\/\\\/www.quersaberpolitica.com.br\\\/2016\\\/wp-content\\\/uploads\\\/2014\\\/06\\\/unnamed19.jpg\",\"datePublished\":\"2014-06-03T10:42:33+00:00\",\"breadcrumb\":{\"@id\":\"https:\\\/\\\/blogdofarnesio.com.br\\\/?p=85956#breadcrumb\"},\"inLanguage\":\"pt-BR\",\"potentialAction\":[{\"@type\":\"ReadAction\",\"target\":[\"https:\\\/\\\/blogdofarnesio.com.br\\\/?p=85956\"]}]},{\"@type\":\"ImageObject\",\"inLanguage\":\"pt-BR\",\"@id\":\"https:\\\/\\\/blogdofarnesio.com.br\\\/?p=85956#primaryimage\",\"url\":\"http:\\\/\\\/www.quersaberpolitica.com.br\\\/2016\\\/wp-content\\\/uploads\\\/2014\\\/06\\\/unnamed19.jpg\",\"contentUrl\":\"http:\\\/\\\/www.quersaberpolitica.com.br\\\/2016\\\/wp-content\\\/uploads\\\/2014\\\/06\\\/unnamed19.jpg\"},{\"@type\":\"BreadcrumbList\",\"@id\":\"https:\\\/\\\/blogdofarnesio.com.br\\\/?p=85956#breadcrumb\",\"itemListElement\":[{\"@type\":\"ListItem\",\"position\":1,\"name\":\"In\u00edcio\",\"item\":\"https:\\\/\\\/blogdofarnesio.com.br\\\/\"},{\"@type\":\"ListItem\",\"position\":2,\"name\":\"PREFEITO ASSINAR\u00c1 MAIS UM CONTRATO PARA MORADIAS EM MANI\u00c7OBA\"}]},{\"@type\":\"WebSite\",\"@id\":\"https:\\\/\\\/blogdofarnesio.com.br\\\/#website\",\"url\":\"https:\\\/\\\/blogdofarnesio.com.br\\\/\",\"name\":\"Blog do Farn\u00e9sio\",\"description\":\"Quer Saber Pol\u00edtica?\",\"publisher\":{\"@id\":\"https:\\\/\\\/blogdofarnesio.com.br\\\/#organization\"},\"potentialAction\":[{\"@type\":\"SearchAction\",\"target\":{\"@type\":\"EntryPoint\",\"urlTemplate\":\"https:\\\/\\\/blogdofarnesio.com.br\\\/?s={search_term_string}\"},\"query-input\":{\"@type\":\"PropertyValueSpecification\",\"valueRequired\":true,\"valueName\":\"search_term_string\"}}],\"inLanguage\":\"pt-BR\"},{\"@type\":\"Organization\",\"@id\":\"https:\\\/\\\/blogdofarnesio.com.br\\\/#organization\",\"name\":\"Blog do Farn\u00e9sio\",\"url\":\"https:\\\/\\\/blogdofarnesio.com.br\\\/\",\"logo\":{\"@type\":\"ImageObject\",\"inLanguage\":\"pt-BR\",\"@id\":\"https:\\\/\\\/blogdofarnesio.com.br\\\/#\\\/schema\\\/logo\\\/image\\\/\",\"url\":\"https:\\\/\\\/blogdofarnesio.com.br\\\/wp-content\\\/uploads\\\/2026\\\/03\\\/cropped-logo_new-1.png\",\"contentUrl\":\"https:\\\/\\\/blogdofarnesio.com.br\\\/wp-content\\\/uploads\\\/2026\\\/03\\\/cropped-logo_new-1.png\",\"width\":881,\"height\":685,\"caption\":\"Blog do Farn\u00e9sio\"},\"image\":{\"@id\":\"https:\\\/\\\/blogdofarnesio.com.br\\\/#\\\/schema\\\/logo\\\/image\\\/\"},\"sameAs\":[\"https:\\\/\\\/www.facebook.com\\\/BlogQuerSaberPolitica\\\/\"]},{\"@type\":\"Person\",\"@id\":\"https:\\\/\\\/blogdofarnesio.com.br\\\/#\\\/schema\\\/person\\\/dd1bf5eba40b687199ba45ca6b97dff9\",\"name\":\"teste\",\"image\":{\"@type\":\"ImageObject\",\"inLanguage\":\"pt-BR\",\"@id\":\"https:\\\/\\\/secure.gravatar.com\\\/avatar\\\/2172498d4914b51e1d89a0f97957b035ac4938723a5cac208135d389b6972a6d?s=96&d=mm&r=g\",\"url\":\"https:\\\/\\\/secure.gravatar.com\\\/avatar\\\/2172498d4914b51e1d89a0f97957b035ac4938723a5cac208135d389b6972a6d?s=96&d=mm&r=g\",\"contentUrl\":\"https:\\\/\\\/secure.gravatar.com\\\/avatar\\\/2172498d4914b51e1d89a0f97957b035ac4938723a5cac208135d389b6972a6d?s=96&d=mm&r=g\",\"caption\":\"teste\"},\"url\":\"https:\\\/\\\/blogdofarnesio.com.br\\\/?author=3\"}]}<\/script>\n<!-- \/ Yoast SEO plugin. -->","yoast_head_json":{"title":"PREFEITO ASSINAR\u00c1 MAIS UM CONTRATO PARA MORADIAS EM MANI\u00c7OBA - Blog do Farn\u00e9sio","robots":{"index":"index","follow":"follow","max-snippet":"max-snippet:-1","max-image-preview":"max-image-preview:large","max-video-preview":"max-video-preview:-1"},"canonical":"https:\/\/blogdofarnesio.com.br\/?p=85956","og_locale":"pt_BR","og_type":"article","og_title":"PREFEITO ASSINAR\u00c1 MAIS UM CONTRATO PARA MORADIAS EM MANI\u00c7OBA - Blog do Farn\u00e9sio","og_description":"Nesta ter\u00e7a-feira (3), \u00e0s 08h30, o prefeito Isaac Carvalho assinar\u00e1 o segundo contrato do \u2018Minha Casa, Minha Vida Rural\u2019 no povoado de Campos, em Mani\u00e7oba. No total ser\u00e3o 40 unidades habitacionais adquiridas mediante parceria da Prefeitura de Juazeiro com o Banco do Brasil, com o Instituto de Desenvolvimento Sustent\u00e1vel Araci (IDESA) e com o Sindicato dos Trabalhadores Rurais de Juazeiro (STR). O primeiro contrato assinado contemplou o distrito de Massaroca com 14 casas. O Programa Nacional de Habita\u00e7\u00e3o Rural \u2013 PNHR, integrante do Programa Minha Casa Minha Vida \u2013 PMCMV objetiva a produ\u00e7\u00e3o ou reforma de im\u00f3veis aos agricultores familiares e trabalhadores rurais, por interm\u00e9dio de opera\u00e7\u00f5es de repasse de recursos do Or\u00e7amento Geral da Uni\u00e3o ou de financiamento habitacional&hellip;","og_url":"https:\/\/blogdofarnesio.com.br\/?p=85956","og_site_name":"Blog do Farn\u00e9sio","article_publisher":"https:\/\/www.facebook.com\/BlogQuerSaberPolitica\/","article_published_time":"2014-06-03T10:42:33+00:00","og_image":[{"url":"http:\/\/www.quersaberpolitica.com.br\/2016\/wp-content\/uploads\/2014\/06\/unnamed19.jpg","type":"","width":"","height":""}],"author":"teste","twitter_card":"summary_large_image","twitter_misc":{"Escrito por":"teste","Est. tempo de leitura":"1 minuto"},"schema":{"@context":"https:\/\/schema.org","@graph":[{"@type":"Article","@id":"https:\/\/blogdofarnesio.com.br\/?p=85956#article","isPartOf":{"@id":"https:\/\/blogdofarnesio.com.br\/?p=85956"},"author":{"name":"teste","@id":"https:\/\/blogdofarnesio.com.br\/#\/schema\/person\/dd1bf5eba40b687199ba45ca6b97dff9"},"headline":"PREFEITO ASSINAR\u00c1 MAIS UM CONTRATO PARA MORADIAS EM MANI\u00c7OBA","datePublished":"2014-06-03T10:42:33+00:00","mainEntityOfPage":{"@id":"https:\/\/blogdofarnesio.com.br\/?p=85956"},"wordCount":198,"commentCount":0,"publisher":{"@id":"https:\/\/blogdofarnesio.com.br\/#organization"},"image":{"@id":"https:\/\/blogdofarnesio.com.br\/?p=85956#primaryimage"},"thumbnailUrl":"http:\/\/www.quersaberpolitica.com.br\/2016\/wp-content\/uploads\/2014\/06\/unnamed19.jpg","inLanguage":"pt-BR","potentialAction":[{"@type":"CommentAction","name":"Comment","target":["https:\/\/blogdofarnesio.com.br\/?p=85956#respond"]}]},{"@type":"WebPage","@id":"https:\/\/blogdofarnesio.com.br\/?p=85956","url":"https:\/\/blogdofarnesio.com.br\/?p=85956","name":"PREFEITO ASSINAR\u00c1 MAIS UM CONTRATO PARA MORADIAS EM MANI\u00c7OBA - Blog do Farn\u00e9sio","isPartOf":{"@id":"https:\/\/blogdofarnesio.com.br\/#website"},"primaryImageOfPage":{"@id":"https:\/\/blogdofarnesio.com.br\/?p=85956#primaryimage"},"image":{"@id":"https:\/\/blogdofarnesio.com.br\/?p=85956#primaryimage"},"thumbnailUrl":"http:\/\/www.quersaberpolitica.com.br\/2016\/wp-content\/uploads\/2014\/06\/unnamed19.jpg","datePublished":"2014-06-03T10:42:33+00:00","breadcrumb":{"@id":"https:\/\/blogdofarnesio.com.br\/?p=85956#breadcrumb"},"inLanguage":"pt-BR","potentialAction":[{"@type":"ReadAction","target":["https:\/\/blogdofarnesio.com.br\/?p=85956"]}]},{"@type":"ImageObject","inLanguage":"pt-BR","@id":"https:\/\/blogdofarnesio.com.br\/?p=85956#primaryimage","url":"http:\/\/www.quersaberpolitica.com.br\/2016\/wp-content\/uploads\/2014\/06\/unnamed19.jpg","contentUrl":"http:\/\/www.quersaberpolitica.com.br\/2016\/wp-content\/uploads\/2014\/06\/unnamed19.jpg"},{"@type":"BreadcrumbList","@id":"https:\/\/blogdofarnesio.com.br\/?p=85956#breadcrumb","itemListElement":[{"@type":"ListItem","position":1,"name":"In\u00edcio","item":"https:\/\/blogdofarnesio.com.br\/"},{"@type":"ListItem","position":2,"name":"PREFEITO ASSINAR\u00c1 MAIS UM CONTRATO PARA MORADIAS EM MANI\u00c7OBA"}]},{"@type":"WebSite","@id":"https:\/\/blogdofarnesio.com.br\/#website","url":"https:\/\/blogdofarnesio.com.br\/","name":"Blog do Farn\u00e9sio","description":"Quer Saber Pol\u00edtica?","publisher":{"@id":"https:\/\/blogdofarnesio.com.br\/#organization"},"potentialAction":[{"@type":"SearchAction","target":{"@type":"EntryPoint","urlTemplate":"https:\/\/blogdofarnesio.com.br\/?s={search_term_string}"},"query-input":{"@type":"PropertyValueSpecification","valueRequired":true,"valueName":"search_term_string"}}],"inLanguage":"pt-BR"},{"@type":"Organization","@id":"https:\/\/blogdofarnesio.com.br\/#organization","name":"Blog do Farn\u00e9sio","url":"https:\/\/blogdofarnesio.com.br\/","logo":{"@type":"ImageObject","inLanguage":"pt-BR","@id":"https:\/\/blogdofarnesio.com.br\/#\/schema\/logo\/image\/","url":"https:\/\/blogdofarnesio.com.br\/wp-content\/uploads\/2026\/03\/cropped-logo_new-1.png","contentUrl":"https:\/\/blogdofarnesio.com.br\/wp-content\/uploads\/2026\/03\/cropped-logo_new-1.png","width":881,"height":685,"caption":"Blog do Farn\u00e9sio"},"image":{"@id":"https:\/\/blogdofarnesio.com.br\/#\/schema\/logo\/image\/"},"sameAs":["https:\/\/www.facebook.com\/BlogQuerSaberPolitica\/"]},{"@type":"Person","@id":"https:\/\/blogdofarnesio.com.br\/#\/schema\/person\/dd1bf5eba40b687199ba45ca6b97dff9","name":"teste","image":{"@type":"ImageObject","inLanguage":"pt-BR","@id":"https:\/\/secure.gravatar.com\/avatar\/2172498d4914b51e1d89a0f97957b035ac4938723a5cac208135d389b6972a6d?s=96&d=mm&r=g","url":"https:\/\/secure.gravatar.com\/avatar\/2172498d4914b51e1d89a0f97957b035ac4938723a5cac208135d389b6972a6d?s=96&d=mm&r=g","contentUrl":"https:\/\/secure.gravatar.com\/avatar\/2172498d4914b51e1d89a0f97957b035ac4938723a5cac208135d389b6972a6d?s=96&d=mm&r=g","caption":"teste"},"url":"https:\/\/blogdofarnesio.com.br\/?author=3"}]}},"_links":{"self":[{"href":"https:\/\/blogdofarnesio.com.br\/index.php?rest_route=\/wp\/v2\/posts\/85956","targetHints":{"allow":["GET"]}}],"collection":[{"href":"https:\/\/blogdofarnesio.com.br\/index.php?rest_route=\/wp\/v2\/posts"}],"about":[{"href":"https:\/\/blogdofarnesio.com.br\/index.php?rest_route=\/wp\/v2\/types\/post"}],"author":[{"embeddable":true,"href":"https:\/\/blogdofarnesio.com.br\/index.php?rest_route=\/wp\/v2\/users\/3"}],"replies":[{"embeddable":true,"href":"https:\/\/blogdofarnesio.com.br\/index.php?rest_route=%2Fwp%2Fv2%2Fcomments&post=85956"}],"version-history":[{"count":0,"href":"https:\/\/blogdofarnesio.com.br\/index.php?rest_route=\/wp\/v2\/posts\/85956\/revisions"}],"wp:attachment":[{"href":"https:\/\/blogdofarnesio.com.br\/index.php?rest_route=%2Fwp%2Fv2%2Fmedia&parent=85956"}],"wp:term":[{"taxonomy":"category","embeddable":true,"href":"https:\/\/blogdofarnesio.com.br\/index.php?rest_route=%2Fwp%2Fv2%2Fcategories&post=85956"},{"taxonomy":"post_tag","embeddable":true,"href":"https:\/\/blogdofarnesio.com.br\/index.php?rest_route=%2Fwp%2Fv2%2Ftags&post=85956"}],"curies":[{"name":"wp","href":"https:\/\/api.w.org\/{rel}","templated":true}]}}