{"id":85625,"date":"2014-05-30T14:23:13","date_gmt":"2014-05-30T17:23:13","guid":{"rendered":"http:\/\/www.quersaberpolitica.com.br\/?p=85625"},"modified":"2014-05-30T10:48:38","modified_gmt":"2014-05-30T13:48:38","slug":"amma-prepara-programacao-para-a-semana-do-meio-ambiente","status":"publish","type":"post","link":"https:\/\/blogdofarnesio.com.br\/?p=85625","title":{"rendered":"AMMA PREPARA PROGRAMA\u00c7\u00c3O PARA A SEMANA DO MEIO AMBIENTE"},"content":{"rendered":"<p style=\"text-align: justify\"><b><span style=\"color: #000000\"><a href=\"http:\/\/www.quersaberpolitica.com.br\/2016\/wp-content\/uploads\/2014\/05\/\u00cdndice18.jpg\"><img loading=\"lazy\" decoding=\"async\" class=\"alignleft size-full wp-image-85626\" alt=\"\u00cdndice\" src=\"http:\/\/www.quersaberpolitica.com.br\/2016\/wp-content\/uploads\/2014\/05\/\u00cdndice18.jpg\" width=\"304\" height=\"166\" srcset=\"https:\/\/blogdofarnesio.com.br\/wp-content\/uploads\/2014\/05\/\u00cdndice18.jpg 304w, https:\/\/blogdofarnesio.com.br\/wp-content\/uploads\/2014\/05\/\u00cdndice18-300x163.jpg 300w\" sizes=\"auto, (max-width: 304px) 100vw, 304px\" \/><\/a><\/span><\/b><span style=\"color: #000000\">\u00c9 poss\u00edvel a humanidade se desenvolver sem destruir a natureza? Como manter os nossos mananciais limpos? O que podemos fazer para preservar nossa fauna e flora, t\u00edpicos e peculiares em cada regi\u00e3o do planeta? <\/span><\/p>\n<p style=\"text-align: justify\"><span style=\"color: #000000\">Essas e outras quest\u00f5es s\u00e3o bastante discutidas na atualidade, sobretudo durante a semana em que mundialmente \u00e9 celebrado o Dia do Meio Ambiente (05 de junho). Para promover uma reflex\u00e3o sobre a data, a Ag\u00eancia Municipal do Meio Ambiente (AMMA) prepara uma ampla programa\u00e7\u00e3o, que visa abranger p\u00fablicos de todas as idades. A id\u00e9ia \u00e9, sobretudo, chamar a aten\u00e7\u00e3o da sociedade para a import\u00e2ncia da\u00a0 promo\u00e7\u00e3o do desenvolvimento sustent\u00e1vel.<!--more--> <\/span><\/p>\n<p style=\"text-align: justify\"><span style=\"color: #000000\">Palestras, atividades l\u00fadicas com crian\u00e7as, coleta seletiva do lixo, explana\u00e7\u00e3o sobre o projeto Sala Verde, oficinas, posse da nova diretoria do Conselho Municipal do Meio Ambiente e lan\u00e7amento de um site fazem parte da programa\u00e7\u00e3o prevista para a Semana do Meio Ambiente em Petrolina. <\/span><\/p>\n<p style=\"text-align: justify\"><span style=\"color: #000000\">A abertura da programa\u00e7\u00e3o acontece na quarta, dia 04, com uma palestra da bi\u00f3loga especialista em Per\u00edcia e Auditoria Ambiental e Diretora de Licenciamento da AMMA, Sindi Maqueise Santos. O tema ser\u00e1 sobre os programas de Regulariza\u00e7\u00e3o Ambiental dos Estados e Distrito Federal. O evento acontecer\u00e1 na sala do Conselho Municipal do Meio Ambiente, na sede da AMMA, centro de Petrolina, e dever\u00e1 agregar propriet\u00e1rios de im\u00f3veis rurais do munic\u00edpio. <\/span><\/p>\n<p style=\"text-align: justify\"><span style=\"color: #000000\">\u201cNa verdade, n\u00f3s aproveitamos estas datas apenas para refor\u00e7ar o compromisso que todos temos com rela\u00e7\u00e3o ao nosso ecossistema. Mas no dia a dia, a AMMA tem feito esse trabalho incans\u00e1vel de mostrar \u00e0 popula\u00e7\u00e3o sobre o desenvolvimento sustent\u00e1vel. Realizamos o trabalho de educa\u00e7\u00e3o ambiental, temos um viveiro que produz mudas t\u00edpicas da caatinga para distribui\u00e7\u00e3o, estamos implantando as Unidades de Conserva\u00e7\u00e3o da Caatinga, temos fiscalizado todas as a\u00e7\u00f5es que porventura venham a causar algum dano ambiental no munic\u00edpio, ou seja, estamos sempre em alerta, executando com afinco nossa miss\u00e3o\u201d, pontua o diretor presidente da AMMA, Gleidson Castro.<\/span><\/p>\n","protected":false},"excerpt":{"rendered":"<p>\u00c9 poss\u00edvel a humanidade se desenvolver sem destruir a natureza? Como manter os nossos mananciais limpos? O que podemos fazer para preservar nossa fauna e flora, t\u00edpicos e peculiares em cada regi\u00e3o do planeta? Essas e outras quest\u00f5es s\u00e3o bastante discutidas na atualidade, sobretudo durante a semana em que mundialmente \u00e9 celebrado o Dia do Meio Ambiente (05 de junho). Para promover uma reflex\u00e3o sobre a data, a Ag\u00eancia Municipal do Meio Ambiente (AMMA) prepara uma ampla programa\u00e7\u00e3o, que visa abranger p\u00fablicos de todas as idades. A id\u00e9ia \u00e9, sobretudo, chamar a aten\u00e7\u00e3o da sociedade para a import\u00e2ncia da\u00a0 promo\u00e7\u00e3o do desenvolvimento sustent\u00e1vel.<\/p>\n","protected":false},"author":3,"featured_media":0,"comment_status":"open","ping_status":"open","sticky":false,"template":"","format":"standard","meta":{"_acf_changed":false,"footnotes":""},"categories":[29],"tags":[],"class_list":["post-85625","post","type-post","status-publish","format-standard","hentry","category-meio-ambiente"],"acf":[],"yoast_head":"<!-- This site is optimized with the Yoast SEO plugin v27.4 - https:\/\/yoast.com\/product\/yoast-seo-wordpress\/ -->\n<title>AMMA PREPARA PROGRAMA\u00c7\u00c3O PARA A SEMANA DO MEIO AMBIENTE - Blog do Farn\u00e9sio<\/title>\n<meta name=\"robots\" content=\"index, follow, max-snippet:-1, max-image-preview:large, max-video-preview:-1\" \/>\n<link rel=\"canonical\" href=\"https:\/\/blogdofarnesio.com.br\/?p=85625\" \/>\n<meta property=\"og:locale\" content=\"pt_BR\" \/>\n<meta property=\"og:type\" content=\"article\" \/>\n<meta property=\"og:title\" content=\"AMMA PREPARA PROGRAMA\u00c7\u00c3O PARA A SEMANA DO MEIO AMBIENTE - Blog do Farn\u00e9sio\" \/>\n<meta property=\"og:description\" content=\"\u00c9 poss\u00edvel a humanidade se desenvolver sem destruir a natureza? Como manter os nossos mananciais limpos? O que podemos fazer para preservar nossa fauna e flora, t\u00edpicos e peculiares em cada regi\u00e3o do planeta? Essas e outras quest\u00f5es s\u00e3o bastante discutidas na atualidade, sobretudo durante a semana em que mundialmente \u00e9 celebrado o Dia do Meio Ambiente (05 de junho). Para promover uma reflex\u00e3o sobre a data, a Ag\u00eancia Municipal do Meio Ambiente (AMMA) prepara uma ampla programa\u00e7\u00e3o, que visa abranger p\u00fablicos de todas as idades. A id\u00e9ia \u00e9, sobretudo, chamar a aten\u00e7\u00e3o da sociedade para a import\u00e2ncia da\u00a0 promo\u00e7\u00e3o do desenvolvimento sustent\u00e1vel.\" \/>\n<meta property=\"og:url\" content=\"https:\/\/blogdofarnesio.com.br\/?p=85625\" \/>\n<meta property=\"og:site_name\" content=\"Blog do Farn\u00e9sio\" \/>\n<meta property=\"article:publisher\" content=\"https:\/\/www.facebook.com\/BlogQuerSaberPolitica\/\" \/>\n<meta property=\"article:published_time\" content=\"2014-05-30T17:23:13+00:00\" \/>\n<meta name=\"author\" content=\"teste\" \/>\n<meta name=\"twitter:card\" content=\"summary_large_image\" \/>\n<meta name=\"twitter:label1\" content=\"Escrito por\" \/>\n\t<meta name=\"twitter:data1\" content=\"teste\" \/>\n\t<meta name=\"twitter:label2\" content=\"Est. tempo de leitura\" \/>\n\t<meta name=\"twitter:data2\" content=\"2 minutos\" \/>\n<script type=\"application\/ld+json\" class=\"yoast-schema-graph\">{\"@context\":\"https:\\\/\\\/schema.org\",\"@graph\":[{\"@type\":\"Article\",\"@id\":\"https:\\\/\\\/blogdofarnesio.com.br\\\/?p=85625#article\",\"isPartOf\":{\"@id\":\"https:\\\/\\\/blogdofarnesio.com.br\\\/?p=85625\"},\"author\":{\"name\":\"teste\",\"@id\":\"https:\\\/\\\/blogdofarnesio.com.br\\\/#\\\/schema\\\/person\\\/dd1bf5eba40b687199ba45ca6b97dff9\"},\"headline\":\"AMMA PREPARA PROGRAMA\u00c7\u00c3O PARA A SEMANA DO MEIO AMBIENTE\",\"datePublished\":\"2014-05-30T17:23:13+00:00\",\"mainEntityOfPage\":{\"@id\":\"https:\\\/\\\/blogdofarnesio.com.br\\\/?p=85625\"},\"wordCount\":358,\"commentCount\":0,\"publisher\":{\"@id\":\"https:\\\/\\\/blogdofarnesio.com.br\\\/#organization\"},\"articleSection\":[\"Meio Ambiente\"],\"inLanguage\":\"pt-BR\",\"potentialAction\":[{\"@type\":\"CommentAction\",\"name\":\"Comment\",\"target\":[\"https:\\\/\\\/blogdofarnesio.com.br\\\/?p=85625#respond\"]}]},{\"@type\":\"WebPage\",\"@id\":\"https:\\\/\\\/blogdofarnesio.com.br\\\/?p=85625\",\"url\":\"https:\\\/\\\/blogdofarnesio.com.br\\\/?p=85625\",\"name\":\"AMMA PREPARA PROGRAMA\u00c7\u00c3O PARA A SEMANA DO MEIO AMBIENTE - Blog do Farn\u00e9sio\",\"isPartOf\":{\"@id\":\"https:\\\/\\\/blogdofarnesio.com.br\\\/#website\"},\"datePublished\":\"2014-05-30T17:23:13+00:00\",\"breadcrumb\":{\"@id\":\"https:\\\/\\\/blogdofarnesio.com.br\\\/?p=85625#breadcrumb\"},\"inLanguage\":\"pt-BR\",\"potentialAction\":[{\"@type\":\"ReadAction\",\"target\":[\"https:\\\/\\\/blogdofarnesio.com.br\\\/?p=85625\"]}]},{\"@type\":\"BreadcrumbList\",\"@id\":\"https:\\\/\\\/blogdofarnesio.com.br\\\/?p=85625#breadcrumb\",\"itemListElement\":[{\"@type\":\"ListItem\",\"position\":1,\"name\":\"In\u00edcio\",\"item\":\"https:\\\/\\\/blogdofarnesio.com.br\\\/\"},{\"@type\":\"ListItem\",\"position\":2,\"name\":\"AMMA PREPARA PROGRAMA\u00c7\u00c3O PARA A SEMANA DO MEIO AMBIENTE\"}]},{\"@type\":\"WebSite\",\"@id\":\"https:\\\/\\\/blogdofarnesio.com.br\\\/#website\",\"url\":\"https:\\\/\\\/blogdofarnesio.com.br\\\/\",\"name\":\"Blog do Farn\u00e9sio\",\"description\":\"Quer Saber Pol\u00edtica?\",\"publisher\":{\"@id\":\"https:\\\/\\\/blogdofarnesio.com.br\\\/#organization\"},\"potentialAction\":[{\"@type\":\"SearchAction\",\"target\":{\"@type\":\"EntryPoint\",\"urlTemplate\":\"https:\\\/\\\/blogdofarnesio.com.br\\\/?s={search_term_string}\"},\"query-input\":{\"@type\":\"PropertyValueSpecification\",\"valueRequired\":true,\"valueName\":\"search_term_string\"}}],\"inLanguage\":\"pt-BR\"},{\"@type\":\"Organization\",\"@id\":\"https:\\\/\\\/blogdofarnesio.com.br\\\/#organization\",\"name\":\"Blog do Farn\u00e9sio\",\"url\":\"https:\\\/\\\/blogdofarnesio.com.br\\\/\",\"logo\":{\"@type\":\"ImageObject\",\"inLanguage\":\"pt-BR\",\"@id\":\"https:\\\/\\\/blogdofarnesio.com.br\\\/#\\\/schema\\\/logo\\\/image\\\/\",\"url\":\"https:\\\/\\\/blogdofarnesio.com.br\\\/wp-content\\\/uploads\\\/2026\\\/03\\\/cropped-logo_new-1.png\",\"contentUrl\":\"https:\\\/\\\/blogdofarnesio.com.br\\\/wp-content\\\/uploads\\\/2026\\\/03\\\/cropped-logo_new-1.png\",\"width\":881,\"height\":685,\"caption\":\"Blog do Farn\u00e9sio\"},\"image\":{\"@id\":\"https:\\\/\\\/blogdofarnesio.com.br\\\/#\\\/schema\\\/logo\\\/image\\\/\"},\"sameAs\":[\"https:\\\/\\\/www.facebook.com\\\/BlogQuerSaberPolitica\\\/\"]},{\"@type\":\"Person\",\"@id\":\"https:\\\/\\\/blogdofarnesio.com.br\\\/#\\\/schema\\\/person\\\/dd1bf5eba40b687199ba45ca6b97dff9\",\"name\":\"teste\",\"image\":{\"@type\":\"ImageObject\",\"inLanguage\":\"pt-BR\",\"@id\":\"https:\\\/\\\/secure.gravatar.com\\\/avatar\\\/2172498d4914b51e1d89a0f97957b035ac4938723a5cac208135d389b6972a6d?s=96&d=mm&r=g\",\"url\":\"https:\\\/\\\/secure.gravatar.com\\\/avatar\\\/2172498d4914b51e1d89a0f97957b035ac4938723a5cac208135d389b6972a6d?s=96&d=mm&r=g\",\"contentUrl\":\"https:\\\/\\\/secure.gravatar.com\\\/avatar\\\/2172498d4914b51e1d89a0f97957b035ac4938723a5cac208135d389b6972a6d?s=96&d=mm&r=g\",\"caption\":\"teste\"},\"url\":\"https:\\\/\\\/blogdofarnesio.com.br\\\/?author=3\"}]}<\/script>\n<!-- \/ Yoast SEO plugin. -->","yoast_head_json":{"title":"AMMA PREPARA PROGRAMA\u00c7\u00c3O PARA A SEMANA DO MEIO AMBIENTE - Blog do Farn\u00e9sio","robots":{"index":"index","follow":"follow","max-snippet":"max-snippet:-1","max-image-preview":"max-image-preview:large","max-video-preview":"max-video-preview:-1"},"canonical":"https:\/\/blogdofarnesio.com.br\/?p=85625","og_locale":"pt_BR","og_type":"article","og_title":"AMMA PREPARA PROGRAMA\u00c7\u00c3O PARA A SEMANA DO MEIO AMBIENTE - Blog do Farn\u00e9sio","og_description":"\u00c9 poss\u00edvel a humanidade se desenvolver sem destruir a natureza? Como manter os nossos mananciais limpos? O que podemos fazer para preservar nossa fauna e flora, t\u00edpicos e peculiares em cada regi\u00e3o do planeta? Essas e outras quest\u00f5es s\u00e3o bastante discutidas na atualidade, sobretudo durante a semana em que mundialmente \u00e9 celebrado o Dia do Meio Ambiente (05 de junho). Para promover uma reflex\u00e3o sobre a data, a Ag\u00eancia Municipal do Meio Ambiente (AMMA) prepara uma ampla programa\u00e7\u00e3o, que visa abranger p\u00fablicos de todas as idades. A id\u00e9ia \u00e9, sobretudo, chamar a aten\u00e7\u00e3o da sociedade para a import\u00e2ncia da\u00a0 promo\u00e7\u00e3o do desenvolvimento sustent\u00e1vel.","og_url":"https:\/\/blogdofarnesio.com.br\/?p=85625","og_site_name":"Blog do Farn\u00e9sio","article_publisher":"https:\/\/www.facebook.com\/BlogQuerSaberPolitica\/","article_published_time":"2014-05-30T17:23:13+00:00","author":"teste","twitter_card":"summary_large_image","twitter_misc":{"Escrito por":"teste","Est. tempo de leitura":"2 minutos"},"schema":{"@context":"https:\/\/schema.org","@graph":[{"@type":"Article","@id":"https:\/\/blogdofarnesio.com.br\/?p=85625#article","isPartOf":{"@id":"https:\/\/blogdofarnesio.com.br\/?p=85625"},"author":{"name":"teste","@id":"https:\/\/blogdofarnesio.com.br\/#\/schema\/person\/dd1bf5eba40b687199ba45ca6b97dff9"},"headline":"AMMA PREPARA PROGRAMA\u00c7\u00c3O PARA A SEMANA DO MEIO AMBIENTE","datePublished":"2014-05-30T17:23:13+00:00","mainEntityOfPage":{"@id":"https:\/\/blogdofarnesio.com.br\/?p=85625"},"wordCount":358,"commentCount":0,"publisher":{"@id":"https:\/\/blogdofarnesio.com.br\/#organization"},"articleSection":["Meio Ambiente"],"inLanguage":"pt-BR","potentialAction":[{"@type":"CommentAction","name":"Comment","target":["https:\/\/blogdofarnesio.com.br\/?p=85625#respond"]}]},{"@type":"WebPage","@id":"https:\/\/blogdofarnesio.com.br\/?p=85625","url":"https:\/\/blogdofarnesio.com.br\/?p=85625","name":"AMMA PREPARA PROGRAMA\u00c7\u00c3O PARA A SEMANA DO MEIO AMBIENTE - Blog do Farn\u00e9sio","isPartOf":{"@id":"https:\/\/blogdofarnesio.com.br\/#website"},"datePublished":"2014-05-30T17:23:13+00:00","breadcrumb":{"@id":"https:\/\/blogdofarnesio.com.br\/?p=85625#breadcrumb"},"inLanguage":"pt-BR","potentialAction":[{"@type":"ReadAction","target":["https:\/\/blogdofarnesio.com.br\/?p=85625"]}]},{"@type":"BreadcrumbList","@id":"https:\/\/blogdofarnesio.com.br\/?p=85625#breadcrumb","itemListElement":[{"@type":"ListItem","position":1,"name":"In\u00edcio","item":"https:\/\/blogdofarnesio.com.br\/"},{"@type":"ListItem","position":2,"name":"AMMA PREPARA PROGRAMA\u00c7\u00c3O PARA A SEMANA DO MEIO AMBIENTE"}]},{"@type":"WebSite","@id":"https:\/\/blogdofarnesio.com.br\/#website","url":"https:\/\/blogdofarnesio.com.br\/","name":"Blog do Farn\u00e9sio","description":"Quer Saber Pol\u00edtica?","publisher":{"@id":"https:\/\/blogdofarnesio.com.br\/#organization"},"potentialAction":[{"@type":"SearchAction","target":{"@type":"EntryPoint","urlTemplate":"https:\/\/blogdofarnesio.com.br\/?s={search_term_string}"},"query-input":{"@type":"PropertyValueSpecification","valueRequired":true,"valueName":"search_term_string"}}],"inLanguage":"pt-BR"},{"@type":"Organization","@id":"https:\/\/blogdofarnesio.com.br\/#organization","name":"Blog do Farn\u00e9sio","url":"https:\/\/blogdofarnesio.com.br\/","logo":{"@type":"ImageObject","inLanguage":"pt-BR","@id":"https:\/\/blogdofarnesio.com.br\/#\/schema\/logo\/image\/","url":"https:\/\/blogdofarnesio.com.br\/wp-content\/uploads\/2026\/03\/cropped-logo_new-1.png","contentUrl":"https:\/\/blogdofarnesio.com.br\/wp-content\/uploads\/2026\/03\/cropped-logo_new-1.png","width":881,"height":685,"caption":"Blog do Farn\u00e9sio"},"image":{"@id":"https:\/\/blogdofarnesio.com.br\/#\/schema\/logo\/image\/"},"sameAs":["https:\/\/www.facebook.com\/BlogQuerSaberPolitica\/"]},{"@type":"Person","@id":"https:\/\/blogdofarnesio.com.br\/#\/schema\/person\/dd1bf5eba40b687199ba45ca6b97dff9","name":"teste","image":{"@type":"ImageObject","inLanguage":"pt-BR","@id":"https:\/\/secure.gravatar.com\/avatar\/2172498d4914b51e1d89a0f97957b035ac4938723a5cac208135d389b6972a6d?s=96&d=mm&r=g","url":"https:\/\/secure.gravatar.com\/avatar\/2172498d4914b51e1d89a0f97957b035ac4938723a5cac208135d389b6972a6d?s=96&d=mm&r=g","contentUrl":"https:\/\/secure.gravatar.com\/avatar\/2172498d4914b51e1d89a0f97957b035ac4938723a5cac208135d389b6972a6d?s=96&d=mm&r=g","caption":"teste"},"url":"https:\/\/blogdofarnesio.com.br\/?author=3"}]}},"_links":{"self":[{"href":"https:\/\/blogdofarnesio.com.br\/index.php?rest_route=\/wp\/v2\/posts\/85625","targetHints":{"allow":["GET"]}}],"collection":[{"href":"https:\/\/blogdofarnesio.com.br\/index.php?rest_route=\/wp\/v2\/posts"}],"about":[{"href":"https:\/\/blogdofarnesio.com.br\/index.php?rest_route=\/wp\/v2\/types\/post"}],"author":[{"embeddable":true,"href":"https:\/\/blogdofarnesio.com.br\/index.php?rest_route=\/wp\/v2\/users\/3"}],"replies":[{"embeddable":true,"href":"https:\/\/blogdofarnesio.com.br\/index.php?rest_route=%2Fwp%2Fv2%2Fcomments&post=85625"}],"version-history":[{"count":0,"href":"https:\/\/blogdofarnesio.com.br\/index.php?rest_route=\/wp\/v2\/posts\/85625\/revisions"}],"wp:attachment":[{"href":"https:\/\/blogdofarnesio.com.br\/index.php?rest_route=%2Fwp%2Fv2%2Fmedia&parent=85625"}],"wp:term":[{"taxonomy":"category","embeddable":true,"href":"https:\/\/blogdofarnesio.com.br\/index.php?rest_route=%2Fwp%2Fv2%2Fcategories&post=85625"},{"taxonomy":"post_tag","embeddable":true,"href":"https:\/\/blogdofarnesio.com.br\/index.php?rest_route=%2Fwp%2Fv2%2Ftags&post=85625"}],"curies":[{"name":"wp","href":"https:\/\/api.w.org\/{rel}","templated":true}]}}