{"id":85309,"date":"2014-06-02T14:42:15","date_gmt":"2014-06-02T17:42:15","guid":{"rendered":"http:\/\/www.quersaberpolitica.com.br\/?p=85309"},"modified":"2014-06-02T11:05:29","modified_gmt":"2014-06-02T14:05:29","slug":"iptu-vencimento-da-cota-unica-e-primeira-parcela-em-junho","status":"publish","type":"post","link":"https:\/\/blogdofarnesio.com.br\/?p=85309","title":{"rendered":"VENCIMENTO DA COTA \u00daNICA E PRIMEIRA PARCELA DO IPTU SER\u00c1 DIA 10"},"content":{"rendered":"<p style=\"text-align: justify\"><a href=\"http:\/\/www.quersaberpolitica.com.br\/2016\/wp-content\/uploads\/2013\/01\/blogqspiptu0.jpg\"><img loading=\"lazy\" decoding=\"async\" class=\"aligncenter  wp-image-24756\" alt=\"blogqspiptu0\" src=\"http:\/\/www.quersaberpolitica.com.br\/2016\/wp-content\/uploads\/2013\/01\/blogqspiptu0.jpg\" width=\"419\" height=\"193\" srcset=\"https:\/\/blogdofarnesio.com.br\/wp-content\/uploads\/2013\/01\/blogqspiptu0.jpg 599w, https:\/\/blogdofarnesio.com.br\/wp-content\/uploads\/2013\/01\/blogqspiptu0-300x137.jpg 300w, https:\/\/blogdofarnesio.com.br\/wp-content\/uploads\/2013\/01\/blogqspiptu0-500x229.jpg 500w\" sizes=\"auto, (max-width: 419px) 100vw, 419px\" \/><\/a>A Secretaria de Fazenda do munic\u00edpio de Juazeiro comunica que o vencimento do IPTU exerc\u00edcio 2014 em conta \u00fanica se dar\u00e1 em 10 de junho pr\u00f3ximo. O contribuinte que desejar parcelar o imposto pode dividir em at\u00e9 seis vezes.<\/p>\n<p style=\"text-align: justify\">Os carn\u00eas dos im\u00f3veis edificados est\u00e3o sendo distribu\u00eddos e quem n\u00e3o receber o documento na resid\u00eancia &#8211; como tamb\u00e9m quem possui im\u00f3veis n\u00e3o edificados -, pode emitir pelo site da Prefeitura de Juazeiro no www.juazeiro.ba.gov.br, acessando o link CIDAD\u00c3O ou no SAM \u2013 Servi\u00e7o de Atendimento Municipal que fica no pr\u00e9dio da Secretaria de Fazenda, situada a Rua XV de Julho, n\u00ba 32 \u2013 Centro.<!--more--><\/p>\n<p style=\"text-align: justify\">Para quem estava adimplente em 31\/12\/2013, o desconto \u00e9 de 30% para pagamento em cota \u00fanica. Quem estava inadimplente nessa data e se regularizar at\u00e9 o dia 6\/06\/2014, ainda ter\u00e1 um desconto de 20% em cota \u00fanica. J\u00e1 para quem estiver inadimplente e quiser regularizar a divida em cota \u00fanica at\u00e9 a data do vencimento (10\/06\/2014), o desconto \u00e9 de 10%.<\/p>\n<p style=\"text-align: justify\">O contribuinte com d\u00edvidas tribut\u00e1rias vencidas at\u00e9 31\/12\/2012, poder\u00e1 se regularizar com desconto de at\u00e9 100% dos juros de mora e da multa. Isso at\u00e9 30 de junho. O secret\u00e1rio respons\u00e1vel, Raimundo Francisco Filho esclarece que esse desconto \u00e9 concedido pela lei do PROREF. &#8220;Todas as op\u00e7\u00f5es apresentadas visam exclusivamente facilitar a vida do contribuinte. Acreditamos que assim o cidad\u00e3o poder\u00e1 definir qual a melhor forma para se regularizar&#8221;, diz o secret\u00e1rio lembrando que os d\u00e9bitos n\u00e3o regularizados ser\u00e3o, por determina\u00e7\u00e3o legal, objeto de cobran\u00e7a extrajudicial e judicial.<\/p>\n","protected":false},"excerpt":{"rendered":"<p>A Secretaria de Fazenda do munic\u00edpio de Juazeiro comunica que o vencimento do IPTU exerc\u00edcio 2014 em conta \u00fanica se dar\u00e1 em 10 de junho pr\u00f3ximo. O contribuinte que desejar parcelar o imposto pode dividir em at\u00e9 seis vezes. Os carn\u00eas dos im\u00f3veis edificados est\u00e3o sendo distribu\u00eddos e quem n\u00e3o receber o documento na resid\u00eancia &#8211; como tamb\u00e9m quem possui im\u00f3veis n\u00e3o edificados -, pode emitir pelo site da Prefeitura de Juazeiro no www.juazeiro.ba.gov.br, acessando o link CIDAD\u00c3O ou no SAM \u2013 Servi\u00e7o de Atendimento Municipal que fica no pr\u00e9dio da Secretaria de Fazenda, situada a Rua XV de Julho, n\u00ba 32 \u2013 Centro.<\/p>\n","protected":false},"author":3,"featured_media":0,"comment_status":"open","ping_status":"open","sticky":false,"template":"","format":"standard","meta":{"_acf_changed":false,"footnotes":""},"categories":[20],"tags":[],"class_list":["post-85309","post","type-post","status-publish","format-standard","hentry","category-economia"],"acf":[],"yoast_head":"<!-- This site is optimized with the Yoast SEO plugin v27.4 - https:\/\/yoast.com\/product\/yoast-seo-wordpress\/ -->\n<title>VENCIMENTO DA COTA \u00daNICA E PRIMEIRA PARCELA DO IPTU SER\u00c1 DIA 10 - Blog do Farn\u00e9sio<\/title>\n<meta name=\"robots\" content=\"index, follow, max-snippet:-1, max-image-preview:large, max-video-preview:-1\" \/>\n<link rel=\"canonical\" href=\"https:\/\/blogdofarnesio.com.br\/?p=85309\" \/>\n<meta property=\"og:locale\" content=\"pt_BR\" \/>\n<meta property=\"og:type\" content=\"article\" \/>\n<meta property=\"og:title\" content=\"VENCIMENTO DA COTA \u00daNICA E PRIMEIRA PARCELA DO IPTU SER\u00c1 DIA 10 - Blog do Farn\u00e9sio\" \/>\n<meta property=\"og:description\" content=\"A Secretaria de Fazenda do munic\u00edpio de Juazeiro comunica que o vencimento do IPTU exerc\u00edcio 2014 em conta \u00fanica se dar\u00e1 em 10 de junho pr\u00f3ximo. O contribuinte que desejar parcelar o imposto pode dividir em at\u00e9 seis vezes. Os carn\u00eas dos im\u00f3veis edificados est\u00e3o sendo distribu\u00eddos e quem n\u00e3o receber o documento na resid\u00eancia &#8211; como tamb\u00e9m quem possui im\u00f3veis n\u00e3o edificados -, pode emitir pelo site da Prefeitura de Juazeiro no www.juazeiro.ba.gov.br, acessando o link CIDAD\u00c3O ou no SAM \u2013 Servi\u00e7o de Atendimento Municipal que fica no pr\u00e9dio da Secretaria de Fazenda, situada a Rua XV de Julho, n\u00ba 32 \u2013 Centro.\" \/>\n<meta property=\"og:url\" content=\"https:\/\/blogdofarnesio.com.br\/?p=85309\" \/>\n<meta property=\"og:site_name\" content=\"Blog do Farn\u00e9sio\" \/>\n<meta property=\"article:publisher\" content=\"https:\/\/www.facebook.com\/BlogQuerSaberPolitica\/\" \/>\n<meta property=\"article:published_time\" content=\"2014-06-02T17:42:15+00:00\" \/>\n<meta property=\"og:image\" content=\"http:\/\/www.quersaberpolitica.com.br\/2016\/wp-content\/uploads\/2013\/01\/blogqspiptu0.jpg\" \/>\n<meta name=\"author\" content=\"teste\" \/>\n<meta name=\"twitter:card\" content=\"summary_large_image\" \/>\n<meta name=\"twitter:label1\" content=\"Escrito por\" \/>\n\t<meta name=\"twitter:data1\" content=\"teste\" \/>\n\t<meta name=\"twitter:label2\" content=\"Est. tempo de leitura\" \/>\n\t<meta name=\"twitter:data2\" content=\"1 minuto\" \/>\n<script type=\"application\/ld+json\" class=\"yoast-schema-graph\">{\"@context\":\"https:\\\/\\\/schema.org\",\"@graph\":[{\"@type\":\"Article\",\"@id\":\"https:\\\/\\\/blogdofarnesio.com.br\\\/?p=85309#article\",\"isPartOf\":{\"@id\":\"https:\\\/\\\/blogdofarnesio.com.br\\\/?p=85309\"},\"author\":{\"name\":\"teste\",\"@id\":\"https:\\\/\\\/blogdofarnesio.com.br\\\/#\\\/schema\\\/person\\\/dd1bf5eba40b687199ba45ca6b97dff9\"},\"headline\":\"VENCIMENTO DA COTA \u00daNICA E PRIMEIRA PARCELA DO IPTU SER\u00c1 DIA 10\",\"datePublished\":\"2014-06-02T17:42:15+00:00\",\"mainEntityOfPage\":{\"@id\":\"https:\\\/\\\/blogdofarnesio.com.br\\\/?p=85309\"},\"wordCount\":278,\"commentCount\":0,\"publisher\":{\"@id\":\"https:\\\/\\\/blogdofarnesio.com.br\\\/#organization\"},\"image\":{\"@id\":\"https:\\\/\\\/blogdofarnesio.com.br\\\/?p=85309#primaryimage\"},\"thumbnailUrl\":\"http:\\\/\\\/www.quersaberpolitica.com.br\\\/2016\\\/wp-content\\\/uploads\\\/2013\\\/01\\\/blogqspiptu0.jpg\",\"articleSection\":[\"Economia\"],\"inLanguage\":\"pt-BR\",\"potentialAction\":[{\"@type\":\"CommentAction\",\"name\":\"Comment\",\"target\":[\"https:\\\/\\\/blogdofarnesio.com.br\\\/?p=85309#respond\"]}]},{\"@type\":\"WebPage\",\"@id\":\"https:\\\/\\\/blogdofarnesio.com.br\\\/?p=85309\",\"url\":\"https:\\\/\\\/blogdofarnesio.com.br\\\/?p=85309\",\"name\":\"VENCIMENTO DA COTA \u00daNICA E PRIMEIRA PARCELA DO IPTU SER\u00c1 DIA 10 - Blog do Farn\u00e9sio\",\"isPartOf\":{\"@id\":\"https:\\\/\\\/blogdofarnesio.com.br\\\/#website\"},\"primaryImageOfPage\":{\"@id\":\"https:\\\/\\\/blogdofarnesio.com.br\\\/?p=85309#primaryimage\"},\"image\":{\"@id\":\"https:\\\/\\\/blogdofarnesio.com.br\\\/?p=85309#primaryimage\"},\"thumbnailUrl\":\"http:\\\/\\\/www.quersaberpolitica.com.br\\\/2016\\\/wp-content\\\/uploads\\\/2013\\\/01\\\/blogqspiptu0.jpg\",\"datePublished\":\"2014-06-02T17:42:15+00:00\",\"breadcrumb\":{\"@id\":\"https:\\\/\\\/blogdofarnesio.com.br\\\/?p=85309#breadcrumb\"},\"inLanguage\":\"pt-BR\",\"potentialAction\":[{\"@type\":\"ReadAction\",\"target\":[\"https:\\\/\\\/blogdofarnesio.com.br\\\/?p=85309\"]}]},{\"@type\":\"ImageObject\",\"inLanguage\":\"pt-BR\",\"@id\":\"https:\\\/\\\/blogdofarnesio.com.br\\\/?p=85309#primaryimage\",\"url\":\"http:\\\/\\\/www.quersaberpolitica.com.br\\\/2016\\\/wp-content\\\/uploads\\\/2013\\\/01\\\/blogqspiptu0.jpg\",\"contentUrl\":\"http:\\\/\\\/www.quersaberpolitica.com.br\\\/2016\\\/wp-content\\\/uploads\\\/2013\\\/01\\\/blogqspiptu0.jpg\"},{\"@type\":\"BreadcrumbList\",\"@id\":\"https:\\\/\\\/blogdofarnesio.com.br\\\/?p=85309#breadcrumb\",\"itemListElement\":[{\"@type\":\"ListItem\",\"position\":1,\"name\":\"In\u00edcio\",\"item\":\"https:\\\/\\\/blogdofarnesio.com.br\\\/\"},{\"@type\":\"ListItem\",\"position\":2,\"name\":\"VENCIMENTO DA COTA \u00daNICA E PRIMEIRA PARCELA DO IPTU SER\u00c1 DIA 10\"}]},{\"@type\":\"WebSite\",\"@id\":\"https:\\\/\\\/blogdofarnesio.com.br\\\/#website\",\"url\":\"https:\\\/\\\/blogdofarnesio.com.br\\\/\",\"name\":\"Blog do Farn\u00e9sio\",\"description\":\"Quer Saber Pol\u00edtica?\",\"publisher\":{\"@id\":\"https:\\\/\\\/blogdofarnesio.com.br\\\/#organization\"},\"potentialAction\":[{\"@type\":\"SearchAction\",\"target\":{\"@type\":\"EntryPoint\",\"urlTemplate\":\"https:\\\/\\\/blogdofarnesio.com.br\\\/?s={search_term_string}\"},\"query-input\":{\"@type\":\"PropertyValueSpecification\",\"valueRequired\":true,\"valueName\":\"search_term_string\"}}],\"inLanguage\":\"pt-BR\"},{\"@type\":\"Organization\",\"@id\":\"https:\\\/\\\/blogdofarnesio.com.br\\\/#organization\",\"name\":\"Blog do Farn\u00e9sio\",\"url\":\"https:\\\/\\\/blogdofarnesio.com.br\\\/\",\"logo\":{\"@type\":\"ImageObject\",\"inLanguage\":\"pt-BR\",\"@id\":\"https:\\\/\\\/blogdofarnesio.com.br\\\/#\\\/schema\\\/logo\\\/image\\\/\",\"url\":\"https:\\\/\\\/blogdofarnesio.com.br\\\/wp-content\\\/uploads\\\/2026\\\/03\\\/cropped-logo_new-1.png\",\"contentUrl\":\"https:\\\/\\\/blogdofarnesio.com.br\\\/wp-content\\\/uploads\\\/2026\\\/03\\\/cropped-logo_new-1.png\",\"width\":881,\"height\":685,\"caption\":\"Blog do Farn\u00e9sio\"},\"image\":{\"@id\":\"https:\\\/\\\/blogdofarnesio.com.br\\\/#\\\/schema\\\/logo\\\/image\\\/\"},\"sameAs\":[\"https:\\\/\\\/www.facebook.com\\\/BlogQuerSaberPolitica\\\/\"]},{\"@type\":\"Person\",\"@id\":\"https:\\\/\\\/blogdofarnesio.com.br\\\/#\\\/schema\\\/person\\\/dd1bf5eba40b687199ba45ca6b97dff9\",\"name\":\"teste\",\"image\":{\"@type\":\"ImageObject\",\"inLanguage\":\"pt-BR\",\"@id\":\"https:\\\/\\\/secure.gravatar.com\\\/avatar\\\/2172498d4914b51e1d89a0f97957b035ac4938723a5cac208135d389b6972a6d?s=96&d=mm&r=g\",\"url\":\"https:\\\/\\\/secure.gravatar.com\\\/avatar\\\/2172498d4914b51e1d89a0f97957b035ac4938723a5cac208135d389b6972a6d?s=96&d=mm&r=g\",\"contentUrl\":\"https:\\\/\\\/secure.gravatar.com\\\/avatar\\\/2172498d4914b51e1d89a0f97957b035ac4938723a5cac208135d389b6972a6d?s=96&d=mm&r=g\",\"caption\":\"teste\"},\"url\":\"https:\\\/\\\/blogdofarnesio.com.br\\\/?author=3\"}]}<\/script>\n<!-- \/ Yoast SEO plugin. -->","yoast_head_json":{"title":"VENCIMENTO DA COTA \u00daNICA E PRIMEIRA PARCELA DO IPTU SER\u00c1 DIA 10 - Blog do Farn\u00e9sio","robots":{"index":"index","follow":"follow","max-snippet":"max-snippet:-1","max-image-preview":"max-image-preview:large","max-video-preview":"max-video-preview:-1"},"canonical":"https:\/\/blogdofarnesio.com.br\/?p=85309","og_locale":"pt_BR","og_type":"article","og_title":"VENCIMENTO DA COTA \u00daNICA E PRIMEIRA PARCELA DO IPTU SER\u00c1 DIA 10 - Blog do Farn\u00e9sio","og_description":"A Secretaria de Fazenda do munic\u00edpio de Juazeiro comunica que o vencimento do IPTU exerc\u00edcio 2014 em conta \u00fanica se dar\u00e1 em 10 de junho pr\u00f3ximo. O contribuinte que desejar parcelar o imposto pode dividir em at\u00e9 seis vezes. Os carn\u00eas dos im\u00f3veis edificados est\u00e3o sendo distribu\u00eddos e quem n\u00e3o receber o documento na resid\u00eancia &#8211; como tamb\u00e9m quem possui im\u00f3veis n\u00e3o edificados -, pode emitir pelo site da Prefeitura de Juazeiro no www.juazeiro.ba.gov.br, acessando o link CIDAD\u00c3O ou no SAM \u2013 Servi\u00e7o de Atendimento Municipal que fica no pr\u00e9dio da Secretaria de Fazenda, situada a Rua XV de Julho, n\u00ba 32 \u2013 Centro.","og_url":"https:\/\/blogdofarnesio.com.br\/?p=85309","og_site_name":"Blog do Farn\u00e9sio","article_publisher":"https:\/\/www.facebook.com\/BlogQuerSaberPolitica\/","article_published_time":"2014-06-02T17:42:15+00:00","og_image":[{"url":"http:\/\/www.quersaberpolitica.com.br\/2016\/wp-content\/uploads\/2013\/01\/blogqspiptu0.jpg","type":"","width":"","height":""}],"author":"teste","twitter_card":"summary_large_image","twitter_misc":{"Escrito por":"teste","Est. tempo de leitura":"1 minuto"},"schema":{"@context":"https:\/\/schema.org","@graph":[{"@type":"Article","@id":"https:\/\/blogdofarnesio.com.br\/?p=85309#article","isPartOf":{"@id":"https:\/\/blogdofarnesio.com.br\/?p=85309"},"author":{"name":"teste","@id":"https:\/\/blogdofarnesio.com.br\/#\/schema\/person\/dd1bf5eba40b687199ba45ca6b97dff9"},"headline":"VENCIMENTO DA COTA \u00daNICA E PRIMEIRA PARCELA DO IPTU SER\u00c1 DIA 10","datePublished":"2014-06-02T17:42:15+00:00","mainEntityOfPage":{"@id":"https:\/\/blogdofarnesio.com.br\/?p=85309"},"wordCount":278,"commentCount":0,"publisher":{"@id":"https:\/\/blogdofarnesio.com.br\/#organization"},"image":{"@id":"https:\/\/blogdofarnesio.com.br\/?p=85309#primaryimage"},"thumbnailUrl":"http:\/\/www.quersaberpolitica.com.br\/2016\/wp-content\/uploads\/2013\/01\/blogqspiptu0.jpg","articleSection":["Economia"],"inLanguage":"pt-BR","potentialAction":[{"@type":"CommentAction","name":"Comment","target":["https:\/\/blogdofarnesio.com.br\/?p=85309#respond"]}]},{"@type":"WebPage","@id":"https:\/\/blogdofarnesio.com.br\/?p=85309","url":"https:\/\/blogdofarnesio.com.br\/?p=85309","name":"VENCIMENTO DA COTA \u00daNICA E PRIMEIRA PARCELA DO IPTU SER\u00c1 DIA 10 - Blog do Farn\u00e9sio","isPartOf":{"@id":"https:\/\/blogdofarnesio.com.br\/#website"},"primaryImageOfPage":{"@id":"https:\/\/blogdofarnesio.com.br\/?p=85309#primaryimage"},"image":{"@id":"https:\/\/blogdofarnesio.com.br\/?p=85309#primaryimage"},"thumbnailUrl":"http:\/\/www.quersaberpolitica.com.br\/2016\/wp-content\/uploads\/2013\/01\/blogqspiptu0.jpg","datePublished":"2014-06-02T17:42:15+00:00","breadcrumb":{"@id":"https:\/\/blogdofarnesio.com.br\/?p=85309#breadcrumb"},"inLanguage":"pt-BR","potentialAction":[{"@type":"ReadAction","target":["https:\/\/blogdofarnesio.com.br\/?p=85309"]}]},{"@type":"ImageObject","inLanguage":"pt-BR","@id":"https:\/\/blogdofarnesio.com.br\/?p=85309#primaryimage","url":"http:\/\/www.quersaberpolitica.com.br\/2016\/wp-content\/uploads\/2013\/01\/blogqspiptu0.jpg","contentUrl":"http:\/\/www.quersaberpolitica.com.br\/2016\/wp-content\/uploads\/2013\/01\/blogqspiptu0.jpg"},{"@type":"BreadcrumbList","@id":"https:\/\/blogdofarnesio.com.br\/?p=85309#breadcrumb","itemListElement":[{"@type":"ListItem","position":1,"name":"In\u00edcio","item":"https:\/\/blogdofarnesio.com.br\/"},{"@type":"ListItem","position":2,"name":"VENCIMENTO DA COTA \u00daNICA E PRIMEIRA PARCELA DO IPTU SER\u00c1 DIA 10"}]},{"@type":"WebSite","@id":"https:\/\/blogdofarnesio.com.br\/#website","url":"https:\/\/blogdofarnesio.com.br\/","name":"Blog do Farn\u00e9sio","description":"Quer Saber Pol\u00edtica?","publisher":{"@id":"https:\/\/blogdofarnesio.com.br\/#organization"},"potentialAction":[{"@type":"SearchAction","target":{"@type":"EntryPoint","urlTemplate":"https:\/\/blogdofarnesio.com.br\/?s={search_term_string}"},"query-input":{"@type":"PropertyValueSpecification","valueRequired":true,"valueName":"search_term_string"}}],"inLanguage":"pt-BR"},{"@type":"Organization","@id":"https:\/\/blogdofarnesio.com.br\/#organization","name":"Blog do Farn\u00e9sio","url":"https:\/\/blogdofarnesio.com.br\/","logo":{"@type":"ImageObject","inLanguage":"pt-BR","@id":"https:\/\/blogdofarnesio.com.br\/#\/schema\/logo\/image\/","url":"https:\/\/blogdofarnesio.com.br\/wp-content\/uploads\/2026\/03\/cropped-logo_new-1.png","contentUrl":"https:\/\/blogdofarnesio.com.br\/wp-content\/uploads\/2026\/03\/cropped-logo_new-1.png","width":881,"height":685,"caption":"Blog do Farn\u00e9sio"},"image":{"@id":"https:\/\/blogdofarnesio.com.br\/#\/schema\/logo\/image\/"},"sameAs":["https:\/\/www.facebook.com\/BlogQuerSaberPolitica\/"]},{"@type":"Person","@id":"https:\/\/blogdofarnesio.com.br\/#\/schema\/person\/dd1bf5eba40b687199ba45ca6b97dff9","name":"teste","image":{"@type":"ImageObject","inLanguage":"pt-BR","@id":"https:\/\/secure.gravatar.com\/avatar\/2172498d4914b51e1d89a0f97957b035ac4938723a5cac208135d389b6972a6d?s=96&d=mm&r=g","url":"https:\/\/secure.gravatar.com\/avatar\/2172498d4914b51e1d89a0f97957b035ac4938723a5cac208135d389b6972a6d?s=96&d=mm&r=g","contentUrl":"https:\/\/secure.gravatar.com\/avatar\/2172498d4914b51e1d89a0f97957b035ac4938723a5cac208135d389b6972a6d?s=96&d=mm&r=g","caption":"teste"},"url":"https:\/\/blogdofarnesio.com.br\/?author=3"}]}},"_links":{"self":[{"href":"https:\/\/blogdofarnesio.com.br\/index.php?rest_route=\/wp\/v2\/posts\/85309","targetHints":{"allow":["GET"]}}],"collection":[{"href":"https:\/\/blogdofarnesio.com.br\/index.php?rest_route=\/wp\/v2\/posts"}],"about":[{"href":"https:\/\/blogdofarnesio.com.br\/index.php?rest_route=\/wp\/v2\/types\/post"}],"author":[{"embeddable":true,"href":"https:\/\/blogdofarnesio.com.br\/index.php?rest_route=\/wp\/v2\/users\/3"}],"replies":[{"embeddable":true,"href":"https:\/\/blogdofarnesio.com.br\/index.php?rest_route=%2Fwp%2Fv2%2Fcomments&post=85309"}],"version-history":[{"count":0,"href":"https:\/\/blogdofarnesio.com.br\/index.php?rest_route=\/wp\/v2\/posts\/85309\/revisions"}],"wp:attachment":[{"href":"https:\/\/blogdofarnesio.com.br\/index.php?rest_route=%2Fwp%2Fv2%2Fmedia&parent=85309"}],"wp:term":[{"taxonomy":"category","embeddable":true,"href":"https:\/\/blogdofarnesio.com.br\/index.php?rest_route=%2Fwp%2Fv2%2Fcategories&post=85309"},{"taxonomy":"post_tag","embeddable":true,"href":"https:\/\/blogdofarnesio.com.br\/index.php?rest_route=%2Fwp%2Fv2%2Ftags&post=85309"}],"curies":[{"name":"wp","href":"https:\/\/api.w.org\/{rel}","templated":true}]}}