{"id":85032,"date":"2014-05-26T10:19:42","date_gmt":"2014-05-26T13:19:42","guid":{"rendered":"http:\/\/www.quersaberpolitica.com.br\/?p=85032"},"modified":"2014-05-26T12:20:50","modified_gmt":"2014-05-26T15:20:50","slug":"diretora-do-hospital-da-crianca-em-juazeiro-ressalta-que-o-hospital-esta-com-funcionamento-adequado-para-atender-a-populacao","status":"publish","type":"post","link":"https:\/\/blogdofarnesio.com.br\/?p=85032","title":{"rendered":"DIRETORA DO HOSPITAL DA CRIAN\u00c7A RESSALTA QUE &#8220;A UNIDADE EST\u00c1 ATENDENDO ADEQUADAMENTE A POPULA\u00c7\u00c3O&#8221;"},"content":{"rendered":"<p style=\"text-align: justify\"><a href=\"http:\/\/www.quersaberpolitica.com.br\/2016\/wp-content\/uploads\/2014\/05\/blogqspfabiolaribeirodirmaternidade.jpg\"><img loading=\"lazy\" decoding=\"async\" class=\"aligncenter size-full wp-image-85019\" alt=\"blogqspfabiolaribeirodirmaternidade\" src=\"http:\/\/www.quersaberpolitica.com.br\/2016\/wp-content\/uploads\/2014\/05\/blogqspfabiolaribeirodirmaternidade.jpg\" width=\"448\" height=\"328\" srcset=\"https:\/\/blogdofarnesio.com.br\/wp-content\/uploads\/2014\/05\/blogqspfabiolaribeirodirmaternidade.jpg 448w, https:\/\/blogdofarnesio.com.br\/wp-content\/uploads\/2014\/05\/blogqspfabiolaribeirodirmaternidade-300x219.jpg 300w, https:\/\/blogdofarnesio.com.br\/wp-content\/uploads\/2014\/05\/blogqspfabiolaribeirodirmaternidade-409x300.jpg 409w\" sizes=\"auto, (max-width: 448px) 100vw, 448px\" \/><\/a>Nesta segunda-feira (26) a \u00a0diretora-m\u00e9dica do Hospital da Crian\u00e7a de Juazeiro, Fab\u00edola Ribeiro deu entrevista no programa \u2018Bastidores da Not\u00edcia\u2019, onde discorreu sobre a inaugura\u00e7\u00e3o do novo ponto de atendimento. A diretora refor\u00e7ou que a iniciativa de unir a maternidade ao hospital em um mesmo pr\u00e9dio foi feita para atender melhor a popula\u00e7\u00e3o juazeirense e ressaltou que as novas instala\u00e7\u00f5es j\u00e1 est\u00e3o prontas em funcionamento adequado para receber seus pacientes.<\/p>\n<p style=\"text-align: justify\">Em rela\u00e7\u00e3o ao projeto de assist\u00eancia e incentivo ao parto normal a m\u00e9dica destacou que a iniciativa \u00e9 uma forma de utilizar as antigas t\u00e9cnicas usadas pelas parteiras nas d\u00e9cadas anteriores como complemento para as novas tecnologias a fim de melhorar a realidade das m\u00e3es no momento do nascimento da crian\u00e7a. \u201cA assist\u00eancia ao parto n\u00e3o \u00e9 para voltar ao passado, \u00e9 para ajudar a retornar a naturalidade do procedimento\u201d, garantiu.<!--more--><\/p>\n<p style=\"text-align: justify\">Fab\u00edola Ribeiro alerta que as gestantes devem ter consci\u00eancia da import\u00e2ncia da pr\u00e1tica de exerc\u00edcios f\u00edsicos apropriados durante a gravidez e manter os cuidados ao dirigir, e de prefer\u00eancia evitar a condu\u00e7\u00e3o de motocicletas, principalmente em casos de risco. A m\u00e9dica garante que as mulheres podem continuar suas atividades normais durante a gesta\u00e7\u00e3o, caso n\u00e3o tenham nenhuma restri\u00e7\u00e3o previamente feita por um profissional da \u00e1rea.<\/p>\n","protected":false},"excerpt":{"rendered":"<p>Nesta segunda-feira (26) a \u00a0diretora-m\u00e9dica do Hospital da Crian\u00e7a de Juazeiro, Fab\u00edola Ribeiro deu entrevista no programa \u2018Bastidores da Not\u00edcia\u2019, onde discorreu sobre a inaugura\u00e7\u00e3o do novo ponto de atendimento. A diretora refor\u00e7ou que a iniciativa de unir a maternidade ao hospital em um mesmo pr\u00e9dio foi feita para atender melhor a popula\u00e7\u00e3o juazeirense e ressaltou que as novas instala\u00e7\u00f5es j\u00e1 est\u00e3o prontas em funcionamento adequado para receber seus pacientes. Em rela\u00e7\u00e3o ao projeto de assist\u00eancia e incentivo ao parto normal a m\u00e9dica destacou que a iniciativa \u00e9 uma forma de utilizar as antigas t\u00e9cnicas usadas pelas parteiras nas d\u00e9cadas anteriores como complemento para as novas tecnologias a fim de melhorar a realidade das m\u00e3es no momento do nascimento da&hellip; <\/p>\n","protected":false},"author":3,"featured_media":0,"comment_status":"open","ping_status":"open","sticky":false,"template":"","format":"standard","meta":{"_acf_changed":false,"footnotes":""},"categories":[4],"tags":[],"class_list":["post-85032","post","type-post","status-publish","format-standard","hentry","category-saude"],"acf":[],"yoast_head":"<!-- This site is optimized with the Yoast SEO plugin v27.4 - https:\/\/yoast.com\/product\/yoast-seo-wordpress\/ -->\n<title>DIRETORA DO HOSPITAL DA CRIAN\u00c7A RESSALTA QUE &quot;A UNIDADE EST\u00c1 ATENDENDO ADEQUADAMENTE A POPULA\u00c7\u00c3O&quot; - Blog do Farn\u00e9sio<\/title>\n<meta name=\"robots\" content=\"index, follow, max-snippet:-1, max-image-preview:large, max-video-preview:-1\" \/>\n<link rel=\"canonical\" href=\"https:\/\/blogdofarnesio.com.br\/?p=85032\" \/>\n<meta property=\"og:locale\" content=\"pt_BR\" \/>\n<meta property=\"og:type\" content=\"article\" \/>\n<meta property=\"og:title\" content=\"DIRETORA DO HOSPITAL DA CRIAN\u00c7A RESSALTA QUE &quot;A UNIDADE EST\u00c1 ATENDENDO ADEQUADAMENTE A POPULA\u00c7\u00c3O&quot; - Blog do Farn\u00e9sio\" \/>\n<meta property=\"og:description\" content=\"Nesta segunda-feira (26) a \u00a0diretora-m\u00e9dica do Hospital da Crian\u00e7a de Juazeiro, Fab\u00edola Ribeiro deu entrevista no programa \u2018Bastidores da Not\u00edcia\u2019, onde discorreu sobre a inaugura\u00e7\u00e3o do novo ponto de atendimento. A diretora refor\u00e7ou que a iniciativa de unir a maternidade ao hospital em um mesmo pr\u00e9dio foi feita para atender melhor a popula\u00e7\u00e3o juazeirense e ressaltou que as novas instala\u00e7\u00f5es j\u00e1 est\u00e3o prontas em funcionamento adequado para receber seus pacientes. Em rela\u00e7\u00e3o ao projeto de assist\u00eancia e incentivo ao parto normal a m\u00e9dica destacou que a iniciativa \u00e9 uma forma de utilizar as antigas t\u00e9cnicas usadas pelas parteiras nas d\u00e9cadas anteriores como complemento para as novas tecnologias a fim de melhorar a realidade das m\u00e3es no momento do nascimento da&hellip;\" \/>\n<meta property=\"og:url\" content=\"https:\/\/blogdofarnesio.com.br\/?p=85032\" \/>\n<meta property=\"og:site_name\" content=\"Blog do Farn\u00e9sio\" \/>\n<meta property=\"article:publisher\" content=\"https:\/\/www.facebook.com\/BlogQuerSaberPolitica\/\" \/>\n<meta property=\"article:published_time\" content=\"2014-05-26T13:19:42+00:00\" \/>\n<meta property=\"article:modified_time\" content=\"2014-05-26T15:20:50+00:00\" \/>\n<meta property=\"og:image\" content=\"http:\/\/www.quersaberpolitica.com.br\/2016\/wp-content\/uploads\/2014\/05\/blogqspfabiolaribeirodirmaternidade.jpg\" \/>\n<meta name=\"author\" content=\"teste\" \/>\n<meta name=\"twitter:card\" content=\"summary_large_image\" \/>\n<meta name=\"twitter:label1\" content=\"Escrito por\" \/>\n\t<meta name=\"twitter:data1\" content=\"teste\" \/>\n\t<meta name=\"twitter:label2\" content=\"Est. tempo de leitura\" \/>\n\t<meta name=\"twitter:data2\" content=\"1 minuto\" \/>\n<script type=\"application\/ld+json\" class=\"yoast-schema-graph\">{\"@context\":\"https:\\\/\\\/schema.org\",\"@graph\":[{\"@type\":\"Article\",\"@id\":\"https:\\\/\\\/blogdofarnesio.com.br\\\/?p=85032#article\",\"isPartOf\":{\"@id\":\"https:\\\/\\\/blogdofarnesio.com.br\\\/?p=85032\"},\"author\":{\"name\":\"teste\",\"@id\":\"https:\\\/\\\/blogdofarnesio.com.br\\\/#\\\/schema\\\/person\\\/dd1bf5eba40b687199ba45ca6b97dff9\"},\"headline\":\"DIRETORA DO HOSPITAL DA CRIAN\u00c7A RESSALTA QUE &#8220;A UNIDADE EST\u00c1 ATENDENDO ADEQUADAMENTE A POPULA\u00c7\u00c3O&#8221;\",\"datePublished\":\"2014-05-26T13:19:42+00:00\",\"dateModified\":\"2014-05-26T15:20:50+00:00\",\"mainEntityOfPage\":{\"@id\":\"https:\\\/\\\/blogdofarnesio.com.br\\\/?p=85032\"},\"wordCount\":249,\"commentCount\":0,\"publisher\":{\"@id\":\"https:\\\/\\\/blogdofarnesio.com.br\\\/#organization\"},\"image\":{\"@id\":\"https:\\\/\\\/blogdofarnesio.com.br\\\/?p=85032#primaryimage\"},\"thumbnailUrl\":\"http:\\\/\\\/www.quersaberpolitica.com.br\\\/2016\\\/wp-content\\\/uploads\\\/2014\\\/05\\\/blogqspfabiolaribeirodirmaternidade.jpg\",\"articleSection\":[\"Sa\u00fade\"],\"inLanguage\":\"pt-BR\",\"potentialAction\":[{\"@type\":\"CommentAction\",\"name\":\"Comment\",\"target\":[\"https:\\\/\\\/blogdofarnesio.com.br\\\/?p=85032#respond\"]}]},{\"@type\":\"WebPage\",\"@id\":\"https:\\\/\\\/blogdofarnesio.com.br\\\/?p=85032\",\"url\":\"https:\\\/\\\/blogdofarnesio.com.br\\\/?p=85032\",\"name\":\"DIRETORA DO HOSPITAL DA CRIAN\u00c7A RESSALTA QUE \\\"A UNIDADE EST\u00c1 ATENDENDO ADEQUADAMENTE A POPULA\u00c7\u00c3O\\\" - Blog do Farn\u00e9sio\",\"isPartOf\":{\"@id\":\"https:\\\/\\\/blogdofarnesio.com.br\\\/#website\"},\"primaryImageOfPage\":{\"@id\":\"https:\\\/\\\/blogdofarnesio.com.br\\\/?p=85032#primaryimage\"},\"image\":{\"@id\":\"https:\\\/\\\/blogdofarnesio.com.br\\\/?p=85032#primaryimage\"},\"thumbnailUrl\":\"http:\\\/\\\/www.quersaberpolitica.com.br\\\/2016\\\/wp-content\\\/uploads\\\/2014\\\/05\\\/blogqspfabiolaribeirodirmaternidade.jpg\",\"datePublished\":\"2014-05-26T13:19:42+00:00\",\"dateModified\":\"2014-05-26T15:20:50+00:00\",\"breadcrumb\":{\"@id\":\"https:\\\/\\\/blogdofarnesio.com.br\\\/?p=85032#breadcrumb\"},\"inLanguage\":\"pt-BR\",\"potentialAction\":[{\"@type\":\"ReadAction\",\"target\":[\"https:\\\/\\\/blogdofarnesio.com.br\\\/?p=85032\"]}]},{\"@type\":\"ImageObject\",\"inLanguage\":\"pt-BR\",\"@id\":\"https:\\\/\\\/blogdofarnesio.com.br\\\/?p=85032#primaryimage\",\"url\":\"http:\\\/\\\/www.quersaberpolitica.com.br\\\/2016\\\/wp-content\\\/uploads\\\/2014\\\/05\\\/blogqspfabiolaribeirodirmaternidade.jpg\",\"contentUrl\":\"http:\\\/\\\/www.quersaberpolitica.com.br\\\/2016\\\/wp-content\\\/uploads\\\/2014\\\/05\\\/blogqspfabiolaribeirodirmaternidade.jpg\"},{\"@type\":\"BreadcrumbList\",\"@id\":\"https:\\\/\\\/blogdofarnesio.com.br\\\/?p=85032#breadcrumb\",\"itemListElement\":[{\"@type\":\"ListItem\",\"position\":1,\"name\":\"In\u00edcio\",\"item\":\"https:\\\/\\\/blogdofarnesio.com.br\\\/\"},{\"@type\":\"ListItem\",\"position\":2,\"name\":\"DIRETORA DO HOSPITAL DA CRIAN\u00c7A RESSALTA QUE &#8220;A UNIDADE EST\u00c1 ATENDENDO ADEQUADAMENTE A POPULA\u00c7\u00c3O&#8221;\"}]},{\"@type\":\"WebSite\",\"@id\":\"https:\\\/\\\/blogdofarnesio.com.br\\\/#website\",\"url\":\"https:\\\/\\\/blogdofarnesio.com.br\\\/\",\"name\":\"Blog do Farn\u00e9sio\",\"description\":\"Quer Saber Pol\u00edtica?\",\"publisher\":{\"@id\":\"https:\\\/\\\/blogdofarnesio.com.br\\\/#organization\"},\"potentialAction\":[{\"@type\":\"SearchAction\",\"target\":{\"@type\":\"EntryPoint\",\"urlTemplate\":\"https:\\\/\\\/blogdofarnesio.com.br\\\/?s={search_term_string}\"},\"query-input\":{\"@type\":\"PropertyValueSpecification\",\"valueRequired\":true,\"valueName\":\"search_term_string\"}}],\"inLanguage\":\"pt-BR\"},{\"@type\":\"Organization\",\"@id\":\"https:\\\/\\\/blogdofarnesio.com.br\\\/#organization\",\"name\":\"Blog do Farn\u00e9sio\",\"url\":\"https:\\\/\\\/blogdofarnesio.com.br\\\/\",\"logo\":{\"@type\":\"ImageObject\",\"inLanguage\":\"pt-BR\",\"@id\":\"https:\\\/\\\/blogdofarnesio.com.br\\\/#\\\/schema\\\/logo\\\/image\\\/\",\"url\":\"https:\\\/\\\/blogdofarnesio.com.br\\\/wp-content\\\/uploads\\\/2026\\\/03\\\/cropped-logo_new-1.png\",\"contentUrl\":\"https:\\\/\\\/blogdofarnesio.com.br\\\/wp-content\\\/uploads\\\/2026\\\/03\\\/cropped-logo_new-1.png\",\"width\":881,\"height\":685,\"caption\":\"Blog do Farn\u00e9sio\"},\"image\":{\"@id\":\"https:\\\/\\\/blogdofarnesio.com.br\\\/#\\\/schema\\\/logo\\\/image\\\/\"},\"sameAs\":[\"https:\\\/\\\/www.facebook.com\\\/BlogQuerSaberPolitica\\\/\"]},{\"@type\":\"Person\",\"@id\":\"https:\\\/\\\/blogdofarnesio.com.br\\\/#\\\/schema\\\/person\\\/dd1bf5eba40b687199ba45ca6b97dff9\",\"name\":\"teste\",\"image\":{\"@type\":\"ImageObject\",\"inLanguage\":\"pt-BR\",\"@id\":\"https:\\\/\\\/secure.gravatar.com\\\/avatar\\\/2172498d4914b51e1d89a0f97957b035ac4938723a5cac208135d389b6972a6d?s=96&d=mm&r=g\",\"url\":\"https:\\\/\\\/secure.gravatar.com\\\/avatar\\\/2172498d4914b51e1d89a0f97957b035ac4938723a5cac208135d389b6972a6d?s=96&d=mm&r=g\",\"contentUrl\":\"https:\\\/\\\/secure.gravatar.com\\\/avatar\\\/2172498d4914b51e1d89a0f97957b035ac4938723a5cac208135d389b6972a6d?s=96&d=mm&r=g\",\"caption\":\"teste\"},\"url\":\"https:\\\/\\\/blogdofarnesio.com.br\\\/?author=3\"}]}<\/script>\n<!-- \/ Yoast SEO plugin. -->","yoast_head_json":{"title":"DIRETORA DO HOSPITAL DA CRIAN\u00c7A RESSALTA QUE \"A UNIDADE EST\u00c1 ATENDENDO ADEQUADAMENTE A POPULA\u00c7\u00c3O\" - Blog do Farn\u00e9sio","robots":{"index":"index","follow":"follow","max-snippet":"max-snippet:-1","max-image-preview":"max-image-preview:large","max-video-preview":"max-video-preview:-1"},"canonical":"https:\/\/blogdofarnesio.com.br\/?p=85032","og_locale":"pt_BR","og_type":"article","og_title":"DIRETORA DO HOSPITAL DA CRIAN\u00c7A RESSALTA QUE \"A UNIDADE EST\u00c1 ATENDENDO ADEQUADAMENTE A POPULA\u00c7\u00c3O\" - Blog do Farn\u00e9sio","og_description":"Nesta segunda-feira (26) a \u00a0diretora-m\u00e9dica do Hospital da Crian\u00e7a de Juazeiro, Fab\u00edola Ribeiro deu entrevista no programa \u2018Bastidores da Not\u00edcia\u2019, onde discorreu sobre a inaugura\u00e7\u00e3o do novo ponto de atendimento. A diretora refor\u00e7ou que a iniciativa de unir a maternidade ao hospital em um mesmo pr\u00e9dio foi feita para atender melhor a popula\u00e7\u00e3o juazeirense e ressaltou que as novas instala\u00e7\u00f5es j\u00e1 est\u00e3o prontas em funcionamento adequado para receber seus pacientes. Em rela\u00e7\u00e3o ao projeto de assist\u00eancia e incentivo ao parto normal a m\u00e9dica destacou que a iniciativa \u00e9 uma forma de utilizar as antigas t\u00e9cnicas usadas pelas parteiras nas d\u00e9cadas anteriores como complemento para as novas tecnologias a fim de melhorar a realidade das m\u00e3es no momento do nascimento da&hellip;","og_url":"https:\/\/blogdofarnesio.com.br\/?p=85032","og_site_name":"Blog do Farn\u00e9sio","article_publisher":"https:\/\/www.facebook.com\/BlogQuerSaberPolitica\/","article_published_time":"2014-05-26T13:19:42+00:00","article_modified_time":"2014-05-26T15:20:50+00:00","og_image":[{"url":"http:\/\/www.quersaberpolitica.com.br\/2016\/wp-content\/uploads\/2014\/05\/blogqspfabiolaribeirodirmaternidade.jpg","type":"","width":"","height":""}],"author":"teste","twitter_card":"summary_large_image","twitter_misc":{"Escrito por":"teste","Est. tempo de leitura":"1 minuto"},"schema":{"@context":"https:\/\/schema.org","@graph":[{"@type":"Article","@id":"https:\/\/blogdofarnesio.com.br\/?p=85032#article","isPartOf":{"@id":"https:\/\/blogdofarnesio.com.br\/?p=85032"},"author":{"name":"teste","@id":"https:\/\/blogdofarnesio.com.br\/#\/schema\/person\/dd1bf5eba40b687199ba45ca6b97dff9"},"headline":"DIRETORA DO HOSPITAL DA CRIAN\u00c7A RESSALTA QUE &#8220;A UNIDADE EST\u00c1 ATENDENDO ADEQUADAMENTE A POPULA\u00c7\u00c3O&#8221;","datePublished":"2014-05-26T13:19:42+00:00","dateModified":"2014-05-26T15:20:50+00:00","mainEntityOfPage":{"@id":"https:\/\/blogdofarnesio.com.br\/?p=85032"},"wordCount":249,"commentCount":0,"publisher":{"@id":"https:\/\/blogdofarnesio.com.br\/#organization"},"image":{"@id":"https:\/\/blogdofarnesio.com.br\/?p=85032#primaryimage"},"thumbnailUrl":"http:\/\/www.quersaberpolitica.com.br\/2016\/wp-content\/uploads\/2014\/05\/blogqspfabiolaribeirodirmaternidade.jpg","articleSection":["Sa\u00fade"],"inLanguage":"pt-BR","potentialAction":[{"@type":"CommentAction","name":"Comment","target":["https:\/\/blogdofarnesio.com.br\/?p=85032#respond"]}]},{"@type":"WebPage","@id":"https:\/\/blogdofarnesio.com.br\/?p=85032","url":"https:\/\/blogdofarnesio.com.br\/?p=85032","name":"DIRETORA DO HOSPITAL DA CRIAN\u00c7A RESSALTA QUE \"A UNIDADE EST\u00c1 ATENDENDO ADEQUADAMENTE A POPULA\u00c7\u00c3O\" - Blog do Farn\u00e9sio","isPartOf":{"@id":"https:\/\/blogdofarnesio.com.br\/#website"},"primaryImageOfPage":{"@id":"https:\/\/blogdofarnesio.com.br\/?p=85032#primaryimage"},"image":{"@id":"https:\/\/blogdofarnesio.com.br\/?p=85032#primaryimage"},"thumbnailUrl":"http:\/\/www.quersaberpolitica.com.br\/2016\/wp-content\/uploads\/2014\/05\/blogqspfabiolaribeirodirmaternidade.jpg","datePublished":"2014-05-26T13:19:42+00:00","dateModified":"2014-05-26T15:20:50+00:00","breadcrumb":{"@id":"https:\/\/blogdofarnesio.com.br\/?p=85032#breadcrumb"},"inLanguage":"pt-BR","potentialAction":[{"@type":"ReadAction","target":["https:\/\/blogdofarnesio.com.br\/?p=85032"]}]},{"@type":"ImageObject","inLanguage":"pt-BR","@id":"https:\/\/blogdofarnesio.com.br\/?p=85032#primaryimage","url":"http:\/\/www.quersaberpolitica.com.br\/2016\/wp-content\/uploads\/2014\/05\/blogqspfabiolaribeirodirmaternidade.jpg","contentUrl":"http:\/\/www.quersaberpolitica.com.br\/2016\/wp-content\/uploads\/2014\/05\/blogqspfabiolaribeirodirmaternidade.jpg"},{"@type":"BreadcrumbList","@id":"https:\/\/blogdofarnesio.com.br\/?p=85032#breadcrumb","itemListElement":[{"@type":"ListItem","position":1,"name":"In\u00edcio","item":"https:\/\/blogdofarnesio.com.br\/"},{"@type":"ListItem","position":2,"name":"DIRETORA DO HOSPITAL DA CRIAN\u00c7A RESSALTA QUE &#8220;A UNIDADE EST\u00c1 ATENDENDO ADEQUADAMENTE A POPULA\u00c7\u00c3O&#8221;"}]},{"@type":"WebSite","@id":"https:\/\/blogdofarnesio.com.br\/#website","url":"https:\/\/blogdofarnesio.com.br\/","name":"Blog do Farn\u00e9sio","description":"Quer Saber Pol\u00edtica?","publisher":{"@id":"https:\/\/blogdofarnesio.com.br\/#organization"},"potentialAction":[{"@type":"SearchAction","target":{"@type":"EntryPoint","urlTemplate":"https:\/\/blogdofarnesio.com.br\/?s={search_term_string}"},"query-input":{"@type":"PropertyValueSpecification","valueRequired":true,"valueName":"search_term_string"}}],"inLanguage":"pt-BR"},{"@type":"Organization","@id":"https:\/\/blogdofarnesio.com.br\/#organization","name":"Blog do Farn\u00e9sio","url":"https:\/\/blogdofarnesio.com.br\/","logo":{"@type":"ImageObject","inLanguage":"pt-BR","@id":"https:\/\/blogdofarnesio.com.br\/#\/schema\/logo\/image\/","url":"https:\/\/blogdofarnesio.com.br\/wp-content\/uploads\/2026\/03\/cropped-logo_new-1.png","contentUrl":"https:\/\/blogdofarnesio.com.br\/wp-content\/uploads\/2026\/03\/cropped-logo_new-1.png","width":881,"height":685,"caption":"Blog do Farn\u00e9sio"},"image":{"@id":"https:\/\/blogdofarnesio.com.br\/#\/schema\/logo\/image\/"},"sameAs":["https:\/\/www.facebook.com\/BlogQuerSaberPolitica\/"]},{"@type":"Person","@id":"https:\/\/blogdofarnesio.com.br\/#\/schema\/person\/dd1bf5eba40b687199ba45ca6b97dff9","name":"teste","image":{"@type":"ImageObject","inLanguage":"pt-BR","@id":"https:\/\/secure.gravatar.com\/avatar\/2172498d4914b51e1d89a0f97957b035ac4938723a5cac208135d389b6972a6d?s=96&d=mm&r=g","url":"https:\/\/secure.gravatar.com\/avatar\/2172498d4914b51e1d89a0f97957b035ac4938723a5cac208135d389b6972a6d?s=96&d=mm&r=g","contentUrl":"https:\/\/secure.gravatar.com\/avatar\/2172498d4914b51e1d89a0f97957b035ac4938723a5cac208135d389b6972a6d?s=96&d=mm&r=g","caption":"teste"},"url":"https:\/\/blogdofarnesio.com.br\/?author=3"}]}},"_links":{"self":[{"href":"https:\/\/blogdofarnesio.com.br\/index.php?rest_route=\/wp\/v2\/posts\/85032","targetHints":{"allow":["GET"]}}],"collection":[{"href":"https:\/\/blogdofarnesio.com.br\/index.php?rest_route=\/wp\/v2\/posts"}],"about":[{"href":"https:\/\/blogdofarnesio.com.br\/index.php?rest_route=\/wp\/v2\/types\/post"}],"author":[{"embeddable":true,"href":"https:\/\/blogdofarnesio.com.br\/index.php?rest_route=\/wp\/v2\/users\/3"}],"replies":[{"embeddable":true,"href":"https:\/\/blogdofarnesio.com.br\/index.php?rest_route=%2Fwp%2Fv2%2Fcomments&post=85032"}],"version-history":[{"count":0,"href":"https:\/\/blogdofarnesio.com.br\/index.php?rest_route=\/wp\/v2\/posts\/85032\/revisions"}],"wp:attachment":[{"href":"https:\/\/blogdofarnesio.com.br\/index.php?rest_route=%2Fwp%2Fv2%2Fmedia&parent=85032"}],"wp:term":[{"taxonomy":"category","embeddable":true,"href":"https:\/\/blogdofarnesio.com.br\/index.php?rest_route=%2Fwp%2Fv2%2Fcategories&post=85032"},{"taxonomy":"post_tag","embeddable":true,"href":"https:\/\/blogdofarnesio.com.br\/index.php?rest_route=%2Fwp%2Fv2%2Ftags&post=85032"}],"curies":[{"name":"wp","href":"https:\/\/api.w.org\/{rel}","templated":true}]}}