{"id":84996,"date":"2014-05-26T09:23:01","date_gmt":"2014-05-26T12:23:01","guid":{"rendered":"http:\/\/www.quersaberpolitica.com.br\/?p=84996"},"modified":"2014-05-25T19:17:18","modified_gmt":"2014-05-25T22:17:18","slug":"judicializacao-ja-marca-pre-campanhas-em-pernambuco","status":"publish","type":"post","link":"https:\/\/blogdofarnesio.com.br\/?p=84996","title":{"rendered":"JUDICIALIZA\u00c7\u00c3O J\u00c1 MARCA PR\u00c9-CAMPANHAS EM PERNAMBUCO"},"content":{"rendered":"<div style=\"text-align: justify\"><a href=\"http:\/\/www.diariodopoder.com.br\/wp-content\/uploads\/2013\/11\/humberto-costa.jpg\"><img loading=\"lazy\" decoding=\"async\" class=\"alignleft\" alt=\"humberto costa\" src=\"http:\/\/www.diariodopoder.com.br\/wp-content\/uploads\/2013\/11\/humberto-costa-300x200.jpg\" width=\"300\" height=\"200\" \/><\/a><\/div>\n<div style=\"text-align: justify\">\n<p>As duas principais candidaturas que disputar\u00e3o o governo de Pernambuco protagonizam, desde o in\u00edcio do m\u00eas, embates na Justi\u00e7a Eleitoral por acusa\u00e7\u00f5es de campanha antecipada e ofensa pessoal.<\/p>\n<p>O ex-secret\u00e1rio estadual da Fazenda Paulo C\u00e2mara (PSB) foi ungido pelo ex-governador e presidenci\u00e1vel Eduardo Campos o candidato \u00e0 sua sucess\u00e3o. O PMDB faz parte da chapa majorit\u00e1ria, com o deputado federal Raul Henry pr\u00e9-candidato a vice.<\/p>\n<p>Do outro lado, o senador Armando Monteiro Neto (PTB) deixou a alian\u00e7a com o PSB para se lan\u00e7ar candidato, com o apoio do PT, que indicou o deputado federal Jo\u00e3o Paulo para o Senado.<\/p>\n<p>O PSB j\u00e1 assinou v\u00e1rias a\u00e7\u00f5es judiciais. Duas delas \u2013 contra Armando Monteiro Neto e contra o senador Humberto Costa (PT) \u2013 devido \u00e0 divulga\u00e7\u00e3o de uma pesquisa do Vox Populi n\u00e3o registrada no Tribunal Regional Eleitoral (TRE-PE), em meados de maio. \u201cN\u00e3o questionamos o teor da pesquisa, mas a sua divulga\u00e7\u00e3o contr\u00e1ria \u00e0 legisla\u00e7\u00e3o\u201d, afirmou o advogado do PSB, Carlos Neves, diante da dianteira de Monteiro Neto nas pesquisas de opini\u00e3o autorizadas.<!--more--><\/p>\n<p>O senador Humberto Costa, que divulgou a mesma pesquisa em entrevistas, foi condenado, na sexta-feira (23), em primeira inst\u00e2ncia, a pagar multa de R$ 53 mil. Cabe recurso. J\u00e1 Armando Monteiro Neto, que comentou a pesquisa na sua p\u00e1gina no Twitter, ainda n\u00e3o teve a a\u00e7\u00e3o apreciada.<\/p>\n<p>Por ter se sentido ofendido pessoalmente, o pr\u00e9-candidato socialista impetrou cinco interpela\u00e7\u00f5es judiciais contra Armando Monteiro Neto, Jo\u00e3o Paulo e tr\u00eas prefeitos (dos munic\u00edpios de Garanhuns, Iati e Canhotinho), diante da acusa\u00e7\u00e3o de uso da m\u00e1quina e coopta\u00e7\u00e3o eleitoral do PSB para conseguir apoio de quem estava fechado com o PTB.<\/p>\n<p>A den\u00fancia petebista se deu ap\u00f3s o prefeito de Gravat\u00e1, Bruno Martiniano (PTB), declarar apoio ao socialista, no que foi seguido por outros pol\u00edticos. \u201cSe, com a interpela\u00e7\u00e3o, ficar claro que houve uma acusa\u00e7\u00e3o contra Paulo C\u00e2mara de compra de apoio, vamos entrar com a\u00e7\u00e3o por cal\u00fania e difama\u00e7\u00e3o\u201d, explicou Carlos Neves. \u201cAceitamos a cr\u00edtica administrativa, mas a cada ofensa pessoal, buscaremos todas as possibilidades jur\u00eddicas\u201d.<\/p>\n<p>J\u00e1 o PTB entrou com representa\u00e7\u00f5es contra o PSB e partidos aliados que declararam \u2013 mesmo sem cita\u00e7\u00e3o de nomes \u2013 apoio ao pr\u00e9-candidato da situa\u00e7\u00e3o em seus programas partid\u00e1rios, numa eventual caracteriza\u00e7\u00e3o de campanha antecipada. Embora sem dizer o nome de C\u00e2mara, o PTB entendeu que os programas do PSB, PMDB, PTN e P\u00e1tria Livre \u2013 que j\u00e1 foram ao ar \u2013 beneficiaram o projeto socialista. No programa do PMDB, por exemplo, o pr\u00e9-candidato a vice na chapa socialista, deputado Federal Raul Henry, e o senador Jarbas Vasconcelos deixam claro apoiar o governo de Pernambuco, que elogiam, enquanto se declararam contr\u00e1rios ao governo federal. Ainda n\u00e3o houve uma decis\u00e3o judicial sobre o assunto.<\/p>\n<p>O PTB tamb\u00e9m entrou com a\u00e7\u00e3o cautelar para impedir que os programas partid\u00e1rios de outras siglas aliadas do PSB fossem ao ar com o mesmo tipo de mensagem, mas o corregedor do TRE-PE, desembargador Jandhuy Filizola, n\u00e3o acatou o pedido por entender que isso caracterizaria censura pr\u00e9via. AE<\/p>\n<\/div>\n","protected":false},"excerpt":{"rendered":"<p>As duas principais candidaturas que disputar\u00e3o o governo de Pernambuco protagonizam, desde o in\u00edcio do m\u00eas, embates na Justi\u00e7a Eleitoral por acusa\u00e7\u00f5es de campanha antecipada e ofensa pessoal. O ex-secret\u00e1rio estadual da Fazenda Paulo C\u00e2mara (PSB) foi ungido pelo ex-governador e presidenci\u00e1vel Eduardo Campos o candidato \u00e0 sua sucess\u00e3o. O PMDB faz parte da chapa majorit\u00e1ria, com o deputado federal Raul Henry pr\u00e9-candidato a vice. Do outro lado, o senador Armando Monteiro Neto (PTB) deixou a alian\u00e7a com o PSB para se lan\u00e7ar candidato, com o apoio do PT, que indicou o deputado federal Jo\u00e3o Paulo para o Senado. O PSB j\u00e1 assinou v\u00e1rias a\u00e7\u00f5es judiciais. Duas delas \u2013 contra Armando Monteiro Neto e contra o senador Humberto Costa (PT)&hellip; <\/p>\n","protected":false},"author":3,"featured_media":0,"comment_status":"open","ping_status":"open","sticky":false,"template":"","format":"standard","meta":{"_acf_changed":false,"footnotes":""},"categories":[34],"tags":[],"class_list":["post-84996","post","type-post","status-publish","format-standard","hentry","category-eleicoes"],"acf":[],"yoast_head":"<!-- This site is optimized with the Yoast SEO plugin v27.4 - https:\/\/yoast.com\/product\/yoast-seo-wordpress\/ -->\n<title>JUDICIALIZA\u00c7\u00c3O J\u00c1 MARCA PR\u00c9-CAMPANHAS EM PERNAMBUCO - Blog do Farn\u00e9sio<\/title>\n<meta name=\"robots\" content=\"index, follow, max-snippet:-1, max-image-preview:large, max-video-preview:-1\" \/>\n<link rel=\"canonical\" href=\"https:\/\/blogdofarnesio.com.br\/?p=84996\" \/>\n<meta property=\"og:locale\" content=\"pt_BR\" \/>\n<meta property=\"og:type\" content=\"article\" \/>\n<meta property=\"og:title\" content=\"JUDICIALIZA\u00c7\u00c3O J\u00c1 MARCA PR\u00c9-CAMPANHAS EM PERNAMBUCO - Blog do Farn\u00e9sio\" \/>\n<meta property=\"og:description\" content=\"As duas principais candidaturas que disputar\u00e3o o governo de Pernambuco protagonizam, desde o in\u00edcio do m\u00eas, embates na Justi\u00e7a Eleitoral por acusa\u00e7\u00f5es de campanha antecipada e ofensa pessoal. O ex-secret\u00e1rio estadual da Fazenda Paulo C\u00e2mara (PSB) foi ungido pelo ex-governador e presidenci\u00e1vel Eduardo Campos o candidato \u00e0 sua sucess\u00e3o. O PMDB faz parte da chapa majorit\u00e1ria, com o deputado federal Raul Henry pr\u00e9-candidato a vice. Do outro lado, o senador Armando Monteiro Neto (PTB) deixou a alian\u00e7a com o PSB para se lan\u00e7ar candidato, com o apoio do PT, que indicou o deputado federal Jo\u00e3o Paulo para o Senado. O PSB j\u00e1 assinou v\u00e1rias a\u00e7\u00f5es judiciais. Duas delas \u2013 contra Armando Monteiro Neto e contra o senador Humberto Costa (PT)&hellip;\" \/>\n<meta property=\"og:url\" content=\"https:\/\/blogdofarnesio.com.br\/?p=84996\" \/>\n<meta property=\"og:site_name\" content=\"Blog do Farn\u00e9sio\" \/>\n<meta property=\"article:publisher\" content=\"https:\/\/www.facebook.com\/BlogQuerSaberPolitica\/\" \/>\n<meta property=\"article:published_time\" content=\"2014-05-26T12:23:01+00:00\" \/>\n<meta property=\"og:image\" content=\"http:\/\/www.diariodopoder.com.br\/wp-content\/uploads\/2013\/11\/humberto-costa-300x200.jpg\" \/>\n<meta name=\"author\" content=\"teste\" \/>\n<meta name=\"twitter:card\" content=\"summary_large_image\" \/>\n<meta name=\"twitter:label1\" content=\"Escrito por\" \/>\n\t<meta name=\"twitter:data1\" content=\"teste\" \/>\n\t<meta name=\"twitter:label2\" content=\"Est. tempo de leitura\" \/>\n\t<meta name=\"twitter:data2\" content=\"3 minutos\" \/>\n<script type=\"application\/ld+json\" class=\"yoast-schema-graph\">{\"@context\":\"https:\\\/\\\/schema.org\",\"@graph\":[{\"@type\":\"Article\",\"@id\":\"https:\\\/\\\/blogdofarnesio.com.br\\\/?p=84996#article\",\"isPartOf\":{\"@id\":\"https:\\\/\\\/blogdofarnesio.com.br\\\/?p=84996\"},\"author\":{\"name\":\"teste\",\"@id\":\"https:\\\/\\\/blogdofarnesio.com.br\\\/#\\\/schema\\\/person\\\/dd1bf5eba40b687199ba45ca6b97dff9\"},\"headline\":\"JUDICIALIZA\u00c7\u00c3O J\u00c1 MARCA PR\u00c9-CAMPANHAS EM PERNAMBUCO\",\"datePublished\":\"2014-05-26T12:23:01+00:00\",\"mainEntityOfPage\":{\"@id\":\"https:\\\/\\\/blogdofarnesio.com.br\\\/?p=84996\"},\"wordCount\":558,\"commentCount\":0,\"publisher\":{\"@id\":\"https:\\\/\\\/blogdofarnesio.com.br\\\/#organization\"},\"image\":{\"@id\":\"https:\\\/\\\/blogdofarnesio.com.br\\\/?p=84996#primaryimage\"},\"thumbnailUrl\":\"http:\\\/\\\/www.diariodopoder.com.br\\\/wp-content\\\/uploads\\\/2013\\\/11\\\/humberto-costa-300x200.jpg\",\"articleSection\":[\"Elei\u00e7\u00f5es\"],\"inLanguage\":\"pt-BR\",\"potentialAction\":[{\"@type\":\"CommentAction\",\"name\":\"Comment\",\"target\":[\"https:\\\/\\\/blogdofarnesio.com.br\\\/?p=84996#respond\"]}]},{\"@type\":\"WebPage\",\"@id\":\"https:\\\/\\\/blogdofarnesio.com.br\\\/?p=84996\",\"url\":\"https:\\\/\\\/blogdofarnesio.com.br\\\/?p=84996\",\"name\":\"JUDICIALIZA\u00c7\u00c3O J\u00c1 MARCA PR\u00c9-CAMPANHAS EM PERNAMBUCO - Blog do Farn\u00e9sio\",\"isPartOf\":{\"@id\":\"https:\\\/\\\/blogdofarnesio.com.br\\\/#website\"},\"primaryImageOfPage\":{\"@id\":\"https:\\\/\\\/blogdofarnesio.com.br\\\/?p=84996#primaryimage\"},\"image\":{\"@id\":\"https:\\\/\\\/blogdofarnesio.com.br\\\/?p=84996#primaryimage\"},\"thumbnailUrl\":\"http:\\\/\\\/www.diariodopoder.com.br\\\/wp-content\\\/uploads\\\/2013\\\/11\\\/humberto-costa-300x200.jpg\",\"datePublished\":\"2014-05-26T12:23:01+00:00\",\"breadcrumb\":{\"@id\":\"https:\\\/\\\/blogdofarnesio.com.br\\\/?p=84996#breadcrumb\"},\"inLanguage\":\"pt-BR\",\"potentialAction\":[{\"@type\":\"ReadAction\",\"target\":[\"https:\\\/\\\/blogdofarnesio.com.br\\\/?p=84996\"]}]},{\"@type\":\"ImageObject\",\"inLanguage\":\"pt-BR\",\"@id\":\"https:\\\/\\\/blogdofarnesio.com.br\\\/?p=84996#primaryimage\",\"url\":\"http:\\\/\\\/www.diariodopoder.com.br\\\/wp-content\\\/uploads\\\/2013\\\/11\\\/humberto-costa-300x200.jpg\",\"contentUrl\":\"http:\\\/\\\/www.diariodopoder.com.br\\\/wp-content\\\/uploads\\\/2013\\\/11\\\/humberto-costa-300x200.jpg\"},{\"@type\":\"BreadcrumbList\",\"@id\":\"https:\\\/\\\/blogdofarnesio.com.br\\\/?p=84996#breadcrumb\",\"itemListElement\":[{\"@type\":\"ListItem\",\"position\":1,\"name\":\"In\u00edcio\",\"item\":\"https:\\\/\\\/blogdofarnesio.com.br\\\/\"},{\"@type\":\"ListItem\",\"position\":2,\"name\":\"JUDICIALIZA\u00c7\u00c3O J\u00c1 MARCA PR\u00c9-CAMPANHAS EM PERNAMBUCO\"}]},{\"@type\":\"WebSite\",\"@id\":\"https:\\\/\\\/blogdofarnesio.com.br\\\/#website\",\"url\":\"https:\\\/\\\/blogdofarnesio.com.br\\\/\",\"name\":\"Blog do Farn\u00e9sio\",\"description\":\"Quer Saber Pol\u00edtica?\",\"publisher\":{\"@id\":\"https:\\\/\\\/blogdofarnesio.com.br\\\/#organization\"},\"potentialAction\":[{\"@type\":\"SearchAction\",\"target\":{\"@type\":\"EntryPoint\",\"urlTemplate\":\"https:\\\/\\\/blogdofarnesio.com.br\\\/?s={search_term_string}\"},\"query-input\":{\"@type\":\"PropertyValueSpecification\",\"valueRequired\":true,\"valueName\":\"search_term_string\"}}],\"inLanguage\":\"pt-BR\"},{\"@type\":\"Organization\",\"@id\":\"https:\\\/\\\/blogdofarnesio.com.br\\\/#organization\",\"name\":\"Blog do Farn\u00e9sio\",\"url\":\"https:\\\/\\\/blogdofarnesio.com.br\\\/\",\"logo\":{\"@type\":\"ImageObject\",\"inLanguage\":\"pt-BR\",\"@id\":\"https:\\\/\\\/blogdofarnesio.com.br\\\/#\\\/schema\\\/logo\\\/image\\\/\",\"url\":\"https:\\\/\\\/blogdofarnesio.com.br\\\/wp-content\\\/uploads\\\/2026\\\/03\\\/cropped-logo_new-1.png\",\"contentUrl\":\"https:\\\/\\\/blogdofarnesio.com.br\\\/wp-content\\\/uploads\\\/2026\\\/03\\\/cropped-logo_new-1.png\",\"width\":881,\"height\":685,\"caption\":\"Blog do Farn\u00e9sio\"},\"image\":{\"@id\":\"https:\\\/\\\/blogdofarnesio.com.br\\\/#\\\/schema\\\/logo\\\/image\\\/\"},\"sameAs\":[\"https:\\\/\\\/www.facebook.com\\\/BlogQuerSaberPolitica\\\/\"]},{\"@type\":\"Person\",\"@id\":\"https:\\\/\\\/blogdofarnesio.com.br\\\/#\\\/schema\\\/person\\\/dd1bf5eba40b687199ba45ca6b97dff9\",\"name\":\"teste\",\"image\":{\"@type\":\"ImageObject\",\"inLanguage\":\"pt-BR\",\"@id\":\"https:\\\/\\\/secure.gravatar.com\\\/avatar\\\/2172498d4914b51e1d89a0f97957b035ac4938723a5cac208135d389b6972a6d?s=96&d=mm&r=g\",\"url\":\"https:\\\/\\\/secure.gravatar.com\\\/avatar\\\/2172498d4914b51e1d89a0f97957b035ac4938723a5cac208135d389b6972a6d?s=96&d=mm&r=g\",\"contentUrl\":\"https:\\\/\\\/secure.gravatar.com\\\/avatar\\\/2172498d4914b51e1d89a0f97957b035ac4938723a5cac208135d389b6972a6d?s=96&d=mm&r=g\",\"caption\":\"teste\"},\"url\":\"https:\\\/\\\/blogdofarnesio.com.br\\\/?author=3\"}]}<\/script>\n<!-- \/ Yoast SEO plugin. -->","yoast_head_json":{"title":"JUDICIALIZA\u00c7\u00c3O J\u00c1 MARCA PR\u00c9-CAMPANHAS EM PERNAMBUCO - Blog do Farn\u00e9sio","robots":{"index":"index","follow":"follow","max-snippet":"max-snippet:-1","max-image-preview":"max-image-preview:large","max-video-preview":"max-video-preview:-1"},"canonical":"https:\/\/blogdofarnesio.com.br\/?p=84996","og_locale":"pt_BR","og_type":"article","og_title":"JUDICIALIZA\u00c7\u00c3O J\u00c1 MARCA PR\u00c9-CAMPANHAS EM PERNAMBUCO - Blog do Farn\u00e9sio","og_description":"As duas principais candidaturas que disputar\u00e3o o governo de Pernambuco protagonizam, desde o in\u00edcio do m\u00eas, embates na Justi\u00e7a Eleitoral por acusa\u00e7\u00f5es de campanha antecipada e ofensa pessoal. O ex-secret\u00e1rio estadual da Fazenda Paulo C\u00e2mara (PSB) foi ungido pelo ex-governador e presidenci\u00e1vel Eduardo Campos o candidato \u00e0 sua sucess\u00e3o. O PMDB faz parte da chapa majorit\u00e1ria, com o deputado federal Raul Henry pr\u00e9-candidato a vice. Do outro lado, o senador Armando Monteiro Neto (PTB) deixou a alian\u00e7a com o PSB para se lan\u00e7ar candidato, com o apoio do PT, que indicou o deputado federal Jo\u00e3o Paulo para o Senado. O PSB j\u00e1 assinou v\u00e1rias a\u00e7\u00f5es judiciais. Duas delas \u2013 contra Armando Monteiro Neto e contra o senador Humberto Costa (PT)&hellip;","og_url":"https:\/\/blogdofarnesio.com.br\/?p=84996","og_site_name":"Blog do Farn\u00e9sio","article_publisher":"https:\/\/www.facebook.com\/BlogQuerSaberPolitica\/","article_published_time":"2014-05-26T12:23:01+00:00","og_image":[{"url":"http:\/\/www.diariodopoder.com.br\/wp-content\/uploads\/2013\/11\/humberto-costa-300x200.jpg","type":"","width":"","height":""}],"author":"teste","twitter_card":"summary_large_image","twitter_misc":{"Escrito por":"teste","Est. tempo de leitura":"3 minutos"},"schema":{"@context":"https:\/\/schema.org","@graph":[{"@type":"Article","@id":"https:\/\/blogdofarnesio.com.br\/?p=84996#article","isPartOf":{"@id":"https:\/\/blogdofarnesio.com.br\/?p=84996"},"author":{"name":"teste","@id":"https:\/\/blogdofarnesio.com.br\/#\/schema\/person\/dd1bf5eba40b687199ba45ca6b97dff9"},"headline":"JUDICIALIZA\u00c7\u00c3O J\u00c1 MARCA PR\u00c9-CAMPANHAS EM PERNAMBUCO","datePublished":"2014-05-26T12:23:01+00:00","mainEntityOfPage":{"@id":"https:\/\/blogdofarnesio.com.br\/?p=84996"},"wordCount":558,"commentCount":0,"publisher":{"@id":"https:\/\/blogdofarnesio.com.br\/#organization"},"image":{"@id":"https:\/\/blogdofarnesio.com.br\/?p=84996#primaryimage"},"thumbnailUrl":"http:\/\/www.diariodopoder.com.br\/wp-content\/uploads\/2013\/11\/humberto-costa-300x200.jpg","articleSection":["Elei\u00e7\u00f5es"],"inLanguage":"pt-BR","potentialAction":[{"@type":"CommentAction","name":"Comment","target":["https:\/\/blogdofarnesio.com.br\/?p=84996#respond"]}]},{"@type":"WebPage","@id":"https:\/\/blogdofarnesio.com.br\/?p=84996","url":"https:\/\/blogdofarnesio.com.br\/?p=84996","name":"JUDICIALIZA\u00c7\u00c3O J\u00c1 MARCA PR\u00c9-CAMPANHAS EM PERNAMBUCO - Blog do Farn\u00e9sio","isPartOf":{"@id":"https:\/\/blogdofarnesio.com.br\/#website"},"primaryImageOfPage":{"@id":"https:\/\/blogdofarnesio.com.br\/?p=84996#primaryimage"},"image":{"@id":"https:\/\/blogdofarnesio.com.br\/?p=84996#primaryimage"},"thumbnailUrl":"http:\/\/www.diariodopoder.com.br\/wp-content\/uploads\/2013\/11\/humberto-costa-300x200.jpg","datePublished":"2014-05-26T12:23:01+00:00","breadcrumb":{"@id":"https:\/\/blogdofarnesio.com.br\/?p=84996#breadcrumb"},"inLanguage":"pt-BR","potentialAction":[{"@type":"ReadAction","target":["https:\/\/blogdofarnesio.com.br\/?p=84996"]}]},{"@type":"ImageObject","inLanguage":"pt-BR","@id":"https:\/\/blogdofarnesio.com.br\/?p=84996#primaryimage","url":"http:\/\/www.diariodopoder.com.br\/wp-content\/uploads\/2013\/11\/humberto-costa-300x200.jpg","contentUrl":"http:\/\/www.diariodopoder.com.br\/wp-content\/uploads\/2013\/11\/humberto-costa-300x200.jpg"},{"@type":"BreadcrumbList","@id":"https:\/\/blogdofarnesio.com.br\/?p=84996#breadcrumb","itemListElement":[{"@type":"ListItem","position":1,"name":"In\u00edcio","item":"https:\/\/blogdofarnesio.com.br\/"},{"@type":"ListItem","position":2,"name":"JUDICIALIZA\u00c7\u00c3O J\u00c1 MARCA PR\u00c9-CAMPANHAS EM PERNAMBUCO"}]},{"@type":"WebSite","@id":"https:\/\/blogdofarnesio.com.br\/#website","url":"https:\/\/blogdofarnesio.com.br\/","name":"Blog do Farn\u00e9sio","description":"Quer Saber Pol\u00edtica?","publisher":{"@id":"https:\/\/blogdofarnesio.com.br\/#organization"},"potentialAction":[{"@type":"SearchAction","target":{"@type":"EntryPoint","urlTemplate":"https:\/\/blogdofarnesio.com.br\/?s={search_term_string}"},"query-input":{"@type":"PropertyValueSpecification","valueRequired":true,"valueName":"search_term_string"}}],"inLanguage":"pt-BR"},{"@type":"Organization","@id":"https:\/\/blogdofarnesio.com.br\/#organization","name":"Blog do Farn\u00e9sio","url":"https:\/\/blogdofarnesio.com.br\/","logo":{"@type":"ImageObject","inLanguage":"pt-BR","@id":"https:\/\/blogdofarnesio.com.br\/#\/schema\/logo\/image\/","url":"https:\/\/blogdofarnesio.com.br\/wp-content\/uploads\/2026\/03\/cropped-logo_new-1.png","contentUrl":"https:\/\/blogdofarnesio.com.br\/wp-content\/uploads\/2026\/03\/cropped-logo_new-1.png","width":881,"height":685,"caption":"Blog do Farn\u00e9sio"},"image":{"@id":"https:\/\/blogdofarnesio.com.br\/#\/schema\/logo\/image\/"},"sameAs":["https:\/\/www.facebook.com\/BlogQuerSaberPolitica\/"]},{"@type":"Person","@id":"https:\/\/blogdofarnesio.com.br\/#\/schema\/person\/dd1bf5eba40b687199ba45ca6b97dff9","name":"teste","image":{"@type":"ImageObject","inLanguage":"pt-BR","@id":"https:\/\/secure.gravatar.com\/avatar\/2172498d4914b51e1d89a0f97957b035ac4938723a5cac208135d389b6972a6d?s=96&d=mm&r=g","url":"https:\/\/secure.gravatar.com\/avatar\/2172498d4914b51e1d89a0f97957b035ac4938723a5cac208135d389b6972a6d?s=96&d=mm&r=g","contentUrl":"https:\/\/secure.gravatar.com\/avatar\/2172498d4914b51e1d89a0f97957b035ac4938723a5cac208135d389b6972a6d?s=96&d=mm&r=g","caption":"teste"},"url":"https:\/\/blogdofarnesio.com.br\/?author=3"}]}},"_links":{"self":[{"href":"https:\/\/blogdofarnesio.com.br\/index.php?rest_route=\/wp\/v2\/posts\/84996","targetHints":{"allow":["GET"]}}],"collection":[{"href":"https:\/\/blogdofarnesio.com.br\/index.php?rest_route=\/wp\/v2\/posts"}],"about":[{"href":"https:\/\/blogdofarnesio.com.br\/index.php?rest_route=\/wp\/v2\/types\/post"}],"author":[{"embeddable":true,"href":"https:\/\/blogdofarnesio.com.br\/index.php?rest_route=\/wp\/v2\/users\/3"}],"replies":[{"embeddable":true,"href":"https:\/\/blogdofarnesio.com.br\/index.php?rest_route=%2Fwp%2Fv2%2Fcomments&post=84996"}],"version-history":[{"count":0,"href":"https:\/\/blogdofarnesio.com.br\/index.php?rest_route=\/wp\/v2\/posts\/84996\/revisions"}],"wp:attachment":[{"href":"https:\/\/blogdofarnesio.com.br\/index.php?rest_route=%2Fwp%2Fv2%2Fmedia&parent=84996"}],"wp:term":[{"taxonomy":"category","embeddable":true,"href":"https:\/\/blogdofarnesio.com.br\/index.php?rest_route=%2Fwp%2Fv2%2Fcategories&post=84996"},{"taxonomy":"post_tag","embeddable":true,"href":"https:\/\/blogdofarnesio.com.br\/index.php?rest_route=%2Fwp%2Fv2%2Ftags&post=84996"}],"curies":[{"name":"wp","href":"https:\/\/api.w.org\/{rel}","templated":true}]}}