{"id":84938,"date":"2014-05-24T10:32:42","date_gmt":"2014-05-24T13:32:42","guid":{"rendered":"http:\/\/www.quersaberpolitica.com.br\/?p=84938"},"modified":"2014-05-24T09:12:47","modified_gmt":"2014-05-24T12:12:47","slug":"na-batalha-digital-dilma-supera-aecio-e-campos","status":"publish","type":"post","link":"https:\/\/blogdofarnesio.com.br\/2014\/05\/na-batalha-digital-dilma-supera-aecio-e-campos\/","title":{"rendered":"NA BATALHA DIGITAL, DILMA SUPERA A\u00c9CIO E CAMPOS"},"content":{"rendered":"<div style=\"text-align: justify\"><img loading=\"lazy\" decoding=\"async\" class=\"aligncenter\" alt=\": \" src=\"http:\/\/www.brasil247.com\/images\/cache\/1000x357\/crop\/images%7Ccms-image-000373100.jpg\" width=\"480\" height=\"171\" \/><\/div>\n<div style=\"text-align: justify\">\n<section>\n<div>\n<p><strong>247 &#8211;<\/strong>\u00a0Na batalha digital, a presidente Dilma Rousseff est\u00e1 \u00e0 frente dos advers\u00e1rios A\u00e9cio Neves, pr\u00e9-candidato \u00e0 Presid\u00eancia da Rep\u00fablica pelo PSDB, e Eduardo Campos, presidenci\u00e1vel pelo PSB. Segundo pesquisa realizada pela empresa R18, especializada em pesquisas em redes sociais, os eleitores de Dilma s\u00e3o mais ativos nesse universo em compara\u00e7\u00e3o aos eleitores dos demais candidatos. Confira os n\u00fameros na reportagem publicada pelo\u00a0<a href=\"http:\/\/jornalggn.com.br\/noticia\/eleitores-de-dilma-sao-mais-ativos-nas-redes-sociais-em-comparacao-a-demais-candidatos\" target=\"_blank\"><strong>Jornal GGN<\/strong><\/a>:<\/p>\n<p><strong>Eleitores de Dilma s\u00e3o mais ativos nas redes sociais em compara\u00e7\u00e3o a demais candidatos<\/strong><\/p>\n<p>Durante trinta dias e avaliando mais de 1,5 milh\u00e3o de postagens, a empresa R18, especializada em pesquisas em redes sociais, constatou que os eleitores da presidente e candidata a reelei\u00e7\u00e3o, Dilma Rousseff, do PT, s\u00e3o muito mais ativos que os eleitores dos demais candidatos da oposi\u00e7\u00e3o. A empresa utilizou a ferramenta AirStrip para filtrar 1.580.111 posts.<!--more--><\/p>\n<p>Do total, 82,9% falavam sobre a atual presidente, sendo 3.461 referentes \u00e0 declara\u00e7\u00e3o de inten\u00e7\u00e3o de voto para as elei\u00e7\u00f5es deste ano. Nesse quesito, Dilma tamb\u00e9m lidera, com 89,8% das manifesta\u00e7\u00f5es. O candidato tucano A\u00e9cio Neves teve apenas 10% das declara\u00e7\u00f5es de voto do universo de postagens avaliadas, seguido por Eduardo Campos, do PSB, com apenas 0,2%.<\/p>\n<p>Ainda falando de Dilma, os temas mais citados sobre a presidente s\u00e3o sa\u00fade (58.833 vezes), transporte (17.448 vezes) e o programa Mais M\u00e9dicos, do governo federal, com 6.292 men\u00e7\u00f5es nas redes sociais. Os pontos fracos de Dilma s\u00e3o a Copa do Mundo (45,8% dos coment\u00e1rios), o caso da refinaria de Pasadena (32,2% das men\u00e7\u00f5es) e o mensal\u00e3o (12% dos coment\u00e1rios).<br \/>\nA\u00e9cio Neves, do PSDB, teve 179.911 posts no mesmo per\u00edodo, sendo 21.375 sobre seu desempenho nas pesquisas de inten\u00e7\u00e3o de voto, 6.596 men\u00e7\u00f5es \u00e0 atua\u00e7\u00e3o do seu partido na oposi\u00e7\u00e3o ao governo federal. Os pontos fracos do tucano s\u00e3o as den\u00fancias do cartel de trens do metr\u00f4 em S\u00e3o Paulo, envolvendo lideran\u00e7as do partido (25,1% dos coment\u00e1rios) e informa\u00e7\u00f5es de sua vida pessoal, com 22% dos coment\u00e1rios.<\/p>\n<p>Ex-aliado de Dilma, Eduardo Campos foi citado em 89.792 posts durante os 30 dias de pesquisa. Os temas mais mencionados s\u00e3o sua atua\u00e7\u00e3o como governador de Pernambuco (2.125 vezes) e o apoio de empres\u00e1rios \u00e0 sua candidatura (511 ocorr\u00eancias). A recente foto publicada em um jatinho, enquanto a greve da PM em seu Estado deixava a popula\u00e7\u00e3o em p\u00e2nico, foi um de seus pontos fracos: 82% dos coment\u00e1rios foi a esse respeito. E outros 6,5% foram postagens sobre a CPI do Porto de Suape.<\/p>\n<\/div>\n<\/section>\n<\/div>\n","protected":false},"excerpt":{"rendered":"<p>247 &#8211;\u00a0Na batalha digital, a presidente Dilma Rousseff est\u00e1 \u00e0 frente dos advers\u00e1rios A\u00e9cio Neves, pr\u00e9-candidato \u00e0 Presid\u00eancia da Rep\u00fablica pelo PSDB, e Eduardo Campos, presidenci\u00e1vel pelo PSB. Segundo pesquisa realizada pela empresa R18, especializada em pesquisas em redes sociais, os eleitores de Dilma s\u00e3o mais ativos nesse universo em compara\u00e7\u00e3o aos eleitores dos demais candidatos. Confira os n\u00fameros na reportagem publicada pelo\u00a0Jornal GGN: Eleitores de Dilma s\u00e3o mais ativos nas redes sociais em compara\u00e7\u00e3o a demais candidatos Durante trinta dias e avaliando mais de 1,5 milh\u00e3o de postagens, a empresa R18, especializada em pesquisas em redes sociais, constatou que os eleitores da presidente e candidata a reelei\u00e7\u00e3o, Dilma Rousseff, do PT, s\u00e3o muito mais ativos que os eleitores dos&hellip; <\/p>\n","protected":false},"author":3,"featured_media":0,"comment_status":"open","ping_status":"open","sticky":false,"template":"","format":"standard","meta":{"_acf_changed":false,"footnotes":""},"categories":[1],"tags":[],"class_list":["post-84938","post","type-post","status-publish","format-standard","hentry","category-politica"],"acf":[],"yoast_head":"<!-- This site is optimized with the Yoast SEO plugin v27.5 - https:\/\/yoast.com\/product\/yoast-seo-wordpress\/ -->\n<title>NA BATALHA DIGITAL, DILMA SUPERA A\u00c9CIO E CAMPOS - Blog do Farn\u00e9sio<\/title>\n<meta name=\"robots\" content=\"index, follow, max-snippet:-1, max-image-preview:large, max-video-preview:-1\" \/>\n<link rel=\"canonical\" href=\"https:\/\/blogdofarnesio.com.br\/2014\/05\/na-batalha-digital-dilma-supera-aecio-e-campos\/\" \/>\n<meta property=\"og:locale\" content=\"pt_BR\" \/>\n<meta property=\"og:type\" content=\"article\" \/>\n<meta property=\"og:title\" content=\"NA BATALHA DIGITAL, DILMA SUPERA A\u00c9CIO E CAMPOS - Blog do Farn\u00e9sio\" \/>\n<meta property=\"og:description\" content=\"247 &#8211;\u00a0Na batalha digital, a presidente Dilma Rousseff est\u00e1 \u00e0 frente dos advers\u00e1rios A\u00e9cio Neves, pr\u00e9-candidato \u00e0 Presid\u00eancia da Rep\u00fablica pelo PSDB, e Eduardo Campos, presidenci\u00e1vel pelo PSB. Segundo pesquisa realizada pela empresa R18, especializada em pesquisas em redes sociais, os eleitores de Dilma s\u00e3o mais ativos nesse universo em compara\u00e7\u00e3o aos eleitores dos demais candidatos. Confira os n\u00fameros na reportagem publicada pelo\u00a0Jornal GGN: Eleitores de Dilma s\u00e3o mais ativos nas redes sociais em compara\u00e7\u00e3o a demais candidatos Durante trinta dias e avaliando mais de 1,5 milh\u00e3o de postagens, a empresa R18, especializada em pesquisas em redes sociais, constatou que os eleitores da presidente e candidata a reelei\u00e7\u00e3o, Dilma Rousseff, do PT, s\u00e3o muito mais ativos que os eleitores dos&hellip;\" \/>\n<meta property=\"og:url\" content=\"https:\/\/blogdofarnesio.com.br\/2014\/05\/na-batalha-digital-dilma-supera-aecio-e-campos\/\" \/>\n<meta property=\"og:site_name\" content=\"Blog do Farn\u00e9sio\" \/>\n<meta property=\"article:publisher\" content=\"https:\/\/www.facebook.com\/BlogQuerSaberPolitica\/\" \/>\n<meta property=\"article:published_time\" content=\"2014-05-24T13:32:42+00:00\" \/>\n<meta property=\"og:image\" content=\"http:\/\/www.brasil247.com\/images\/cache\/1000x357\/crop\/images%7Ccms-image-000373100.jpg\" \/>\n<meta name=\"author\" content=\"teste\" \/>\n<meta name=\"twitter:card\" content=\"summary_large_image\" \/>\n<meta name=\"twitter:label1\" content=\"Escrito por\" \/>\n\t<meta name=\"twitter:data1\" content=\"teste\" \/>\n\t<meta name=\"twitter:label2\" content=\"Est. tempo de leitura\" \/>\n\t<meta name=\"twitter:data2\" content=\"2 minutos\" \/>\n<script type=\"application\/ld+json\" class=\"yoast-schema-graph\">{\"@context\":\"https:\\\/\\\/schema.org\",\"@graph\":[{\"@type\":\"Article\",\"@id\":\"https:\\\/\\\/blogdofarnesio.com.br\\\/2014\\\/05\\\/na-batalha-digital-dilma-supera-aecio-e-campos\\\/#article\",\"isPartOf\":{\"@id\":\"https:\\\/\\\/blogdofarnesio.com.br\\\/2014\\\/05\\\/na-batalha-digital-dilma-supera-aecio-e-campos\\\/\"},\"author\":{\"name\":\"teste\",\"@id\":\"https:\\\/\\\/blogdofarnesio.com.br\\\/#\\\/schema\\\/person\\\/dd1bf5eba40b687199ba45ca6b97dff9\"},\"headline\":\"NA BATALHA DIGITAL, DILMA SUPERA A\u00c9CIO E CAMPOS\",\"datePublished\":\"2014-05-24T13:32:42+00:00\",\"mainEntityOfPage\":{\"@id\":\"https:\\\/\\\/blogdofarnesio.com.br\\\/2014\\\/05\\\/na-batalha-digital-dilma-supera-aecio-e-campos\\\/\"},\"wordCount\":434,\"commentCount\":0,\"publisher\":{\"@id\":\"https:\\\/\\\/blogdofarnesio.com.br\\\/#organization\"},\"image\":{\"@id\":\"https:\\\/\\\/blogdofarnesio.com.br\\\/2014\\\/05\\\/na-batalha-digital-dilma-supera-aecio-e-campos\\\/#primaryimage\"},\"thumbnailUrl\":\"http:\\\/\\\/www.brasil247.com\\\/images\\\/cache\\\/1000x357\\\/crop\\\/images%7Ccms-image-000373100.jpg\",\"articleSection\":[\"Pol\u00edtica\"],\"inLanguage\":\"pt-BR\",\"potentialAction\":[{\"@type\":\"CommentAction\",\"name\":\"Comment\",\"target\":[\"https:\\\/\\\/blogdofarnesio.com.br\\\/2014\\\/05\\\/na-batalha-digital-dilma-supera-aecio-e-campos\\\/#respond\"]}]},{\"@type\":\"WebPage\",\"@id\":\"https:\\\/\\\/blogdofarnesio.com.br\\\/2014\\\/05\\\/na-batalha-digital-dilma-supera-aecio-e-campos\\\/\",\"url\":\"https:\\\/\\\/blogdofarnesio.com.br\\\/2014\\\/05\\\/na-batalha-digital-dilma-supera-aecio-e-campos\\\/\",\"name\":\"NA BATALHA DIGITAL, DILMA SUPERA A\u00c9CIO E CAMPOS - Blog do Farn\u00e9sio\",\"isPartOf\":{\"@id\":\"https:\\\/\\\/blogdofarnesio.com.br\\\/#website\"},\"primaryImageOfPage\":{\"@id\":\"https:\\\/\\\/blogdofarnesio.com.br\\\/2014\\\/05\\\/na-batalha-digital-dilma-supera-aecio-e-campos\\\/#primaryimage\"},\"image\":{\"@id\":\"https:\\\/\\\/blogdofarnesio.com.br\\\/2014\\\/05\\\/na-batalha-digital-dilma-supera-aecio-e-campos\\\/#primaryimage\"},\"thumbnailUrl\":\"http:\\\/\\\/www.brasil247.com\\\/images\\\/cache\\\/1000x357\\\/crop\\\/images%7Ccms-image-000373100.jpg\",\"datePublished\":\"2014-05-24T13:32:42+00:00\",\"breadcrumb\":{\"@id\":\"https:\\\/\\\/blogdofarnesio.com.br\\\/2014\\\/05\\\/na-batalha-digital-dilma-supera-aecio-e-campos\\\/#breadcrumb\"},\"inLanguage\":\"pt-BR\",\"potentialAction\":[{\"@type\":\"ReadAction\",\"target\":[\"https:\\\/\\\/blogdofarnesio.com.br\\\/2014\\\/05\\\/na-batalha-digital-dilma-supera-aecio-e-campos\\\/\"]}]},{\"@type\":\"ImageObject\",\"inLanguage\":\"pt-BR\",\"@id\":\"https:\\\/\\\/blogdofarnesio.com.br\\\/2014\\\/05\\\/na-batalha-digital-dilma-supera-aecio-e-campos\\\/#primaryimage\",\"url\":\"http:\\\/\\\/www.brasil247.com\\\/images\\\/cache\\\/1000x357\\\/crop\\\/images%7Ccms-image-000373100.jpg\",\"contentUrl\":\"http:\\\/\\\/www.brasil247.com\\\/images\\\/cache\\\/1000x357\\\/crop\\\/images%7Ccms-image-000373100.jpg\"},{\"@type\":\"BreadcrumbList\",\"@id\":\"https:\\\/\\\/blogdofarnesio.com.br\\\/2014\\\/05\\\/na-batalha-digital-dilma-supera-aecio-e-campos\\\/#breadcrumb\",\"itemListElement\":[{\"@type\":\"ListItem\",\"position\":1,\"name\":\"In\u00edcio\",\"item\":\"https:\\\/\\\/blogdofarnesio.com.br\\\/\"},{\"@type\":\"ListItem\",\"position\":2,\"name\":\"NA BATALHA DIGITAL, DILMA SUPERA A\u00c9CIO E CAMPOS\"}]},{\"@type\":\"WebSite\",\"@id\":\"https:\\\/\\\/blogdofarnesio.com.br\\\/#website\",\"url\":\"https:\\\/\\\/blogdofarnesio.com.br\\\/\",\"name\":\"Blog do Farn\u00e9sio\",\"description\":\"Quer Saber Pol\u00edtica?\",\"publisher\":{\"@id\":\"https:\\\/\\\/blogdofarnesio.com.br\\\/#organization\"},\"potentialAction\":[{\"@type\":\"SearchAction\",\"target\":{\"@type\":\"EntryPoint\",\"urlTemplate\":\"https:\\\/\\\/blogdofarnesio.com.br\\\/?s={search_term_string}\"},\"query-input\":{\"@type\":\"PropertyValueSpecification\",\"valueRequired\":true,\"valueName\":\"search_term_string\"}}],\"inLanguage\":\"pt-BR\"},{\"@type\":\"Organization\",\"@id\":\"https:\\\/\\\/blogdofarnesio.com.br\\\/#organization\",\"name\":\"Blog do Farn\u00e9sio\",\"url\":\"https:\\\/\\\/blogdofarnesio.com.br\\\/\",\"logo\":{\"@type\":\"ImageObject\",\"inLanguage\":\"pt-BR\",\"@id\":\"https:\\\/\\\/blogdofarnesio.com.br\\\/#\\\/schema\\\/logo\\\/image\\\/\",\"url\":\"https:\\\/\\\/blogdofarnesio.com.br\\\/wp-content\\\/uploads\\\/2026\\\/03\\\/cropped-logo_new-1.png\",\"contentUrl\":\"https:\\\/\\\/blogdofarnesio.com.br\\\/wp-content\\\/uploads\\\/2026\\\/03\\\/cropped-logo_new-1.png\",\"width\":881,\"height\":685,\"caption\":\"Blog do Farn\u00e9sio\"},\"image\":{\"@id\":\"https:\\\/\\\/blogdofarnesio.com.br\\\/#\\\/schema\\\/logo\\\/image\\\/\"},\"sameAs\":[\"https:\\\/\\\/www.facebook.com\\\/BlogQuerSaberPolitica\\\/\"]},{\"@type\":\"Person\",\"@id\":\"https:\\\/\\\/blogdofarnesio.com.br\\\/#\\\/schema\\\/person\\\/dd1bf5eba40b687199ba45ca6b97dff9\",\"name\":\"teste\",\"image\":{\"@type\":\"ImageObject\",\"inLanguage\":\"pt-BR\",\"@id\":\"https:\\\/\\\/secure.gravatar.com\\\/avatar\\\/2172498d4914b51e1d89a0f97957b035ac4938723a5cac208135d389b6972a6d?s=96&d=mm&r=g\",\"url\":\"https:\\\/\\\/secure.gravatar.com\\\/avatar\\\/2172498d4914b51e1d89a0f97957b035ac4938723a5cac208135d389b6972a6d?s=96&d=mm&r=g\",\"contentUrl\":\"https:\\\/\\\/secure.gravatar.com\\\/avatar\\\/2172498d4914b51e1d89a0f97957b035ac4938723a5cac208135d389b6972a6d?s=96&d=mm&r=g\",\"caption\":\"teste\"},\"url\":\"https:\\\/\\\/blogdofarnesio.com.br\\\/author\\\/teste\\\/\"}]}<\/script>\n<!-- \/ Yoast SEO plugin. -->","yoast_head_json":{"title":"NA BATALHA DIGITAL, DILMA SUPERA A\u00c9CIO E CAMPOS - Blog do Farn\u00e9sio","robots":{"index":"index","follow":"follow","max-snippet":"max-snippet:-1","max-image-preview":"max-image-preview:large","max-video-preview":"max-video-preview:-1"},"canonical":"https:\/\/blogdofarnesio.com.br\/2014\/05\/na-batalha-digital-dilma-supera-aecio-e-campos\/","og_locale":"pt_BR","og_type":"article","og_title":"NA BATALHA DIGITAL, DILMA SUPERA A\u00c9CIO E CAMPOS - Blog do Farn\u00e9sio","og_description":"247 &#8211;\u00a0Na batalha digital, a presidente Dilma Rousseff est\u00e1 \u00e0 frente dos advers\u00e1rios A\u00e9cio Neves, pr\u00e9-candidato \u00e0 Presid\u00eancia da Rep\u00fablica pelo PSDB, e Eduardo Campos, presidenci\u00e1vel pelo PSB. Segundo pesquisa realizada pela empresa R18, especializada em pesquisas em redes sociais, os eleitores de Dilma s\u00e3o mais ativos nesse universo em compara\u00e7\u00e3o aos eleitores dos demais candidatos. Confira os n\u00fameros na reportagem publicada pelo\u00a0Jornal GGN: Eleitores de Dilma s\u00e3o mais ativos nas redes sociais em compara\u00e7\u00e3o a demais candidatos Durante trinta dias e avaliando mais de 1,5 milh\u00e3o de postagens, a empresa R18, especializada em pesquisas em redes sociais, constatou que os eleitores da presidente e candidata a reelei\u00e7\u00e3o, Dilma Rousseff, do PT, s\u00e3o muito mais ativos que os eleitores dos&hellip;","og_url":"https:\/\/blogdofarnesio.com.br\/2014\/05\/na-batalha-digital-dilma-supera-aecio-e-campos\/","og_site_name":"Blog do Farn\u00e9sio","article_publisher":"https:\/\/www.facebook.com\/BlogQuerSaberPolitica\/","article_published_time":"2014-05-24T13:32:42+00:00","og_image":[{"url":"http:\/\/www.brasil247.com\/images\/cache\/1000x357\/crop\/images%7Ccms-image-000373100.jpg","type":"","width":"","height":""}],"author":"teste","twitter_card":"summary_large_image","twitter_misc":{"Escrito por":"teste","Est. tempo de leitura":"2 minutos"},"schema":{"@context":"https:\/\/schema.org","@graph":[{"@type":"Article","@id":"https:\/\/blogdofarnesio.com.br\/2014\/05\/na-batalha-digital-dilma-supera-aecio-e-campos\/#article","isPartOf":{"@id":"https:\/\/blogdofarnesio.com.br\/2014\/05\/na-batalha-digital-dilma-supera-aecio-e-campos\/"},"author":{"name":"teste","@id":"https:\/\/blogdofarnesio.com.br\/#\/schema\/person\/dd1bf5eba40b687199ba45ca6b97dff9"},"headline":"NA BATALHA DIGITAL, DILMA SUPERA A\u00c9CIO E CAMPOS","datePublished":"2014-05-24T13:32:42+00:00","mainEntityOfPage":{"@id":"https:\/\/blogdofarnesio.com.br\/2014\/05\/na-batalha-digital-dilma-supera-aecio-e-campos\/"},"wordCount":434,"commentCount":0,"publisher":{"@id":"https:\/\/blogdofarnesio.com.br\/#organization"},"image":{"@id":"https:\/\/blogdofarnesio.com.br\/2014\/05\/na-batalha-digital-dilma-supera-aecio-e-campos\/#primaryimage"},"thumbnailUrl":"http:\/\/www.brasil247.com\/images\/cache\/1000x357\/crop\/images%7Ccms-image-000373100.jpg","articleSection":["Pol\u00edtica"],"inLanguage":"pt-BR","potentialAction":[{"@type":"CommentAction","name":"Comment","target":["https:\/\/blogdofarnesio.com.br\/2014\/05\/na-batalha-digital-dilma-supera-aecio-e-campos\/#respond"]}]},{"@type":"WebPage","@id":"https:\/\/blogdofarnesio.com.br\/2014\/05\/na-batalha-digital-dilma-supera-aecio-e-campos\/","url":"https:\/\/blogdofarnesio.com.br\/2014\/05\/na-batalha-digital-dilma-supera-aecio-e-campos\/","name":"NA BATALHA DIGITAL, DILMA SUPERA A\u00c9CIO E CAMPOS - Blog do Farn\u00e9sio","isPartOf":{"@id":"https:\/\/blogdofarnesio.com.br\/#website"},"primaryImageOfPage":{"@id":"https:\/\/blogdofarnesio.com.br\/2014\/05\/na-batalha-digital-dilma-supera-aecio-e-campos\/#primaryimage"},"image":{"@id":"https:\/\/blogdofarnesio.com.br\/2014\/05\/na-batalha-digital-dilma-supera-aecio-e-campos\/#primaryimage"},"thumbnailUrl":"http:\/\/www.brasil247.com\/images\/cache\/1000x357\/crop\/images%7Ccms-image-000373100.jpg","datePublished":"2014-05-24T13:32:42+00:00","breadcrumb":{"@id":"https:\/\/blogdofarnesio.com.br\/2014\/05\/na-batalha-digital-dilma-supera-aecio-e-campos\/#breadcrumb"},"inLanguage":"pt-BR","potentialAction":[{"@type":"ReadAction","target":["https:\/\/blogdofarnesio.com.br\/2014\/05\/na-batalha-digital-dilma-supera-aecio-e-campos\/"]}]},{"@type":"ImageObject","inLanguage":"pt-BR","@id":"https:\/\/blogdofarnesio.com.br\/2014\/05\/na-batalha-digital-dilma-supera-aecio-e-campos\/#primaryimage","url":"http:\/\/www.brasil247.com\/images\/cache\/1000x357\/crop\/images%7Ccms-image-000373100.jpg","contentUrl":"http:\/\/www.brasil247.com\/images\/cache\/1000x357\/crop\/images%7Ccms-image-000373100.jpg"},{"@type":"BreadcrumbList","@id":"https:\/\/blogdofarnesio.com.br\/2014\/05\/na-batalha-digital-dilma-supera-aecio-e-campos\/#breadcrumb","itemListElement":[{"@type":"ListItem","position":1,"name":"In\u00edcio","item":"https:\/\/blogdofarnesio.com.br\/"},{"@type":"ListItem","position":2,"name":"NA BATALHA DIGITAL, DILMA SUPERA A\u00c9CIO E CAMPOS"}]},{"@type":"WebSite","@id":"https:\/\/blogdofarnesio.com.br\/#website","url":"https:\/\/blogdofarnesio.com.br\/","name":"Blog do Farn\u00e9sio","description":"Quer Saber Pol\u00edtica?","publisher":{"@id":"https:\/\/blogdofarnesio.com.br\/#organization"},"potentialAction":[{"@type":"SearchAction","target":{"@type":"EntryPoint","urlTemplate":"https:\/\/blogdofarnesio.com.br\/?s={search_term_string}"},"query-input":{"@type":"PropertyValueSpecification","valueRequired":true,"valueName":"search_term_string"}}],"inLanguage":"pt-BR"},{"@type":"Organization","@id":"https:\/\/blogdofarnesio.com.br\/#organization","name":"Blog do Farn\u00e9sio","url":"https:\/\/blogdofarnesio.com.br\/","logo":{"@type":"ImageObject","inLanguage":"pt-BR","@id":"https:\/\/blogdofarnesio.com.br\/#\/schema\/logo\/image\/","url":"https:\/\/blogdofarnesio.com.br\/wp-content\/uploads\/2026\/03\/cropped-logo_new-1.png","contentUrl":"https:\/\/blogdofarnesio.com.br\/wp-content\/uploads\/2026\/03\/cropped-logo_new-1.png","width":881,"height":685,"caption":"Blog do Farn\u00e9sio"},"image":{"@id":"https:\/\/blogdofarnesio.com.br\/#\/schema\/logo\/image\/"},"sameAs":["https:\/\/www.facebook.com\/BlogQuerSaberPolitica\/"]},{"@type":"Person","@id":"https:\/\/blogdofarnesio.com.br\/#\/schema\/person\/dd1bf5eba40b687199ba45ca6b97dff9","name":"teste","image":{"@type":"ImageObject","inLanguage":"pt-BR","@id":"https:\/\/secure.gravatar.com\/avatar\/2172498d4914b51e1d89a0f97957b035ac4938723a5cac208135d389b6972a6d?s=96&d=mm&r=g","url":"https:\/\/secure.gravatar.com\/avatar\/2172498d4914b51e1d89a0f97957b035ac4938723a5cac208135d389b6972a6d?s=96&d=mm&r=g","contentUrl":"https:\/\/secure.gravatar.com\/avatar\/2172498d4914b51e1d89a0f97957b035ac4938723a5cac208135d389b6972a6d?s=96&d=mm&r=g","caption":"teste"},"url":"https:\/\/blogdofarnesio.com.br\/author\/teste\/"}]}},"_links":{"self":[{"href":"https:\/\/blogdofarnesio.com.br\/wp-json\/wp\/v2\/posts\/84938","targetHints":{"allow":["GET"]}}],"collection":[{"href":"https:\/\/blogdofarnesio.com.br\/wp-json\/wp\/v2\/posts"}],"about":[{"href":"https:\/\/blogdofarnesio.com.br\/wp-json\/wp\/v2\/types\/post"}],"author":[{"embeddable":true,"href":"https:\/\/blogdofarnesio.com.br\/wp-json\/wp\/v2\/users\/3"}],"replies":[{"embeddable":true,"href":"https:\/\/blogdofarnesio.com.br\/wp-json\/wp\/v2\/comments?post=84938"}],"version-history":[{"count":0,"href":"https:\/\/blogdofarnesio.com.br\/wp-json\/wp\/v2\/posts\/84938\/revisions"}],"wp:attachment":[{"href":"https:\/\/blogdofarnesio.com.br\/wp-json\/wp\/v2\/media?parent=84938"}],"wp:term":[{"taxonomy":"category","embeddable":true,"href":"https:\/\/blogdofarnesio.com.br\/wp-json\/wp\/v2\/categories?post=84938"},{"taxonomy":"post_tag","embeddable":true,"href":"https:\/\/blogdofarnesio.com.br\/wp-json\/wp\/v2\/tags?post=84938"}],"curies":[{"name":"wp","href":"https:\/\/api.w.org\/{rel}","templated":true}]}}