{"id":84934,"date":"2014-05-24T09:33:47","date_gmt":"2014-05-24T12:33:47","guid":{"rendered":"http:\/\/www.quersaberpolitica.com.br\/?p=84934"},"modified":"2014-05-24T09:00:15","modified_gmt":"2014-05-24T12:00:15","slug":"lista-tem-mais-de-32-mil-ficha-sujas-diz-mpf","status":"publish","type":"post","link":"https:\/\/blogdofarnesio.com.br\/?p=84934","title":{"rendered":"LISTA TEM MAIS DE 32 MIL FICHA SUJAS , DIZ MPF"},"content":{"rendered":"<div style=\"text-align: justify\"><a href=\"http:\/\/www.quersaberpolitica.com.br\/2016\/wp-content\/uploads\/2013\/01\/chargefichasuja.jpg\"><img loading=\"lazy\" decoding=\"async\" class=\"alignleft size-full wp-image-24686\" alt=\"chargefichasuja\" src=\"http:\/\/www.quersaberpolitica.com.br\/2016\/wp-content\/uploads\/2013\/01\/chargefichasuja.jpg\" width=\"214\" height=\"174\" \/><\/a>O cadastro nacional com pessoas que podem ser consideradas fichas-sujas nas elei\u00e7\u00f5es de 2014 tem mais de 32 mil pessoas potencialmente ineleg\u00edveis, informou o Minist\u00e9rio P\u00fablico Federal (MPF). O sistema unifica dados de mais de 30 \u00f3rg\u00e3os ligados \u00e0 administra\u00e7\u00e3o p\u00fablica sobre condena\u00e7\u00f5es que se enquadram na Lei da Ficha Limpa.<\/div>\n<div style=\"text-align: justify\"><\/div>\n<div style=\"text-align: justify\">A ferramenta agrega informa\u00e7\u00f5es dos tribunais Superior e Regional Eleitoral (TSE e TRE), de contas estaduais e federais, entre outros. O n\u00famero pode crescer, j\u00e1 que as institui\u00e7\u00f5es t\u00eam prazo para entregar todas as informa\u00e7\u00f5es. Os nomes s\u00f3 podem ser oficialmente considerados ineleg\u00edveis ap\u00f3s a candidatura ser registrada na Justi\u00e7a Eleitoral e impugnada pelo MPF com base na Lei da Ficha Limpa.<!--more--><\/div>\n<div style=\"text-align: justify\"><\/div>\n<div style=\"text-align: justify\">O caso ainda precisa ser julgado e condenado pelo TSE. &#8220;Ter essas informa\u00e7\u00f5es em um sistema \u00fanico \u00e9 importante, pois o tempo para impugna\u00e7\u00e3o [questionamento] de uma campanha \u00e9 ex\u00edguo \u2013 apenas cinco dias. E, nesses cinco dias, o procurador eleitoral n\u00e3o consegue juntar os dados necess\u00e1rios para verificar se o candidato foi atingido ou n\u00e3o pelas inelegibilidades&#8221;, opinou Eug\u00eanio Arag\u00e3o, vice-procurador-geral eleitoral.<\/div>\n<div style=\"text-align: justify\"><\/div>\n<div style=\"text-align: justify\"><\/div>\n<div style=\"text-align: justify\">O sistema re\u00fane informa\u00e7\u00f5es desde 2006 sobre a\u00e7\u00f5es de improbidade, a\u00e7\u00f5es criminais, condutas vedadas, condena\u00e7\u00f5es em \u00f3rg\u00e3os de fiscaliza\u00e7\u00e3o de classes e tribunais de contas.<\/div>\n","protected":false},"excerpt":{"rendered":"<p>O cadastro nacional com pessoas que podem ser consideradas fichas-sujas nas elei\u00e7\u00f5es de 2014 tem mais de 32 mil pessoas potencialmente ineleg\u00edveis, informou o Minist\u00e9rio P\u00fablico Federal (MPF). O sistema unifica dados de mais de 30 \u00f3rg\u00e3os ligados \u00e0 administra\u00e7\u00e3o p\u00fablica sobre condena\u00e7\u00f5es que se enquadram na Lei da Ficha Limpa. A ferramenta agrega informa\u00e7\u00f5es dos tribunais Superior e Regional Eleitoral (TSE e TRE), de contas estaduais e federais, entre outros. O n\u00famero pode crescer, j\u00e1 que as institui\u00e7\u00f5es t\u00eam prazo para entregar todas as informa\u00e7\u00f5es. Os nomes s\u00f3 podem ser oficialmente considerados ineleg\u00edveis ap\u00f3s a candidatura ser registrada na Justi\u00e7a Eleitoral e impugnada pelo MPF com base na Lei da Ficha Limpa.<\/p>\n","protected":false},"author":3,"featured_media":0,"comment_status":"open","ping_status":"open","sticky":false,"template":"","format":"standard","meta":{"_acf_changed":false,"footnotes":""},"categories":[23],"tags":[],"class_list":["post-84934","post","type-post","status-publish","format-standard","hentry","category-justica"],"acf":[],"yoast_head":"<!-- This site is optimized with the Yoast SEO plugin v27.4 - https:\/\/yoast.com\/product\/yoast-seo-wordpress\/ -->\n<title>LISTA TEM MAIS DE 32 MIL FICHA SUJAS , DIZ MPF - Blog do Farn\u00e9sio<\/title>\n<meta name=\"robots\" content=\"index, follow, max-snippet:-1, max-image-preview:large, max-video-preview:-1\" \/>\n<link rel=\"canonical\" href=\"https:\/\/blogdofarnesio.com.br\/?p=84934\" \/>\n<meta property=\"og:locale\" content=\"pt_BR\" \/>\n<meta property=\"og:type\" content=\"article\" \/>\n<meta property=\"og:title\" content=\"LISTA TEM MAIS DE 32 MIL FICHA SUJAS , DIZ MPF - Blog do Farn\u00e9sio\" \/>\n<meta property=\"og:description\" content=\"O cadastro nacional com pessoas que podem ser consideradas fichas-sujas nas elei\u00e7\u00f5es de 2014 tem mais de 32 mil pessoas potencialmente ineleg\u00edveis, informou o Minist\u00e9rio P\u00fablico Federal (MPF). O sistema unifica dados de mais de 30 \u00f3rg\u00e3os ligados \u00e0 administra\u00e7\u00e3o p\u00fablica sobre condena\u00e7\u00f5es que se enquadram na Lei da Ficha Limpa. A ferramenta agrega informa\u00e7\u00f5es dos tribunais Superior e Regional Eleitoral (TSE e TRE), de contas estaduais e federais, entre outros. O n\u00famero pode crescer, j\u00e1 que as institui\u00e7\u00f5es t\u00eam prazo para entregar todas as informa\u00e7\u00f5es. Os nomes s\u00f3 podem ser oficialmente considerados ineleg\u00edveis ap\u00f3s a candidatura ser registrada na Justi\u00e7a Eleitoral e impugnada pelo MPF com base na Lei da Ficha Limpa.\" \/>\n<meta property=\"og:url\" content=\"https:\/\/blogdofarnesio.com.br\/?p=84934\" \/>\n<meta property=\"og:site_name\" content=\"Blog do Farn\u00e9sio\" \/>\n<meta property=\"article:publisher\" content=\"https:\/\/www.facebook.com\/BlogQuerSaberPolitica\/\" \/>\n<meta property=\"article:published_time\" content=\"2014-05-24T12:33:47+00:00\" \/>\n<meta property=\"og:image\" content=\"http:\/\/www.quersaberpolitica.com.br\/2016\/wp-content\/uploads\/2013\/01\/chargefichasuja.jpg\" \/>\n<meta name=\"author\" content=\"teste\" \/>\n<meta name=\"twitter:card\" content=\"summary_large_image\" \/>\n<meta name=\"twitter:label1\" content=\"Escrito por\" \/>\n\t<meta name=\"twitter:data1\" content=\"teste\" \/>\n\t<meta name=\"twitter:label2\" content=\"Est. tempo de leitura\" \/>\n\t<meta name=\"twitter:data2\" content=\"1 minuto\" \/>\n<script type=\"application\/ld+json\" class=\"yoast-schema-graph\">{\"@context\":\"https:\\\/\\\/schema.org\",\"@graph\":[{\"@type\":\"Article\",\"@id\":\"https:\\\/\\\/blogdofarnesio.com.br\\\/?p=84934#article\",\"isPartOf\":{\"@id\":\"https:\\\/\\\/blogdofarnesio.com.br\\\/?p=84934\"},\"author\":{\"name\":\"teste\",\"@id\":\"https:\\\/\\\/blogdofarnesio.com.br\\\/#\\\/schema\\\/person\\\/dd1bf5eba40b687199ba45ca6b97dff9\"},\"headline\":\"LISTA TEM MAIS DE 32 MIL FICHA SUJAS , DIZ MPF\",\"datePublished\":\"2014-05-24T12:33:47+00:00\",\"mainEntityOfPage\":{\"@id\":\"https:\\\/\\\/blogdofarnesio.com.br\\\/?p=84934\"},\"wordCount\":233,\"commentCount\":0,\"publisher\":{\"@id\":\"https:\\\/\\\/blogdofarnesio.com.br\\\/#organization\"},\"image\":{\"@id\":\"https:\\\/\\\/blogdofarnesio.com.br\\\/?p=84934#primaryimage\"},\"thumbnailUrl\":\"http:\\\/\\\/www.quersaberpolitica.com.br\\\/2016\\\/wp-content\\\/uploads\\\/2013\\\/01\\\/chargefichasuja.jpg\",\"articleSection\":[\"Justi\u00e7a\"],\"inLanguage\":\"pt-BR\",\"potentialAction\":[{\"@type\":\"CommentAction\",\"name\":\"Comment\",\"target\":[\"https:\\\/\\\/blogdofarnesio.com.br\\\/?p=84934#respond\"]}]},{\"@type\":\"WebPage\",\"@id\":\"https:\\\/\\\/blogdofarnesio.com.br\\\/?p=84934\",\"url\":\"https:\\\/\\\/blogdofarnesio.com.br\\\/?p=84934\",\"name\":\"LISTA TEM MAIS DE 32 MIL FICHA SUJAS , DIZ MPF - Blog do Farn\u00e9sio\",\"isPartOf\":{\"@id\":\"https:\\\/\\\/blogdofarnesio.com.br\\\/#website\"},\"primaryImageOfPage\":{\"@id\":\"https:\\\/\\\/blogdofarnesio.com.br\\\/?p=84934#primaryimage\"},\"image\":{\"@id\":\"https:\\\/\\\/blogdofarnesio.com.br\\\/?p=84934#primaryimage\"},\"thumbnailUrl\":\"http:\\\/\\\/www.quersaberpolitica.com.br\\\/2016\\\/wp-content\\\/uploads\\\/2013\\\/01\\\/chargefichasuja.jpg\",\"datePublished\":\"2014-05-24T12:33:47+00:00\",\"breadcrumb\":{\"@id\":\"https:\\\/\\\/blogdofarnesio.com.br\\\/?p=84934#breadcrumb\"},\"inLanguage\":\"pt-BR\",\"potentialAction\":[{\"@type\":\"ReadAction\",\"target\":[\"https:\\\/\\\/blogdofarnesio.com.br\\\/?p=84934\"]}]},{\"@type\":\"ImageObject\",\"inLanguage\":\"pt-BR\",\"@id\":\"https:\\\/\\\/blogdofarnesio.com.br\\\/?p=84934#primaryimage\",\"url\":\"http:\\\/\\\/www.quersaberpolitica.com.br\\\/2016\\\/wp-content\\\/uploads\\\/2013\\\/01\\\/chargefichasuja.jpg\",\"contentUrl\":\"http:\\\/\\\/www.quersaberpolitica.com.br\\\/2016\\\/wp-content\\\/uploads\\\/2013\\\/01\\\/chargefichasuja.jpg\"},{\"@type\":\"BreadcrumbList\",\"@id\":\"https:\\\/\\\/blogdofarnesio.com.br\\\/?p=84934#breadcrumb\",\"itemListElement\":[{\"@type\":\"ListItem\",\"position\":1,\"name\":\"In\u00edcio\",\"item\":\"https:\\\/\\\/blogdofarnesio.com.br\\\/\"},{\"@type\":\"ListItem\",\"position\":2,\"name\":\"LISTA TEM MAIS DE 32 MIL FICHA SUJAS , DIZ MPF\"}]},{\"@type\":\"WebSite\",\"@id\":\"https:\\\/\\\/blogdofarnesio.com.br\\\/#website\",\"url\":\"https:\\\/\\\/blogdofarnesio.com.br\\\/\",\"name\":\"Blog do Farn\u00e9sio\",\"description\":\"Quer Saber Pol\u00edtica?\",\"publisher\":{\"@id\":\"https:\\\/\\\/blogdofarnesio.com.br\\\/#organization\"},\"potentialAction\":[{\"@type\":\"SearchAction\",\"target\":{\"@type\":\"EntryPoint\",\"urlTemplate\":\"https:\\\/\\\/blogdofarnesio.com.br\\\/?s={search_term_string}\"},\"query-input\":{\"@type\":\"PropertyValueSpecification\",\"valueRequired\":true,\"valueName\":\"search_term_string\"}}],\"inLanguage\":\"pt-BR\"},{\"@type\":\"Organization\",\"@id\":\"https:\\\/\\\/blogdofarnesio.com.br\\\/#organization\",\"name\":\"Blog do Farn\u00e9sio\",\"url\":\"https:\\\/\\\/blogdofarnesio.com.br\\\/\",\"logo\":{\"@type\":\"ImageObject\",\"inLanguage\":\"pt-BR\",\"@id\":\"https:\\\/\\\/blogdofarnesio.com.br\\\/#\\\/schema\\\/logo\\\/image\\\/\",\"url\":\"https:\\\/\\\/blogdofarnesio.com.br\\\/wp-content\\\/uploads\\\/2026\\\/03\\\/cropped-logo_new-1.png\",\"contentUrl\":\"https:\\\/\\\/blogdofarnesio.com.br\\\/wp-content\\\/uploads\\\/2026\\\/03\\\/cropped-logo_new-1.png\",\"width\":881,\"height\":685,\"caption\":\"Blog do Farn\u00e9sio\"},\"image\":{\"@id\":\"https:\\\/\\\/blogdofarnesio.com.br\\\/#\\\/schema\\\/logo\\\/image\\\/\"},\"sameAs\":[\"https:\\\/\\\/www.facebook.com\\\/BlogQuerSaberPolitica\\\/\"]},{\"@type\":\"Person\",\"@id\":\"https:\\\/\\\/blogdofarnesio.com.br\\\/#\\\/schema\\\/person\\\/dd1bf5eba40b687199ba45ca6b97dff9\",\"name\":\"teste\",\"image\":{\"@type\":\"ImageObject\",\"inLanguage\":\"pt-BR\",\"@id\":\"https:\\\/\\\/secure.gravatar.com\\\/avatar\\\/2172498d4914b51e1d89a0f97957b035ac4938723a5cac208135d389b6972a6d?s=96&d=mm&r=g\",\"url\":\"https:\\\/\\\/secure.gravatar.com\\\/avatar\\\/2172498d4914b51e1d89a0f97957b035ac4938723a5cac208135d389b6972a6d?s=96&d=mm&r=g\",\"contentUrl\":\"https:\\\/\\\/secure.gravatar.com\\\/avatar\\\/2172498d4914b51e1d89a0f97957b035ac4938723a5cac208135d389b6972a6d?s=96&d=mm&r=g\",\"caption\":\"teste\"},\"url\":\"https:\\\/\\\/blogdofarnesio.com.br\\\/?author=3\"}]}<\/script>\n<!-- \/ Yoast SEO plugin. -->","yoast_head_json":{"title":"LISTA TEM MAIS DE 32 MIL FICHA SUJAS , DIZ MPF - Blog do Farn\u00e9sio","robots":{"index":"index","follow":"follow","max-snippet":"max-snippet:-1","max-image-preview":"max-image-preview:large","max-video-preview":"max-video-preview:-1"},"canonical":"https:\/\/blogdofarnesio.com.br\/?p=84934","og_locale":"pt_BR","og_type":"article","og_title":"LISTA TEM MAIS DE 32 MIL FICHA SUJAS , DIZ MPF - Blog do Farn\u00e9sio","og_description":"O cadastro nacional com pessoas que podem ser consideradas fichas-sujas nas elei\u00e7\u00f5es de 2014 tem mais de 32 mil pessoas potencialmente ineleg\u00edveis, informou o Minist\u00e9rio P\u00fablico Federal (MPF). O sistema unifica dados de mais de 30 \u00f3rg\u00e3os ligados \u00e0 administra\u00e7\u00e3o p\u00fablica sobre condena\u00e7\u00f5es que se enquadram na Lei da Ficha Limpa. A ferramenta agrega informa\u00e7\u00f5es dos tribunais Superior e Regional Eleitoral (TSE e TRE), de contas estaduais e federais, entre outros. O n\u00famero pode crescer, j\u00e1 que as institui\u00e7\u00f5es t\u00eam prazo para entregar todas as informa\u00e7\u00f5es. Os nomes s\u00f3 podem ser oficialmente considerados ineleg\u00edveis ap\u00f3s a candidatura ser registrada na Justi\u00e7a Eleitoral e impugnada pelo MPF com base na Lei da Ficha Limpa.","og_url":"https:\/\/blogdofarnesio.com.br\/?p=84934","og_site_name":"Blog do Farn\u00e9sio","article_publisher":"https:\/\/www.facebook.com\/BlogQuerSaberPolitica\/","article_published_time":"2014-05-24T12:33:47+00:00","og_image":[{"url":"http:\/\/www.quersaberpolitica.com.br\/2016\/wp-content\/uploads\/2013\/01\/chargefichasuja.jpg","type":"","width":"","height":""}],"author":"teste","twitter_card":"summary_large_image","twitter_misc":{"Escrito por":"teste","Est. tempo de leitura":"1 minuto"},"schema":{"@context":"https:\/\/schema.org","@graph":[{"@type":"Article","@id":"https:\/\/blogdofarnesio.com.br\/?p=84934#article","isPartOf":{"@id":"https:\/\/blogdofarnesio.com.br\/?p=84934"},"author":{"name":"teste","@id":"https:\/\/blogdofarnesio.com.br\/#\/schema\/person\/dd1bf5eba40b687199ba45ca6b97dff9"},"headline":"LISTA TEM MAIS DE 32 MIL FICHA SUJAS , DIZ MPF","datePublished":"2014-05-24T12:33:47+00:00","mainEntityOfPage":{"@id":"https:\/\/blogdofarnesio.com.br\/?p=84934"},"wordCount":233,"commentCount":0,"publisher":{"@id":"https:\/\/blogdofarnesio.com.br\/#organization"},"image":{"@id":"https:\/\/blogdofarnesio.com.br\/?p=84934#primaryimage"},"thumbnailUrl":"http:\/\/www.quersaberpolitica.com.br\/2016\/wp-content\/uploads\/2013\/01\/chargefichasuja.jpg","articleSection":["Justi\u00e7a"],"inLanguage":"pt-BR","potentialAction":[{"@type":"CommentAction","name":"Comment","target":["https:\/\/blogdofarnesio.com.br\/?p=84934#respond"]}]},{"@type":"WebPage","@id":"https:\/\/blogdofarnesio.com.br\/?p=84934","url":"https:\/\/blogdofarnesio.com.br\/?p=84934","name":"LISTA TEM MAIS DE 32 MIL FICHA SUJAS , DIZ MPF - Blog do Farn\u00e9sio","isPartOf":{"@id":"https:\/\/blogdofarnesio.com.br\/#website"},"primaryImageOfPage":{"@id":"https:\/\/blogdofarnesio.com.br\/?p=84934#primaryimage"},"image":{"@id":"https:\/\/blogdofarnesio.com.br\/?p=84934#primaryimage"},"thumbnailUrl":"http:\/\/www.quersaberpolitica.com.br\/2016\/wp-content\/uploads\/2013\/01\/chargefichasuja.jpg","datePublished":"2014-05-24T12:33:47+00:00","breadcrumb":{"@id":"https:\/\/blogdofarnesio.com.br\/?p=84934#breadcrumb"},"inLanguage":"pt-BR","potentialAction":[{"@type":"ReadAction","target":["https:\/\/blogdofarnesio.com.br\/?p=84934"]}]},{"@type":"ImageObject","inLanguage":"pt-BR","@id":"https:\/\/blogdofarnesio.com.br\/?p=84934#primaryimage","url":"http:\/\/www.quersaberpolitica.com.br\/2016\/wp-content\/uploads\/2013\/01\/chargefichasuja.jpg","contentUrl":"http:\/\/www.quersaberpolitica.com.br\/2016\/wp-content\/uploads\/2013\/01\/chargefichasuja.jpg"},{"@type":"BreadcrumbList","@id":"https:\/\/blogdofarnesio.com.br\/?p=84934#breadcrumb","itemListElement":[{"@type":"ListItem","position":1,"name":"In\u00edcio","item":"https:\/\/blogdofarnesio.com.br\/"},{"@type":"ListItem","position":2,"name":"LISTA TEM MAIS DE 32 MIL FICHA SUJAS , DIZ MPF"}]},{"@type":"WebSite","@id":"https:\/\/blogdofarnesio.com.br\/#website","url":"https:\/\/blogdofarnesio.com.br\/","name":"Blog do Farn\u00e9sio","description":"Quer Saber Pol\u00edtica?","publisher":{"@id":"https:\/\/blogdofarnesio.com.br\/#organization"},"potentialAction":[{"@type":"SearchAction","target":{"@type":"EntryPoint","urlTemplate":"https:\/\/blogdofarnesio.com.br\/?s={search_term_string}"},"query-input":{"@type":"PropertyValueSpecification","valueRequired":true,"valueName":"search_term_string"}}],"inLanguage":"pt-BR"},{"@type":"Organization","@id":"https:\/\/blogdofarnesio.com.br\/#organization","name":"Blog do Farn\u00e9sio","url":"https:\/\/blogdofarnesio.com.br\/","logo":{"@type":"ImageObject","inLanguage":"pt-BR","@id":"https:\/\/blogdofarnesio.com.br\/#\/schema\/logo\/image\/","url":"https:\/\/blogdofarnesio.com.br\/wp-content\/uploads\/2026\/03\/cropped-logo_new-1.png","contentUrl":"https:\/\/blogdofarnesio.com.br\/wp-content\/uploads\/2026\/03\/cropped-logo_new-1.png","width":881,"height":685,"caption":"Blog do Farn\u00e9sio"},"image":{"@id":"https:\/\/blogdofarnesio.com.br\/#\/schema\/logo\/image\/"},"sameAs":["https:\/\/www.facebook.com\/BlogQuerSaberPolitica\/"]},{"@type":"Person","@id":"https:\/\/blogdofarnesio.com.br\/#\/schema\/person\/dd1bf5eba40b687199ba45ca6b97dff9","name":"teste","image":{"@type":"ImageObject","inLanguage":"pt-BR","@id":"https:\/\/secure.gravatar.com\/avatar\/2172498d4914b51e1d89a0f97957b035ac4938723a5cac208135d389b6972a6d?s=96&d=mm&r=g","url":"https:\/\/secure.gravatar.com\/avatar\/2172498d4914b51e1d89a0f97957b035ac4938723a5cac208135d389b6972a6d?s=96&d=mm&r=g","contentUrl":"https:\/\/secure.gravatar.com\/avatar\/2172498d4914b51e1d89a0f97957b035ac4938723a5cac208135d389b6972a6d?s=96&d=mm&r=g","caption":"teste"},"url":"https:\/\/blogdofarnesio.com.br\/?author=3"}]}},"_links":{"self":[{"href":"https:\/\/blogdofarnesio.com.br\/index.php?rest_route=\/wp\/v2\/posts\/84934","targetHints":{"allow":["GET"]}}],"collection":[{"href":"https:\/\/blogdofarnesio.com.br\/index.php?rest_route=\/wp\/v2\/posts"}],"about":[{"href":"https:\/\/blogdofarnesio.com.br\/index.php?rest_route=\/wp\/v2\/types\/post"}],"author":[{"embeddable":true,"href":"https:\/\/blogdofarnesio.com.br\/index.php?rest_route=\/wp\/v2\/users\/3"}],"replies":[{"embeddable":true,"href":"https:\/\/blogdofarnesio.com.br\/index.php?rest_route=%2Fwp%2Fv2%2Fcomments&post=84934"}],"version-history":[{"count":0,"href":"https:\/\/blogdofarnesio.com.br\/index.php?rest_route=\/wp\/v2\/posts\/84934\/revisions"}],"wp:attachment":[{"href":"https:\/\/blogdofarnesio.com.br\/index.php?rest_route=%2Fwp%2Fv2%2Fmedia&parent=84934"}],"wp:term":[{"taxonomy":"category","embeddable":true,"href":"https:\/\/blogdofarnesio.com.br\/index.php?rest_route=%2Fwp%2Fv2%2Fcategories&post=84934"},{"taxonomy":"post_tag","embeddable":true,"href":"https:\/\/blogdofarnesio.com.br\/index.php?rest_route=%2Fwp%2Fv2%2Ftags&post=84934"}],"curies":[{"name":"wp","href":"https:\/\/api.w.org\/{rel}","templated":true}]}}