{"id":84054,"date":"2014-05-18T08:00:26","date_gmt":"2014-05-18T11:00:26","guid":{"rendered":"http:\/\/www.quersaberpolitica.com.br\/?p=84054"},"modified":"2014-05-17T20:26:08","modified_gmt":"2014-05-17T23:26:08","slug":"abertas-novas-inscricoes-para-o-pronatec-em-juazeiro","status":"publish","type":"post","link":"https:\/\/blogdofarnesio.com.br\/?p=84054","title":{"rendered":"ABERTAS NOVAS INSCRI\u00c7\u00d5ES PARA O PRONATEC EM JUAZEIRO"},"content":{"rendered":"<p style=\"text-align: justify\"><b><a href=\"http:\/\/www.quersaberpolitica.com.br\/2016\/wp-content\/uploads\/2014\/04\/blogqsp_pronatecjua.jpg\"><img loading=\"lazy\" decoding=\"async\" class=\"size-full wp-image-80012 aligncenter\" alt=\"blogqsp_pronatecjua\" src=\"http:\/\/www.quersaberpolitica.com.br\/2016\/wp-content\/uploads\/2014\/04\/blogqsp_pronatecjua.jpg\" width=\"400\" height=\"193\" srcset=\"https:\/\/blogdofarnesio.com.br\/wp-content\/uploads\/2014\/04\/blogqsp_pronatecjua.jpg 400w, https:\/\/blogdofarnesio.com.br\/wp-content\/uploads\/2014\/04\/blogqsp_pronatecjua-300x144.jpg 300w\" sizes=\"auto, (max-width: 400px) 100vw, 400px\" \/><\/a>Prefeitura abre inscri\u00e7\u00f5es para novas turmas do Pronatec<\/b>A Secretaria de Desenvolvimento e Igualdade Social (SEDIS) abre nesta segunda-feira (19), inscri\u00e7\u00f5es para mais seis turmas dos cursos t\u00e9cnicos profissionalizantes do Programa Nacional de Acesso ao Ensino T\u00e9cnico e Emprego \u2013 PRONATEC, do Governo Federal, em parceria com a Prefeitura de Juazeiro e o SENAI.<\/p>\n<p style=\"text-align: justify\">As matr\u00edculas ser\u00e3o realizadas em dois dias, 19 e 20 de maio, das 8h \u00e0s 17h,\u00a0no Centro Integrado de Desenvolvimento Social (antiga casa do Bolsa Fam\u00edlia), localizado na Pra\u00e7a da Bandeira, N 26, no Centro da cidade.<\/p>\n<p style=\"text-align: justify\">Nesta segunda etapa ser\u00e3o oferecidas 170 vagas para os cursos de\u00a0T\u00e9cnico em Rede de Computadores, Eletricista Instalador Predial de Baixa Tens\u00e3o e Instalador de Refrigera\u00e7\u00e3o e Climatiza\u00e7\u00e3o Dom\u00e9stica.\u00a0Este ano, s\u00f3 o SENAI ir\u00e1 oferecer mais de 800 vagas para cursos profissionalizantes.<!--more--><\/p>\n<p style=\"text-align: justify\">Os interessados devem levar o original e c\u00f3pia\u00a0do CPF, RG, comprovante de resid\u00eancia, comprovante de conta na Caixa Econ\u00f4mica, declara\u00e7\u00e3o escolar, n\u00famero do NIS ou PIS.<\/p>\n<p style=\"text-align: justify\">Emanuelle Lustosa\/SEDIS<\/p>\n","protected":false},"excerpt":{"rendered":"<p>Prefeitura abre inscri\u00e7\u00f5es para novas turmas do PronatecA Secretaria de Desenvolvimento e Igualdade Social (SEDIS) abre nesta segunda-feira (19), inscri\u00e7\u00f5es para mais seis turmas dos cursos t\u00e9cnicos profissionalizantes do Programa Nacional de Acesso ao Ensino T\u00e9cnico e Emprego \u2013 PRONATEC, do Governo Federal, em parceria com a Prefeitura de Juazeiro e o SENAI. As matr\u00edculas ser\u00e3o realizadas em dois dias, 19 e 20 de maio, das 8h \u00e0s 17h,\u00a0no Centro Integrado de Desenvolvimento Social (antiga casa do Bolsa Fam\u00edlia), localizado na Pra\u00e7a da Bandeira, N 26, no Centro da cidade. Nesta segunda etapa ser\u00e3o oferecidas 170 vagas para os cursos de\u00a0T\u00e9cnico em Rede de Computadores, Eletricista Instalador Predial de Baixa Tens\u00e3o e Instalador de Refrigera\u00e7\u00e3o e Climatiza\u00e7\u00e3o Dom\u00e9stica.\u00a0Este ano, s\u00f3&hellip; <\/p>\n","protected":false},"author":3,"featured_media":0,"comment_status":"open","ping_status":"open","sticky":false,"template":"","format":"standard","meta":{"_acf_changed":false,"footnotes":""},"categories":[6],"tags":[],"class_list":["post-84054","post","type-post","status-publish","format-standard","hentry","category-educacao"],"acf":[],"yoast_head":"<!-- This site is optimized with the Yoast SEO plugin v27.4 - https:\/\/yoast.com\/product\/yoast-seo-wordpress\/ -->\n<title>ABERTAS NOVAS INSCRI\u00c7\u00d5ES PARA O PRONATEC EM JUAZEIRO - Blog do Farn\u00e9sio<\/title>\n<meta name=\"robots\" content=\"index, follow, max-snippet:-1, max-image-preview:large, max-video-preview:-1\" \/>\n<link rel=\"canonical\" href=\"https:\/\/blogdofarnesio.com.br\/?p=84054\" \/>\n<meta property=\"og:locale\" content=\"pt_BR\" \/>\n<meta property=\"og:type\" content=\"article\" \/>\n<meta property=\"og:title\" content=\"ABERTAS NOVAS INSCRI\u00c7\u00d5ES PARA O PRONATEC EM JUAZEIRO - Blog do Farn\u00e9sio\" \/>\n<meta property=\"og:description\" content=\"Prefeitura abre inscri\u00e7\u00f5es para novas turmas do PronatecA Secretaria de Desenvolvimento e Igualdade Social (SEDIS) abre nesta segunda-feira (19), inscri\u00e7\u00f5es para mais seis turmas dos cursos t\u00e9cnicos profissionalizantes do Programa Nacional de Acesso ao Ensino T\u00e9cnico e Emprego \u2013 PRONATEC, do Governo Federal, em parceria com a Prefeitura de Juazeiro e o SENAI. As matr\u00edculas ser\u00e3o realizadas em dois dias, 19 e 20 de maio, das 8h \u00e0s 17h,\u00a0no Centro Integrado de Desenvolvimento Social (antiga casa do Bolsa Fam\u00edlia), localizado na Pra\u00e7a da Bandeira, N 26, no Centro da cidade. Nesta segunda etapa ser\u00e3o oferecidas 170 vagas para os cursos de\u00a0T\u00e9cnico em Rede de Computadores, Eletricista Instalador Predial de Baixa Tens\u00e3o e Instalador de Refrigera\u00e7\u00e3o e Climatiza\u00e7\u00e3o Dom\u00e9stica.\u00a0Este ano, s\u00f3&hellip;\" \/>\n<meta property=\"og:url\" content=\"https:\/\/blogdofarnesio.com.br\/?p=84054\" \/>\n<meta property=\"og:site_name\" content=\"Blog do Farn\u00e9sio\" \/>\n<meta property=\"article:publisher\" content=\"https:\/\/www.facebook.com\/BlogQuerSaberPolitica\/\" \/>\n<meta property=\"article:published_time\" content=\"2014-05-18T11:00:26+00:00\" \/>\n<meta property=\"og:image\" content=\"http:\/\/www.quersaberpolitica.com.br\/2016\/wp-content\/uploads\/2014\/04\/blogqsp_pronatecjua.jpg\" \/>\n<meta name=\"author\" content=\"teste\" \/>\n<meta name=\"twitter:card\" content=\"summary_large_image\" \/>\n<meta name=\"twitter:label1\" content=\"Escrito por\" \/>\n\t<meta name=\"twitter:data1\" content=\"teste\" \/>\n\t<meta name=\"twitter:label2\" content=\"Est. tempo de leitura\" \/>\n\t<meta name=\"twitter:data2\" content=\"1 minuto\" \/>\n<script type=\"application\/ld+json\" class=\"yoast-schema-graph\">{\"@context\":\"https:\\\/\\\/schema.org\",\"@graph\":[{\"@type\":\"Article\",\"@id\":\"https:\\\/\\\/blogdofarnesio.com.br\\\/?p=84054#article\",\"isPartOf\":{\"@id\":\"https:\\\/\\\/blogdofarnesio.com.br\\\/?p=84054\"},\"author\":{\"name\":\"teste\",\"@id\":\"https:\\\/\\\/blogdofarnesio.com.br\\\/#\\\/schema\\\/person\\\/dd1bf5eba40b687199ba45ca6b97dff9\"},\"headline\":\"ABERTAS NOVAS INSCRI\u00c7\u00d5ES PARA O PRONATEC EM JUAZEIRO\",\"datePublished\":\"2014-05-18T11:00:26+00:00\",\"mainEntityOfPage\":{\"@id\":\"https:\\\/\\\/blogdofarnesio.com.br\\\/?p=84054\"},\"wordCount\":185,\"commentCount\":0,\"publisher\":{\"@id\":\"https:\\\/\\\/blogdofarnesio.com.br\\\/#organization\"},\"image\":{\"@id\":\"https:\\\/\\\/blogdofarnesio.com.br\\\/?p=84054#primaryimage\"},\"thumbnailUrl\":\"http:\\\/\\\/www.quersaberpolitica.com.br\\\/2016\\\/wp-content\\\/uploads\\\/2014\\\/04\\\/blogqsp_pronatecjua.jpg\",\"articleSection\":[\"Educa\u00e7\u00e3o\"],\"inLanguage\":\"pt-BR\",\"potentialAction\":[{\"@type\":\"CommentAction\",\"name\":\"Comment\",\"target\":[\"https:\\\/\\\/blogdofarnesio.com.br\\\/?p=84054#respond\"]}]},{\"@type\":\"WebPage\",\"@id\":\"https:\\\/\\\/blogdofarnesio.com.br\\\/?p=84054\",\"url\":\"https:\\\/\\\/blogdofarnesio.com.br\\\/?p=84054\",\"name\":\"ABERTAS NOVAS INSCRI\u00c7\u00d5ES PARA O PRONATEC EM JUAZEIRO - Blog do Farn\u00e9sio\",\"isPartOf\":{\"@id\":\"https:\\\/\\\/blogdofarnesio.com.br\\\/#website\"},\"primaryImageOfPage\":{\"@id\":\"https:\\\/\\\/blogdofarnesio.com.br\\\/?p=84054#primaryimage\"},\"image\":{\"@id\":\"https:\\\/\\\/blogdofarnesio.com.br\\\/?p=84054#primaryimage\"},\"thumbnailUrl\":\"http:\\\/\\\/www.quersaberpolitica.com.br\\\/2016\\\/wp-content\\\/uploads\\\/2014\\\/04\\\/blogqsp_pronatecjua.jpg\",\"datePublished\":\"2014-05-18T11:00:26+00:00\",\"breadcrumb\":{\"@id\":\"https:\\\/\\\/blogdofarnesio.com.br\\\/?p=84054#breadcrumb\"},\"inLanguage\":\"pt-BR\",\"potentialAction\":[{\"@type\":\"ReadAction\",\"target\":[\"https:\\\/\\\/blogdofarnesio.com.br\\\/?p=84054\"]}]},{\"@type\":\"ImageObject\",\"inLanguage\":\"pt-BR\",\"@id\":\"https:\\\/\\\/blogdofarnesio.com.br\\\/?p=84054#primaryimage\",\"url\":\"http:\\\/\\\/www.quersaberpolitica.com.br\\\/2016\\\/wp-content\\\/uploads\\\/2014\\\/04\\\/blogqsp_pronatecjua.jpg\",\"contentUrl\":\"http:\\\/\\\/www.quersaberpolitica.com.br\\\/2016\\\/wp-content\\\/uploads\\\/2014\\\/04\\\/blogqsp_pronatecjua.jpg\"},{\"@type\":\"BreadcrumbList\",\"@id\":\"https:\\\/\\\/blogdofarnesio.com.br\\\/?p=84054#breadcrumb\",\"itemListElement\":[{\"@type\":\"ListItem\",\"position\":1,\"name\":\"In\u00edcio\",\"item\":\"https:\\\/\\\/blogdofarnesio.com.br\\\/\"},{\"@type\":\"ListItem\",\"position\":2,\"name\":\"ABERTAS NOVAS INSCRI\u00c7\u00d5ES PARA O PRONATEC EM JUAZEIRO\"}]},{\"@type\":\"WebSite\",\"@id\":\"https:\\\/\\\/blogdofarnesio.com.br\\\/#website\",\"url\":\"https:\\\/\\\/blogdofarnesio.com.br\\\/\",\"name\":\"Blog do Farn\u00e9sio\",\"description\":\"Quer Saber Pol\u00edtica?\",\"publisher\":{\"@id\":\"https:\\\/\\\/blogdofarnesio.com.br\\\/#organization\"},\"potentialAction\":[{\"@type\":\"SearchAction\",\"target\":{\"@type\":\"EntryPoint\",\"urlTemplate\":\"https:\\\/\\\/blogdofarnesio.com.br\\\/?s={search_term_string}\"},\"query-input\":{\"@type\":\"PropertyValueSpecification\",\"valueRequired\":true,\"valueName\":\"search_term_string\"}}],\"inLanguage\":\"pt-BR\"},{\"@type\":\"Organization\",\"@id\":\"https:\\\/\\\/blogdofarnesio.com.br\\\/#organization\",\"name\":\"Blog do Farn\u00e9sio\",\"url\":\"https:\\\/\\\/blogdofarnesio.com.br\\\/\",\"logo\":{\"@type\":\"ImageObject\",\"inLanguage\":\"pt-BR\",\"@id\":\"https:\\\/\\\/blogdofarnesio.com.br\\\/#\\\/schema\\\/logo\\\/image\\\/\",\"url\":\"https:\\\/\\\/blogdofarnesio.com.br\\\/wp-content\\\/uploads\\\/2026\\\/03\\\/cropped-logo_new-1.png\",\"contentUrl\":\"https:\\\/\\\/blogdofarnesio.com.br\\\/wp-content\\\/uploads\\\/2026\\\/03\\\/cropped-logo_new-1.png\",\"width\":881,\"height\":685,\"caption\":\"Blog do Farn\u00e9sio\"},\"image\":{\"@id\":\"https:\\\/\\\/blogdofarnesio.com.br\\\/#\\\/schema\\\/logo\\\/image\\\/\"},\"sameAs\":[\"https:\\\/\\\/www.facebook.com\\\/BlogQuerSaberPolitica\\\/\"]},{\"@type\":\"Person\",\"@id\":\"https:\\\/\\\/blogdofarnesio.com.br\\\/#\\\/schema\\\/person\\\/dd1bf5eba40b687199ba45ca6b97dff9\",\"name\":\"teste\",\"image\":{\"@type\":\"ImageObject\",\"inLanguage\":\"pt-BR\",\"@id\":\"https:\\\/\\\/secure.gravatar.com\\\/avatar\\\/2172498d4914b51e1d89a0f97957b035ac4938723a5cac208135d389b6972a6d?s=96&d=mm&r=g\",\"url\":\"https:\\\/\\\/secure.gravatar.com\\\/avatar\\\/2172498d4914b51e1d89a0f97957b035ac4938723a5cac208135d389b6972a6d?s=96&d=mm&r=g\",\"contentUrl\":\"https:\\\/\\\/secure.gravatar.com\\\/avatar\\\/2172498d4914b51e1d89a0f97957b035ac4938723a5cac208135d389b6972a6d?s=96&d=mm&r=g\",\"caption\":\"teste\"},\"url\":\"https:\\\/\\\/blogdofarnesio.com.br\\\/?author=3\"}]}<\/script>\n<!-- \/ Yoast SEO plugin. -->","yoast_head_json":{"title":"ABERTAS NOVAS INSCRI\u00c7\u00d5ES PARA O PRONATEC EM JUAZEIRO - Blog do Farn\u00e9sio","robots":{"index":"index","follow":"follow","max-snippet":"max-snippet:-1","max-image-preview":"max-image-preview:large","max-video-preview":"max-video-preview:-1"},"canonical":"https:\/\/blogdofarnesio.com.br\/?p=84054","og_locale":"pt_BR","og_type":"article","og_title":"ABERTAS NOVAS INSCRI\u00c7\u00d5ES PARA O PRONATEC EM JUAZEIRO - Blog do Farn\u00e9sio","og_description":"Prefeitura abre inscri\u00e7\u00f5es para novas turmas do PronatecA Secretaria de Desenvolvimento e Igualdade Social (SEDIS) abre nesta segunda-feira (19), inscri\u00e7\u00f5es para mais seis turmas dos cursos t\u00e9cnicos profissionalizantes do Programa Nacional de Acesso ao Ensino T\u00e9cnico e Emprego \u2013 PRONATEC, do Governo Federal, em parceria com a Prefeitura de Juazeiro e o SENAI. As matr\u00edculas ser\u00e3o realizadas em dois dias, 19 e 20 de maio, das 8h \u00e0s 17h,\u00a0no Centro Integrado de Desenvolvimento Social (antiga casa do Bolsa Fam\u00edlia), localizado na Pra\u00e7a da Bandeira, N 26, no Centro da cidade. Nesta segunda etapa ser\u00e3o oferecidas 170 vagas para os cursos de\u00a0T\u00e9cnico em Rede de Computadores, Eletricista Instalador Predial de Baixa Tens\u00e3o e Instalador de Refrigera\u00e7\u00e3o e Climatiza\u00e7\u00e3o Dom\u00e9stica.\u00a0Este ano, s\u00f3&hellip;","og_url":"https:\/\/blogdofarnesio.com.br\/?p=84054","og_site_name":"Blog do Farn\u00e9sio","article_publisher":"https:\/\/www.facebook.com\/BlogQuerSaberPolitica\/","article_published_time":"2014-05-18T11:00:26+00:00","og_image":[{"url":"http:\/\/www.quersaberpolitica.com.br\/2016\/wp-content\/uploads\/2014\/04\/blogqsp_pronatecjua.jpg","type":"","width":"","height":""}],"author":"teste","twitter_card":"summary_large_image","twitter_misc":{"Escrito por":"teste","Est. tempo de leitura":"1 minuto"},"schema":{"@context":"https:\/\/schema.org","@graph":[{"@type":"Article","@id":"https:\/\/blogdofarnesio.com.br\/?p=84054#article","isPartOf":{"@id":"https:\/\/blogdofarnesio.com.br\/?p=84054"},"author":{"name":"teste","@id":"https:\/\/blogdofarnesio.com.br\/#\/schema\/person\/dd1bf5eba40b687199ba45ca6b97dff9"},"headline":"ABERTAS NOVAS INSCRI\u00c7\u00d5ES PARA O PRONATEC EM JUAZEIRO","datePublished":"2014-05-18T11:00:26+00:00","mainEntityOfPage":{"@id":"https:\/\/blogdofarnesio.com.br\/?p=84054"},"wordCount":185,"commentCount":0,"publisher":{"@id":"https:\/\/blogdofarnesio.com.br\/#organization"},"image":{"@id":"https:\/\/blogdofarnesio.com.br\/?p=84054#primaryimage"},"thumbnailUrl":"http:\/\/www.quersaberpolitica.com.br\/2016\/wp-content\/uploads\/2014\/04\/blogqsp_pronatecjua.jpg","articleSection":["Educa\u00e7\u00e3o"],"inLanguage":"pt-BR","potentialAction":[{"@type":"CommentAction","name":"Comment","target":["https:\/\/blogdofarnesio.com.br\/?p=84054#respond"]}]},{"@type":"WebPage","@id":"https:\/\/blogdofarnesio.com.br\/?p=84054","url":"https:\/\/blogdofarnesio.com.br\/?p=84054","name":"ABERTAS NOVAS INSCRI\u00c7\u00d5ES PARA O PRONATEC EM JUAZEIRO - Blog do Farn\u00e9sio","isPartOf":{"@id":"https:\/\/blogdofarnesio.com.br\/#website"},"primaryImageOfPage":{"@id":"https:\/\/blogdofarnesio.com.br\/?p=84054#primaryimage"},"image":{"@id":"https:\/\/blogdofarnesio.com.br\/?p=84054#primaryimage"},"thumbnailUrl":"http:\/\/www.quersaberpolitica.com.br\/2016\/wp-content\/uploads\/2014\/04\/blogqsp_pronatecjua.jpg","datePublished":"2014-05-18T11:00:26+00:00","breadcrumb":{"@id":"https:\/\/blogdofarnesio.com.br\/?p=84054#breadcrumb"},"inLanguage":"pt-BR","potentialAction":[{"@type":"ReadAction","target":["https:\/\/blogdofarnesio.com.br\/?p=84054"]}]},{"@type":"ImageObject","inLanguage":"pt-BR","@id":"https:\/\/blogdofarnesio.com.br\/?p=84054#primaryimage","url":"http:\/\/www.quersaberpolitica.com.br\/2016\/wp-content\/uploads\/2014\/04\/blogqsp_pronatecjua.jpg","contentUrl":"http:\/\/www.quersaberpolitica.com.br\/2016\/wp-content\/uploads\/2014\/04\/blogqsp_pronatecjua.jpg"},{"@type":"BreadcrumbList","@id":"https:\/\/blogdofarnesio.com.br\/?p=84054#breadcrumb","itemListElement":[{"@type":"ListItem","position":1,"name":"In\u00edcio","item":"https:\/\/blogdofarnesio.com.br\/"},{"@type":"ListItem","position":2,"name":"ABERTAS NOVAS INSCRI\u00c7\u00d5ES PARA O PRONATEC EM JUAZEIRO"}]},{"@type":"WebSite","@id":"https:\/\/blogdofarnesio.com.br\/#website","url":"https:\/\/blogdofarnesio.com.br\/","name":"Blog do Farn\u00e9sio","description":"Quer Saber Pol\u00edtica?","publisher":{"@id":"https:\/\/blogdofarnesio.com.br\/#organization"},"potentialAction":[{"@type":"SearchAction","target":{"@type":"EntryPoint","urlTemplate":"https:\/\/blogdofarnesio.com.br\/?s={search_term_string}"},"query-input":{"@type":"PropertyValueSpecification","valueRequired":true,"valueName":"search_term_string"}}],"inLanguage":"pt-BR"},{"@type":"Organization","@id":"https:\/\/blogdofarnesio.com.br\/#organization","name":"Blog do Farn\u00e9sio","url":"https:\/\/blogdofarnesio.com.br\/","logo":{"@type":"ImageObject","inLanguage":"pt-BR","@id":"https:\/\/blogdofarnesio.com.br\/#\/schema\/logo\/image\/","url":"https:\/\/blogdofarnesio.com.br\/wp-content\/uploads\/2026\/03\/cropped-logo_new-1.png","contentUrl":"https:\/\/blogdofarnesio.com.br\/wp-content\/uploads\/2026\/03\/cropped-logo_new-1.png","width":881,"height":685,"caption":"Blog do Farn\u00e9sio"},"image":{"@id":"https:\/\/blogdofarnesio.com.br\/#\/schema\/logo\/image\/"},"sameAs":["https:\/\/www.facebook.com\/BlogQuerSaberPolitica\/"]},{"@type":"Person","@id":"https:\/\/blogdofarnesio.com.br\/#\/schema\/person\/dd1bf5eba40b687199ba45ca6b97dff9","name":"teste","image":{"@type":"ImageObject","inLanguage":"pt-BR","@id":"https:\/\/secure.gravatar.com\/avatar\/2172498d4914b51e1d89a0f97957b035ac4938723a5cac208135d389b6972a6d?s=96&d=mm&r=g","url":"https:\/\/secure.gravatar.com\/avatar\/2172498d4914b51e1d89a0f97957b035ac4938723a5cac208135d389b6972a6d?s=96&d=mm&r=g","contentUrl":"https:\/\/secure.gravatar.com\/avatar\/2172498d4914b51e1d89a0f97957b035ac4938723a5cac208135d389b6972a6d?s=96&d=mm&r=g","caption":"teste"},"url":"https:\/\/blogdofarnesio.com.br\/?author=3"}]}},"_links":{"self":[{"href":"https:\/\/blogdofarnesio.com.br\/index.php?rest_route=\/wp\/v2\/posts\/84054","targetHints":{"allow":["GET"]}}],"collection":[{"href":"https:\/\/blogdofarnesio.com.br\/index.php?rest_route=\/wp\/v2\/posts"}],"about":[{"href":"https:\/\/blogdofarnesio.com.br\/index.php?rest_route=\/wp\/v2\/types\/post"}],"author":[{"embeddable":true,"href":"https:\/\/blogdofarnesio.com.br\/index.php?rest_route=\/wp\/v2\/users\/3"}],"replies":[{"embeddable":true,"href":"https:\/\/blogdofarnesio.com.br\/index.php?rest_route=%2Fwp%2Fv2%2Fcomments&post=84054"}],"version-history":[{"count":0,"href":"https:\/\/blogdofarnesio.com.br\/index.php?rest_route=\/wp\/v2\/posts\/84054\/revisions"}],"wp:attachment":[{"href":"https:\/\/blogdofarnesio.com.br\/index.php?rest_route=%2Fwp%2Fv2%2Fmedia&parent=84054"}],"wp:term":[{"taxonomy":"category","embeddable":true,"href":"https:\/\/blogdofarnesio.com.br\/index.php?rest_route=%2Fwp%2Fv2%2Fcategories&post=84054"},{"taxonomy":"post_tag","embeddable":true,"href":"https:\/\/blogdofarnesio.com.br\/index.php?rest_route=%2Fwp%2Fv2%2Ftags&post=84054"}],"curies":[{"name":"wp","href":"https:\/\/api.w.org\/{rel}","templated":true}]}}