{"id":8403,"date":"2011-11-16T19:00:00","date_gmt":"2011-11-16T19:00:00","guid":{"rendered":"http:\/\/www.quersaberpolitica.com.br?p=8403"},"modified":"-0001-11-30T00:00:00","modified_gmt":"-0001-11-30T03:00:00","slug":"prefeitura-de-petrolina-investe-em-programa-de-educacao-em-saude-para-qualificar-agentes-comunitarios-de-saude","status":"publish","type":"post","link":"https:\/\/blogdofarnesio.com.br\/?p=8403","title":{"rendered":"Prefeitura de Petrolina investe em programa de educa\u00e7\u00e3o em sa\u00fade para qualificar Agentes Comunit\u00e1rios de Sa\u00fade"},"content":{"rendered":"<p style=\"text-align: justify;\"><span style=\"font-size: small;\"><a rel=\"lightbox\" href=\"http:\/\/www.quersaberpolitica.com.br\/2016\/wp-content\/uploads\/2012\/12\/blogqspagentesdesaudepetpassamporqualificacao.jpg\"><img loading=\"lazy\" decoding=\"async\" style=\"float: right; margin-top: 5px; margin-bottom: 5px; margin-left: 10px; margin-right: 10px;\" title=\"Imagem Divulga&ccedil;&atilde;o\" src=\"http:\/\/www.quersaberpolitica.com.br\/2016\/wp-content\/uploads\/2012\/12\/blogqspagentesdesaudepetpassamporqualificacao.jpg\" alt=\"\" width=\"200\" height=\"150\" \/><\/a>Preocupada em capacitar cada vez mais os profissionais que atuam na rede de sa&uacute;de do munic&iacute;pio de Petrolina, a Secretaria Municipal de Sa&uacute;de (SMS) vem investindo em encontros pedag&oacute;gicos com o intuito de estimular a garantir o processo de educa&ccedil;&atilde;o&nbsp;permanente&nbsp;&nbsp;em sa&uacute;de das Equipes de Sa&uacute;de da Fam&iacute;lia (ESF), em especial&nbsp;aos Agentes Comunit&aacute;rios de Sa&uacute;de (ACS). Na &uacute;ltima sexta-feira (11), a SMS realizou&nbsp;mais uma reuni&atilde;o, enfermeiros, cirurgi&otilde;es-dentistas, educador f&iacute;sico, psic&oacute;logo, nutricionista, assistentes sociais e farmac&ecirc;uticos, que ir&atilde;o desenvolver o programa QualificACS nas Unidades B&aacute;sicas de Sa&uacute;de (UBS).<\/span><\/p>\n<p style=\"text-align: justify;\"><span style=\"font-size: small;\">O programa QualificACS trata-se de uma estrat&eacute;gia formativa, voltada a provocar e facilitar o processo de trabalho das ESF e, principalmente, dos ACS, no desenvolvimento de troca de experi&ecirc;ncias e pr&aacute;ticas de cuidado junto a popula&ccedil;&otilde;es dos territ&oacute;rios assistidos. &#8220;Essa &eacute; uma atividade que est&aacute; envolvendo cerca de 35 profissionais e estamos contanto com o apoio de professores orientadores da Universidade de Pernambuco e da Universidade Federal do Vale do S&atilde;o Francisco, que ajudam nesse processo de forma&ccedil;&atilde;o dos profissionais, juntamente com a Escola do Servidor&#8221;, afirmou o Coordenador de Promo&ccedil;&atilde;o &agrave; Sa&uacute;de, Silvoney J&uacute;nior.<\/span><\/p>\n<p style=\"text-align: justify;\"><span style=\"font-size: small;\">Durante as reuni&otilde;es que acontecem semanalmente, durante o m&ecirc;s de novembro, est&atilde;o sendo abordados assuntos como o processo de trabalho do ACS, pr&aacute;ticas educativas no campo da sa&uacute;de coletiva, caminhos pedag&oacute;gicos para o desenvolvimento de atividades educativas, como esclareceu Silvoney J&uacute;nior.&nbsp; &#8220;Estamos trabalhando com estrat&eacute;gias de sa&uacute;de da crian&ccedil;a, da mulher, do idoso, sa&uacute;de mental, educa&ccedil;&atilde;o popula&ccedil;&atilde;o em sa&uacute;de e participa&ccedil;&atilde;o comunit&aacute;ria nessas a&ccedil;&otilde;es. Estamos abordando temas importantes e que devem ser mais debatidos e trabalhados com as nossas Equipes de Sa&uacute;de da Fam&iacute;lia e repassadas para os nossos Agentes Comunit&aacute;rios de Sa&uacute;de&#8221;, destacou.<\/span><\/p>\n<p style=\"text-align: justify;\"><span style=\"font-size: small;\">A Secret&aacute;ria de Sa&uacute;de, L&uacute;cia Giesta, lembrou que a a&ccedil;&atilde;o faz parte do trabalho desenvolvido pela SMS, onde est&aacute; inclu&iacute;da a reestrutura&ccedil;&atilde;o da Aten&ccedil;&atilde;o B&aacute;sica &agrave; Sa&uacute;de. &#8220;Estamos investindo cada vez mais na sa&uacute;de, nas estruturas&nbsp;f&iacute;sica&nbsp;das UBS, com a implanta&ccedil;&atilde;o das AMEs,&nbsp;bem como na qualifica&ccedil;&atilde;o de nossos profissionais&nbsp;para que possamos trabalhar fortemente&nbsp;com a promo&ccedil;&atilde;o a sa&uacute;de e&nbsp;preven&ccedil;&atilde;o &agrave;s doen&ccedil;as. S&atilde;o encontros que proporcionam a troca de experi&ecirc;ncias, reflex&atilde;o e debate das a&ccedil;&otilde;es de sa&uacute;de que s&atilde;o desenvolvidas&#8221;, frisou L&uacute;cia Giesta.<\/span><\/p>\n<p style=\"text-align: justify;\"><span style=\"font-size: small;\"><img loading=\"lazy\" decoding=\"async\" src=\"http:\/\/gfx2.hotmail.com\/mail\/w4\/pr04\/ltr\/i_safe.gif\" alt=\"\" width=\"2\" height=\"2\" \/><\/span><\/p>\n<p style=\"text-align: justify;\"><span style=\"font-size: small;\">(Taisa Alencar &#8211; Ascom Petrolina\/Foto)<\/span><\/p>\n","protected":false},"excerpt":{"rendered":"<p>Preocupada em capacitar cada vez mais os profissionais que atuam na rede de sa&uacute;de do munic&iacute;pio de Petrolina, a Secretaria Municipal de Sa&uacute;de (SMS) vem investindo em encontros pedag&oacute;gicos com o intuito de estimular a garantir o processo de educa&ccedil;&atilde;o&nbsp;permanente&nbsp;&nbsp;em sa&uacute;de das Equipes de Sa&uacute;de da Fam&iacute;lia (ESF), em especial&nbsp;aos Agentes Comunit&aacute;rios de Sa&uacute;de (ACS). Na &uacute;ltima sexta-feira (11), a SMS realizou&nbsp;mais uma reuni&atilde;o, enfermeiros, cirurgi&otilde;es-dentistas, educador f&iacute;sico, psic&oacute;logo, nutricionista, assistentes sociais e farmac&ecirc;uticos, que ir&atilde;o desenvolver o programa QualificACS nas Unidades B&aacute;sicas de Sa&uacute;de (UBS). O programa QualificACS trata-se de uma estrat&eacute;gia formativa, voltada a provocar e facilitar o processo de trabalho das ESF e, principalmente, dos ACS, no desenvolvimento de troca de experi&ecirc;ncias e pr&aacute;ticas de cuidado junto&hellip; <\/p>\n","protected":false},"author":0,"featured_media":0,"comment_status":"open","ping_status":"open","sticky":false,"template":"","format":"standard","meta":{"_acf_changed":false,"footnotes":""},"categories":[43],"tags":[],"class_list":["post-8403","post","type-post","status-publish","format-standard","hentry","category-sem-categoria"],"acf":[],"yoast_head":"<!-- This site is optimized with the Yoast SEO plugin v27.4 - https:\/\/yoast.com\/product\/yoast-seo-wordpress\/ -->\n<title>Prefeitura de Petrolina investe em programa de educa\u00e7\u00e3o em sa\u00fade para qualificar Agentes Comunit\u00e1rios de Sa\u00fade - Blog do Farn\u00e9sio<\/title>\n<meta name=\"robots\" content=\"index, follow, max-snippet:-1, max-image-preview:large, max-video-preview:-1\" \/>\n<link rel=\"canonical\" href=\"https:\/\/blogdofarnesio.com.br\/?p=8403\" \/>\n<meta property=\"og:locale\" content=\"pt_BR\" \/>\n<meta property=\"og:type\" content=\"article\" \/>\n<meta property=\"og:title\" content=\"Prefeitura de Petrolina investe em programa de educa\u00e7\u00e3o em sa\u00fade para qualificar Agentes Comunit\u00e1rios de Sa\u00fade - Blog do Farn\u00e9sio\" \/>\n<meta property=\"og:description\" content=\"Preocupada em capacitar cada vez mais os profissionais que atuam na rede de sa&uacute;de do munic&iacute;pio de Petrolina, a Secretaria Municipal de Sa&uacute;de (SMS) vem investindo em encontros pedag&oacute;gicos com o intuito de estimular a garantir o processo de educa&ccedil;&atilde;o&nbsp;permanente&nbsp;&nbsp;em sa&uacute;de das Equipes de Sa&uacute;de da Fam&iacute;lia (ESF), em especial&nbsp;aos Agentes Comunit&aacute;rios de Sa&uacute;de (ACS). Na &uacute;ltima sexta-feira (11), a SMS realizou&nbsp;mais uma reuni&atilde;o, enfermeiros, cirurgi&otilde;es-dentistas, educador f&iacute;sico, psic&oacute;logo, nutricionista, assistentes sociais e farmac&ecirc;uticos, que ir&atilde;o desenvolver o programa QualificACS nas Unidades B&aacute;sicas de Sa&uacute;de (UBS). O programa QualificACS trata-se de uma estrat&eacute;gia formativa, voltada a provocar e facilitar o processo de trabalho das ESF e, principalmente, dos ACS, no desenvolvimento de troca de experi&ecirc;ncias e pr&aacute;ticas de cuidado junto&hellip;\" \/>\n<meta property=\"og:url\" content=\"https:\/\/blogdofarnesio.com.br\/?p=8403\" \/>\n<meta property=\"og:site_name\" content=\"Blog do Farn\u00e9sio\" \/>\n<meta property=\"article:publisher\" content=\"https:\/\/www.facebook.com\/BlogQuerSaberPolitica\/\" \/>\n<meta property=\"article:published_time\" content=\"2011-11-16T19:00:00+00:00\" \/>\n<meta property=\"og:image\" content=\"http:\/\/www.quersaberpolitica.com.br\/2016\/wp-content\/uploads\/2012\/12\/blogqspagentesdesaudepetpassamporqualificacao.jpg\" \/>\n<meta name=\"twitter:card\" content=\"summary_large_image\" \/>\n<meta name=\"twitter:label1\" content=\"Est. tempo de leitura\" \/>\n\t<meta name=\"twitter:data1\" content=\"3 minutos\" \/>\n<script type=\"application\/ld+json\" class=\"yoast-schema-graph\">{\"@context\":\"https:\\\/\\\/schema.org\",\"@graph\":[{\"@type\":\"Article\",\"@id\":\"https:\\\/\\\/blogdofarnesio.com.br\\\/?p=8403#article\",\"isPartOf\":{\"@id\":\"https:\\\/\\\/blogdofarnesio.com.br\\\/?p=8403\"},\"author\":{\"name\":\"\",\"@id\":\"\"},\"headline\":\"Prefeitura de Petrolina investe em programa de educa\u00e7\u00e3o em sa\u00fade para qualificar Agentes Comunit\u00e1rios de Sa\u00fade\",\"datePublished\":\"2011-11-16T19:00:00+00:00\",\"mainEntityOfPage\":{\"@id\":\"https:\\\/\\\/blogdofarnesio.com.br\\\/?p=8403\"},\"wordCount\":567,\"commentCount\":0,\"publisher\":{\"@id\":\"https:\\\/\\\/blogdofarnesio.com.br\\\/#organization\"},\"image\":{\"@id\":\"https:\\\/\\\/blogdofarnesio.com.br\\\/?p=8403#primaryimage\"},\"thumbnailUrl\":\"http:\\\/\\\/www.quersaberpolitica.com.br\\\/2016\\\/wp-content\\\/uploads\\\/2012\\\/12\\\/blogqspagentesdesaudepetpassamporqualificacao.jpg\",\"inLanguage\":\"pt-BR\",\"potentialAction\":[{\"@type\":\"CommentAction\",\"name\":\"Comment\",\"target\":[\"https:\\\/\\\/blogdofarnesio.com.br\\\/?p=8403#respond\"]}]},{\"@type\":\"WebPage\",\"@id\":\"https:\\\/\\\/blogdofarnesio.com.br\\\/?p=8403\",\"url\":\"https:\\\/\\\/blogdofarnesio.com.br\\\/?p=8403\",\"name\":\"Prefeitura de Petrolina investe em programa de educa\u00e7\u00e3o em sa\u00fade para qualificar Agentes Comunit\u00e1rios de Sa\u00fade - Blog do Farn\u00e9sio\",\"isPartOf\":{\"@id\":\"https:\\\/\\\/blogdofarnesio.com.br\\\/#website\"},\"primaryImageOfPage\":{\"@id\":\"https:\\\/\\\/blogdofarnesio.com.br\\\/?p=8403#primaryimage\"},\"image\":{\"@id\":\"https:\\\/\\\/blogdofarnesio.com.br\\\/?p=8403#primaryimage\"},\"thumbnailUrl\":\"http:\\\/\\\/www.quersaberpolitica.com.br\\\/2016\\\/wp-content\\\/uploads\\\/2012\\\/12\\\/blogqspagentesdesaudepetpassamporqualificacao.jpg\",\"datePublished\":\"2011-11-16T19:00:00+00:00\",\"breadcrumb\":{\"@id\":\"https:\\\/\\\/blogdofarnesio.com.br\\\/?p=8403#breadcrumb\"},\"inLanguage\":\"pt-BR\",\"potentialAction\":[{\"@type\":\"ReadAction\",\"target\":[\"https:\\\/\\\/blogdofarnesio.com.br\\\/?p=8403\"]}]},{\"@type\":\"ImageObject\",\"inLanguage\":\"pt-BR\",\"@id\":\"https:\\\/\\\/blogdofarnesio.com.br\\\/?p=8403#primaryimage\",\"url\":\"http:\\\/\\\/www.quersaberpolitica.com.br\\\/2016\\\/wp-content\\\/uploads\\\/2012\\\/12\\\/blogqspagentesdesaudepetpassamporqualificacao.jpg\",\"contentUrl\":\"http:\\\/\\\/www.quersaberpolitica.com.br\\\/2016\\\/wp-content\\\/uploads\\\/2012\\\/12\\\/blogqspagentesdesaudepetpassamporqualificacao.jpg\"},{\"@type\":\"BreadcrumbList\",\"@id\":\"https:\\\/\\\/blogdofarnesio.com.br\\\/?p=8403#breadcrumb\",\"itemListElement\":[{\"@type\":\"ListItem\",\"position\":1,\"name\":\"In\u00edcio\",\"item\":\"https:\\\/\\\/blogdofarnesio.com.br\\\/\"},{\"@type\":\"ListItem\",\"position\":2,\"name\":\"Prefeitura de Petrolina investe em programa de educa\u00e7\u00e3o em sa\u00fade para qualificar Agentes Comunit\u00e1rios de Sa\u00fade\"}]},{\"@type\":\"WebSite\",\"@id\":\"https:\\\/\\\/blogdofarnesio.com.br\\\/#website\",\"url\":\"https:\\\/\\\/blogdofarnesio.com.br\\\/\",\"name\":\"Blog do Farn\u00e9sio\",\"description\":\"Quer Saber Pol\u00edtica?\",\"publisher\":{\"@id\":\"https:\\\/\\\/blogdofarnesio.com.br\\\/#organization\"},\"potentialAction\":[{\"@type\":\"SearchAction\",\"target\":{\"@type\":\"EntryPoint\",\"urlTemplate\":\"https:\\\/\\\/blogdofarnesio.com.br\\\/?s={search_term_string}\"},\"query-input\":{\"@type\":\"PropertyValueSpecification\",\"valueRequired\":true,\"valueName\":\"search_term_string\"}}],\"inLanguage\":\"pt-BR\"},{\"@type\":\"Organization\",\"@id\":\"https:\\\/\\\/blogdofarnesio.com.br\\\/#organization\",\"name\":\"Blog do Farn\u00e9sio\",\"url\":\"https:\\\/\\\/blogdofarnesio.com.br\\\/\",\"logo\":{\"@type\":\"ImageObject\",\"inLanguage\":\"pt-BR\",\"@id\":\"https:\\\/\\\/blogdofarnesio.com.br\\\/#\\\/schema\\\/logo\\\/image\\\/\",\"url\":\"https:\\\/\\\/blogdofarnesio.com.br\\\/wp-content\\\/uploads\\\/2026\\\/03\\\/cropped-logo_new-1.png\",\"contentUrl\":\"https:\\\/\\\/blogdofarnesio.com.br\\\/wp-content\\\/uploads\\\/2026\\\/03\\\/cropped-logo_new-1.png\",\"width\":881,\"height\":685,\"caption\":\"Blog do Farn\u00e9sio\"},\"image\":{\"@id\":\"https:\\\/\\\/blogdofarnesio.com.br\\\/#\\\/schema\\\/logo\\\/image\\\/\"},\"sameAs\":[\"https:\\\/\\\/www.facebook.com\\\/BlogQuerSaberPolitica\\\/\"]}]}<\/script>\n<!-- \/ Yoast SEO plugin. -->","yoast_head_json":{"title":"Prefeitura de Petrolina investe em programa de educa\u00e7\u00e3o em sa\u00fade para qualificar Agentes Comunit\u00e1rios de Sa\u00fade - Blog do Farn\u00e9sio","robots":{"index":"index","follow":"follow","max-snippet":"max-snippet:-1","max-image-preview":"max-image-preview:large","max-video-preview":"max-video-preview:-1"},"canonical":"https:\/\/blogdofarnesio.com.br\/?p=8403","og_locale":"pt_BR","og_type":"article","og_title":"Prefeitura de Petrolina investe em programa de educa\u00e7\u00e3o em sa\u00fade para qualificar Agentes Comunit\u00e1rios de Sa\u00fade - Blog do Farn\u00e9sio","og_description":"Preocupada em capacitar cada vez mais os profissionais que atuam na rede de sa&uacute;de do munic&iacute;pio de Petrolina, a Secretaria Municipal de Sa&uacute;de (SMS) vem investindo em encontros pedag&oacute;gicos com o intuito de estimular a garantir o processo de educa&ccedil;&atilde;o&nbsp;permanente&nbsp;&nbsp;em sa&uacute;de das Equipes de Sa&uacute;de da Fam&iacute;lia (ESF), em especial&nbsp;aos Agentes Comunit&aacute;rios de Sa&uacute;de (ACS). Na &uacute;ltima sexta-feira (11), a SMS realizou&nbsp;mais uma reuni&atilde;o, enfermeiros, cirurgi&otilde;es-dentistas, educador f&iacute;sico, psic&oacute;logo, nutricionista, assistentes sociais e farmac&ecirc;uticos, que ir&atilde;o desenvolver o programa QualificACS nas Unidades B&aacute;sicas de Sa&uacute;de (UBS). O programa QualificACS trata-se de uma estrat&eacute;gia formativa, voltada a provocar e facilitar o processo de trabalho das ESF e, principalmente, dos ACS, no desenvolvimento de troca de experi&ecirc;ncias e pr&aacute;ticas de cuidado junto&hellip;","og_url":"https:\/\/blogdofarnesio.com.br\/?p=8403","og_site_name":"Blog do Farn\u00e9sio","article_publisher":"https:\/\/www.facebook.com\/BlogQuerSaberPolitica\/","article_published_time":"2011-11-16T19:00:00+00:00","og_image":[{"url":"http:\/\/www.quersaberpolitica.com.br\/2016\/wp-content\/uploads\/2012\/12\/blogqspagentesdesaudepetpassamporqualificacao.jpg","type":"","width":"","height":""}],"twitter_card":"summary_large_image","twitter_misc":{"Est. tempo de leitura":"3 minutos"},"schema":{"@context":"https:\/\/schema.org","@graph":[{"@type":"Article","@id":"https:\/\/blogdofarnesio.com.br\/?p=8403#article","isPartOf":{"@id":"https:\/\/blogdofarnesio.com.br\/?p=8403"},"author":{"name":"","@id":""},"headline":"Prefeitura de Petrolina investe em programa de educa\u00e7\u00e3o em sa\u00fade para qualificar Agentes Comunit\u00e1rios de Sa\u00fade","datePublished":"2011-11-16T19:00:00+00:00","mainEntityOfPage":{"@id":"https:\/\/blogdofarnesio.com.br\/?p=8403"},"wordCount":567,"commentCount":0,"publisher":{"@id":"https:\/\/blogdofarnesio.com.br\/#organization"},"image":{"@id":"https:\/\/blogdofarnesio.com.br\/?p=8403#primaryimage"},"thumbnailUrl":"http:\/\/www.quersaberpolitica.com.br\/2016\/wp-content\/uploads\/2012\/12\/blogqspagentesdesaudepetpassamporqualificacao.jpg","inLanguage":"pt-BR","potentialAction":[{"@type":"CommentAction","name":"Comment","target":["https:\/\/blogdofarnesio.com.br\/?p=8403#respond"]}]},{"@type":"WebPage","@id":"https:\/\/blogdofarnesio.com.br\/?p=8403","url":"https:\/\/blogdofarnesio.com.br\/?p=8403","name":"Prefeitura de Petrolina investe em programa de educa\u00e7\u00e3o em sa\u00fade para qualificar Agentes Comunit\u00e1rios de Sa\u00fade - Blog do Farn\u00e9sio","isPartOf":{"@id":"https:\/\/blogdofarnesio.com.br\/#website"},"primaryImageOfPage":{"@id":"https:\/\/blogdofarnesio.com.br\/?p=8403#primaryimage"},"image":{"@id":"https:\/\/blogdofarnesio.com.br\/?p=8403#primaryimage"},"thumbnailUrl":"http:\/\/www.quersaberpolitica.com.br\/2016\/wp-content\/uploads\/2012\/12\/blogqspagentesdesaudepetpassamporqualificacao.jpg","datePublished":"2011-11-16T19:00:00+00:00","breadcrumb":{"@id":"https:\/\/blogdofarnesio.com.br\/?p=8403#breadcrumb"},"inLanguage":"pt-BR","potentialAction":[{"@type":"ReadAction","target":["https:\/\/blogdofarnesio.com.br\/?p=8403"]}]},{"@type":"ImageObject","inLanguage":"pt-BR","@id":"https:\/\/blogdofarnesio.com.br\/?p=8403#primaryimage","url":"http:\/\/www.quersaberpolitica.com.br\/2016\/wp-content\/uploads\/2012\/12\/blogqspagentesdesaudepetpassamporqualificacao.jpg","contentUrl":"http:\/\/www.quersaberpolitica.com.br\/2016\/wp-content\/uploads\/2012\/12\/blogqspagentesdesaudepetpassamporqualificacao.jpg"},{"@type":"BreadcrumbList","@id":"https:\/\/blogdofarnesio.com.br\/?p=8403#breadcrumb","itemListElement":[{"@type":"ListItem","position":1,"name":"In\u00edcio","item":"https:\/\/blogdofarnesio.com.br\/"},{"@type":"ListItem","position":2,"name":"Prefeitura de Petrolina investe em programa de educa\u00e7\u00e3o em sa\u00fade para qualificar Agentes Comunit\u00e1rios de Sa\u00fade"}]},{"@type":"WebSite","@id":"https:\/\/blogdofarnesio.com.br\/#website","url":"https:\/\/blogdofarnesio.com.br\/","name":"Blog do Farn\u00e9sio","description":"Quer Saber Pol\u00edtica?","publisher":{"@id":"https:\/\/blogdofarnesio.com.br\/#organization"},"potentialAction":[{"@type":"SearchAction","target":{"@type":"EntryPoint","urlTemplate":"https:\/\/blogdofarnesio.com.br\/?s={search_term_string}"},"query-input":{"@type":"PropertyValueSpecification","valueRequired":true,"valueName":"search_term_string"}}],"inLanguage":"pt-BR"},{"@type":"Organization","@id":"https:\/\/blogdofarnesio.com.br\/#organization","name":"Blog do Farn\u00e9sio","url":"https:\/\/blogdofarnesio.com.br\/","logo":{"@type":"ImageObject","inLanguage":"pt-BR","@id":"https:\/\/blogdofarnesio.com.br\/#\/schema\/logo\/image\/","url":"https:\/\/blogdofarnesio.com.br\/wp-content\/uploads\/2026\/03\/cropped-logo_new-1.png","contentUrl":"https:\/\/blogdofarnesio.com.br\/wp-content\/uploads\/2026\/03\/cropped-logo_new-1.png","width":881,"height":685,"caption":"Blog do Farn\u00e9sio"},"image":{"@id":"https:\/\/blogdofarnesio.com.br\/#\/schema\/logo\/image\/"},"sameAs":["https:\/\/www.facebook.com\/BlogQuerSaberPolitica\/"]}]}},"_links":{"self":[{"href":"https:\/\/blogdofarnesio.com.br\/index.php?rest_route=\/wp\/v2\/posts\/8403","targetHints":{"allow":["GET"]}}],"collection":[{"href":"https:\/\/blogdofarnesio.com.br\/index.php?rest_route=\/wp\/v2\/posts"}],"about":[{"href":"https:\/\/blogdofarnesio.com.br\/index.php?rest_route=\/wp\/v2\/types\/post"}],"replies":[{"embeddable":true,"href":"https:\/\/blogdofarnesio.com.br\/index.php?rest_route=%2Fwp%2Fv2%2Fcomments&post=8403"}],"version-history":[{"count":0,"href":"https:\/\/blogdofarnesio.com.br\/index.php?rest_route=\/wp\/v2\/posts\/8403\/revisions"}],"wp:attachment":[{"href":"https:\/\/blogdofarnesio.com.br\/index.php?rest_route=%2Fwp%2Fv2%2Fmedia&parent=8403"}],"wp:term":[{"taxonomy":"category","embeddable":true,"href":"https:\/\/blogdofarnesio.com.br\/index.php?rest_route=%2Fwp%2Fv2%2Fcategories&post=8403"},{"taxonomy":"post_tag","embeddable":true,"href":"https:\/\/blogdofarnesio.com.br\/index.php?rest_route=%2Fwp%2Fv2%2Ftags&post=8403"}],"curies":[{"name":"wp","href":"https:\/\/api.w.org\/{rel}","templated":true}]}}