{"id":84027,"date":"2014-05-17T08:00:05","date_gmt":"2014-05-17T11:00:05","guid":{"rendered":"http:\/\/www.quersaberpolitica.com.br\/?p=84027"},"modified":"2014-05-16T21:38:11","modified_gmt":"2014-05-17T00:38:11","slug":"humberto-diz-nao-ter-rabo-preso-com-empreiteiras","status":"publish","type":"post","link":"https:\/\/blogdofarnesio.com.br\/?p=84027","title":{"rendered":"HUMBERTO DIZ N\u00c3O TER &#8220;RABO PRESO&#8221; COM EMPREITEIRAS"},"content":{"rendered":"<div style=\"text-align: justify\"><img loading=\"lazy\" decoding=\"async\" class=\"aligncenter\" title=\"Waldemir Barreto\" alt=\"Waldemir Barreto: Em discurso na tribuna do Senado, senador Humberto Costa (PT-PE)\" src=\"http:\/\/www.brasil247.com\/images\/cache\/1000x357\/crop_0_0_1280_456\/images%7C0%7C2b%7C02b571f47008a7b94b3cd44121458d02e601ffb0.jpg\" width=\"480\" height=\"171\" \/><strong>Pe\/247 &#8211;\u00a0<\/strong>O l\u00edder do PT no Senado, Humberto Costa (PE), afirmou que n\u00e3o possui nenhum tipo de d\u00edvidas ou \u201crabo preso\u201d com as empreiteiras que possuem liga\u00e7\u00f5es com a Petrobras e que realizaram doa\u00e7\u00f5es para a sua campanha ao Senado nas elei\u00e7\u00f5es de 2010. De acordo com Humberto, o financiamento n\u00e3o vai influenciar a sua participa\u00e7\u00e3o na Comiss\u00e3o Parlamentar de Inqu\u00e9rito (CPI) que investigar\u00e1 a estatal. O parlamentar afirmou, ainda, que quase todos os membros da vida p\u00fablica recebem o financiamento das empreiteiras para financiar elei\u00e7\u00f5es.<\/p>\n<\/div>\n<div style=\"text-align: justify\">\n<section>\n<div>\n<p>\u201cO fato de eu ter recebido contribui\u00e7\u00e3o para a campanha dessas empresas n\u00e3o vai pautar meus atos. No momento em que eu n\u00e3o puder mais participar de uma Comiss\u00e3o Parlamentar de Inqu\u00e9rito porque eu tenha qualquer tipo de \u2018rabo preso\u2019 com quem quer que seja, ser\u00e1 o momento em que eu vou deixar a vida p\u00fablica\u201d, garantiu Humberto, nesta sexta-feira (16), em entrevista \u00e0 R\u00e1dio JC News.<!--more--><\/p>\n<p>De acordo com o parlamentar, a pr\u00e1tica \u00e9 algo comum dentro da vida p\u00fablica. \u201cTodos os parlamentares, praticamente [recebem dinheiro de empreiteiras]. Talvez um ou outro, uma exce\u00e7\u00e3o, que talvez n\u00e3o tenha rela\u00e7\u00f5es pol\u00edticas para conseguir, \u00e9 que n\u00e3o tem\u201d, afirmou, relembrando que o pr\u00f3prio ex-governador de Pernambuco e presidenci\u00e1vel pelo PSB, Eduardo Campos, recebeu R$ 300 mil em doa\u00e7\u00f5es de empreiteiras.<\/p>\n<p>\u201cEu n\u00e3o tenho rela\u00e7\u00e3o nenhuma com a Petrobras, o que eu recebi foi de maneira legal. Do mesmo jeito que eu recebi essas doa\u00e7\u00f5es, muitos outros pol\u00edticos receberam. O ex-governador Eduardo Campos recebeu, o senador A\u00e9cio Neves [presidenci\u00e1vel pelo PSDB-MG] recebeu, a presidente Dilma Rousseff (PT) recebeu\u201d, afirmou o petista.<\/p>\n<p>A fala de Humberto vem ap\u00f3s a publica\u00e7\u00e3o de uma not\u00edcia, no jornal O Estado de S. Paulo, onde \u00e9 afirmado que cerca de um ter\u00e7o dos titulares da CPI da Petrobras no Senado recebeu dinheiro de empresas ligadas \u00e0 estatal brasileira nas \u00faltimas elei\u00e7\u00f5es. De acordo com a reportagem, \u00a0Humberto teria recebido financiamentos no valor de R$ 1,5 milh\u00e3o das empreiteiras Camargo e Corr\u00eaa e a OAS.<\/p>\n<p>Dentre outros beneficiados, est\u00e1 o relator da comiss\u00e3o, Jos\u00e9 Pimentel (PT-CE), que teria recebido R$ 1 milh\u00e3o da Camargo Corr\u00eaa. A empresa integra o cons\u00f3rcio respons\u00e1vel pelas obras da Refinaria Abreu e Lima, em Pernambuco, que pode entrar nas investiga\u00e7\u00f5es envolvendo a Petrobras. Al\u00e9m de Pimentel, os senadores Ciro Nogueira (PP-PI) e Vanessa Grazziotin (PcdoB-AM), que tamb\u00e9m s\u00e3o membros da CPI, receberam doa\u00e7\u00f5es.<\/p>\n<p>A CPI que investigar\u00e1 a Petrobras foi instalada nesta semana, e ser\u00e1 conduzida por maioria da base governista. O inqu\u00e9rito vai apurar suspeitas de superfaturamento na compra de uma Refinaria em Pasadena (EUA), que gerou preju\u00edzos de US$ 1,9 bilh\u00f5es aos cofres p\u00fablicos. O Complexo Portu\u00e1rio de Suape, na Regi\u00e3o Metropolitana de Pernambuco, tamb\u00e9m pode entrar nas investiga\u00e7\u00f5es, uma vez que a Petrobras possui neg\u00f3cios na regi\u00e3o.<\/p>\n<\/div>\n<\/section>\n<\/div>\n","protected":false},"excerpt":{"rendered":"<p>Pe\/247 &#8211;\u00a0O l\u00edder do PT no Senado, Humberto Costa (PE), afirmou que n\u00e3o possui nenhum tipo de d\u00edvidas ou \u201crabo preso\u201d com as empreiteiras que possuem liga\u00e7\u00f5es com a Petrobras e que realizaram doa\u00e7\u00f5es para a sua campanha ao Senado nas elei\u00e7\u00f5es de 2010. De acordo com Humberto, o financiamento n\u00e3o vai influenciar a sua participa\u00e7\u00e3o na Comiss\u00e3o Parlamentar de Inqu\u00e9rito (CPI) que investigar\u00e1 a estatal. O parlamentar afirmou, ainda, que quase todos os membros da vida p\u00fablica recebem o financiamento das empreiteiras para financiar elei\u00e7\u00f5es. \u201cO fato de eu ter recebido contribui\u00e7\u00e3o para a campanha dessas empresas n\u00e3o vai pautar meus atos. No momento em que eu n\u00e3o puder mais participar de uma Comiss\u00e3o Parlamentar de Inqu\u00e9rito porque eu&hellip; <\/p>\n","protected":false},"author":3,"featured_media":0,"comment_status":"open","ping_status":"open","sticky":false,"template":"","format":"standard","meta":{"_acf_changed":false,"footnotes":""},"categories":[1],"tags":[],"class_list":["post-84027","post","type-post","status-publish","format-standard","hentry","category-politica"],"acf":[],"yoast_head":"<!-- This site is optimized with the Yoast SEO plugin v27.4 - https:\/\/yoast.com\/product\/yoast-seo-wordpress\/ -->\n<title>HUMBERTO DIZ N\u00c3O TER &quot;RABO PRESO&quot; COM EMPREITEIRAS - Blog do Farn\u00e9sio<\/title>\n<meta name=\"robots\" content=\"index, follow, max-snippet:-1, max-image-preview:large, max-video-preview:-1\" \/>\n<link rel=\"canonical\" href=\"https:\/\/blogdofarnesio.com.br\/?p=84027\" \/>\n<meta property=\"og:locale\" content=\"pt_BR\" \/>\n<meta property=\"og:type\" content=\"article\" \/>\n<meta property=\"og:title\" content=\"HUMBERTO DIZ N\u00c3O TER &quot;RABO PRESO&quot; COM EMPREITEIRAS - Blog do Farn\u00e9sio\" \/>\n<meta property=\"og:description\" content=\"Pe\/247 &#8211;\u00a0O l\u00edder do PT no Senado, Humberto Costa (PE), afirmou que n\u00e3o possui nenhum tipo de d\u00edvidas ou \u201crabo preso\u201d com as empreiteiras que possuem liga\u00e7\u00f5es com a Petrobras e que realizaram doa\u00e7\u00f5es para a sua campanha ao Senado nas elei\u00e7\u00f5es de 2010. De acordo com Humberto, o financiamento n\u00e3o vai influenciar a sua participa\u00e7\u00e3o na Comiss\u00e3o Parlamentar de Inqu\u00e9rito (CPI) que investigar\u00e1 a estatal. O parlamentar afirmou, ainda, que quase todos os membros da vida p\u00fablica recebem o financiamento das empreiteiras para financiar elei\u00e7\u00f5es. \u201cO fato de eu ter recebido contribui\u00e7\u00e3o para a campanha dessas empresas n\u00e3o vai pautar meus atos. No momento em que eu n\u00e3o puder mais participar de uma Comiss\u00e3o Parlamentar de Inqu\u00e9rito porque eu&hellip;\" \/>\n<meta property=\"og:url\" content=\"https:\/\/blogdofarnesio.com.br\/?p=84027\" \/>\n<meta property=\"og:site_name\" content=\"Blog do Farn\u00e9sio\" \/>\n<meta property=\"article:publisher\" content=\"https:\/\/www.facebook.com\/BlogQuerSaberPolitica\/\" \/>\n<meta property=\"article:published_time\" content=\"2014-05-17T11:00:05+00:00\" \/>\n<meta property=\"og:image\" content=\"http:\/\/www.brasil247.com\/images\/cache\/1000x357\/crop_0_0_1280_456\/images%7C0%7C2b%7C02b571f47008a7b94b3cd44121458d02e601ffb0.jpg\" \/>\n<meta name=\"author\" content=\"teste\" \/>\n<meta name=\"twitter:card\" content=\"summary_large_image\" \/>\n<meta name=\"twitter:label1\" content=\"Escrito por\" \/>\n\t<meta name=\"twitter:data1\" content=\"teste\" \/>\n\t<meta name=\"twitter:label2\" content=\"Est. tempo de leitura\" \/>\n\t<meta name=\"twitter:data2\" content=\"3 minutos\" \/>\n<script type=\"application\/ld+json\" class=\"yoast-schema-graph\">{\"@context\":\"https:\\\/\\\/schema.org\",\"@graph\":[{\"@type\":\"Article\",\"@id\":\"https:\\\/\\\/blogdofarnesio.com.br\\\/?p=84027#article\",\"isPartOf\":{\"@id\":\"https:\\\/\\\/blogdofarnesio.com.br\\\/?p=84027\"},\"author\":{\"name\":\"teste\",\"@id\":\"https:\\\/\\\/blogdofarnesio.com.br\\\/#\\\/schema\\\/person\\\/dd1bf5eba40b687199ba45ca6b97dff9\"},\"headline\":\"HUMBERTO DIZ N\u00c3O TER &#8220;RABO PRESO&#8221; COM EMPREITEIRAS\",\"datePublished\":\"2014-05-17T11:00:05+00:00\",\"mainEntityOfPage\":{\"@id\":\"https:\\\/\\\/blogdofarnesio.com.br\\\/?p=84027\"},\"wordCount\":524,\"commentCount\":0,\"publisher\":{\"@id\":\"https:\\\/\\\/blogdofarnesio.com.br\\\/#organization\"},\"image\":{\"@id\":\"https:\\\/\\\/blogdofarnesio.com.br\\\/?p=84027#primaryimage\"},\"thumbnailUrl\":\"http:\\\/\\\/www.brasil247.com\\\/images\\\/cache\\\/1000x357\\\/crop_0_0_1280_456\\\/images%7C0%7C2b%7C02b571f47008a7b94b3cd44121458d02e601ffb0.jpg\",\"articleSection\":[\"Pol\u00edtica\"],\"inLanguage\":\"pt-BR\",\"potentialAction\":[{\"@type\":\"CommentAction\",\"name\":\"Comment\",\"target\":[\"https:\\\/\\\/blogdofarnesio.com.br\\\/?p=84027#respond\"]}]},{\"@type\":\"WebPage\",\"@id\":\"https:\\\/\\\/blogdofarnesio.com.br\\\/?p=84027\",\"url\":\"https:\\\/\\\/blogdofarnesio.com.br\\\/?p=84027\",\"name\":\"HUMBERTO DIZ N\u00c3O TER \\\"RABO PRESO\\\" COM EMPREITEIRAS - Blog do Farn\u00e9sio\",\"isPartOf\":{\"@id\":\"https:\\\/\\\/blogdofarnesio.com.br\\\/#website\"},\"primaryImageOfPage\":{\"@id\":\"https:\\\/\\\/blogdofarnesio.com.br\\\/?p=84027#primaryimage\"},\"image\":{\"@id\":\"https:\\\/\\\/blogdofarnesio.com.br\\\/?p=84027#primaryimage\"},\"thumbnailUrl\":\"http:\\\/\\\/www.brasil247.com\\\/images\\\/cache\\\/1000x357\\\/crop_0_0_1280_456\\\/images%7C0%7C2b%7C02b571f47008a7b94b3cd44121458d02e601ffb0.jpg\",\"datePublished\":\"2014-05-17T11:00:05+00:00\",\"breadcrumb\":{\"@id\":\"https:\\\/\\\/blogdofarnesio.com.br\\\/?p=84027#breadcrumb\"},\"inLanguage\":\"pt-BR\",\"potentialAction\":[{\"@type\":\"ReadAction\",\"target\":[\"https:\\\/\\\/blogdofarnesio.com.br\\\/?p=84027\"]}]},{\"@type\":\"ImageObject\",\"inLanguage\":\"pt-BR\",\"@id\":\"https:\\\/\\\/blogdofarnesio.com.br\\\/?p=84027#primaryimage\",\"url\":\"http:\\\/\\\/www.brasil247.com\\\/images\\\/cache\\\/1000x357\\\/crop_0_0_1280_456\\\/images%7C0%7C2b%7C02b571f47008a7b94b3cd44121458d02e601ffb0.jpg\",\"contentUrl\":\"http:\\\/\\\/www.brasil247.com\\\/images\\\/cache\\\/1000x357\\\/crop_0_0_1280_456\\\/images%7C0%7C2b%7C02b571f47008a7b94b3cd44121458d02e601ffb0.jpg\"},{\"@type\":\"BreadcrumbList\",\"@id\":\"https:\\\/\\\/blogdofarnesio.com.br\\\/?p=84027#breadcrumb\",\"itemListElement\":[{\"@type\":\"ListItem\",\"position\":1,\"name\":\"In\u00edcio\",\"item\":\"https:\\\/\\\/blogdofarnesio.com.br\\\/\"},{\"@type\":\"ListItem\",\"position\":2,\"name\":\"HUMBERTO DIZ N\u00c3O TER &#8220;RABO PRESO&#8221; COM EMPREITEIRAS\"}]},{\"@type\":\"WebSite\",\"@id\":\"https:\\\/\\\/blogdofarnesio.com.br\\\/#website\",\"url\":\"https:\\\/\\\/blogdofarnesio.com.br\\\/\",\"name\":\"Blog do Farn\u00e9sio\",\"description\":\"Quer Saber Pol\u00edtica?\",\"publisher\":{\"@id\":\"https:\\\/\\\/blogdofarnesio.com.br\\\/#organization\"},\"potentialAction\":[{\"@type\":\"SearchAction\",\"target\":{\"@type\":\"EntryPoint\",\"urlTemplate\":\"https:\\\/\\\/blogdofarnesio.com.br\\\/?s={search_term_string}\"},\"query-input\":{\"@type\":\"PropertyValueSpecification\",\"valueRequired\":true,\"valueName\":\"search_term_string\"}}],\"inLanguage\":\"pt-BR\"},{\"@type\":\"Organization\",\"@id\":\"https:\\\/\\\/blogdofarnesio.com.br\\\/#organization\",\"name\":\"Blog do Farn\u00e9sio\",\"url\":\"https:\\\/\\\/blogdofarnesio.com.br\\\/\",\"logo\":{\"@type\":\"ImageObject\",\"inLanguage\":\"pt-BR\",\"@id\":\"https:\\\/\\\/blogdofarnesio.com.br\\\/#\\\/schema\\\/logo\\\/image\\\/\",\"url\":\"https:\\\/\\\/blogdofarnesio.com.br\\\/wp-content\\\/uploads\\\/2026\\\/03\\\/cropped-logo_new-1.png\",\"contentUrl\":\"https:\\\/\\\/blogdofarnesio.com.br\\\/wp-content\\\/uploads\\\/2026\\\/03\\\/cropped-logo_new-1.png\",\"width\":881,\"height\":685,\"caption\":\"Blog do Farn\u00e9sio\"},\"image\":{\"@id\":\"https:\\\/\\\/blogdofarnesio.com.br\\\/#\\\/schema\\\/logo\\\/image\\\/\"},\"sameAs\":[\"https:\\\/\\\/www.facebook.com\\\/BlogQuerSaberPolitica\\\/\"]},{\"@type\":\"Person\",\"@id\":\"https:\\\/\\\/blogdofarnesio.com.br\\\/#\\\/schema\\\/person\\\/dd1bf5eba40b687199ba45ca6b97dff9\",\"name\":\"teste\",\"image\":{\"@type\":\"ImageObject\",\"inLanguage\":\"pt-BR\",\"@id\":\"https:\\\/\\\/secure.gravatar.com\\\/avatar\\\/2172498d4914b51e1d89a0f97957b035ac4938723a5cac208135d389b6972a6d?s=96&d=mm&r=g\",\"url\":\"https:\\\/\\\/secure.gravatar.com\\\/avatar\\\/2172498d4914b51e1d89a0f97957b035ac4938723a5cac208135d389b6972a6d?s=96&d=mm&r=g\",\"contentUrl\":\"https:\\\/\\\/secure.gravatar.com\\\/avatar\\\/2172498d4914b51e1d89a0f97957b035ac4938723a5cac208135d389b6972a6d?s=96&d=mm&r=g\",\"caption\":\"teste\"},\"url\":\"https:\\\/\\\/blogdofarnesio.com.br\\\/?author=3\"}]}<\/script>\n<!-- \/ Yoast SEO plugin. -->","yoast_head_json":{"title":"HUMBERTO DIZ N\u00c3O TER \"RABO PRESO\" COM EMPREITEIRAS - Blog do Farn\u00e9sio","robots":{"index":"index","follow":"follow","max-snippet":"max-snippet:-1","max-image-preview":"max-image-preview:large","max-video-preview":"max-video-preview:-1"},"canonical":"https:\/\/blogdofarnesio.com.br\/?p=84027","og_locale":"pt_BR","og_type":"article","og_title":"HUMBERTO DIZ N\u00c3O TER \"RABO PRESO\" COM EMPREITEIRAS - Blog do Farn\u00e9sio","og_description":"Pe\/247 &#8211;\u00a0O l\u00edder do PT no Senado, Humberto Costa (PE), afirmou que n\u00e3o possui nenhum tipo de d\u00edvidas ou \u201crabo preso\u201d com as empreiteiras que possuem liga\u00e7\u00f5es com a Petrobras e que realizaram doa\u00e7\u00f5es para a sua campanha ao Senado nas elei\u00e7\u00f5es de 2010. De acordo com Humberto, o financiamento n\u00e3o vai influenciar a sua participa\u00e7\u00e3o na Comiss\u00e3o Parlamentar de Inqu\u00e9rito (CPI) que investigar\u00e1 a estatal. O parlamentar afirmou, ainda, que quase todos os membros da vida p\u00fablica recebem o financiamento das empreiteiras para financiar elei\u00e7\u00f5es. \u201cO fato de eu ter recebido contribui\u00e7\u00e3o para a campanha dessas empresas n\u00e3o vai pautar meus atos. No momento em que eu n\u00e3o puder mais participar de uma Comiss\u00e3o Parlamentar de Inqu\u00e9rito porque eu&hellip;","og_url":"https:\/\/blogdofarnesio.com.br\/?p=84027","og_site_name":"Blog do Farn\u00e9sio","article_publisher":"https:\/\/www.facebook.com\/BlogQuerSaberPolitica\/","article_published_time":"2014-05-17T11:00:05+00:00","og_image":[{"url":"http:\/\/www.brasil247.com\/images\/cache\/1000x357\/crop_0_0_1280_456\/images%7C0%7C2b%7C02b571f47008a7b94b3cd44121458d02e601ffb0.jpg","type":"","width":"","height":""}],"author":"teste","twitter_card":"summary_large_image","twitter_misc":{"Escrito por":"teste","Est. tempo de leitura":"3 minutos"},"schema":{"@context":"https:\/\/schema.org","@graph":[{"@type":"Article","@id":"https:\/\/blogdofarnesio.com.br\/?p=84027#article","isPartOf":{"@id":"https:\/\/blogdofarnesio.com.br\/?p=84027"},"author":{"name":"teste","@id":"https:\/\/blogdofarnesio.com.br\/#\/schema\/person\/dd1bf5eba40b687199ba45ca6b97dff9"},"headline":"HUMBERTO DIZ N\u00c3O TER &#8220;RABO PRESO&#8221; COM EMPREITEIRAS","datePublished":"2014-05-17T11:00:05+00:00","mainEntityOfPage":{"@id":"https:\/\/blogdofarnesio.com.br\/?p=84027"},"wordCount":524,"commentCount":0,"publisher":{"@id":"https:\/\/blogdofarnesio.com.br\/#organization"},"image":{"@id":"https:\/\/blogdofarnesio.com.br\/?p=84027#primaryimage"},"thumbnailUrl":"http:\/\/www.brasil247.com\/images\/cache\/1000x357\/crop_0_0_1280_456\/images%7C0%7C2b%7C02b571f47008a7b94b3cd44121458d02e601ffb0.jpg","articleSection":["Pol\u00edtica"],"inLanguage":"pt-BR","potentialAction":[{"@type":"CommentAction","name":"Comment","target":["https:\/\/blogdofarnesio.com.br\/?p=84027#respond"]}]},{"@type":"WebPage","@id":"https:\/\/blogdofarnesio.com.br\/?p=84027","url":"https:\/\/blogdofarnesio.com.br\/?p=84027","name":"HUMBERTO DIZ N\u00c3O TER \"RABO PRESO\" COM EMPREITEIRAS - Blog do Farn\u00e9sio","isPartOf":{"@id":"https:\/\/blogdofarnesio.com.br\/#website"},"primaryImageOfPage":{"@id":"https:\/\/blogdofarnesio.com.br\/?p=84027#primaryimage"},"image":{"@id":"https:\/\/blogdofarnesio.com.br\/?p=84027#primaryimage"},"thumbnailUrl":"http:\/\/www.brasil247.com\/images\/cache\/1000x357\/crop_0_0_1280_456\/images%7C0%7C2b%7C02b571f47008a7b94b3cd44121458d02e601ffb0.jpg","datePublished":"2014-05-17T11:00:05+00:00","breadcrumb":{"@id":"https:\/\/blogdofarnesio.com.br\/?p=84027#breadcrumb"},"inLanguage":"pt-BR","potentialAction":[{"@type":"ReadAction","target":["https:\/\/blogdofarnesio.com.br\/?p=84027"]}]},{"@type":"ImageObject","inLanguage":"pt-BR","@id":"https:\/\/blogdofarnesio.com.br\/?p=84027#primaryimage","url":"http:\/\/www.brasil247.com\/images\/cache\/1000x357\/crop_0_0_1280_456\/images%7C0%7C2b%7C02b571f47008a7b94b3cd44121458d02e601ffb0.jpg","contentUrl":"http:\/\/www.brasil247.com\/images\/cache\/1000x357\/crop_0_0_1280_456\/images%7C0%7C2b%7C02b571f47008a7b94b3cd44121458d02e601ffb0.jpg"},{"@type":"BreadcrumbList","@id":"https:\/\/blogdofarnesio.com.br\/?p=84027#breadcrumb","itemListElement":[{"@type":"ListItem","position":1,"name":"In\u00edcio","item":"https:\/\/blogdofarnesio.com.br\/"},{"@type":"ListItem","position":2,"name":"HUMBERTO DIZ N\u00c3O TER &#8220;RABO PRESO&#8221; COM EMPREITEIRAS"}]},{"@type":"WebSite","@id":"https:\/\/blogdofarnesio.com.br\/#website","url":"https:\/\/blogdofarnesio.com.br\/","name":"Blog do Farn\u00e9sio","description":"Quer Saber Pol\u00edtica?","publisher":{"@id":"https:\/\/blogdofarnesio.com.br\/#organization"},"potentialAction":[{"@type":"SearchAction","target":{"@type":"EntryPoint","urlTemplate":"https:\/\/blogdofarnesio.com.br\/?s={search_term_string}"},"query-input":{"@type":"PropertyValueSpecification","valueRequired":true,"valueName":"search_term_string"}}],"inLanguage":"pt-BR"},{"@type":"Organization","@id":"https:\/\/blogdofarnesio.com.br\/#organization","name":"Blog do Farn\u00e9sio","url":"https:\/\/blogdofarnesio.com.br\/","logo":{"@type":"ImageObject","inLanguage":"pt-BR","@id":"https:\/\/blogdofarnesio.com.br\/#\/schema\/logo\/image\/","url":"https:\/\/blogdofarnesio.com.br\/wp-content\/uploads\/2026\/03\/cropped-logo_new-1.png","contentUrl":"https:\/\/blogdofarnesio.com.br\/wp-content\/uploads\/2026\/03\/cropped-logo_new-1.png","width":881,"height":685,"caption":"Blog do Farn\u00e9sio"},"image":{"@id":"https:\/\/blogdofarnesio.com.br\/#\/schema\/logo\/image\/"},"sameAs":["https:\/\/www.facebook.com\/BlogQuerSaberPolitica\/"]},{"@type":"Person","@id":"https:\/\/blogdofarnesio.com.br\/#\/schema\/person\/dd1bf5eba40b687199ba45ca6b97dff9","name":"teste","image":{"@type":"ImageObject","inLanguage":"pt-BR","@id":"https:\/\/secure.gravatar.com\/avatar\/2172498d4914b51e1d89a0f97957b035ac4938723a5cac208135d389b6972a6d?s=96&d=mm&r=g","url":"https:\/\/secure.gravatar.com\/avatar\/2172498d4914b51e1d89a0f97957b035ac4938723a5cac208135d389b6972a6d?s=96&d=mm&r=g","contentUrl":"https:\/\/secure.gravatar.com\/avatar\/2172498d4914b51e1d89a0f97957b035ac4938723a5cac208135d389b6972a6d?s=96&d=mm&r=g","caption":"teste"},"url":"https:\/\/blogdofarnesio.com.br\/?author=3"}]}},"_links":{"self":[{"href":"https:\/\/blogdofarnesio.com.br\/index.php?rest_route=\/wp\/v2\/posts\/84027","targetHints":{"allow":["GET"]}}],"collection":[{"href":"https:\/\/blogdofarnesio.com.br\/index.php?rest_route=\/wp\/v2\/posts"}],"about":[{"href":"https:\/\/blogdofarnesio.com.br\/index.php?rest_route=\/wp\/v2\/types\/post"}],"author":[{"embeddable":true,"href":"https:\/\/blogdofarnesio.com.br\/index.php?rest_route=\/wp\/v2\/users\/3"}],"replies":[{"embeddable":true,"href":"https:\/\/blogdofarnesio.com.br\/index.php?rest_route=%2Fwp%2Fv2%2Fcomments&post=84027"}],"version-history":[{"count":0,"href":"https:\/\/blogdofarnesio.com.br\/index.php?rest_route=\/wp\/v2\/posts\/84027\/revisions"}],"wp:attachment":[{"href":"https:\/\/blogdofarnesio.com.br\/index.php?rest_route=%2Fwp%2Fv2%2Fmedia&parent=84027"}],"wp:term":[{"taxonomy":"category","embeddable":true,"href":"https:\/\/blogdofarnesio.com.br\/index.php?rest_route=%2Fwp%2Fv2%2Fcategories&post=84027"},{"taxonomy":"post_tag","embeddable":true,"href":"https:\/\/blogdofarnesio.com.br\/index.php?rest_route=%2Fwp%2Fv2%2Ftags&post=84027"}],"curies":[{"name":"wp","href":"https:\/\/api.w.org\/{rel}","templated":true}]}}