{"id":8402,"date":"2011-11-17T15:21:13","date_gmt":"2011-11-17T15:21:13","guid":{"rendered":"http:\/\/www.quersaberpolitica.com.br?p=8402"},"modified":"2011-11-16T17:29:39","modified_gmt":"2011-11-16T17:29:39","slug":"enfermeiras-do-hdm-passam-por-capacitacao-em-recife","status":"publish","type":"post","link":"https:\/\/blogdofarnesio.com.br\/?p=8402","title":{"rendered":"Enfermeiras do HDM passam por capacita\u00e7\u00e3o em Recife"},"content":{"rendered":"<p><a rel=\"lightbox\" href=\"..\/http:\/\/www.quersaberpolitica.com.br\/2016\/wp-content\/uploads\/2012\/12\/blogqspvoluntariadodohdmpassaporesprec.jpg\"><img loading=\"lazy\" decoding=\"async\" style=\"float: right; margin-top: 5px; margin-bottom: 5px; margin-left: 10px; margin-right: 10px;\" src=\"..\/http:\/\/www.quersaberpolitica.com.br\/2016\/wp-content\/uploads\/2012\/12\/blogqspvoluntariadodohdmpassaporesprec.jpg\" alt=\"\" width=\"200\" height=\"150\" \/><\/a><\/p>\n<p style=\"text-align: justify;\"><span style=\"font-size: small;\">Como parte de seu programa de aperfei&ccedil;oamento profissional de seus funcion&aacute;rios, o HDM\/IMIP Hospitalar proporcionou treinamento especial a duas enfermeiras de seu quadro funcional.<\/span><\/p>\n<p style=\"text-align: justify;\"><span style=\"font-size: small;\">Laise Damasceno e Rejane Lins, enfermeiras da Comiss&atilde;o de Combate de Infec&ccedil;&atilde;o Hospitalar (CCIH) e da Educa&ccedil;&atilde;o permanente, respectivamente, passaram cinco dias no IMIP em Recife no final do m&ecirc;s de outubro recebendo capacita&ccedil;&atilde;o para atua&ccedil;&atilde;o nessas fun&ccedil;&otilde;es.<\/span><\/p>\n<p style=\"text-align: justify;\"><span style=\"font-size: small;\">&#8220;Foi um per&iacute;odo extremamente importante porque eu pude observar a rotina do controle &aacute; infec&ccedil;&atilde;o hospitalar no IMIP&#8221;, avaliou Laise, rec&eacute;m chegada  ao HDM. &#8220;Tive mais acesso ao dia-a-dia da nossa fun&ccedil;&atilde;o, pude observar  nos diversos setores do hospital poss&iacute;veis os pontos que precisamos ter mais aten&ccedil;&atilde;o em rela&ccedil;&atilde;o &agrave; infec&ccedil;&atilde;o, orientar os profissionais quanto &agrave; higieniza&ccedil;&atilde;o das m&atilde;os e a organiza&ccedil;&atilde;o de lixeiras e notifica&ccedil;&atilde;o dos locais com poss&iacute;vel ponto de infec&ccedil;&atilde;o&#8221;, completou.<\/span><\/p>\n<p style=\"text-align: justify;\"><span style=\"font-size: small;\">Rejane Lins tamb&eacute;m assumiu recentemente a coordena&ccedil;&atilde;o do setor de educa&ccedil;&atilde;o permanente do HDM. &Eacute; dela a responsabilidade de proporcionar cursos de treinamento para os enfermeiros da unidade. &#8220;O per&iacute;odo de capacita&ccedil;&atilde;o em Recife me abriu os olhos para o trabalho frente o setor. &Eacute; preciso avaliar as dificuldades t&eacute;cnicas encontradas pelos profissionais de enfermagem e proporcionar capacita&ccedil;&atilde;o espec&iacute;fica para eles em cada &aacute;rea em que se tem algum tipo de dificuldade&#8221;, disse a enfermeira que j&aacute; programou para esse m&ecirc;s, um curso em administra&ccedil;&atilde;o de medicamentos para ser aplicado aos t&eacute;cnicos de enfermagem rec&eacute;m contratados no HDM.<\/span><\/p>\n<p style=\"text-align: justify;\"><span style=\"font-size: small;\">(Ascom HDM)<\/span><\/p>\n","protected":false},"excerpt":{"rendered":"<p>Como parte de seu programa de aperfei&ccedil;oamento profissional de seus funcion&aacute;rios, o HDM\/IMIP Hospitalar proporcionou treinamento especial a duas enfermeiras de seu quadro funcional. Laise Damasceno e Rejane Lins, enfermeiras da Comiss&atilde;o de Combate de Infec&ccedil;&atilde;o Hospitalar (CCIH) e da Educa&ccedil;&atilde;o permanente, respectivamente, passaram cinco dias no IMIP em Recife no final do m&ecirc;s de outubro recebendo capacita&ccedil;&atilde;o para atua&ccedil;&atilde;o nessas fun&ccedil;&otilde;es. &#8220;Foi um per&iacute;odo extremamente importante porque eu pude observar a rotina do controle &aacute; infec&ccedil;&atilde;o hospitalar no IMIP&#8221;, avaliou Laise, rec&eacute;m chegada ao HDM. &#8220;Tive mais acesso ao dia-a-dia da nossa fun&ccedil;&atilde;o, pude observar nos diversos setores do hospital poss&iacute;veis os pontos que precisamos ter mais aten&ccedil;&atilde;o em rela&ccedil;&atilde;o &agrave; infec&ccedil;&atilde;o, orientar os profissionais quanto &agrave; higieniza&ccedil;&atilde;o das&hellip; <\/p>\n","protected":false},"author":0,"featured_media":0,"comment_status":"open","ping_status":"open","sticky":false,"template":"","format":"standard","meta":{"_acf_changed":false,"footnotes":""},"categories":[43],"tags":[],"class_list":["post-8402","post","type-post","status-publish","format-standard","hentry","category-sem-categoria"],"acf":[],"yoast_head":"<!-- This site is optimized with the Yoast SEO plugin v27.4 - https:\/\/yoast.com\/product\/yoast-seo-wordpress\/ -->\n<title>Enfermeiras do HDM passam por capacita\u00e7\u00e3o em Recife - Blog do Farn\u00e9sio<\/title>\n<meta name=\"robots\" content=\"index, follow, max-snippet:-1, max-image-preview:large, max-video-preview:-1\" \/>\n<link rel=\"canonical\" href=\"https:\/\/blogdofarnesio.com.br\/?p=8402\" \/>\n<meta property=\"og:locale\" content=\"pt_BR\" \/>\n<meta property=\"og:type\" content=\"article\" \/>\n<meta property=\"og:title\" content=\"Enfermeiras do HDM passam por capacita\u00e7\u00e3o em Recife - Blog do Farn\u00e9sio\" \/>\n<meta property=\"og:description\" content=\"Como parte de seu programa de aperfei&ccedil;oamento profissional de seus funcion&aacute;rios, o HDM\/IMIP Hospitalar proporcionou treinamento especial a duas enfermeiras de seu quadro funcional. Laise Damasceno e Rejane Lins, enfermeiras da Comiss&atilde;o de Combate de Infec&ccedil;&atilde;o Hospitalar (CCIH) e da Educa&ccedil;&atilde;o permanente, respectivamente, passaram cinco dias no IMIP em Recife no final do m&ecirc;s de outubro recebendo capacita&ccedil;&atilde;o para atua&ccedil;&atilde;o nessas fun&ccedil;&otilde;es. &#8220;Foi um per&iacute;odo extremamente importante porque eu pude observar a rotina do controle &aacute; infec&ccedil;&atilde;o hospitalar no IMIP&#8221;, avaliou Laise, rec&eacute;m chegada ao HDM. &#8220;Tive mais acesso ao dia-a-dia da nossa fun&ccedil;&atilde;o, pude observar nos diversos setores do hospital poss&iacute;veis os pontos que precisamos ter mais aten&ccedil;&atilde;o em rela&ccedil;&atilde;o &agrave; infec&ccedil;&atilde;o, orientar os profissionais quanto &agrave; higieniza&ccedil;&atilde;o das&hellip;\" \/>\n<meta property=\"og:url\" content=\"https:\/\/blogdofarnesio.com.br\/?p=8402\" \/>\n<meta property=\"og:site_name\" content=\"Blog do Farn\u00e9sio\" \/>\n<meta property=\"article:publisher\" content=\"https:\/\/www.facebook.com\/BlogQuerSaberPolitica\/\" \/>\n<meta property=\"article:published_time\" content=\"2011-11-17T15:21:13+00:00\" \/>\n<meta name=\"twitter:card\" content=\"summary_large_image\" \/>\n<meta name=\"twitter:label1\" content=\"Est. tempo de leitura\" \/>\n\t<meta name=\"twitter:data1\" content=\"2 minutos\" \/>\n<script type=\"application\/ld+json\" class=\"yoast-schema-graph\">{\"@context\":\"https:\\\/\\\/schema.org\",\"@graph\":[{\"@type\":\"Article\",\"@id\":\"https:\\\/\\\/blogdofarnesio.com.br\\\/?p=8402#article\",\"isPartOf\":{\"@id\":\"https:\\\/\\\/blogdofarnesio.com.br\\\/?p=8402\"},\"author\":{\"name\":\"\",\"@id\":\"\"},\"headline\":\"Enfermeiras do HDM passam por capacita\u00e7\u00e3o em Recife\",\"datePublished\":\"2011-11-17T15:21:13+00:00\",\"mainEntityOfPage\":{\"@id\":\"https:\\\/\\\/blogdofarnesio.com.br\\\/?p=8402\"},\"wordCount\":337,\"commentCount\":0,\"publisher\":{\"@id\":\"https:\\\/\\\/blogdofarnesio.com.br\\\/#organization\"},\"inLanguage\":\"pt-BR\",\"potentialAction\":[{\"@type\":\"CommentAction\",\"name\":\"Comment\",\"target\":[\"https:\\\/\\\/blogdofarnesio.com.br\\\/?p=8402#respond\"]}]},{\"@type\":\"WebPage\",\"@id\":\"https:\\\/\\\/blogdofarnesio.com.br\\\/?p=8402\",\"url\":\"https:\\\/\\\/blogdofarnesio.com.br\\\/?p=8402\",\"name\":\"Enfermeiras do HDM passam por capacita\u00e7\u00e3o em Recife - Blog do Farn\u00e9sio\",\"isPartOf\":{\"@id\":\"https:\\\/\\\/blogdofarnesio.com.br\\\/#website\"},\"datePublished\":\"2011-11-17T15:21:13+00:00\",\"breadcrumb\":{\"@id\":\"https:\\\/\\\/blogdofarnesio.com.br\\\/?p=8402#breadcrumb\"},\"inLanguage\":\"pt-BR\",\"potentialAction\":[{\"@type\":\"ReadAction\",\"target\":[\"https:\\\/\\\/blogdofarnesio.com.br\\\/?p=8402\"]}]},{\"@type\":\"BreadcrumbList\",\"@id\":\"https:\\\/\\\/blogdofarnesio.com.br\\\/?p=8402#breadcrumb\",\"itemListElement\":[{\"@type\":\"ListItem\",\"position\":1,\"name\":\"In\u00edcio\",\"item\":\"https:\\\/\\\/blogdofarnesio.com.br\\\/\"},{\"@type\":\"ListItem\",\"position\":2,\"name\":\"Enfermeiras do HDM passam por capacita\u00e7\u00e3o em Recife\"}]},{\"@type\":\"WebSite\",\"@id\":\"https:\\\/\\\/blogdofarnesio.com.br\\\/#website\",\"url\":\"https:\\\/\\\/blogdofarnesio.com.br\\\/\",\"name\":\"Blog do Farn\u00e9sio\",\"description\":\"Quer Saber Pol\u00edtica?\",\"publisher\":{\"@id\":\"https:\\\/\\\/blogdofarnesio.com.br\\\/#organization\"},\"potentialAction\":[{\"@type\":\"SearchAction\",\"target\":{\"@type\":\"EntryPoint\",\"urlTemplate\":\"https:\\\/\\\/blogdofarnesio.com.br\\\/?s={search_term_string}\"},\"query-input\":{\"@type\":\"PropertyValueSpecification\",\"valueRequired\":true,\"valueName\":\"search_term_string\"}}],\"inLanguage\":\"pt-BR\"},{\"@type\":\"Organization\",\"@id\":\"https:\\\/\\\/blogdofarnesio.com.br\\\/#organization\",\"name\":\"Blog do Farn\u00e9sio\",\"url\":\"https:\\\/\\\/blogdofarnesio.com.br\\\/\",\"logo\":{\"@type\":\"ImageObject\",\"inLanguage\":\"pt-BR\",\"@id\":\"https:\\\/\\\/blogdofarnesio.com.br\\\/#\\\/schema\\\/logo\\\/image\\\/\",\"url\":\"https:\\\/\\\/blogdofarnesio.com.br\\\/wp-content\\\/uploads\\\/2026\\\/03\\\/cropped-logo_new-1.png\",\"contentUrl\":\"https:\\\/\\\/blogdofarnesio.com.br\\\/wp-content\\\/uploads\\\/2026\\\/03\\\/cropped-logo_new-1.png\",\"width\":881,\"height\":685,\"caption\":\"Blog do Farn\u00e9sio\"},\"image\":{\"@id\":\"https:\\\/\\\/blogdofarnesio.com.br\\\/#\\\/schema\\\/logo\\\/image\\\/\"},\"sameAs\":[\"https:\\\/\\\/www.facebook.com\\\/BlogQuerSaberPolitica\\\/\"]}]}<\/script>\n<!-- \/ Yoast SEO plugin. -->","yoast_head_json":{"title":"Enfermeiras do HDM passam por capacita\u00e7\u00e3o em Recife - Blog do Farn\u00e9sio","robots":{"index":"index","follow":"follow","max-snippet":"max-snippet:-1","max-image-preview":"max-image-preview:large","max-video-preview":"max-video-preview:-1"},"canonical":"https:\/\/blogdofarnesio.com.br\/?p=8402","og_locale":"pt_BR","og_type":"article","og_title":"Enfermeiras do HDM passam por capacita\u00e7\u00e3o em Recife - Blog do Farn\u00e9sio","og_description":"Como parte de seu programa de aperfei&ccedil;oamento profissional de seus funcion&aacute;rios, o HDM\/IMIP Hospitalar proporcionou treinamento especial a duas enfermeiras de seu quadro funcional. Laise Damasceno e Rejane Lins, enfermeiras da Comiss&atilde;o de Combate de Infec&ccedil;&atilde;o Hospitalar (CCIH) e da Educa&ccedil;&atilde;o permanente, respectivamente, passaram cinco dias no IMIP em Recife no final do m&ecirc;s de outubro recebendo capacita&ccedil;&atilde;o para atua&ccedil;&atilde;o nessas fun&ccedil;&otilde;es. &#8220;Foi um per&iacute;odo extremamente importante porque eu pude observar a rotina do controle &aacute; infec&ccedil;&atilde;o hospitalar no IMIP&#8221;, avaliou Laise, rec&eacute;m chegada ao HDM. &#8220;Tive mais acesso ao dia-a-dia da nossa fun&ccedil;&atilde;o, pude observar nos diversos setores do hospital poss&iacute;veis os pontos que precisamos ter mais aten&ccedil;&atilde;o em rela&ccedil;&atilde;o &agrave; infec&ccedil;&atilde;o, orientar os profissionais quanto &agrave; higieniza&ccedil;&atilde;o das&hellip;","og_url":"https:\/\/blogdofarnesio.com.br\/?p=8402","og_site_name":"Blog do Farn\u00e9sio","article_publisher":"https:\/\/www.facebook.com\/BlogQuerSaberPolitica\/","article_published_time":"2011-11-17T15:21:13+00:00","twitter_card":"summary_large_image","twitter_misc":{"Est. tempo de leitura":"2 minutos"},"schema":{"@context":"https:\/\/schema.org","@graph":[{"@type":"Article","@id":"https:\/\/blogdofarnesio.com.br\/?p=8402#article","isPartOf":{"@id":"https:\/\/blogdofarnesio.com.br\/?p=8402"},"author":{"name":"","@id":""},"headline":"Enfermeiras do HDM passam por capacita\u00e7\u00e3o em Recife","datePublished":"2011-11-17T15:21:13+00:00","mainEntityOfPage":{"@id":"https:\/\/blogdofarnesio.com.br\/?p=8402"},"wordCount":337,"commentCount":0,"publisher":{"@id":"https:\/\/blogdofarnesio.com.br\/#organization"},"inLanguage":"pt-BR","potentialAction":[{"@type":"CommentAction","name":"Comment","target":["https:\/\/blogdofarnesio.com.br\/?p=8402#respond"]}]},{"@type":"WebPage","@id":"https:\/\/blogdofarnesio.com.br\/?p=8402","url":"https:\/\/blogdofarnesio.com.br\/?p=8402","name":"Enfermeiras do HDM passam por capacita\u00e7\u00e3o em Recife - Blog do Farn\u00e9sio","isPartOf":{"@id":"https:\/\/blogdofarnesio.com.br\/#website"},"datePublished":"2011-11-17T15:21:13+00:00","breadcrumb":{"@id":"https:\/\/blogdofarnesio.com.br\/?p=8402#breadcrumb"},"inLanguage":"pt-BR","potentialAction":[{"@type":"ReadAction","target":["https:\/\/blogdofarnesio.com.br\/?p=8402"]}]},{"@type":"BreadcrumbList","@id":"https:\/\/blogdofarnesio.com.br\/?p=8402#breadcrumb","itemListElement":[{"@type":"ListItem","position":1,"name":"In\u00edcio","item":"https:\/\/blogdofarnesio.com.br\/"},{"@type":"ListItem","position":2,"name":"Enfermeiras do HDM passam por capacita\u00e7\u00e3o em Recife"}]},{"@type":"WebSite","@id":"https:\/\/blogdofarnesio.com.br\/#website","url":"https:\/\/blogdofarnesio.com.br\/","name":"Blog do Farn\u00e9sio","description":"Quer Saber Pol\u00edtica?","publisher":{"@id":"https:\/\/blogdofarnesio.com.br\/#organization"},"potentialAction":[{"@type":"SearchAction","target":{"@type":"EntryPoint","urlTemplate":"https:\/\/blogdofarnesio.com.br\/?s={search_term_string}"},"query-input":{"@type":"PropertyValueSpecification","valueRequired":true,"valueName":"search_term_string"}}],"inLanguage":"pt-BR"},{"@type":"Organization","@id":"https:\/\/blogdofarnesio.com.br\/#organization","name":"Blog do Farn\u00e9sio","url":"https:\/\/blogdofarnesio.com.br\/","logo":{"@type":"ImageObject","inLanguage":"pt-BR","@id":"https:\/\/blogdofarnesio.com.br\/#\/schema\/logo\/image\/","url":"https:\/\/blogdofarnesio.com.br\/wp-content\/uploads\/2026\/03\/cropped-logo_new-1.png","contentUrl":"https:\/\/blogdofarnesio.com.br\/wp-content\/uploads\/2026\/03\/cropped-logo_new-1.png","width":881,"height":685,"caption":"Blog do Farn\u00e9sio"},"image":{"@id":"https:\/\/blogdofarnesio.com.br\/#\/schema\/logo\/image\/"},"sameAs":["https:\/\/www.facebook.com\/BlogQuerSaberPolitica\/"]}]}},"_links":{"self":[{"href":"https:\/\/blogdofarnesio.com.br\/index.php?rest_route=\/wp\/v2\/posts\/8402","targetHints":{"allow":["GET"]}}],"collection":[{"href":"https:\/\/blogdofarnesio.com.br\/index.php?rest_route=\/wp\/v2\/posts"}],"about":[{"href":"https:\/\/blogdofarnesio.com.br\/index.php?rest_route=\/wp\/v2\/types\/post"}],"replies":[{"embeddable":true,"href":"https:\/\/blogdofarnesio.com.br\/index.php?rest_route=%2Fwp%2Fv2%2Fcomments&post=8402"}],"version-history":[{"count":0,"href":"https:\/\/blogdofarnesio.com.br\/index.php?rest_route=\/wp\/v2\/posts\/8402\/revisions"}],"wp:attachment":[{"href":"https:\/\/blogdofarnesio.com.br\/index.php?rest_route=%2Fwp%2Fv2%2Fmedia&parent=8402"}],"wp:term":[{"taxonomy":"category","embeddable":true,"href":"https:\/\/blogdofarnesio.com.br\/index.php?rest_route=%2Fwp%2Fv2%2Fcategories&post=8402"},{"taxonomy":"post_tag","embeddable":true,"href":"https:\/\/blogdofarnesio.com.br\/index.php?rest_route=%2Fwp%2Fv2%2Ftags&post=8402"}],"curies":[{"name":"wp","href":"https:\/\/api.w.org\/{rel}","templated":true}]}}