{"id":84017,"date":"2014-05-16T19:02:17","date_gmt":"2014-05-16T22:02:17","guid":{"rendered":"http:\/\/www.quersaberpolitica.com.br\/?p=84017"},"modified":"2014-05-16T16:33:28","modified_gmt":"2014-05-16T19:33:28","slug":"minas-gerais-deve-ser-pivo-da-separacao-de-aecio-e-campos","status":"publish","type":"post","link":"https:\/\/blogdofarnesio.com.br\/?p=84017","title":{"rendered":"MINAS GERAIS DEVE SER PIV\u00d4 DA SEPARA\u00c7\u00c3O DE A\u00c9CIO E CAMPOS"},"content":{"rendered":"<p><img loading=\"lazy\" decoding=\"async\" class=\"aligncenter\" alt=\"A\u00e9cio Neves Eduardo Campos\" src=\"http:\/\/www.diariodopoder.com.br\/wp-content\/uploads\/2014\/05\/A%C3%A9cio-Neves-Eduardo-Campos-300x143.jpg\" width=\"300\" height=\"143\" \/><\/a><\/p>\n<p style=\"text-align: justify\">Minas Gerais pode ser piv\u00f4 do div\u00f3rcio entre PSDB e PSB. O pernambucano Eduardo Campos (PSB) e mineiro A\u00e9cio Neves (PSDB) tinham um acordo de cavalheiros para n\u00e3o lan\u00e7arem candidatos ao governo de Pernambuco, no caso de A\u00e9cio, e em Minas, no caso de Campos. O plano do PSB de lan\u00e7ar J\u00falio Delgado ao governo mineiro mostra que o acordo j\u00e1 come\u00e7ou a ruir antes mesmo da campanha come\u00e7ar oficialmente. A candidatura de Delgado pode puxar de 10% a 15% para o PSB, nas contas do partido.<\/p>\n<p style=\"text-align: justify\">A l\u00edngua afiada de A\u00e9cio tamb\u00e9m teria irritado Campos. O pernambucano n\u00e3o ficou nada satisfeito com a declara\u00e7\u00e3o do tucano que o inclu\u00eda em um projeto para 2015.<!--more--> Na avalia\u00e7\u00e3o de Campos, a fala o desconsidera como candidato. A escalada para rebater o \u201cprojeto\u201d de A\u00e9cio foi Marina Silva, pr\u00e9-candidata a vice na chapa de Eduardo Campos, que declarou ver \u201cdiferen\u00e7as profundas\u201d entre os dois programas de governo.<\/p>\n<p style=\"text-align: justify\">Campos ainda levou uma rasteira de A\u00e9cio em uma desejada alian\u00e7a com o PP no Rio Grande do Sul. O pessebista queria se aliar a senadora Ana Am\u00e9lia (PP), mesmo com a negativa de Marina. A\u00e9cio foi mais r\u00e1pido na articula\u00e7\u00e3o e fechou a coliga\u00e7\u00e3o com o PP no estado. Sobrou para o PSB fechar palanque como PMDB, apoiando o ex-prefeito de Caxias do Sul, Jos\u00e9 Ivo Sartori.<\/p>\n","protected":false},"excerpt":{"rendered":"<p>Minas Gerais pode ser piv\u00f4 do div\u00f3rcio entre PSDB e PSB. O pernambucano Eduardo Campos (PSB) e mineiro A\u00e9cio Neves (PSDB) tinham um acordo de cavalheiros para n\u00e3o lan\u00e7arem candidatos ao governo de Pernambuco, no caso de A\u00e9cio, e em Minas, no caso de Campos. O plano do PSB de lan\u00e7ar J\u00falio Delgado ao governo mineiro mostra que o acordo j\u00e1 come\u00e7ou a ruir antes mesmo da campanha come\u00e7ar oficialmente. A candidatura de Delgado pode puxar de 10% a 15% para o PSB, nas contas do partido. A l\u00edngua afiada de A\u00e9cio tamb\u00e9m teria irritado Campos. O pernambucano n\u00e3o ficou nada satisfeito com a declara\u00e7\u00e3o do tucano que o inclu\u00eda em um projeto para 2015.<\/p>\n","protected":false},"author":3,"featured_media":0,"comment_status":"open","ping_status":"open","sticky":false,"template":"","format":"standard","meta":{"_acf_changed":false,"footnotes":""},"categories":[34],"tags":[],"class_list":["post-84017","post","type-post","status-publish","format-standard","hentry","category-eleicoes"],"acf":[],"yoast_head":"<!-- This site is optimized with the Yoast SEO plugin v27.4 - https:\/\/yoast.com\/product\/yoast-seo-wordpress\/ -->\n<title>MINAS GERAIS DEVE SER PIV\u00d4 DA SEPARA\u00c7\u00c3O DE A\u00c9CIO E CAMPOS - Blog do Farn\u00e9sio<\/title>\n<meta name=\"robots\" content=\"index, follow, max-snippet:-1, max-image-preview:large, max-video-preview:-1\" \/>\n<link rel=\"canonical\" href=\"https:\/\/blogdofarnesio.com.br\/?p=84017\" \/>\n<meta property=\"og:locale\" content=\"pt_BR\" \/>\n<meta property=\"og:type\" content=\"article\" \/>\n<meta property=\"og:title\" content=\"MINAS GERAIS DEVE SER PIV\u00d4 DA SEPARA\u00c7\u00c3O DE A\u00c9CIO E CAMPOS - Blog do Farn\u00e9sio\" \/>\n<meta property=\"og:description\" content=\"Minas Gerais pode ser piv\u00f4 do div\u00f3rcio entre PSDB e PSB. O pernambucano Eduardo Campos (PSB) e mineiro A\u00e9cio Neves (PSDB) tinham um acordo de cavalheiros para n\u00e3o lan\u00e7arem candidatos ao governo de Pernambuco, no caso de A\u00e9cio, e em Minas, no caso de Campos. O plano do PSB de lan\u00e7ar J\u00falio Delgado ao governo mineiro mostra que o acordo j\u00e1 come\u00e7ou a ruir antes mesmo da campanha come\u00e7ar oficialmente. A candidatura de Delgado pode puxar de 10% a 15% para o PSB, nas contas do partido. A l\u00edngua afiada de A\u00e9cio tamb\u00e9m teria irritado Campos. O pernambucano n\u00e3o ficou nada satisfeito com a declara\u00e7\u00e3o do tucano que o inclu\u00eda em um projeto para 2015.\" \/>\n<meta property=\"og:url\" content=\"https:\/\/blogdofarnesio.com.br\/?p=84017\" \/>\n<meta property=\"og:site_name\" content=\"Blog do Farn\u00e9sio\" \/>\n<meta property=\"article:publisher\" content=\"https:\/\/www.facebook.com\/BlogQuerSaberPolitica\/\" \/>\n<meta property=\"article:published_time\" content=\"2014-05-16T22:02:17+00:00\" \/>\n<meta property=\"og:image\" content=\"http:\/\/www.diariodopoder.com.br\/wp-content\/uploads\/2014\/05\/A%C3%A9cio-Neves-Eduardo-Campos-300x143.jpg\" \/>\n<meta name=\"author\" content=\"teste\" \/>\n<meta name=\"twitter:card\" content=\"summary_large_image\" \/>\n<meta name=\"twitter:label1\" content=\"Escrito por\" \/>\n\t<meta name=\"twitter:data1\" content=\"teste\" \/>\n\t<meta name=\"twitter:label2\" content=\"Est. tempo de leitura\" \/>\n\t<meta name=\"twitter:data2\" content=\"1 minuto\" \/>\n<script type=\"application\/ld+json\" class=\"yoast-schema-graph\">{\"@context\":\"https:\\\/\\\/schema.org\",\"@graph\":[{\"@type\":\"Article\",\"@id\":\"https:\\\/\\\/blogdofarnesio.com.br\\\/?p=84017#article\",\"isPartOf\":{\"@id\":\"https:\\\/\\\/blogdofarnesio.com.br\\\/?p=84017\"},\"author\":{\"name\":\"teste\",\"@id\":\"https:\\\/\\\/blogdofarnesio.com.br\\\/#\\\/schema\\\/person\\\/dd1bf5eba40b687199ba45ca6b97dff9\"},\"headline\":\"MINAS GERAIS DEVE SER PIV\u00d4 DA SEPARA\u00c7\u00c3O DE A\u00c9CIO E CAMPOS\",\"datePublished\":\"2014-05-16T22:02:17+00:00\",\"mainEntityOfPage\":{\"@id\":\"https:\\\/\\\/blogdofarnesio.com.br\\\/?p=84017\"},\"wordCount\":259,\"commentCount\":0,\"publisher\":{\"@id\":\"https:\\\/\\\/blogdofarnesio.com.br\\\/#organization\"},\"image\":{\"@id\":\"https:\\\/\\\/blogdofarnesio.com.br\\\/?p=84017#primaryimage\"},\"thumbnailUrl\":\"http:\\\/\\\/www.diariodopoder.com.br\\\/wp-content\\\/uploads\\\/2014\\\/05\\\/A%C3%A9cio-Neves-Eduardo-Campos-300x143.jpg\",\"articleSection\":[\"Elei\u00e7\u00f5es\"],\"inLanguage\":\"pt-BR\",\"potentialAction\":[{\"@type\":\"CommentAction\",\"name\":\"Comment\",\"target\":[\"https:\\\/\\\/blogdofarnesio.com.br\\\/?p=84017#respond\"]}]},{\"@type\":\"WebPage\",\"@id\":\"https:\\\/\\\/blogdofarnesio.com.br\\\/?p=84017\",\"url\":\"https:\\\/\\\/blogdofarnesio.com.br\\\/?p=84017\",\"name\":\"MINAS GERAIS DEVE SER PIV\u00d4 DA SEPARA\u00c7\u00c3O DE A\u00c9CIO E CAMPOS - Blog do Farn\u00e9sio\",\"isPartOf\":{\"@id\":\"https:\\\/\\\/blogdofarnesio.com.br\\\/#website\"},\"primaryImageOfPage\":{\"@id\":\"https:\\\/\\\/blogdofarnesio.com.br\\\/?p=84017#primaryimage\"},\"image\":{\"@id\":\"https:\\\/\\\/blogdofarnesio.com.br\\\/?p=84017#primaryimage\"},\"thumbnailUrl\":\"http:\\\/\\\/www.diariodopoder.com.br\\\/wp-content\\\/uploads\\\/2014\\\/05\\\/A%C3%A9cio-Neves-Eduardo-Campos-300x143.jpg\",\"datePublished\":\"2014-05-16T22:02:17+00:00\",\"breadcrumb\":{\"@id\":\"https:\\\/\\\/blogdofarnesio.com.br\\\/?p=84017#breadcrumb\"},\"inLanguage\":\"pt-BR\",\"potentialAction\":[{\"@type\":\"ReadAction\",\"target\":[\"https:\\\/\\\/blogdofarnesio.com.br\\\/?p=84017\"]}]},{\"@type\":\"ImageObject\",\"inLanguage\":\"pt-BR\",\"@id\":\"https:\\\/\\\/blogdofarnesio.com.br\\\/?p=84017#primaryimage\",\"url\":\"http:\\\/\\\/www.diariodopoder.com.br\\\/wp-content\\\/uploads\\\/2014\\\/05\\\/A%C3%A9cio-Neves-Eduardo-Campos-300x143.jpg\",\"contentUrl\":\"http:\\\/\\\/www.diariodopoder.com.br\\\/wp-content\\\/uploads\\\/2014\\\/05\\\/A%C3%A9cio-Neves-Eduardo-Campos-300x143.jpg\"},{\"@type\":\"BreadcrumbList\",\"@id\":\"https:\\\/\\\/blogdofarnesio.com.br\\\/?p=84017#breadcrumb\",\"itemListElement\":[{\"@type\":\"ListItem\",\"position\":1,\"name\":\"In\u00edcio\",\"item\":\"https:\\\/\\\/blogdofarnesio.com.br\\\/\"},{\"@type\":\"ListItem\",\"position\":2,\"name\":\"MINAS GERAIS DEVE SER PIV\u00d4 DA SEPARA\u00c7\u00c3O DE A\u00c9CIO E CAMPOS\"}]},{\"@type\":\"WebSite\",\"@id\":\"https:\\\/\\\/blogdofarnesio.com.br\\\/#website\",\"url\":\"https:\\\/\\\/blogdofarnesio.com.br\\\/\",\"name\":\"Blog do Farn\u00e9sio\",\"description\":\"Quer Saber Pol\u00edtica?\",\"publisher\":{\"@id\":\"https:\\\/\\\/blogdofarnesio.com.br\\\/#organization\"},\"potentialAction\":[{\"@type\":\"SearchAction\",\"target\":{\"@type\":\"EntryPoint\",\"urlTemplate\":\"https:\\\/\\\/blogdofarnesio.com.br\\\/?s={search_term_string}\"},\"query-input\":{\"@type\":\"PropertyValueSpecification\",\"valueRequired\":true,\"valueName\":\"search_term_string\"}}],\"inLanguage\":\"pt-BR\"},{\"@type\":\"Organization\",\"@id\":\"https:\\\/\\\/blogdofarnesio.com.br\\\/#organization\",\"name\":\"Blog do Farn\u00e9sio\",\"url\":\"https:\\\/\\\/blogdofarnesio.com.br\\\/\",\"logo\":{\"@type\":\"ImageObject\",\"inLanguage\":\"pt-BR\",\"@id\":\"https:\\\/\\\/blogdofarnesio.com.br\\\/#\\\/schema\\\/logo\\\/image\\\/\",\"url\":\"https:\\\/\\\/blogdofarnesio.com.br\\\/wp-content\\\/uploads\\\/2026\\\/03\\\/cropped-logo_new-1.png\",\"contentUrl\":\"https:\\\/\\\/blogdofarnesio.com.br\\\/wp-content\\\/uploads\\\/2026\\\/03\\\/cropped-logo_new-1.png\",\"width\":881,\"height\":685,\"caption\":\"Blog do Farn\u00e9sio\"},\"image\":{\"@id\":\"https:\\\/\\\/blogdofarnesio.com.br\\\/#\\\/schema\\\/logo\\\/image\\\/\"},\"sameAs\":[\"https:\\\/\\\/www.facebook.com\\\/BlogQuerSaberPolitica\\\/\"]},{\"@type\":\"Person\",\"@id\":\"https:\\\/\\\/blogdofarnesio.com.br\\\/#\\\/schema\\\/person\\\/dd1bf5eba40b687199ba45ca6b97dff9\",\"name\":\"teste\",\"image\":{\"@type\":\"ImageObject\",\"inLanguage\":\"pt-BR\",\"@id\":\"https:\\\/\\\/secure.gravatar.com\\\/avatar\\\/2172498d4914b51e1d89a0f97957b035ac4938723a5cac208135d389b6972a6d?s=96&d=mm&r=g\",\"url\":\"https:\\\/\\\/secure.gravatar.com\\\/avatar\\\/2172498d4914b51e1d89a0f97957b035ac4938723a5cac208135d389b6972a6d?s=96&d=mm&r=g\",\"contentUrl\":\"https:\\\/\\\/secure.gravatar.com\\\/avatar\\\/2172498d4914b51e1d89a0f97957b035ac4938723a5cac208135d389b6972a6d?s=96&d=mm&r=g\",\"caption\":\"teste\"},\"url\":\"https:\\\/\\\/blogdofarnesio.com.br\\\/?author=3\"}]}<\/script>\n<!-- \/ Yoast SEO plugin. -->","yoast_head_json":{"title":"MINAS GERAIS DEVE SER PIV\u00d4 DA SEPARA\u00c7\u00c3O DE A\u00c9CIO E CAMPOS - Blog do Farn\u00e9sio","robots":{"index":"index","follow":"follow","max-snippet":"max-snippet:-1","max-image-preview":"max-image-preview:large","max-video-preview":"max-video-preview:-1"},"canonical":"https:\/\/blogdofarnesio.com.br\/?p=84017","og_locale":"pt_BR","og_type":"article","og_title":"MINAS GERAIS DEVE SER PIV\u00d4 DA SEPARA\u00c7\u00c3O DE A\u00c9CIO E CAMPOS - Blog do Farn\u00e9sio","og_description":"Minas Gerais pode ser piv\u00f4 do div\u00f3rcio entre PSDB e PSB. O pernambucano Eduardo Campos (PSB) e mineiro A\u00e9cio Neves (PSDB) tinham um acordo de cavalheiros para n\u00e3o lan\u00e7arem candidatos ao governo de Pernambuco, no caso de A\u00e9cio, e em Minas, no caso de Campos. O plano do PSB de lan\u00e7ar J\u00falio Delgado ao governo mineiro mostra que o acordo j\u00e1 come\u00e7ou a ruir antes mesmo da campanha come\u00e7ar oficialmente. A candidatura de Delgado pode puxar de 10% a 15% para o PSB, nas contas do partido. A l\u00edngua afiada de A\u00e9cio tamb\u00e9m teria irritado Campos. O pernambucano n\u00e3o ficou nada satisfeito com a declara\u00e7\u00e3o do tucano que o inclu\u00eda em um projeto para 2015.","og_url":"https:\/\/blogdofarnesio.com.br\/?p=84017","og_site_name":"Blog do Farn\u00e9sio","article_publisher":"https:\/\/www.facebook.com\/BlogQuerSaberPolitica\/","article_published_time":"2014-05-16T22:02:17+00:00","og_image":[{"url":"http:\/\/www.diariodopoder.com.br\/wp-content\/uploads\/2014\/05\/A%C3%A9cio-Neves-Eduardo-Campos-300x143.jpg","type":"","width":"","height":""}],"author":"teste","twitter_card":"summary_large_image","twitter_misc":{"Escrito por":"teste","Est. tempo de leitura":"1 minuto"},"schema":{"@context":"https:\/\/schema.org","@graph":[{"@type":"Article","@id":"https:\/\/blogdofarnesio.com.br\/?p=84017#article","isPartOf":{"@id":"https:\/\/blogdofarnesio.com.br\/?p=84017"},"author":{"name":"teste","@id":"https:\/\/blogdofarnesio.com.br\/#\/schema\/person\/dd1bf5eba40b687199ba45ca6b97dff9"},"headline":"MINAS GERAIS DEVE SER PIV\u00d4 DA SEPARA\u00c7\u00c3O DE A\u00c9CIO E CAMPOS","datePublished":"2014-05-16T22:02:17+00:00","mainEntityOfPage":{"@id":"https:\/\/blogdofarnesio.com.br\/?p=84017"},"wordCount":259,"commentCount":0,"publisher":{"@id":"https:\/\/blogdofarnesio.com.br\/#organization"},"image":{"@id":"https:\/\/blogdofarnesio.com.br\/?p=84017#primaryimage"},"thumbnailUrl":"http:\/\/www.diariodopoder.com.br\/wp-content\/uploads\/2014\/05\/A%C3%A9cio-Neves-Eduardo-Campos-300x143.jpg","articleSection":["Elei\u00e7\u00f5es"],"inLanguage":"pt-BR","potentialAction":[{"@type":"CommentAction","name":"Comment","target":["https:\/\/blogdofarnesio.com.br\/?p=84017#respond"]}]},{"@type":"WebPage","@id":"https:\/\/blogdofarnesio.com.br\/?p=84017","url":"https:\/\/blogdofarnesio.com.br\/?p=84017","name":"MINAS GERAIS DEVE SER PIV\u00d4 DA SEPARA\u00c7\u00c3O DE A\u00c9CIO E CAMPOS - Blog do Farn\u00e9sio","isPartOf":{"@id":"https:\/\/blogdofarnesio.com.br\/#website"},"primaryImageOfPage":{"@id":"https:\/\/blogdofarnesio.com.br\/?p=84017#primaryimage"},"image":{"@id":"https:\/\/blogdofarnesio.com.br\/?p=84017#primaryimage"},"thumbnailUrl":"http:\/\/www.diariodopoder.com.br\/wp-content\/uploads\/2014\/05\/A%C3%A9cio-Neves-Eduardo-Campos-300x143.jpg","datePublished":"2014-05-16T22:02:17+00:00","breadcrumb":{"@id":"https:\/\/blogdofarnesio.com.br\/?p=84017#breadcrumb"},"inLanguage":"pt-BR","potentialAction":[{"@type":"ReadAction","target":["https:\/\/blogdofarnesio.com.br\/?p=84017"]}]},{"@type":"ImageObject","inLanguage":"pt-BR","@id":"https:\/\/blogdofarnesio.com.br\/?p=84017#primaryimage","url":"http:\/\/www.diariodopoder.com.br\/wp-content\/uploads\/2014\/05\/A%C3%A9cio-Neves-Eduardo-Campos-300x143.jpg","contentUrl":"http:\/\/www.diariodopoder.com.br\/wp-content\/uploads\/2014\/05\/A%C3%A9cio-Neves-Eduardo-Campos-300x143.jpg"},{"@type":"BreadcrumbList","@id":"https:\/\/blogdofarnesio.com.br\/?p=84017#breadcrumb","itemListElement":[{"@type":"ListItem","position":1,"name":"In\u00edcio","item":"https:\/\/blogdofarnesio.com.br\/"},{"@type":"ListItem","position":2,"name":"MINAS GERAIS DEVE SER PIV\u00d4 DA SEPARA\u00c7\u00c3O DE A\u00c9CIO E CAMPOS"}]},{"@type":"WebSite","@id":"https:\/\/blogdofarnesio.com.br\/#website","url":"https:\/\/blogdofarnesio.com.br\/","name":"Blog do Farn\u00e9sio","description":"Quer Saber Pol\u00edtica?","publisher":{"@id":"https:\/\/blogdofarnesio.com.br\/#organization"},"potentialAction":[{"@type":"SearchAction","target":{"@type":"EntryPoint","urlTemplate":"https:\/\/blogdofarnesio.com.br\/?s={search_term_string}"},"query-input":{"@type":"PropertyValueSpecification","valueRequired":true,"valueName":"search_term_string"}}],"inLanguage":"pt-BR"},{"@type":"Organization","@id":"https:\/\/blogdofarnesio.com.br\/#organization","name":"Blog do Farn\u00e9sio","url":"https:\/\/blogdofarnesio.com.br\/","logo":{"@type":"ImageObject","inLanguage":"pt-BR","@id":"https:\/\/blogdofarnesio.com.br\/#\/schema\/logo\/image\/","url":"https:\/\/blogdofarnesio.com.br\/wp-content\/uploads\/2026\/03\/cropped-logo_new-1.png","contentUrl":"https:\/\/blogdofarnesio.com.br\/wp-content\/uploads\/2026\/03\/cropped-logo_new-1.png","width":881,"height":685,"caption":"Blog do Farn\u00e9sio"},"image":{"@id":"https:\/\/blogdofarnesio.com.br\/#\/schema\/logo\/image\/"},"sameAs":["https:\/\/www.facebook.com\/BlogQuerSaberPolitica\/"]},{"@type":"Person","@id":"https:\/\/blogdofarnesio.com.br\/#\/schema\/person\/dd1bf5eba40b687199ba45ca6b97dff9","name":"teste","image":{"@type":"ImageObject","inLanguage":"pt-BR","@id":"https:\/\/secure.gravatar.com\/avatar\/2172498d4914b51e1d89a0f97957b035ac4938723a5cac208135d389b6972a6d?s=96&d=mm&r=g","url":"https:\/\/secure.gravatar.com\/avatar\/2172498d4914b51e1d89a0f97957b035ac4938723a5cac208135d389b6972a6d?s=96&d=mm&r=g","contentUrl":"https:\/\/secure.gravatar.com\/avatar\/2172498d4914b51e1d89a0f97957b035ac4938723a5cac208135d389b6972a6d?s=96&d=mm&r=g","caption":"teste"},"url":"https:\/\/blogdofarnesio.com.br\/?author=3"}]}},"_links":{"self":[{"href":"https:\/\/blogdofarnesio.com.br\/index.php?rest_route=\/wp\/v2\/posts\/84017","targetHints":{"allow":["GET"]}}],"collection":[{"href":"https:\/\/blogdofarnesio.com.br\/index.php?rest_route=\/wp\/v2\/posts"}],"about":[{"href":"https:\/\/blogdofarnesio.com.br\/index.php?rest_route=\/wp\/v2\/types\/post"}],"author":[{"embeddable":true,"href":"https:\/\/blogdofarnesio.com.br\/index.php?rest_route=\/wp\/v2\/users\/3"}],"replies":[{"embeddable":true,"href":"https:\/\/blogdofarnesio.com.br\/index.php?rest_route=%2Fwp%2Fv2%2Fcomments&post=84017"}],"version-history":[{"count":0,"href":"https:\/\/blogdofarnesio.com.br\/index.php?rest_route=\/wp\/v2\/posts\/84017\/revisions"}],"wp:attachment":[{"href":"https:\/\/blogdofarnesio.com.br\/index.php?rest_route=%2Fwp%2Fv2%2Fmedia&parent=84017"}],"wp:term":[{"taxonomy":"category","embeddable":true,"href":"https:\/\/blogdofarnesio.com.br\/index.php?rest_route=%2Fwp%2Fv2%2Fcategories&post=84017"},{"taxonomy":"post_tag","embeddable":true,"href":"https:\/\/blogdofarnesio.com.br\/index.php?rest_route=%2Fwp%2Fv2%2Ftags&post=84017"}],"curies":[{"name":"wp","href":"https:\/\/api.w.org\/{rel}","templated":true}]}}