{"id":83903,"date":"2014-05-15T17:04:15","date_gmt":"2014-05-15T20:04:15","guid":{"rendered":"http:\/\/www.quersaberpolitica.com.br\/?p=83903"},"modified":"2014-05-15T14:47:49","modified_gmt":"2014-05-15T17:47:49","slug":"direto-de-curaca-114","status":"publish","type":"post","link":"https:\/\/blogdofarnesio.com.br\/?p=83903","title":{"rendered":"DIRETO DE CURA\u00c7\u00c1"},"content":{"rendered":"<p style=\"text-align: center\"><strong>SUSPENSE NOS MEIOS POL\u00cdTICOS DA CIDADE<\/strong><\/p>\n<div style=\"text-align: justify\">\n<figure id=\"attachment_20966\" aria-describedby=\"caption-attachment-20966\" style=\"width: 400px\" class=\"wp-caption aligncenter\"><a href=\"http:\/\/www.quersaberpolitica.com.br\/2016\/wp-content\/uploads\/2012\/12\/blogsp.cura\u00e7adiploma\u00e7\u00e3o.jpg\"><img loading=\"lazy\" decoding=\"async\" class=\"size-full wp-image-20966\" alt=\"Prefeito Carlinho Brand\u00e3o e o o vice Rog\u00e9rio Bahia\" src=\"http:\/\/www.quersaberpolitica.com.br\/2016\/wp-content\/uploads\/2012\/12\/blogsp.cura\u00e7adiploma\u00e7\u00e3o.jpg\" width=\"400\" height=\"300\" srcset=\"https:\/\/blogdofarnesio.com.br\/wp-content\/uploads\/2012\/12\/blogsp.cura\u00e7adiploma\u00e7\u00e3o.jpg 400w, https:\/\/blogdofarnesio.com.br\/wp-content\/uploads\/2012\/12\/blogsp.cura\u00e7adiploma\u00e7\u00e3o-300x225.jpg 300w\" sizes=\"auto, (max-width: 400px) 100vw, 400px\" \/><\/a><figcaption id=\"caption-attachment-20966\" class=\"wp-caption-text\">Prefeito Carlinho Brand\u00e3o e o o vice Rog\u00e9rio Bahia<\/figcaption><\/figure>\n<p><b>Em Cura\u00e7\u00e1 tanto a situa\u00e7\u00e3o como a oposi\u00e7\u00e3o v\u00e3o ficar sem sono at\u00e9 o dia 22 deste m\u00eas, olhando na p\u00e1gina do TRE-BA pude observar que, o processo eleitoral do prefeito Carlos Brand\u00e3o RE<\/b>\u00a0<b>n\u00ba 1-23.2013.6.05.0085 inclu\u00eddo na Pauta de Julgamento n\u00ba 37\/2014 . Julgamento em 22\/05\/2014.<\/b><\/div>\n<div style=\"text-align: justify\"><b>Enviado para COAJUC. Conclusos ao(\u00e0) Juiz(a) Relator(a) , com pauta para o dia 22.05.14, com in\u00edcio \u00e0s 9h30.<\/b><\/div>\n<div style=\"text-align: justify\"><b>Com certeza tanto a oposi\u00e7\u00e3o quanto \u00e0 situa\u00e7\u00e3o j\u00e1 est\u00e3o com seus fogos comprados, com uma \u00fanica miss\u00e3o, clarear o c\u00e9u de Cura\u00e7\u00e1 sobre as luzes dos roj\u00f5es, nessa hora t\u00e3o fria e aflita, ambas as partes lembram-se de fazer suas ora\u00e7\u00f5es e se apegam com DEUS, vamos ver e aguardar a decis\u00e3o dos ju\u00edzes do TRE-BA e qual ser\u00e1 o grupo pol\u00edtico que soltar\u00e3o seus fogos, ser\u00e1 a situa\u00e7\u00e3o ou a oposi\u00e7\u00e3o?<!--more--><\/b><\/div>\n<div style=\"text-align: justify\"><b>Se realmente o julgamento vier, desejo paz e respeito ao grupo vitorioso, e que aceitem o resultado da justi\u00e7a em harmonia, \u00e0 coisa t\u00e1 preta! E a\u00ed Jos\u00e9 para onde?<\/b><\/div>\n<div style=\"text-align: justify\"><\/div>\n<div style=\"text-align: justify\"><strong>Robson Rey<\/strong><\/div>\n","protected":false},"excerpt":{"rendered":"<p>SUSPENSE NOS MEIOS POL\u00cdTICOS DA CIDADE Em Cura\u00e7\u00e1 tanto a situa\u00e7\u00e3o como a oposi\u00e7\u00e3o v\u00e3o ficar sem sono at\u00e9 o dia 22 deste m\u00eas, olhando na p\u00e1gina do TRE-BA pude observar que, o processo eleitoral do prefeito Carlos Brand\u00e3o RE\u00a0n\u00ba 1-23.2013.6.05.0085 inclu\u00eddo na Pauta de Julgamento n\u00ba 37\/2014 . Julgamento em 22\/05\/2014. Enviado para COAJUC. Conclusos ao(\u00e0) Juiz(a) Relator(a) , com pauta para o dia 22.05.14, com in\u00edcio \u00e0s 9h30. Com certeza tanto a oposi\u00e7\u00e3o quanto \u00e0 situa\u00e7\u00e3o j\u00e1 est\u00e3o com seus fogos comprados, com uma \u00fanica miss\u00e3o, clarear o c\u00e9u de Cura\u00e7\u00e1 sobre as luzes dos roj\u00f5es, nessa hora t\u00e3o fria e aflita, ambas as partes lembram-se de fazer suas ora\u00e7\u00f5es e se apegam com DEUS, vamos ver e&hellip; <\/p>\n","protected":false},"author":3,"featured_media":0,"comment_status":"open","ping_status":"open","sticky":false,"template":"","format":"standard","meta":{"_acf_changed":false,"footnotes":""},"categories":[27],"tags":[],"class_list":["post-83903","post","type-post","status-publish","format-standard","hentry","category-cidades"],"acf":[],"yoast_head":"<!-- This site is optimized with the Yoast SEO plugin v27.4 - https:\/\/yoast.com\/product\/yoast-seo-wordpress\/ -->\n<title>DIRETO DE CURA\u00c7\u00c1 - Blog do Farn\u00e9sio<\/title>\n<meta name=\"robots\" content=\"index, follow, max-snippet:-1, max-image-preview:large, max-video-preview:-1\" \/>\n<link rel=\"canonical\" href=\"https:\/\/blogdofarnesio.com.br\/?p=83903\" \/>\n<meta property=\"og:locale\" content=\"pt_BR\" \/>\n<meta property=\"og:type\" content=\"article\" \/>\n<meta property=\"og:title\" content=\"DIRETO DE CURA\u00c7\u00c1 - Blog do Farn\u00e9sio\" \/>\n<meta property=\"og:description\" content=\"SUSPENSE NOS MEIOS POL\u00cdTICOS DA CIDADE Em Cura\u00e7\u00e1 tanto a situa\u00e7\u00e3o como a oposi\u00e7\u00e3o v\u00e3o ficar sem sono at\u00e9 o dia 22 deste m\u00eas, olhando na p\u00e1gina do TRE-BA pude observar que, o processo eleitoral do prefeito Carlos Brand\u00e3o RE\u00a0n\u00ba 1-23.2013.6.05.0085 inclu\u00eddo na Pauta de Julgamento n\u00ba 37\/2014 . Julgamento em 22\/05\/2014. Enviado para COAJUC. Conclusos ao(\u00e0) Juiz(a) Relator(a) , com pauta para o dia 22.05.14, com in\u00edcio \u00e0s 9h30. Com certeza tanto a oposi\u00e7\u00e3o quanto \u00e0 situa\u00e7\u00e3o j\u00e1 est\u00e3o com seus fogos comprados, com uma \u00fanica miss\u00e3o, clarear o c\u00e9u de Cura\u00e7\u00e1 sobre as luzes dos roj\u00f5es, nessa hora t\u00e3o fria e aflita, ambas as partes lembram-se de fazer suas ora\u00e7\u00f5es e se apegam com DEUS, vamos ver e&hellip;\" \/>\n<meta property=\"og:url\" content=\"https:\/\/blogdofarnesio.com.br\/?p=83903\" \/>\n<meta property=\"og:site_name\" content=\"Blog do Farn\u00e9sio\" \/>\n<meta property=\"article:publisher\" content=\"https:\/\/www.facebook.com\/BlogQuerSaberPolitica\/\" \/>\n<meta property=\"article:published_time\" content=\"2014-05-15T20:04:15+00:00\" \/>\n<meta name=\"author\" content=\"teste\" \/>\n<meta name=\"twitter:card\" content=\"summary_large_image\" \/>\n<meta name=\"twitter:label1\" content=\"Escrito por\" \/>\n\t<meta name=\"twitter:data1\" content=\"teste\" \/>\n\t<meta name=\"twitter:label2\" content=\"Est. tempo de leitura\" \/>\n\t<meta name=\"twitter:data2\" content=\"1 minuto\" \/>\n<script type=\"application\/ld+json\" class=\"yoast-schema-graph\">{\"@context\":\"https:\\\/\\\/schema.org\",\"@graph\":[{\"@type\":\"Article\",\"@id\":\"https:\\\/\\\/blogdofarnesio.com.br\\\/?p=83903#article\",\"isPartOf\":{\"@id\":\"https:\\\/\\\/blogdofarnesio.com.br\\\/?p=83903\"},\"author\":{\"name\":\"teste\",\"@id\":\"https:\\\/\\\/blogdofarnesio.com.br\\\/#\\\/schema\\\/person\\\/dd1bf5eba40b687199ba45ca6b97dff9\"},\"headline\":\"DIRETO DE CURA\u00c7\u00c1\",\"datePublished\":\"2014-05-15T20:04:15+00:00\",\"mainEntityOfPage\":{\"@id\":\"https:\\\/\\\/blogdofarnesio.com.br\\\/?p=83903\"},\"wordCount\":215,\"commentCount\":1,\"publisher\":{\"@id\":\"https:\\\/\\\/blogdofarnesio.com.br\\\/#organization\"},\"articleSection\":[\"Cidades\"],\"inLanguage\":\"pt-BR\",\"potentialAction\":[{\"@type\":\"CommentAction\",\"name\":\"Comment\",\"target\":[\"https:\\\/\\\/blogdofarnesio.com.br\\\/?p=83903#respond\"]}]},{\"@type\":\"WebPage\",\"@id\":\"https:\\\/\\\/blogdofarnesio.com.br\\\/?p=83903\",\"url\":\"https:\\\/\\\/blogdofarnesio.com.br\\\/?p=83903\",\"name\":\"DIRETO DE CURA\u00c7\u00c1 - Blog do Farn\u00e9sio\",\"isPartOf\":{\"@id\":\"https:\\\/\\\/blogdofarnesio.com.br\\\/#website\"},\"datePublished\":\"2014-05-15T20:04:15+00:00\",\"breadcrumb\":{\"@id\":\"https:\\\/\\\/blogdofarnesio.com.br\\\/?p=83903#breadcrumb\"},\"inLanguage\":\"pt-BR\",\"potentialAction\":[{\"@type\":\"ReadAction\",\"target\":[\"https:\\\/\\\/blogdofarnesio.com.br\\\/?p=83903\"]}]},{\"@type\":\"BreadcrumbList\",\"@id\":\"https:\\\/\\\/blogdofarnesio.com.br\\\/?p=83903#breadcrumb\",\"itemListElement\":[{\"@type\":\"ListItem\",\"position\":1,\"name\":\"In\u00edcio\",\"item\":\"https:\\\/\\\/blogdofarnesio.com.br\\\/\"},{\"@type\":\"ListItem\",\"position\":2,\"name\":\"DIRETO DE CURA\u00c7\u00c1\"}]},{\"@type\":\"WebSite\",\"@id\":\"https:\\\/\\\/blogdofarnesio.com.br\\\/#website\",\"url\":\"https:\\\/\\\/blogdofarnesio.com.br\\\/\",\"name\":\"Blog do Farn\u00e9sio\",\"description\":\"Quer Saber Pol\u00edtica?\",\"publisher\":{\"@id\":\"https:\\\/\\\/blogdofarnesio.com.br\\\/#organization\"},\"potentialAction\":[{\"@type\":\"SearchAction\",\"target\":{\"@type\":\"EntryPoint\",\"urlTemplate\":\"https:\\\/\\\/blogdofarnesio.com.br\\\/?s={search_term_string}\"},\"query-input\":{\"@type\":\"PropertyValueSpecification\",\"valueRequired\":true,\"valueName\":\"search_term_string\"}}],\"inLanguage\":\"pt-BR\"},{\"@type\":\"Organization\",\"@id\":\"https:\\\/\\\/blogdofarnesio.com.br\\\/#organization\",\"name\":\"Blog do Farn\u00e9sio\",\"url\":\"https:\\\/\\\/blogdofarnesio.com.br\\\/\",\"logo\":{\"@type\":\"ImageObject\",\"inLanguage\":\"pt-BR\",\"@id\":\"https:\\\/\\\/blogdofarnesio.com.br\\\/#\\\/schema\\\/logo\\\/image\\\/\",\"url\":\"https:\\\/\\\/blogdofarnesio.com.br\\\/wp-content\\\/uploads\\\/2026\\\/03\\\/cropped-logo_new-1.png\",\"contentUrl\":\"https:\\\/\\\/blogdofarnesio.com.br\\\/wp-content\\\/uploads\\\/2026\\\/03\\\/cropped-logo_new-1.png\",\"width\":881,\"height\":685,\"caption\":\"Blog do Farn\u00e9sio\"},\"image\":{\"@id\":\"https:\\\/\\\/blogdofarnesio.com.br\\\/#\\\/schema\\\/logo\\\/image\\\/\"},\"sameAs\":[\"https:\\\/\\\/www.facebook.com\\\/BlogQuerSaberPolitica\\\/\"]},{\"@type\":\"Person\",\"@id\":\"https:\\\/\\\/blogdofarnesio.com.br\\\/#\\\/schema\\\/person\\\/dd1bf5eba40b687199ba45ca6b97dff9\",\"name\":\"teste\",\"image\":{\"@type\":\"ImageObject\",\"inLanguage\":\"pt-BR\",\"@id\":\"https:\\\/\\\/secure.gravatar.com\\\/avatar\\\/2172498d4914b51e1d89a0f97957b035ac4938723a5cac208135d389b6972a6d?s=96&d=mm&r=g\",\"url\":\"https:\\\/\\\/secure.gravatar.com\\\/avatar\\\/2172498d4914b51e1d89a0f97957b035ac4938723a5cac208135d389b6972a6d?s=96&d=mm&r=g\",\"contentUrl\":\"https:\\\/\\\/secure.gravatar.com\\\/avatar\\\/2172498d4914b51e1d89a0f97957b035ac4938723a5cac208135d389b6972a6d?s=96&d=mm&r=g\",\"caption\":\"teste\"},\"url\":\"https:\\\/\\\/blogdofarnesio.com.br\\\/?author=3\"}]}<\/script>\n<!-- \/ Yoast SEO plugin. -->","yoast_head_json":{"title":"DIRETO DE CURA\u00c7\u00c1 - Blog do Farn\u00e9sio","robots":{"index":"index","follow":"follow","max-snippet":"max-snippet:-1","max-image-preview":"max-image-preview:large","max-video-preview":"max-video-preview:-1"},"canonical":"https:\/\/blogdofarnesio.com.br\/?p=83903","og_locale":"pt_BR","og_type":"article","og_title":"DIRETO DE CURA\u00c7\u00c1 - Blog do Farn\u00e9sio","og_description":"SUSPENSE NOS MEIOS POL\u00cdTICOS DA CIDADE Em Cura\u00e7\u00e1 tanto a situa\u00e7\u00e3o como a oposi\u00e7\u00e3o v\u00e3o ficar sem sono at\u00e9 o dia 22 deste m\u00eas, olhando na p\u00e1gina do TRE-BA pude observar que, o processo eleitoral do prefeito Carlos Brand\u00e3o RE\u00a0n\u00ba 1-23.2013.6.05.0085 inclu\u00eddo na Pauta de Julgamento n\u00ba 37\/2014 . Julgamento em 22\/05\/2014. Enviado para COAJUC. Conclusos ao(\u00e0) Juiz(a) Relator(a) , com pauta para o dia 22.05.14, com in\u00edcio \u00e0s 9h30. Com certeza tanto a oposi\u00e7\u00e3o quanto \u00e0 situa\u00e7\u00e3o j\u00e1 est\u00e3o com seus fogos comprados, com uma \u00fanica miss\u00e3o, clarear o c\u00e9u de Cura\u00e7\u00e1 sobre as luzes dos roj\u00f5es, nessa hora t\u00e3o fria e aflita, ambas as partes lembram-se de fazer suas ora\u00e7\u00f5es e se apegam com DEUS, vamos ver e&hellip;","og_url":"https:\/\/blogdofarnesio.com.br\/?p=83903","og_site_name":"Blog do Farn\u00e9sio","article_publisher":"https:\/\/www.facebook.com\/BlogQuerSaberPolitica\/","article_published_time":"2014-05-15T20:04:15+00:00","author":"teste","twitter_card":"summary_large_image","twitter_misc":{"Escrito por":"teste","Est. tempo de leitura":"1 minuto"},"schema":{"@context":"https:\/\/schema.org","@graph":[{"@type":"Article","@id":"https:\/\/blogdofarnesio.com.br\/?p=83903#article","isPartOf":{"@id":"https:\/\/blogdofarnesio.com.br\/?p=83903"},"author":{"name":"teste","@id":"https:\/\/blogdofarnesio.com.br\/#\/schema\/person\/dd1bf5eba40b687199ba45ca6b97dff9"},"headline":"DIRETO DE CURA\u00c7\u00c1","datePublished":"2014-05-15T20:04:15+00:00","mainEntityOfPage":{"@id":"https:\/\/blogdofarnesio.com.br\/?p=83903"},"wordCount":215,"commentCount":1,"publisher":{"@id":"https:\/\/blogdofarnesio.com.br\/#organization"},"articleSection":["Cidades"],"inLanguage":"pt-BR","potentialAction":[{"@type":"CommentAction","name":"Comment","target":["https:\/\/blogdofarnesio.com.br\/?p=83903#respond"]}]},{"@type":"WebPage","@id":"https:\/\/blogdofarnesio.com.br\/?p=83903","url":"https:\/\/blogdofarnesio.com.br\/?p=83903","name":"DIRETO DE CURA\u00c7\u00c1 - Blog do Farn\u00e9sio","isPartOf":{"@id":"https:\/\/blogdofarnesio.com.br\/#website"},"datePublished":"2014-05-15T20:04:15+00:00","breadcrumb":{"@id":"https:\/\/blogdofarnesio.com.br\/?p=83903#breadcrumb"},"inLanguage":"pt-BR","potentialAction":[{"@type":"ReadAction","target":["https:\/\/blogdofarnesio.com.br\/?p=83903"]}]},{"@type":"BreadcrumbList","@id":"https:\/\/blogdofarnesio.com.br\/?p=83903#breadcrumb","itemListElement":[{"@type":"ListItem","position":1,"name":"In\u00edcio","item":"https:\/\/blogdofarnesio.com.br\/"},{"@type":"ListItem","position":2,"name":"DIRETO DE CURA\u00c7\u00c1"}]},{"@type":"WebSite","@id":"https:\/\/blogdofarnesio.com.br\/#website","url":"https:\/\/blogdofarnesio.com.br\/","name":"Blog do Farn\u00e9sio","description":"Quer Saber Pol\u00edtica?","publisher":{"@id":"https:\/\/blogdofarnesio.com.br\/#organization"},"potentialAction":[{"@type":"SearchAction","target":{"@type":"EntryPoint","urlTemplate":"https:\/\/blogdofarnesio.com.br\/?s={search_term_string}"},"query-input":{"@type":"PropertyValueSpecification","valueRequired":true,"valueName":"search_term_string"}}],"inLanguage":"pt-BR"},{"@type":"Organization","@id":"https:\/\/blogdofarnesio.com.br\/#organization","name":"Blog do Farn\u00e9sio","url":"https:\/\/blogdofarnesio.com.br\/","logo":{"@type":"ImageObject","inLanguage":"pt-BR","@id":"https:\/\/blogdofarnesio.com.br\/#\/schema\/logo\/image\/","url":"https:\/\/blogdofarnesio.com.br\/wp-content\/uploads\/2026\/03\/cropped-logo_new-1.png","contentUrl":"https:\/\/blogdofarnesio.com.br\/wp-content\/uploads\/2026\/03\/cropped-logo_new-1.png","width":881,"height":685,"caption":"Blog do Farn\u00e9sio"},"image":{"@id":"https:\/\/blogdofarnesio.com.br\/#\/schema\/logo\/image\/"},"sameAs":["https:\/\/www.facebook.com\/BlogQuerSaberPolitica\/"]},{"@type":"Person","@id":"https:\/\/blogdofarnesio.com.br\/#\/schema\/person\/dd1bf5eba40b687199ba45ca6b97dff9","name":"teste","image":{"@type":"ImageObject","inLanguage":"pt-BR","@id":"https:\/\/secure.gravatar.com\/avatar\/2172498d4914b51e1d89a0f97957b035ac4938723a5cac208135d389b6972a6d?s=96&d=mm&r=g","url":"https:\/\/secure.gravatar.com\/avatar\/2172498d4914b51e1d89a0f97957b035ac4938723a5cac208135d389b6972a6d?s=96&d=mm&r=g","contentUrl":"https:\/\/secure.gravatar.com\/avatar\/2172498d4914b51e1d89a0f97957b035ac4938723a5cac208135d389b6972a6d?s=96&d=mm&r=g","caption":"teste"},"url":"https:\/\/blogdofarnesio.com.br\/?author=3"}]}},"_links":{"self":[{"href":"https:\/\/blogdofarnesio.com.br\/index.php?rest_route=\/wp\/v2\/posts\/83903","targetHints":{"allow":["GET"]}}],"collection":[{"href":"https:\/\/blogdofarnesio.com.br\/index.php?rest_route=\/wp\/v2\/posts"}],"about":[{"href":"https:\/\/blogdofarnesio.com.br\/index.php?rest_route=\/wp\/v2\/types\/post"}],"author":[{"embeddable":true,"href":"https:\/\/blogdofarnesio.com.br\/index.php?rest_route=\/wp\/v2\/users\/3"}],"replies":[{"embeddable":true,"href":"https:\/\/blogdofarnesio.com.br\/index.php?rest_route=%2Fwp%2Fv2%2Fcomments&post=83903"}],"version-history":[{"count":0,"href":"https:\/\/blogdofarnesio.com.br\/index.php?rest_route=\/wp\/v2\/posts\/83903\/revisions"}],"wp:attachment":[{"href":"https:\/\/blogdofarnesio.com.br\/index.php?rest_route=%2Fwp%2Fv2%2Fmedia&parent=83903"}],"wp:term":[{"taxonomy":"category","embeddable":true,"href":"https:\/\/blogdofarnesio.com.br\/index.php?rest_route=%2Fwp%2Fv2%2Fcategories&post=83903"},{"taxonomy":"post_tag","embeddable":true,"href":"https:\/\/blogdofarnesio.com.br\/index.php?rest_route=%2Fwp%2Fv2%2Ftags&post=83903"}],"curies":[{"name":"wp","href":"https:\/\/api.w.org\/{rel}","templated":true}]}}