{"id":8354,"date":"2011-11-14T15:23:09","date_gmt":"2011-11-14T15:23:09","guid":{"rendered":"http:\/\/www.quersaberpolitica.com.br?p=8354"},"modified":"2011-11-14T13:28:49","modified_gmt":"2011-11-14T13:28:49","slug":"nono-novembro-negro-do-sertao-do-sao-francisco-tecendo-redes-da-resistencia","status":"publish","type":"post","link":"https:\/\/blogdofarnesio.com.br\/?p=8354","title":{"rendered":"Nono Novembro Negro do Sert\u00e3o do S\u00e3o Francisco, tecendo redes da resist\u00eancia"},"content":{"rendered":"<p style=\"text-align: justify;\"><a rel=\"lightbox\" href=\"http:\/\/www.quersaberpolitica.com.br\/2016\/wp-content\/uploads\/2012\/12\/marcanovemnegro.jpg\"><img loading=\"lazy\" decoding=\"async\" style=\"float: left; margin: 5px 10px;\" src=\"http:\/\/www.quersaberpolitica.com.br\/2016\/wp-content\/uploads\/2012\/12\/marcanovemnegro.jpg\" alt=\"\" width=\"200\" height=\"198\" \/><\/a><span style=\"font-size: small;\"><span style=\"font-family: arial,helvetica,sans-serif;\">Arte-educa&ccedil;&atilde;o como instrumento de resist&ecirc;ncia e organiza&ccedil;&atilde;o do povo  negro, esse &eacute; o lema do N&uacute;cleo de Arte e Educa&ccedil;&atilde;o Nego D&Aacute;gua (NAENDA).  Localizada no bairro Quid&eacute;, periferia da cidade de Juazeiro, a ONG tem  atuado, h&aacute; nove anos, na mobiliza&ccedil;&atilde;o e articula&ccedil;&atilde;o continuas de crian&ccedil;as  e adolescentes em torno de grupos e atividades art&iacute;sticas, pol&iacute;ticas e  culturais.<br \/>A luta &eacute; cotidiana, mas, para o m&ecirc;s da consci&ecirc;ncia negra, o  NAENDA tem reservado programa&ccedil;&atilde;o especial. Financiado pela Secretaria  de Promo&ccedil;&atilde;o da Igualdade Racial (SEPROMI), o Nono Novembro Negro do  Sert&atilde;o do S&atilde;o Francisco acontecer&aacute; nos dias 18 e 19 deste m&ecirc;s e trar&aacute; as  pol&iacute;ticas p&uacute;blicas de repara&ccedil;&atilde;o e afirma&ccedil;&atilde;o do povo negro como tem&aacute;tica  central.<br \/>N&atilde;o s&oacute; pol&iacute;ticas p&uacute;blicas culturais, pois, como nos alerta  M&aacute;rcio &Acirc;ngelo, membro do NAENDA, &#8220;&eacute; preciso que nos atentemos e nos  apropriemos das pol&iacute;ticas p&uacute;blicas na educa&ccedil;&atilde;o, sa&uacute;de, seguran&ccedil;a p&uacute;blica  e demais &aacute;reas&#8221;. Com esta postura, o N&uacute;cleo prop&otilde;e novas perspectivas  para o movimento, evidenciando o ser negro em dimens&otilde;es sociais que  ultrapassem os &acirc;mbitos culturais e art&iacute;sticos&#8230;<br \/>Superando outro  limite, o geogr&aacute;fico, o evento se expande e contar&aacute; este ano com  participantes das cidades de Casa Nova, Sento S&eacute; e Remanso. A amplia&ccedil;&atilde;o  do debate &eacute; estrat&eacute;gica, e a organiza&ccedil;&atilde;o vislumbra a forma&ccedil;&atilde;o de uma  rede negra no territ&oacute;rio do Sert&atilde;o do S&atilde;o Francisco. &#8220;Fomentando a  organiza&ccedil;&atilde;o coletiva do territ&oacute;rio, podemos fortalecer o debate  referente &agrave; quest&atilde;o racial e viabilizar meios de supera&ccedil;&atilde;o de todas as  opress&otilde;es sofridas pelo povo negro&#8221;, explica Antonio Carvalho,  coordenador do projeto. <br \/>Para essa sensibiliza&ccedil;&atilde;o, a programa&ccedil;&atilde;o do  Nono Novembro Negro do Sert&atilde;o do S&atilde;o Francisco contar&aacute; com o Semin&aacute;rio  &#8220;Pol&iacute;ticas Publicas e Equidade Social: Formando redes negras no  Territ&oacute;rio Sert&atilde;o do S&atilde;o Francisco&#8221;; exibi&ccedil;&atilde;o do filme &#8220;O Jardim das  Folhas Sagradas&#8221;, seguido de debate; oficinas de teatro de rua, dan&ccedil;a  afro, capoeira, percuss&atilde;o, hip-hop e reggae; e show com a banda Tio Z&eacute;  B&aacute; e Apocalypse Reggae. <br \/>As inscri&ccedil;&otilde;es para as oficinas s&atilde;o gratuitas e podem ser feitas na sede do NAENDA. Venham tecer a resist&ecirc;ncia conosco.<\/span><\/span><\/p>\n<p style=\"text-align: justify;\"><span style=\"font-size: small;\"><span style=\"font-family: arial,helvetica,sans-serif;\"><strong>Programa&ccedil;&atilde;o Completa<\/strong><br \/>18\/11 (sexta-feira)<br \/>18 h &#8211; Mesa de abertura com representantes de institui&ccedil;&otilde;es e movimentos sociais;<br \/>19 h &#8211; Exibi&ccedil;&atilde;o do filme &#8220;O Jardim das Folhas Sagradas&#8221; seguido de debate;<\/span><\/span><\/p>\n<p style=\"text-align: justify;\"><span style=\"font-size: small;\"><span style=\"font-family: arial,helvetica,sans-serif;\">19\/11 (s&aacute;bado)<br \/>8 h &#8211; Realiza&ccedil;&atilde;o das oficinas art&iacute;sticas transversalizadas por debates sobre quest&otilde;es especificas do povo negro<br \/>14 h &#8211; Semin&aacute;rio: &#8220;Pol&iacute;ticas Publicas e Equidade Social: Formando redes negras no Territ&oacute;rio Sert&atilde;o do S&atilde;o Francisco&#8221;<br \/>19 h -Show Musical com a banda &#8220;Tio Z&eacute; B&aacute; e Apocalipse Reggae&#8221;<\/span><\/span><\/p>\n<p style=\"text-align: justify;\"><span style=\"font-size: small;\"><span style=\"font-family: arial,helvetica,sans-serif;\"><br \/><strong>Quercia Oliveira Ascom Naenda<\/strong><\/span><\/span><\/p>\n<p style=\"text-align: justify;\"><span style=\"font-size: small;\"><span style=\"font-family: arial,helvetica,sans-serif;\"><br \/><\/span><\/span><\/p>\n<p style=\"text-align: justify;\"><span style=\"font-size: small;\"><span style=\"font-family: arial,helvetica,sans-serif;\"><br \/><\/span><\/span><\/p>\n","protected":false},"excerpt":{"rendered":"<p>Arte-educa&ccedil;&atilde;o como instrumento de resist&ecirc;ncia e organiza&ccedil;&atilde;o do povo negro, esse &eacute; o lema do N&uacute;cleo de Arte e Educa&ccedil;&atilde;o Nego D&Aacute;gua (NAENDA). Localizada no bairro Quid&eacute;, periferia da cidade de Juazeiro, a ONG tem atuado, h&aacute; nove anos, na mobiliza&ccedil;&atilde;o e articula&ccedil;&atilde;o continuas de crian&ccedil;as e adolescentes em torno de grupos e atividades art&iacute;sticas, pol&iacute;ticas e culturais.A luta &eacute; cotidiana, mas, para o m&ecirc;s da consci&ecirc;ncia negra, o NAENDA tem reservado programa&ccedil;&atilde;o especial. Financiado pela Secretaria de Promo&ccedil;&atilde;o da Igualdade Racial (SEPROMI), o Nono Novembro Negro do Sert&atilde;o do S&atilde;o Francisco acontecer&aacute; nos dias 18 e 19 deste m&ecirc;s e trar&aacute; as pol&iacute;ticas p&uacute;blicas de repara&ccedil;&atilde;o e afirma&ccedil;&atilde;o do povo negro como tem&aacute;tica central.N&atilde;o s&oacute; pol&iacute;ticas p&uacute;blicas culturais, pois,&hellip; <\/p>\n","protected":false},"author":0,"featured_media":0,"comment_status":"open","ping_status":"open","sticky":false,"template":"","format":"standard","meta":{"_acf_changed":false,"footnotes":""},"categories":[9],"tags":[],"class_list":["post-8354","post","type-post","status-publish","format-standard","hentry","category-policia"],"acf":[],"yoast_head":"<!-- This site is optimized with the Yoast SEO plugin v27.4 - https:\/\/yoast.com\/product\/yoast-seo-wordpress\/ -->\n<title>Nono Novembro Negro do Sert\u00e3o do S\u00e3o Francisco, tecendo redes da resist\u00eancia - Blog do Farn\u00e9sio<\/title>\n<meta name=\"robots\" content=\"index, follow, max-snippet:-1, max-image-preview:large, max-video-preview:-1\" \/>\n<link rel=\"canonical\" href=\"https:\/\/blogdofarnesio.com.br\/?p=8354\" \/>\n<meta property=\"og:locale\" content=\"pt_BR\" \/>\n<meta property=\"og:type\" content=\"article\" \/>\n<meta property=\"og:title\" content=\"Nono Novembro Negro do Sert\u00e3o do S\u00e3o Francisco, tecendo redes da resist\u00eancia - Blog do Farn\u00e9sio\" \/>\n<meta property=\"og:description\" content=\"Arte-educa&ccedil;&atilde;o como instrumento de resist&ecirc;ncia e organiza&ccedil;&atilde;o do povo negro, esse &eacute; o lema do N&uacute;cleo de Arte e Educa&ccedil;&atilde;o Nego D&Aacute;gua (NAENDA). Localizada no bairro Quid&eacute;, periferia da cidade de Juazeiro, a ONG tem atuado, h&aacute; nove anos, na mobiliza&ccedil;&atilde;o e articula&ccedil;&atilde;o continuas de crian&ccedil;as e adolescentes em torno de grupos e atividades art&iacute;sticas, pol&iacute;ticas e culturais.A luta &eacute; cotidiana, mas, para o m&ecirc;s da consci&ecirc;ncia negra, o NAENDA tem reservado programa&ccedil;&atilde;o especial. Financiado pela Secretaria de Promo&ccedil;&atilde;o da Igualdade Racial (SEPROMI), o Nono Novembro Negro do Sert&atilde;o do S&atilde;o Francisco acontecer&aacute; nos dias 18 e 19 deste m&ecirc;s e trar&aacute; as pol&iacute;ticas p&uacute;blicas de repara&ccedil;&atilde;o e afirma&ccedil;&atilde;o do povo negro como tem&aacute;tica central.N&atilde;o s&oacute; pol&iacute;ticas p&uacute;blicas culturais, pois,&hellip;\" \/>\n<meta property=\"og:url\" content=\"https:\/\/blogdofarnesio.com.br\/?p=8354\" \/>\n<meta property=\"og:site_name\" content=\"Blog do Farn\u00e9sio\" \/>\n<meta property=\"article:publisher\" content=\"https:\/\/www.facebook.com\/BlogQuerSaberPolitica\/\" \/>\n<meta property=\"article:published_time\" content=\"2011-11-14T15:23:09+00:00\" \/>\n<meta property=\"og:image\" content=\"http:\/\/www.quersaberpolitica.com.br\/2016\/wp-content\/uploads\/2012\/12\/marcanovemnegro.jpg\" \/>\n<meta name=\"twitter:card\" content=\"summary_large_image\" \/>\n<meta name=\"twitter:label1\" content=\"Est. tempo de leitura\" \/>\n\t<meta name=\"twitter:data1\" content=\"3 minutos\" \/>\n<script type=\"application\/ld+json\" class=\"yoast-schema-graph\">{\"@context\":\"https:\\\/\\\/schema.org\",\"@graph\":[{\"@type\":\"Article\",\"@id\":\"https:\\\/\\\/blogdofarnesio.com.br\\\/?p=8354#article\",\"isPartOf\":{\"@id\":\"https:\\\/\\\/blogdofarnesio.com.br\\\/?p=8354\"},\"author\":{\"name\":\"\",\"@id\":\"\"},\"headline\":\"Nono Novembro Negro do Sert\u00e3o do S\u00e3o Francisco, tecendo redes da resist\u00eancia\",\"datePublished\":\"2011-11-14T15:23:09+00:00\",\"mainEntityOfPage\":{\"@id\":\"https:\\\/\\\/blogdofarnesio.com.br\\\/?p=8354\"},\"wordCount\":622,\"commentCount\":0,\"publisher\":{\"@id\":\"https:\\\/\\\/blogdofarnesio.com.br\\\/#organization\"},\"image\":{\"@id\":\"https:\\\/\\\/blogdofarnesio.com.br\\\/?p=8354#primaryimage\"},\"thumbnailUrl\":\"http:\\\/\\\/www.quersaberpolitica.com.br\\\/2016\\\/wp-content\\\/uploads\\\/2012\\\/12\\\/marcanovemnegro.jpg\",\"articleSection\":[\"Pol\u00edcia\"],\"inLanguage\":\"pt-BR\",\"potentialAction\":[{\"@type\":\"CommentAction\",\"name\":\"Comment\",\"target\":[\"https:\\\/\\\/blogdofarnesio.com.br\\\/?p=8354#respond\"]}]},{\"@type\":\"WebPage\",\"@id\":\"https:\\\/\\\/blogdofarnesio.com.br\\\/?p=8354\",\"url\":\"https:\\\/\\\/blogdofarnesio.com.br\\\/?p=8354\",\"name\":\"Nono Novembro Negro do Sert\u00e3o do S\u00e3o Francisco, tecendo redes da resist\u00eancia - Blog do Farn\u00e9sio\",\"isPartOf\":{\"@id\":\"https:\\\/\\\/blogdofarnesio.com.br\\\/#website\"},\"primaryImageOfPage\":{\"@id\":\"https:\\\/\\\/blogdofarnesio.com.br\\\/?p=8354#primaryimage\"},\"image\":{\"@id\":\"https:\\\/\\\/blogdofarnesio.com.br\\\/?p=8354#primaryimage\"},\"thumbnailUrl\":\"http:\\\/\\\/www.quersaberpolitica.com.br\\\/2016\\\/wp-content\\\/uploads\\\/2012\\\/12\\\/marcanovemnegro.jpg\",\"datePublished\":\"2011-11-14T15:23:09+00:00\",\"breadcrumb\":{\"@id\":\"https:\\\/\\\/blogdofarnesio.com.br\\\/?p=8354#breadcrumb\"},\"inLanguage\":\"pt-BR\",\"potentialAction\":[{\"@type\":\"ReadAction\",\"target\":[\"https:\\\/\\\/blogdofarnesio.com.br\\\/?p=8354\"]}]},{\"@type\":\"ImageObject\",\"inLanguage\":\"pt-BR\",\"@id\":\"https:\\\/\\\/blogdofarnesio.com.br\\\/?p=8354#primaryimage\",\"url\":\"http:\\\/\\\/www.quersaberpolitica.com.br\\\/2016\\\/wp-content\\\/uploads\\\/2012\\\/12\\\/marcanovemnegro.jpg\",\"contentUrl\":\"http:\\\/\\\/www.quersaberpolitica.com.br\\\/2016\\\/wp-content\\\/uploads\\\/2012\\\/12\\\/marcanovemnegro.jpg\"},{\"@type\":\"BreadcrumbList\",\"@id\":\"https:\\\/\\\/blogdofarnesio.com.br\\\/?p=8354#breadcrumb\",\"itemListElement\":[{\"@type\":\"ListItem\",\"position\":1,\"name\":\"In\u00edcio\",\"item\":\"https:\\\/\\\/blogdofarnesio.com.br\\\/\"},{\"@type\":\"ListItem\",\"position\":2,\"name\":\"Nono Novembro Negro do Sert\u00e3o do S\u00e3o Francisco, tecendo redes da resist\u00eancia\"}]},{\"@type\":\"WebSite\",\"@id\":\"https:\\\/\\\/blogdofarnesio.com.br\\\/#website\",\"url\":\"https:\\\/\\\/blogdofarnesio.com.br\\\/\",\"name\":\"Blog do Farn\u00e9sio\",\"description\":\"Quer Saber Pol\u00edtica?\",\"publisher\":{\"@id\":\"https:\\\/\\\/blogdofarnesio.com.br\\\/#organization\"},\"potentialAction\":[{\"@type\":\"SearchAction\",\"target\":{\"@type\":\"EntryPoint\",\"urlTemplate\":\"https:\\\/\\\/blogdofarnesio.com.br\\\/?s={search_term_string}\"},\"query-input\":{\"@type\":\"PropertyValueSpecification\",\"valueRequired\":true,\"valueName\":\"search_term_string\"}}],\"inLanguage\":\"pt-BR\"},{\"@type\":\"Organization\",\"@id\":\"https:\\\/\\\/blogdofarnesio.com.br\\\/#organization\",\"name\":\"Blog do Farn\u00e9sio\",\"url\":\"https:\\\/\\\/blogdofarnesio.com.br\\\/\",\"logo\":{\"@type\":\"ImageObject\",\"inLanguage\":\"pt-BR\",\"@id\":\"https:\\\/\\\/blogdofarnesio.com.br\\\/#\\\/schema\\\/logo\\\/image\\\/\",\"url\":\"https:\\\/\\\/blogdofarnesio.com.br\\\/wp-content\\\/uploads\\\/2026\\\/03\\\/cropped-logo_new-1.png\",\"contentUrl\":\"https:\\\/\\\/blogdofarnesio.com.br\\\/wp-content\\\/uploads\\\/2026\\\/03\\\/cropped-logo_new-1.png\",\"width\":881,\"height\":685,\"caption\":\"Blog do Farn\u00e9sio\"},\"image\":{\"@id\":\"https:\\\/\\\/blogdofarnesio.com.br\\\/#\\\/schema\\\/logo\\\/image\\\/\"},\"sameAs\":[\"https:\\\/\\\/www.facebook.com\\\/BlogQuerSaberPolitica\\\/\"]}]}<\/script>\n<!-- \/ Yoast SEO plugin. -->","yoast_head_json":{"title":"Nono Novembro Negro do Sert\u00e3o do S\u00e3o Francisco, tecendo redes da resist\u00eancia - Blog do Farn\u00e9sio","robots":{"index":"index","follow":"follow","max-snippet":"max-snippet:-1","max-image-preview":"max-image-preview:large","max-video-preview":"max-video-preview:-1"},"canonical":"https:\/\/blogdofarnesio.com.br\/?p=8354","og_locale":"pt_BR","og_type":"article","og_title":"Nono Novembro Negro do Sert\u00e3o do S\u00e3o Francisco, tecendo redes da resist\u00eancia - Blog do Farn\u00e9sio","og_description":"Arte-educa&ccedil;&atilde;o como instrumento de resist&ecirc;ncia e organiza&ccedil;&atilde;o do povo negro, esse &eacute; o lema do N&uacute;cleo de Arte e Educa&ccedil;&atilde;o Nego D&Aacute;gua (NAENDA). Localizada no bairro Quid&eacute;, periferia da cidade de Juazeiro, a ONG tem atuado, h&aacute; nove anos, na mobiliza&ccedil;&atilde;o e articula&ccedil;&atilde;o continuas de crian&ccedil;as e adolescentes em torno de grupos e atividades art&iacute;sticas, pol&iacute;ticas e culturais.A luta &eacute; cotidiana, mas, para o m&ecirc;s da consci&ecirc;ncia negra, o NAENDA tem reservado programa&ccedil;&atilde;o especial. Financiado pela Secretaria de Promo&ccedil;&atilde;o da Igualdade Racial (SEPROMI), o Nono Novembro Negro do Sert&atilde;o do S&atilde;o Francisco acontecer&aacute; nos dias 18 e 19 deste m&ecirc;s e trar&aacute; as pol&iacute;ticas p&uacute;blicas de repara&ccedil;&atilde;o e afirma&ccedil;&atilde;o do povo negro como tem&aacute;tica central.N&atilde;o s&oacute; pol&iacute;ticas p&uacute;blicas culturais, pois,&hellip;","og_url":"https:\/\/blogdofarnesio.com.br\/?p=8354","og_site_name":"Blog do Farn\u00e9sio","article_publisher":"https:\/\/www.facebook.com\/BlogQuerSaberPolitica\/","article_published_time":"2011-11-14T15:23:09+00:00","og_image":[{"url":"http:\/\/www.quersaberpolitica.com.br\/2016\/wp-content\/uploads\/2012\/12\/marcanovemnegro.jpg","type":"","width":"","height":""}],"twitter_card":"summary_large_image","twitter_misc":{"Est. tempo de leitura":"3 minutos"},"schema":{"@context":"https:\/\/schema.org","@graph":[{"@type":"Article","@id":"https:\/\/blogdofarnesio.com.br\/?p=8354#article","isPartOf":{"@id":"https:\/\/blogdofarnesio.com.br\/?p=8354"},"author":{"name":"","@id":""},"headline":"Nono Novembro Negro do Sert\u00e3o do S\u00e3o Francisco, tecendo redes da resist\u00eancia","datePublished":"2011-11-14T15:23:09+00:00","mainEntityOfPage":{"@id":"https:\/\/blogdofarnesio.com.br\/?p=8354"},"wordCount":622,"commentCount":0,"publisher":{"@id":"https:\/\/blogdofarnesio.com.br\/#organization"},"image":{"@id":"https:\/\/blogdofarnesio.com.br\/?p=8354#primaryimage"},"thumbnailUrl":"http:\/\/www.quersaberpolitica.com.br\/2016\/wp-content\/uploads\/2012\/12\/marcanovemnegro.jpg","articleSection":["Pol\u00edcia"],"inLanguage":"pt-BR","potentialAction":[{"@type":"CommentAction","name":"Comment","target":["https:\/\/blogdofarnesio.com.br\/?p=8354#respond"]}]},{"@type":"WebPage","@id":"https:\/\/blogdofarnesio.com.br\/?p=8354","url":"https:\/\/blogdofarnesio.com.br\/?p=8354","name":"Nono Novembro Negro do Sert\u00e3o do S\u00e3o Francisco, tecendo redes da resist\u00eancia - Blog do Farn\u00e9sio","isPartOf":{"@id":"https:\/\/blogdofarnesio.com.br\/#website"},"primaryImageOfPage":{"@id":"https:\/\/blogdofarnesio.com.br\/?p=8354#primaryimage"},"image":{"@id":"https:\/\/blogdofarnesio.com.br\/?p=8354#primaryimage"},"thumbnailUrl":"http:\/\/www.quersaberpolitica.com.br\/2016\/wp-content\/uploads\/2012\/12\/marcanovemnegro.jpg","datePublished":"2011-11-14T15:23:09+00:00","breadcrumb":{"@id":"https:\/\/blogdofarnesio.com.br\/?p=8354#breadcrumb"},"inLanguage":"pt-BR","potentialAction":[{"@type":"ReadAction","target":["https:\/\/blogdofarnesio.com.br\/?p=8354"]}]},{"@type":"ImageObject","inLanguage":"pt-BR","@id":"https:\/\/blogdofarnesio.com.br\/?p=8354#primaryimage","url":"http:\/\/www.quersaberpolitica.com.br\/2016\/wp-content\/uploads\/2012\/12\/marcanovemnegro.jpg","contentUrl":"http:\/\/www.quersaberpolitica.com.br\/2016\/wp-content\/uploads\/2012\/12\/marcanovemnegro.jpg"},{"@type":"BreadcrumbList","@id":"https:\/\/blogdofarnesio.com.br\/?p=8354#breadcrumb","itemListElement":[{"@type":"ListItem","position":1,"name":"In\u00edcio","item":"https:\/\/blogdofarnesio.com.br\/"},{"@type":"ListItem","position":2,"name":"Nono Novembro Negro do Sert\u00e3o do S\u00e3o Francisco, tecendo redes da resist\u00eancia"}]},{"@type":"WebSite","@id":"https:\/\/blogdofarnesio.com.br\/#website","url":"https:\/\/blogdofarnesio.com.br\/","name":"Blog do Farn\u00e9sio","description":"Quer Saber Pol\u00edtica?","publisher":{"@id":"https:\/\/blogdofarnesio.com.br\/#organization"},"potentialAction":[{"@type":"SearchAction","target":{"@type":"EntryPoint","urlTemplate":"https:\/\/blogdofarnesio.com.br\/?s={search_term_string}"},"query-input":{"@type":"PropertyValueSpecification","valueRequired":true,"valueName":"search_term_string"}}],"inLanguage":"pt-BR"},{"@type":"Organization","@id":"https:\/\/blogdofarnesio.com.br\/#organization","name":"Blog do Farn\u00e9sio","url":"https:\/\/blogdofarnesio.com.br\/","logo":{"@type":"ImageObject","inLanguage":"pt-BR","@id":"https:\/\/blogdofarnesio.com.br\/#\/schema\/logo\/image\/","url":"https:\/\/blogdofarnesio.com.br\/wp-content\/uploads\/2026\/03\/cropped-logo_new-1.png","contentUrl":"https:\/\/blogdofarnesio.com.br\/wp-content\/uploads\/2026\/03\/cropped-logo_new-1.png","width":881,"height":685,"caption":"Blog do Farn\u00e9sio"},"image":{"@id":"https:\/\/blogdofarnesio.com.br\/#\/schema\/logo\/image\/"},"sameAs":["https:\/\/www.facebook.com\/BlogQuerSaberPolitica\/"]}]}},"_links":{"self":[{"href":"https:\/\/blogdofarnesio.com.br\/index.php?rest_route=\/wp\/v2\/posts\/8354","targetHints":{"allow":["GET"]}}],"collection":[{"href":"https:\/\/blogdofarnesio.com.br\/index.php?rest_route=\/wp\/v2\/posts"}],"about":[{"href":"https:\/\/blogdofarnesio.com.br\/index.php?rest_route=\/wp\/v2\/types\/post"}],"replies":[{"embeddable":true,"href":"https:\/\/blogdofarnesio.com.br\/index.php?rest_route=%2Fwp%2Fv2%2Fcomments&post=8354"}],"version-history":[{"count":0,"href":"https:\/\/blogdofarnesio.com.br\/index.php?rest_route=\/wp\/v2\/posts\/8354\/revisions"}],"wp:attachment":[{"href":"https:\/\/blogdofarnesio.com.br\/index.php?rest_route=%2Fwp%2Fv2%2Fmedia&parent=8354"}],"wp:term":[{"taxonomy":"category","embeddable":true,"href":"https:\/\/blogdofarnesio.com.br\/index.php?rest_route=%2Fwp%2Fv2%2Fcategories&post=8354"},{"taxonomy":"post_tag","embeddable":true,"href":"https:\/\/blogdofarnesio.com.br\/index.php?rest_route=%2Fwp%2Fv2%2Ftags&post=8354"}],"curies":[{"name":"wp","href":"https:\/\/api.w.org\/{rel}","templated":true}]}}