{"id":83054,"date":"2014-05-12T07:42:19","date_gmt":"2014-05-12T10:42:19","guid":{"rendered":"http:\/\/www.quersaberpolitica.com.br\/?p=83054"},"modified":"2014-05-11T18:54:20","modified_gmt":"2014-05-11T21:54:20","slug":"petrolina-podera-ganhar-unidade-do-porto-digital","status":"publish","type":"post","link":"https:\/\/blogdofarnesio.com.br\/?p=83054","title":{"rendered":"PETROLINA PODER\u00c1 GANHAR UNIDADE DO PORTO DIGITAL"},"content":{"rendered":"<p style=\"text-align: justify\"><a href=\"http:\/\/www.quersaberpolitica.com.br\/2016\/wp-content\/uploads\/2014\/05\/Visita-Porto-Digital-1.jpg\"><img loading=\"lazy\" decoding=\"async\" class=\"aligncenter  wp-image-83055\" alt=\"Visita Porto Digital 1\" src=\"http:\/\/www.quersaberpolitica.com.br\/2016\/wp-content\/uploads\/2014\/05\/Visita-Porto-Digital-1.jpg\" width=\"461\" height=\"307\" srcset=\"https:\/\/blogdofarnesio.com.br\/wp-content\/uploads\/2014\/05\/Visita-Porto-Digital-1.jpg 640w, https:\/\/blogdofarnesio.com.br\/wp-content\/uploads\/2014\/05\/Visita-Porto-Digital-1-300x200.jpg 300w, https:\/\/blogdofarnesio.com.br\/wp-content\/uploads\/2014\/05\/Visita-Porto-Digital-1-449x300.jpg 449w\" sizes=\"auto, (max-width: 461px) 100vw, 461px\" \/><\/a>Representantes do projeto Porto Digital, desenvolvido pelo Governo de Pernambuco, estiveram em Petrolina nesta quinta-feira (8) visitando algumas institui\u00e7\u00f5es de ensino em busca de parceiros e \u00e1rea para a instala\u00e7\u00e3o do Armaz\u00e9m da Criatividade. A primeira institui\u00e7\u00e3o visitada foi a Faculdade de Ci\u00eancias Aplicadas e Sociais de Petrolina (Facape), onde o grupo apresentou a proposta que funcionar\u00e1 como um espa\u00e7o de fomento ao empreendedorismo inovador.<\/p>\n<p style=\"text-align: justify\">O presidente da Facape, Rinaldo Rem\u00edgio; o diretor acad\u00eamico, Ant\u00f4nio Habib; e o coordenador de P\u00f3s-gradua\u00e7\u00e3o, Pesquisa e Extens\u00e3o, Carlos Gon\u00e7alves, ouviram atentamente o diretor-presidente do Porto Digital, Francisco Saboya. De acordo com ele, a ideia de instalar uma unidade do armaz\u00e9m no munic\u00edpio faz parte do projeto de interioriza\u00e7\u00e3o do Porto Digital.<!--more--><\/p>\n<p style=\"text-align: justify\">&#8220;Esta seria a primeira grande interven\u00e7\u00e3o do Porto Digital em Petrolina. A ideia do governador \u00e9 expandir o empreendedorismo inovador pelo interior do Estado, nos moldes do Porto Digital. Por isso, estamos em busca de um espa\u00e7o por excel\u00eancia de ensino, um n\u00facleo acad\u00eamico, seja na Facape, na UPE ou na Univasf&#8221;, explicou.<\/p>\n<p style=\"text-align: justify\">Segundo Saboya, a Facape foi a primeira entidade mencionada para a instala\u00e7\u00e3o do empreendimento devido \u00e0s parcerias j\u00e1 firmadas com o Instituto de Tecnologia de Pernambuco (Itep) e pelos projetos na \u00e1rea. O Armaz\u00e9m da Criatividade \u00e9 a primeira aceleradora de empreendimentos inovadores das regi\u00f5es Norte, Nordeste e Centro-Oeste.<\/p>\n<p style=\"text-align: justify\">&#8220;O armaz\u00e9m faz parte do Porto Digital e oferece aos jovens, que concluem sua gradua\u00e7\u00e3o t\u00e9cnica ou superior, condi\u00e7\u00f5es de evoluir na perspectiva de se tornar um empreendedor, n\u00e3o um empreendedor tradicional, mas um empreendedor cujas atividades s\u00e3o intensivas ao conhecimento&#8221;, explicou.<\/p>\n<p style=\"text-align: justify\"><strong>Atividades <\/strong><\/p>\n<p style=\"text-align: justify\">No armaz\u00e9m, ser\u00e3o desenvolvidas tr\u00eas tipos de atividades nas \u00e1reas de inform\u00e1tica, economia criativa e agricultura. De acordo com Saboya, o local concentrar\u00e1 sete fun\u00e7\u00f5es integradas espacialmente, funcionalmente e operacionalmente.<\/p>\n<p style=\"text-align: justify\">&#8220;Haver\u00e1 espa\u00e7os de empreendedorismo, eventos, cr\u00e9dito, experimenta\u00e7\u00e3o, showroom, educa\u00e7\u00e3o, al\u00e9m de um espa\u00e7o empresarial para que a empresa, uma vez constitu\u00edda, possa desenvolver seu neg\u00f3cio l\u00e1 dentro&#8221;, disse.<\/p>\n<p style=\"text-align: justify\">O professor Rem\u00edgio apresentou a estrutura da Facape e saiu animado da reuni\u00e3o. &#8220;Vamos estudar a viabilidade de instalar o projeto aqui na faculdade. Ser\u00e1 uma \u00f3tima oportunidade para incentivar o empreendedorismo entre os jovens da regi\u00e3o\u00a0e abrir espa\u00e7o para o surgimento de novas empresas e iniciativas&#8221;, afirmou.<\/p>\n","protected":false},"excerpt":{"rendered":"<p>Representantes do projeto Porto Digital, desenvolvido pelo Governo de Pernambuco, estiveram em Petrolina nesta quinta-feira (8) visitando algumas institui\u00e7\u00f5es de ensino em busca de parceiros e \u00e1rea para a instala\u00e7\u00e3o do Armaz\u00e9m da Criatividade. A primeira institui\u00e7\u00e3o visitada foi a Faculdade de Ci\u00eancias Aplicadas e Sociais de Petrolina (Facape), onde o grupo apresentou a proposta que funcionar\u00e1 como um espa\u00e7o de fomento ao empreendedorismo inovador. O presidente da Facape, Rinaldo Rem\u00edgio; o diretor acad\u00eamico, Ant\u00f4nio Habib; e o coordenador de P\u00f3s-gradua\u00e7\u00e3o, Pesquisa e Extens\u00e3o, Carlos Gon\u00e7alves, ouviram atentamente o diretor-presidente do Porto Digital, Francisco Saboya. De acordo com ele, a ideia de instalar uma unidade do armaz\u00e9m no munic\u00edpio faz parte do projeto de interioriza\u00e7\u00e3o do Porto Digital.<\/p>\n","protected":false},"author":3,"featured_media":0,"comment_status":"open","ping_status":"open","sticky":false,"template":"","format":"standard","meta":{"_acf_changed":false,"footnotes":""},"categories":[35],"tags":[],"class_list":["post-83054","post","type-post","status-publish","format-standard","hentry","category-ti-internet"],"acf":[],"yoast_head":"<!-- This site is optimized with the Yoast SEO plugin v27.4 - https:\/\/yoast.com\/product\/yoast-seo-wordpress\/ -->\n<title>PETROLINA PODER\u00c1 GANHAR UNIDADE DO PORTO DIGITAL - Blog do Farn\u00e9sio<\/title>\n<meta name=\"robots\" content=\"index, follow, max-snippet:-1, max-image-preview:large, max-video-preview:-1\" \/>\n<link rel=\"canonical\" href=\"https:\/\/blogdofarnesio.com.br\/?p=83054\" \/>\n<meta property=\"og:locale\" content=\"pt_BR\" \/>\n<meta property=\"og:type\" content=\"article\" \/>\n<meta property=\"og:title\" content=\"PETROLINA PODER\u00c1 GANHAR UNIDADE DO PORTO DIGITAL - Blog do Farn\u00e9sio\" \/>\n<meta property=\"og:description\" content=\"Representantes do projeto Porto Digital, desenvolvido pelo Governo de Pernambuco, estiveram em Petrolina nesta quinta-feira (8) visitando algumas institui\u00e7\u00f5es de ensino em busca de parceiros e \u00e1rea para a instala\u00e7\u00e3o do Armaz\u00e9m da Criatividade. A primeira institui\u00e7\u00e3o visitada foi a Faculdade de Ci\u00eancias Aplicadas e Sociais de Petrolina (Facape), onde o grupo apresentou a proposta que funcionar\u00e1 como um espa\u00e7o de fomento ao empreendedorismo inovador. O presidente da Facape, Rinaldo Rem\u00edgio; o diretor acad\u00eamico, Ant\u00f4nio Habib; e o coordenador de P\u00f3s-gradua\u00e7\u00e3o, Pesquisa e Extens\u00e3o, Carlos Gon\u00e7alves, ouviram atentamente o diretor-presidente do Porto Digital, Francisco Saboya. De acordo com ele, a ideia de instalar uma unidade do armaz\u00e9m no munic\u00edpio faz parte do projeto de interioriza\u00e7\u00e3o do Porto Digital.\" \/>\n<meta property=\"og:url\" content=\"https:\/\/blogdofarnesio.com.br\/?p=83054\" \/>\n<meta property=\"og:site_name\" content=\"Blog do Farn\u00e9sio\" \/>\n<meta property=\"article:publisher\" content=\"https:\/\/www.facebook.com\/BlogQuerSaberPolitica\/\" \/>\n<meta property=\"article:published_time\" content=\"2014-05-12T10:42:19+00:00\" \/>\n<meta property=\"og:image\" content=\"http:\/\/www.quersaberpolitica.com.br\/2016\/wp-content\/uploads\/2014\/05\/Visita-Porto-Digital-1.jpg\" \/>\n<meta name=\"author\" content=\"teste\" \/>\n<meta name=\"twitter:card\" content=\"summary_large_image\" \/>\n<meta name=\"twitter:label1\" content=\"Escrito por\" \/>\n\t<meta name=\"twitter:data1\" content=\"teste\" \/>\n\t<meta name=\"twitter:label2\" content=\"Est. tempo de leitura\" \/>\n\t<meta name=\"twitter:data2\" content=\"2 minutos\" \/>\n<script type=\"application\/ld+json\" class=\"yoast-schema-graph\">{\"@context\":\"https:\\\/\\\/schema.org\",\"@graph\":[{\"@type\":\"Article\",\"@id\":\"https:\\\/\\\/blogdofarnesio.com.br\\\/?p=83054#article\",\"isPartOf\":{\"@id\":\"https:\\\/\\\/blogdofarnesio.com.br\\\/?p=83054\"},\"author\":{\"name\":\"teste\",\"@id\":\"https:\\\/\\\/blogdofarnesio.com.br\\\/#\\\/schema\\\/person\\\/dd1bf5eba40b687199ba45ca6b97dff9\"},\"headline\":\"PETROLINA PODER\u00c1 GANHAR UNIDADE DO PORTO DIGITAL\",\"datePublished\":\"2014-05-12T10:42:19+00:00\",\"mainEntityOfPage\":{\"@id\":\"https:\\\/\\\/blogdofarnesio.com.br\\\/?p=83054\"},\"wordCount\":421,\"commentCount\":0,\"publisher\":{\"@id\":\"https:\\\/\\\/blogdofarnesio.com.br\\\/#organization\"},\"image\":{\"@id\":\"https:\\\/\\\/blogdofarnesio.com.br\\\/?p=83054#primaryimage\"},\"thumbnailUrl\":\"http:\\\/\\\/www.quersaberpolitica.com.br\\\/2016\\\/wp-content\\\/uploads\\\/2014\\\/05\\\/Visita-Porto-Digital-1.jpg\",\"articleSection\":[\"T.I. (INTERNET)\"],\"inLanguage\":\"pt-BR\",\"potentialAction\":[{\"@type\":\"CommentAction\",\"name\":\"Comment\",\"target\":[\"https:\\\/\\\/blogdofarnesio.com.br\\\/?p=83054#respond\"]}]},{\"@type\":\"WebPage\",\"@id\":\"https:\\\/\\\/blogdofarnesio.com.br\\\/?p=83054\",\"url\":\"https:\\\/\\\/blogdofarnesio.com.br\\\/?p=83054\",\"name\":\"PETROLINA PODER\u00c1 GANHAR UNIDADE DO PORTO DIGITAL - Blog do Farn\u00e9sio\",\"isPartOf\":{\"@id\":\"https:\\\/\\\/blogdofarnesio.com.br\\\/#website\"},\"primaryImageOfPage\":{\"@id\":\"https:\\\/\\\/blogdofarnesio.com.br\\\/?p=83054#primaryimage\"},\"image\":{\"@id\":\"https:\\\/\\\/blogdofarnesio.com.br\\\/?p=83054#primaryimage\"},\"thumbnailUrl\":\"http:\\\/\\\/www.quersaberpolitica.com.br\\\/2016\\\/wp-content\\\/uploads\\\/2014\\\/05\\\/Visita-Porto-Digital-1.jpg\",\"datePublished\":\"2014-05-12T10:42:19+00:00\",\"breadcrumb\":{\"@id\":\"https:\\\/\\\/blogdofarnesio.com.br\\\/?p=83054#breadcrumb\"},\"inLanguage\":\"pt-BR\",\"potentialAction\":[{\"@type\":\"ReadAction\",\"target\":[\"https:\\\/\\\/blogdofarnesio.com.br\\\/?p=83054\"]}]},{\"@type\":\"ImageObject\",\"inLanguage\":\"pt-BR\",\"@id\":\"https:\\\/\\\/blogdofarnesio.com.br\\\/?p=83054#primaryimage\",\"url\":\"http:\\\/\\\/www.quersaberpolitica.com.br\\\/2016\\\/wp-content\\\/uploads\\\/2014\\\/05\\\/Visita-Porto-Digital-1.jpg\",\"contentUrl\":\"http:\\\/\\\/www.quersaberpolitica.com.br\\\/2016\\\/wp-content\\\/uploads\\\/2014\\\/05\\\/Visita-Porto-Digital-1.jpg\"},{\"@type\":\"BreadcrumbList\",\"@id\":\"https:\\\/\\\/blogdofarnesio.com.br\\\/?p=83054#breadcrumb\",\"itemListElement\":[{\"@type\":\"ListItem\",\"position\":1,\"name\":\"In\u00edcio\",\"item\":\"https:\\\/\\\/blogdofarnesio.com.br\\\/\"},{\"@type\":\"ListItem\",\"position\":2,\"name\":\"PETROLINA PODER\u00c1 GANHAR UNIDADE DO PORTO DIGITAL\"}]},{\"@type\":\"WebSite\",\"@id\":\"https:\\\/\\\/blogdofarnesio.com.br\\\/#website\",\"url\":\"https:\\\/\\\/blogdofarnesio.com.br\\\/\",\"name\":\"Blog do Farn\u00e9sio\",\"description\":\"Quer Saber Pol\u00edtica?\",\"publisher\":{\"@id\":\"https:\\\/\\\/blogdofarnesio.com.br\\\/#organization\"},\"potentialAction\":[{\"@type\":\"SearchAction\",\"target\":{\"@type\":\"EntryPoint\",\"urlTemplate\":\"https:\\\/\\\/blogdofarnesio.com.br\\\/?s={search_term_string}\"},\"query-input\":{\"@type\":\"PropertyValueSpecification\",\"valueRequired\":true,\"valueName\":\"search_term_string\"}}],\"inLanguage\":\"pt-BR\"},{\"@type\":\"Organization\",\"@id\":\"https:\\\/\\\/blogdofarnesio.com.br\\\/#organization\",\"name\":\"Blog do Farn\u00e9sio\",\"url\":\"https:\\\/\\\/blogdofarnesio.com.br\\\/\",\"logo\":{\"@type\":\"ImageObject\",\"inLanguage\":\"pt-BR\",\"@id\":\"https:\\\/\\\/blogdofarnesio.com.br\\\/#\\\/schema\\\/logo\\\/image\\\/\",\"url\":\"https:\\\/\\\/blogdofarnesio.com.br\\\/wp-content\\\/uploads\\\/2026\\\/03\\\/cropped-logo_new-1.png\",\"contentUrl\":\"https:\\\/\\\/blogdofarnesio.com.br\\\/wp-content\\\/uploads\\\/2026\\\/03\\\/cropped-logo_new-1.png\",\"width\":881,\"height\":685,\"caption\":\"Blog do Farn\u00e9sio\"},\"image\":{\"@id\":\"https:\\\/\\\/blogdofarnesio.com.br\\\/#\\\/schema\\\/logo\\\/image\\\/\"},\"sameAs\":[\"https:\\\/\\\/www.facebook.com\\\/BlogQuerSaberPolitica\\\/\"]},{\"@type\":\"Person\",\"@id\":\"https:\\\/\\\/blogdofarnesio.com.br\\\/#\\\/schema\\\/person\\\/dd1bf5eba40b687199ba45ca6b97dff9\",\"name\":\"teste\",\"image\":{\"@type\":\"ImageObject\",\"inLanguage\":\"pt-BR\",\"@id\":\"https:\\\/\\\/secure.gravatar.com\\\/avatar\\\/2172498d4914b51e1d89a0f97957b035ac4938723a5cac208135d389b6972a6d?s=96&d=mm&r=g\",\"url\":\"https:\\\/\\\/secure.gravatar.com\\\/avatar\\\/2172498d4914b51e1d89a0f97957b035ac4938723a5cac208135d389b6972a6d?s=96&d=mm&r=g\",\"contentUrl\":\"https:\\\/\\\/secure.gravatar.com\\\/avatar\\\/2172498d4914b51e1d89a0f97957b035ac4938723a5cac208135d389b6972a6d?s=96&d=mm&r=g\",\"caption\":\"teste\"},\"url\":\"https:\\\/\\\/blogdofarnesio.com.br\\\/?author=3\"}]}<\/script>\n<!-- \/ Yoast SEO plugin. -->","yoast_head_json":{"title":"PETROLINA PODER\u00c1 GANHAR UNIDADE DO PORTO DIGITAL - Blog do Farn\u00e9sio","robots":{"index":"index","follow":"follow","max-snippet":"max-snippet:-1","max-image-preview":"max-image-preview:large","max-video-preview":"max-video-preview:-1"},"canonical":"https:\/\/blogdofarnesio.com.br\/?p=83054","og_locale":"pt_BR","og_type":"article","og_title":"PETROLINA PODER\u00c1 GANHAR UNIDADE DO PORTO DIGITAL - Blog do Farn\u00e9sio","og_description":"Representantes do projeto Porto Digital, desenvolvido pelo Governo de Pernambuco, estiveram em Petrolina nesta quinta-feira (8) visitando algumas institui\u00e7\u00f5es de ensino em busca de parceiros e \u00e1rea para a instala\u00e7\u00e3o do Armaz\u00e9m da Criatividade. A primeira institui\u00e7\u00e3o visitada foi a Faculdade de Ci\u00eancias Aplicadas e Sociais de Petrolina (Facape), onde o grupo apresentou a proposta que funcionar\u00e1 como um espa\u00e7o de fomento ao empreendedorismo inovador. O presidente da Facape, Rinaldo Rem\u00edgio; o diretor acad\u00eamico, Ant\u00f4nio Habib; e o coordenador de P\u00f3s-gradua\u00e7\u00e3o, Pesquisa e Extens\u00e3o, Carlos Gon\u00e7alves, ouviram atentamente o diretor-presidente do Porto Digital, Francisco Saboya. De acordo com ele, a ideia de instalar uma unidade do armaz\u00e9m no munic\u00edpio faz parte do projeto de interioriza\u00e7\u00e3o do Porto Digital.","og_url":"https:\/\/blogdofarnesio.com.br\/?p=83054","og_site_name":"Blog do Farn\u00e9sio","article_publisher":"https:\/\/www.facebook.com\/BlogQuerSaberPolitica\/","article_published_time":"2014-05-12T10:42:19+00:00","og_image":[{"url":"http:\/\/www.quersaberpolitica.com.br\/2016\/wp-content\/uploads\/2014\/05\/Visita-Porto-Digital-1.jpg","type":"","width":"","height":""}],"author":"teste","twitter_card":"summary_large_image","twitter_misc":{"Escrito por":"teste","Est. tempo de leitura":"2 minutos"},"schema":{"@context":"https:\/\/schema.org","@graph":[{"@type":"Article","@id":"https:\/\/blogdofarnesio.com.br\/?p=83054#article","isPartOf":{"@id":"https:\/\/blogdofarnesio.com.br\/?p=83054"},"author":{"name":"teste","@id":"https:\/\/blogdofarnesio.com.br\/#\/schema\/person\/dd1bf5eba40b687199ba45ca6b97dff9"},"headline":"PETROLINA PODER\u00c1 GANHAR UNIDADE DO PORTO DIGITAL","datePublished":"2014-05-12T10:42:19+00:00","mainEntityOfPage":{"@id":"https:\/\/blogdofarnesio.com.br\/?p=83054"},"wordCount":421,"commentCount":0,"publisher":{"@id":"https:\/\/blogdofarnesio.com.br\/#organization"},"image":{"@id":"https:\/\/blogdofarnesio.com.br\/?p=83054#primaryimage"},"thumbnailUrl":"http:\/\/www.quersaberpolitica.com.br\/2016\/wp-content\/uploads\/2014\/05\/Visita-Porto-Digital-1.jpg","articleSection":["T.I. (INTERNET)"],"inLanguage":"pt-BR","potentialAction":[{"@type":"CommentAction","name":"Comment","target":["https:\/\/blogdofarnesio.com.br\/?p=83054#respond"]}]},{"@type":"WebPage","@id":"https:\/\/blogdofarnesio.com.br\/?p=83054","url":"https:\/\/blogdofarnesio.com.br\/?p=83054","name":"PETROLINA PODER\u00c1 GANHAR UNIDADE DO PORTO DIGITAL - Blog do Farn\u00e9sio","isPartOf":{"@id":"https:\/\/blogdofarnesio.com.br\/#website"},"primaryImageOfPage":{"@id":"https:\/\/blogdofarnesio.com.br\/?p=83054#primaryimage"},"image":{"@id":"https:\/\/blogdofarnesio.com.br\/?p=83054#primaryimage"},"thumbnailUrl":"http:\/\/www.quersaberpolitica.com.br\/2016\/wp-content\/uploads\/2014\/05\/Visita-Porto-Digital-1.jpg","datePublished":"2014-05-12T10:42:19+00:00","breadcrumb":{"@id":"https:\/\/blogdofarnesio.com.br\/?p=83054#breadcrumb"},"inLanguage":"pt-BR","potentialAction":[{"@type":"ReadAction","target":["https:\/\/blogdofarnesio.com.br\/?p=83054"]}]},{"@type":"ImageObject","inLanguage":"pt-BR","@id":"https:\/\/blogdofarnesio.com.br\/?p=83054#primaryimage","url":"http:\/\/www.quersaberpolitica.com.br\/2016\/wp-content\/uploads\/2014\/05\/Visita-Porto-Digital-1.jpg","contentUrl":"http:\/\/www.quersaberpolitica.com.br\/2016\/wp-content\/uploads\/2014\/05\/Visita-Porto-Digital-1.jpg"},{"@type":"BreadcrumbList","@id":"https:\/\/blogdofarnesio.com.br\/?p=83054#breadcrumb","itemListElement":[{"@type":"ListItem","position":1,"name":"In\u00edcio","item":"https:\/\/blogdofarnesio.com.br\/"},{"@type":"ListItem","position":2,"name":"PETROLINA PODER\u00c1 GANHAR UNIDADE DO PORTO DIGITAL"}]},{"@type":"WebSite","@id":"https:\/\/blogdofarnesio.com.br\/#website","url":"https:\/\/blogdofarnesio.com.br\/","name":"Blog do Farn\u00e9sio","description":"Quer Saber Pol\u00edtica?","publisher":{"@id":"https:\/\/blogdofarnesio.com.br\/#organization"},"potentialAction":[{"@type":"SearchAction","target":{"@type":"EntryPoint","urlTemplate":"https:\/\/blogdofarnesio.com.br\/?s={search_term_string}"},"query-input":{"@type":"PropertyValueSpecification","valueRequired":true,"valueName":"search_term_string"}}],"inLanguage":"pt-BR"},{"@type":"Organization","@id":"https:\/\/blogdofarnesio.com.br\/#organization","name":"Blog do Farn\u00e9sio","url":"https:\/\/blogdofarnesio.com.br\/","logo":{"@type":"ImageObject","inLanguage":"pt-BR","@id":"https:\/\/blogdofarnesio.com.br\/#\/schema\/logo\/image\/","url":"https:\/\/blogdofarnesio.com.br\/wp-content\/uploads\/2026\/03\/cropped-logo_new-1.png","contentUrl":"https:\/\/blogdofarnesio.com.br\/wp-content\/uploads\/2026\/03\/cropped-logo_new-1.png","width":881,"height":685,"caption":"Blog do Farn\u00e9sio"},"image":{"@id":"https:\/\/blogdofarnesio.com.br\/#\/schema\/logo\/image\/"},"sameAs":["https:\/\/www.facebook.com\/BlogQuerSaberPolitica\/"]},{"@type":"Person","@id":"https:\/\/blogdofarnesio.com.br\/#\/schema\/person\/dd1bf5eba40b687199ba45ca6b97dff9","name":"teste","image":{"@type":"ImageObject","inLanguage":"pt-BR","@id":"https:\/\/secure.gravatar.com\/avatar\/2172498d4914b51e1d89a0f97957b035ac4938723a5cac208135d389b6972a6d?s=96&d=mm&r=g","url":"https:\/\/secure.gravatar.com\/avatar\/2172498d4914b51e1d89a0f97957b035ac4938723a5cac208135d389b6972a6d?s=96&d=mm&r=g","contentUrl":"https:\/\/secure.gravatar.com\/avatar\/2172498d4914b51e1d89a0f97957b035ac4938723a5cac208135d389b6972a6d?s=96&d=mm&r=g","caption":"teste"},"url":"https:\/\/blogdofarnesio.com.br\/?author=3"}]}},"_links":{"self":[{"href":"https:\/\/blogdofarnesio.com.br\/index.php?rest_route=\/wp\/v2\/posts\/83054","targetHints":{"allow":["GET"]}}],"collection":[{"href":"https:\/\/blogdofarnesio.com.br\/index.php?rest_route=\/wp\/v2\/posts"}],"about":[{"href":"https:\/\/blogdofarnesio.com.br\/index.php?rest_route=\/wp\/v2\/types\/post"}],"author":[{"embeddable":true,"href":"https:\/\/blogdofarnesio.com.br\/index.php?rest_route=\/wp\/v2\/users\/3"}],"replies":[{"embeddable":true,"href":"https:\/\/blogdofarnesio.com.br\/index.php?rest_route=%2Fwp%2Fv2%2Fcomments&post=83054"}],"version-history":[{"count":0,"href":"https:\/\/blogdofarnesio.com.br\/index.php?rest_route=\/wp\/v2\/posts\/83054\/revisions"}],"wp:attachment":[{"href":"https:\/\/blogdofarnesio.com.br\/index.php?rest_route=%2Fwp%2Fv2%2Fmedia&parent=83054"}],"wp:term":[{"taxonomy":"category","embeddable":true,"href":"https:\/\/blogdofarnesio.com.br\/index.php?rest_route=%2Fwp%2Fv2%2Fcategories&post=83054"},{"taxonomy":"post_tag","embeddable":true,"href":"https:\/\/blogdofarnesio.com.br\/index.php?rest_route=%2Fwp%2Fv2%2Ftags&post=83054"}],"curies":[{"name":"wp","href":"https:\/\/api.w.org\/{rel}","templated":true}]}}