{"id":82735,"date":"2014-05-07T16:23:07","date_gmt":"2014-05-07T19:23:07","guid":{"rendered":"http:\/\/www.quersaberpolitica.com.br\/?p=82735"},"modified":"2014-05-07T11:59:05","modified_gmt":"2014-05-07T14:59:05","slug":"o-titulo-da-nova-novela-da-globa-tem-gerado-diversas-interpretacoes-na-rede","status":"publish","type":"post","link":"https:\/\/blogdofarnesio.com.br\/2014\/05\/o-titulo-da-nova-novela-da-globa-tem-gerado-diversas-interpretacoes-na-rede\/","title":{"rendered":"O T\u00cdTULO DA NOVA NOVELA DA GLOBA TEM GERADO DIVERSAS INTERPRETA\u00c7\u00d5ES NA REDE"},"content":{"rendered":"<h2 style=\"text-align: justify\">Mensagem subliminar em &#8220;Gera\u00e7\u00e3o Brasil&#8221; cria pol\u00eamica<\/h2>\n<div style=\"text-align: justify\">\n<div style=\"text-align: justify\"><img decoding=\"async\" class=\"alignleft\" id=\"57362\" alt=\"Mensagem subliminar em \" src=\"http:\/\/www.alagoastempo.com.br\/vgmidia\/290\/370\/t\/imagens\/57362_ext_arquivo.jpg\" width=\"290\" \/>A novela &#8216;Gera\u00e7\u00e3o Brasil&#8217; estreou na \u00faltima segunda-feira (05) na Globo e j\u00e1 tem dado o que falar nas redes sociais. \u00c9 que alguns simpatizantes do PT (Partido dos Trabalhadores) afirmam que o t\u00edtulo da novela, escrito com letras e n\u00fameros (G3R4\u00c74O BR4S1L) esconde uma mensagem subliminar, que apoia o PSB (Partido Socialista Brasileiro) com o n\u00famero 40, e o PSDB (Partido da Social Democracia Brasileira), com o n\u00famero 45.<\/div>\n<\/div>\n<p style=\"text-align: justify\">\nO internauta Stanley Burburinho escreveu no Twitter: &#8220;Repare que o &#8216;BR4S&#8217; remete ao n\u00famero do PSDB de A\u00e9cio [Neves] e o &#8216;4O&#8217;, ao 40 do PSB de [Eduardo] Campos&#8221;, conclui. Outro internauta respondeu: &#8220;N\u00e3o \u00e9 mensagem subliminar, \u00e9 mensagem direta mesmo&#8221;.<\/p>\n<p>&#8220;A Globo deu um jeito de ajudar o candidato do PSDB. Incluiu um 45 estilizado no nome da nova novela das sete. Pra quem ele vai governar?&#8221;, disse na internet o deputado estadual Carlos Bordalo (PT-PA).\u00a0<!--more--><\/p>\n<p>Em resposta \u00e0s cr\u00edticas, o ator Jos\u00e9 de Abreu, que \u00e9 petista declarado, defendeu a produ\u00e7\u00e3o. &#8220;Loucura! Trabalho l\u00e1 h\u00e1 32 anos, nada a ver&#8221;, postou na rede social.<em>\u00a0<em>\u00a0(Com informa\u00e7\u00f5es NaTelinha)<\/em><\/em><\/p>\n<p style=\"text-align: justify\">Fonte: Bonde<\/p>\n","protected":false},"excerpt":{"rendered":"<p>Mensagem subliminar em &#8220;Gera\u00e7\u00e3o Brasil&#8221; cria pol\u00eamica A novela &#8216;Gera\u00e7\u00e3o Brasil&#8217; estreou na \u00faltima segunda-feira (05) na Globo e j\u00e1 tem dado o que falar nas redes sociais. \u00c9 que alguns simpatizantes do PT (Partido dos Trabalhadores) afirmam que o t\u00edtulo da novela, escrito com letras e n\u00fameros (G3R4\u00c74O BR4S1L) esconde uma mensagem subliminar, que apoia o PSB (Partido Socialista Brasileiro) com o n\u00famero 40, e o PSDB (Partido da Social Democracia Brasileira), com o n\u00famero 45. O internauta Stanley Burburinho escreveu no Twitter: &#8220;Repare que o &#8216;BR4S&#8217; remete ao n\u00famero do PSDB de A\u00e9cio [Neves] e o &#8216;4O&#8217;, ao 40 do PSB de [Eduardo] Campos&#8221;, conclui. Outro internauta respondeu: &#8220;N\u00e3o \u00e9 mensagem subliminar, \u00e9 mensagem direta mesmo&#8221;. &#8220;A Globo&hellip; <\/p>\n","protected":false},"author":3,"featured_media":0,"comment_status":"open","ping_status":"open","sticky":false,"template":"","format":"standard","meta":{"_acf_changed":false,"footnotes":""},"categories":[1],"tags":[],"class_list":["post-82735","post","type-post","status-publish","format-standard","hentry","category-politica"],"acf":[],"yoast_head":"<!-- This site is optimized with the Yoast SEO plugin v27.5 - https:\/\/yoast.com\/product\/yoast-seo-wordpress\/ -->\n<title>O T\u00cdTULO DA NOVA NOVELA DA GLOBA TEM GERADO DIVERSAS INTERPRETA\u00c7\u00d5ES NA REDE - Blog do Farn\u00e9sio<\/title>\n<meta name=\"robots\" content=\"index, follow, max-snippet:-1, max-image-preview:large, max-video-preview:-1\" \/>\n<link rel=\"canonical\" href=\"https:\/\/blogdofarnesio.com.br\/2014\/05\/o-titulo-da-nova-novela-da-globa-tem-gerado-diversas-interpretacoes-na-rede\/\" \/>\n<meta property=\"og:locale\" content=\"pt_BR\" \/>\n<meta property=\"og:type\" content=\"article\" \/>\n<meta property=\"og:title\" content=\"O T\u00cdTULO DA NOVA NOVELA DA GLOBA TEM GERADO DIVERSAS INTERPRETA\u00c7\u00d5ES NA REDE - Blog do Farn\u00e9sio\" \/>\n<meta property=\"og:description\" content=\"Mensagem subliminar em &#8220;Gera\u00e7\u00e3o Brasil&#8221; cria pol\u00eamica A novela &#8216;Gera\u00e7\u00e3o Brasil&#8217; estreou na \u00faltima segunda-feira (05) na Globo e j\u00e1 tem dado o que falar nas redes sociais. \u00c9 que alguns simpatizantes do PT (Partido dos Trabalhadores) afirmam que o t\u00edtulo da novela, escrito com letras e n\u00fameros (G3R4\u00c74O BR4S1L) esconde uma mensagem subliminar, que apoia o PSB (Partido Socialista Brasileiro) com o n\u00famero 40, e o PSDB (Partido da Social Democracia Brasileira), com o n\u00famero 45. O internauta Stanley Burburinho escreveu no Twitter: &#8220;Repare que o &#8216;BR4S&#8217; remete ao n\u00famero do PSDB de A\u00e9cio [Neves] e o &#8216;4O&#8217;, ao 40 do PSB de [Eduardo] Campos&#8221;, conclui. Outro internauta respondeu: &#8220;N\u00e3o \u00e9 mensagem subliminar, \u00e9 mensagem direta mesmo&#8221;. &#8220;A Globo&hellip;\" \/>\n<meta property=\"og:url\" content=\"https:\/\/blogdofarnesio.com.br\/2014\/05\/o-titulo-da-nova-novela-da-globa-tem-gerado-diversas-interpretacoes-na-rede\/\" \/>\n<meta property=\"og:site_name\" content=\"Blog do Farn\u00e9sio\" \/>\n<meta property=\"article:publisher\" content=\"https:\/\/www.facebook.com\/BlogQuerSaberPolitica\/\" \/>\n<meta property=\"article:published_time\" content=\"2014-05-07T19:23:07+00:00\" \/>\n<meta property=\"og:image\" content=\"http:\/\/www.alagoastempo.com.br\/vgmidia\/290\/370\/t\/imagens\/57362_ext_arquivo.jpg\" \/>\n<meta name=\"author\" content=\"teste\" \/>\n<meta name=\"twitter:card\" content=\"summary_large_image\" \/>\n<meta name=\"twitter:label1\" content=\"Escrito por\" \/>\n\t<meta name=\"twitter:data1\" content=\"teste\" \/>\n\t<meta name=\"twitter:label2\" content=\"Est. tempo de leitura\" \/>\n\t<meta name=\"twitter:data2\" content=\"1 minuto\" \/>\n<script type=\"application\/ld+json\" class=\"yoast-schema-graph\">{\"@context\":\"https:\\\/\\\/schema.org\",\"@graph\":[{\"@type\":\"Article\",\"@id\":\"https:\\\/\\\/blogdofarnesio.com.br\\\/2014\\\/05\\\/o-titulo-da-nova-novela-da-globa-tem-gerado-diversas-interpretacoes-na-rede\\\/#article\",\"isPartOf\":{\"@id\":\"https:\\\/\\\/blogdofarnesio.com.br\\\/2014\\\/05\\\/o-titulo-da-nova-novela-da-globa-tem-gerado-diversas-interpretacoes-na-rede\\\/\"},\"author\":{\"name\":\"teste\",\"@id\":\"https:\\\/\\\/blogdofarnesio.com.br\\\/#\\\/schema\\\/person\\\/dd1bf5eba40b687199ba45ca6b97dff9\"},\"headline\":\"O T\u00cdTULO DA NOVA NOVELA DA GLOBA TEM GERADO DIVERSAS INTERPRETA\u00c7\u00d5ES NA REDE\",\"datePublished\":\"2014-05-07T19:23:07+00:00\",\"mainEntityOfPage\":{\"@id\":\"https:\\\/\\\/blogdofarnesio.com.br\\\/2014\\\/05\\\/o-titulo-da-nova-novela-da-globa-tem-gerado-diversas-interpretacoes-na-rede\\\/\"},\"wordCount\":211,\"commentCount\":0,\"publisher\":{\"@id\":\"https:\\\/\\\/blogdofarnesio.com.br\\\/#organization\"},\"image\":{\"@id\":\"https:\\\/\\\/blogdofarnesio.com.br\\\/2014\\\/05\\\/o-titulo-da-nova-novela-da-globa-tem-gerado-diversas-interpretacoes-na-rede\\\/#primaryimage\"},\"thumbnailUrl\":\"http:\\\/\\\/www.alagoastempo.com.br\\\/vgmidia\\\/290\\\/370\\\/t\\\/imagens\\\/57362_ext_arquivo.jpg\",\"articleSection\":[\"Pol\u00edtica\"],\"inLanguage\":\"pt-BR\",\"potentialAction\":[{\"@type\":\"CommentAction\",\"name\":\"Comment\",\"target\":[\"https:\\\/\\\/blogdofarnesio.com.br\\\/2014\\\/05\\\/o-titulo-da-nova-novela-da-globa-tem-gerado-diversas-interpretacoes-na-rede\\\/#respond\"]}]},{\"@type\":\"WebPage\",\"@id\":\"https:\\\/\\\/blogdofarnesio.com.br\\\/2014\\\/05\\\/o-titulo-da-nova-novela-da-globa-tem-gerado-diversas-interpretacoes-na-rede\\\/\",\"url\":\"https:\\\/\\\/blogdofarnesio.com.br\\\/2014\\\/05\\\/o-titulo-da-nova-novela-da-globa-tem-gerado-diversas-interpretacoes-na-rede\\\/\",\"name\":\"O T\u00cdTULO DA NOVA NOVELA DA GLOBA TEM GERADO DIVERSAS INTERPRETA\u00c7\u00d5ES NA REDE - Blog do Farn\u00e9sio\",\"isPartOf\":{\"@id\":\"https:\\\/\\\/blogdofarnesio.com.br\\\/#website\"},\"primaryImageOfPage\":{\"@id\":\"https:\\\/\\\/blogdofarnesio.com.br\\\/2014\\\/05\\\/o-titulo-da-nova-novela-da-globa-tem-gerado-diversas-interpretacoes-na-rede\\\/#primaryimage\"},\"image\":{\"@id\":\"https:\\\/\\\/blogdofarnesio.com.br\\\/2014\\\/05\\\/o-titulo-da-nova-novela-da-globa-tem-gerado-diversas-interpretacoes-na-rede\\\/#primaryimage\"},\"thumbnailUrl\":\"http:\\\/\\\/www.alagoastempo.com.br\\\/vgmidia\\\/290\\\/370\\\/t\\\/imagens\\\/57362_ext_arquivo.jpg\",\"datePublished\":\"2014-05-07T19:23:07+00:00\",\"breadcrumb\":{\"@id\":\"https:\\\/\\\/blogdofarnesio.com.br\\\/2014\\\/05\\\/o-titulo-da-nova-novela-da-globa-tem-gerado-diversas-interpretacoes-na-rede\\\/#breadcrumb\"},\"inLanguage\":\"pt-BR\",\"potentialAction\":[{\"@type\":\"ReadAction\",\"target\":[\"https:\\\/\\\/blogdofarnesio.com.br\\\/2014\\\/05\\\/o-titulo-da-nova-novela-da-globa-tem-gerado-diversas-interpretacoes-na-rede\\\/\"]}]},{\"@type\":\"ImageObject\",\"inLanguage\":\"pt-BR\",\"@id\":\"https:\\\/\\\/blogdofarnesio.com.br\\\/2014\\\/05\\\/o-titulo-da-nova-novela-da-globa-tem-gerado-diversas-interpretacoes-na-rede\\\/#primaryimage\",\"url\":\"http:\\\/\\\/www.alagoastempo.com.br\\\/vgmidia\\\/290\\\/370\\\/t\\\/imagens\\\/57362_ext_arquivo.jpg\",\"contentUrl\":\"http:\\\/\\\/www.alagoastempo.com.br\\\/vgmidia\\\/290\\\/370\\\/t\\\/imagens\\\/57362_ext_arquivo.jpg\"},{\"@type\":\"BreadcrumbList\",\"@id\":\"https:\\\/\\\/blogdofarnesio.com.br\\\/2014\\\/05\\\/o-titulo-da-nova-novela-da-globa-tem-gerado-diversas-interpretacoes-na-rede\\\/#breadcrumb\",\"itemListElement\":[{\"@type\":\"ListItem\",\"position\":1,\"name\":\"In\u00edcio\",\"item\":\"https:\\\/\\\/blogdofarnesio.com.br\\\/\"},{\"@type\":\"ListItem\",\"position\":2,\"name\":\"O T\u00cdTULO DA NOVA NOVELA DA GLOBA TEM GERADO DIVERSAS INTERPRETA\u00c7\u00d5ES NA REDE\"}]},{\"@type\":\"WebSite\",\"@id\":\"https:\\\/\\\/blogdofarnesio.com.br\\\/#website\",\"url\":\"https:\\\/\\\/blogdofarnesio.com.br\\\/\",\"name\":\"Blog do Farn\u00e9sio\",\"description\":\"Quer Saber Pol\u00edtica?\",\"publisher\":{\"@id\":\"https:\\\/\\\/blogdofarnesio.com.br\\\/#organization\"},\"potentialAction\":[{\"@type\":\"SearchAction\",\"target\":{\"@type\":\"EntryPoint\",\"urlTemplate\":\"https:\\\/\\\/blogdofarnesio.com.br\\\/?s={search_term_string}\"},\"query-input\":{\"@type\":\"PropertyValueSpecification\",\"valueRequired\":true,\"valueName\":\"search_term_string\"}}],\"inLanguage\":\"pt-BR\"},{\"@type\":\"Organization\",\"@id\":\"https:\\\/\\\/blogdofarnesio.com.br\\\/#organization\",\"name\":\"Blog do Farn\u00e9sio\",\"url\":\"https:\\\/\\\/blogdofarnesio.com.br\\\/\",\"logo\":{\"@type\":\"ImageObject\",\"inLanguage\":\"pt-BR\",\"@id\":\"https:\\\/\\\/blogdofarnesio.com.br\\\/#\\\/schema\\\/logo\\\/image\\\/\",\"url\":\"https:\\\/\\\/blogdofarnesio.com.br\\\/wp-content\\\/uploads\\\/2026\\\/03\\\/cropped-logo_new-1.png\",\"contentUrl\":\"https:\\\/\\\/blogdofarnesio.com.br\\\/wp-content\\\/uploads\\\/2026\\\/03\\\/cropped-logo_new-1.png\",\"width\":881,\"height\":685,\"caption\":\"Blog do Farn\u00e9sio\"},\"image\":{\"@id\":\"https:\\\/\\\/blogdofarnesio.com.br\\\/#\\\/schema\\\/logo\\\/image\\\/\"},\"sameAs\":[\"https:\\\/\\\/www.facebook.com\\\/BlogQuerSaberPolitica\\\/\"]},{\"@type\":\"Person\",\"@id\":\"https:\\\/\\\/blogdofarnesio.com.br\\\/#\\\/schema\\\/person\\\/dd1bf5eba40b687199ba45ca6b97dff9\",\"name\":\"teste\",\"image\":{\"@type\":\"ImageObject\",\"inLanguage\":\"pt-BR\",\"@id\":\"https:\\\/\\\/secure.gravatar.com\\\/avatar\\\/2172498d4914b51e1d89a0f97957b035ac4938723a5cac208135d389b6972a6d?s=96&d=mm&r=g\",\"url\":\"https:\\\/\\\/secure.gravatar.com\\\/avatar\\\/2172498d4914b51e1d89a0f97957b035ac4938723a5cac208135d389b6972a6d?s=96&d=mm&r=g\",\"contentUrl\":\"https:\\\/\\\/secure.gravatar.com\\\/avatar\\\/2172498d4914b51e1d89a0f97957b035ac4938723a5cac208135d389b6972a6d?s=96&d=mm&r=g\",\"caption\":\"teste\"},\"url\":\"https:\\\/\\\/blogdofarnesio.com.br\\\/author\\\/teste\\\/\"}]}<\/script>\n<!-- \/ Yoast SEO plugin. -->","yoast_head_json":{"title":"O T\u00cdTULO DA NOVA NOVELA DA GLOBA TEM GERADO DIVERSAS INTERPRETA\u00c7\u00d5ES NA REDE - Blog do Farn\u00e9sio","robots":{"index":"index","follow":"follow","max-snippet":"max-snippet:-1","max-image-preview":"max-image-preview:large","max-video-preview":"max-video-preview:-1"},"canonical":"https:\/\/blogdofarnesio.com.br\/2014\/05\/o-titulo-da-nova-novela-da-globa-tem-gerado-diversas-interpretacoes-na-rede\/","og_locale":"pt_BR","og_type":"article","og_title":"O T\u00cdTULO DA NOVA NOVELA DA GLOBA TEM GERADO DIVERSAS INTERPRETA\u00c7\u00d5ES NA REDE - Blog do Farn\u00e9sio","og_description":"Mensagem subliminar em &#8220;Gera\u00e7\u00e3o Brasil&#8221; cria pol\u00eamica A novela &#8216;Gera\u00e7\u00e3o Brasil&#8217; estreou na \u00faltima segunda-feira (05) na Globo e j\u00e1 tem dado o que falar nas redes sociais. \u00c9 que alguns simpatizantes do PT (Partido dos Trabalhadores) afirmam que o t\u00edtulo da novela, escrito com letras e n\u00fameros (G3R4\u00c74O BR4S1L) esconde uma mensagem subliminar, que apoia o PSB (Partido Socialista Brasileiro) com o n\u00famero 40, e o PSDB (Partido da Social Democracia Brasileira), com o n\u00famero 45. O internauta Stanley Burburinho escreveu no Twitter: &#8220;Repare que o &#8216;BR4S&#8217; remete ao n\u00famero do PSDB de A\u00e9cio [Neves] e o &#8216;4O&#8217;, ao 40 do PSB de [Eduardo] Campos&#8221;, conclui. Outro internauta respondeu: &#8220;N\u00e3o \u00e9 mensagem subliminar, \u00e9 mensagem direta mesmo&#8221;. &#8220;A Globo&hellip;","og_url":"https:\/\/blogdofarnesio.com.br\/2014\/05\/o-titulo-da-nova-novela-da-globa-tem-gerado-diversas-interpretacoes-na-rede\/","og_site_name":"Blog do Farn\u00e9sio","article_publisher":"https:\/\/www.facebook.com\/BlogQuerSaberPolitica\/","article_published_time":"2014-05-07T19:23:07+00:00","og_image":[{"url":"http:\/\/www.alagoastempo.com.br\/vgmidia\/290\/370\/t\/imagens\/57362_ext_arquivo.jpg","type":"","width":"","height":""}],"author":"teste","twitter_card":"summary_large_image","twitter_misc":{"Escrito por":"teste","Est. tempo de leitura":"1 minuto"},"schema":{"@context":"https:\/\/schema.org","@graph":[{"@type":"Article","@id":"https:\/\/blogdofarnesio.com.br\/2014\/05\/o-titulo-da-nova-novela-da-globa-tem-gerado-diversas-interpretacoes-na-rede\/#article","isPartOf":{"@id":"https:\/\/blogdofarnesio.com.br\/2014\/05\/o-titulo-da-nova-novela-da-globa-tem-gerado-diversas-interpretacoes-na-rede\/"},"author":{"name":"teste","@id":"https:\/\/blogdofarnesio.com.br\/#\/schema\/person\/dd1bf5eba40b687199ba45ca6b97dff9"},"headline":"O T\u00cdTULO DA NOVA NOVELA DA GLOBA TEM GERADO DIVERSAS INTERPRETA\u00c7\u00d5ES NA REDE","datePublished":"2014-05-07T19:23:07+00:00","mainEntityOfPage":{"@id":"https:\/\/blogdofarnesio.com.br\/2014\/05\/o-titulo-da-nova-novela-da-globa-tem-gerado-diversas-interpretacoes-na-rede\/"},"wordCount":211,"commentCount":0,"publisher":{"@id":"https:\/\/blogdofarnesio.com.br\/#organization"},"image":{"@id":"https:\/\/blogdofarnesio.com.br\/2014\/05\/o-titulo-da-nova-novela-da-globa-tem-gerado-diversas-interpretacoes-na-rede\/#primaryimage"},"thumbnailUrl":"http:\/\/www.alagoastempo.com.br\/vgmidia\/290\/370\/t\/imagens\/57362_ext_arquivo.jpg","articleSection":["Pol\u00edtica"],"inLanguage":"pt-BR","potentialAction":[{"@type":"CommentAction","name":"Comment","target":["https:\/\/blogdofarnesio.com.br\/2014\/05\/o-titulo-da-nova-novela-da-globa-tem-gerado-diversas-interpretacoes-na-rede\/#respond"]}]},{"@type":"WebPage","@id":"https:\/\/blogdofarnesio.com.br\/2014\/05\/o-titulo-da-nova-novela-da-globa-tem-gerado-diversas-interpretacoes-na-rede\/","url":"https:\/\/blogdofarnesio.com.br\/2014\/05\/o-titulo-da-nova-novela-da-globa-tem-gerado-diversas-interpretacoes-na-rede\/","name":"O T\u00cdTULO DA NOVA NOVELA DA GLOBA TEM GERADO DIVERSAS INTERPRETA\u00c7\u00d5ES NA REDE - Blog do Farn\u00e9sio","isPartOf":{"@id":"https:\/\/blogdofarnesio.com.br\/#website"},"primaryImageOfPage":{"@id":"https:\/\/blogdofarnesio.com.br\/2014\/05\/o-titulo-da-nova-novela-da-globa-tem-gerado-diversas-interpretacoes-na-rede\/#primaryimage"},"image":{"@id":"https:\/\/blogdofarnesio.com.br\/2014\/05\/o-titulo-da-nova-novela-da-globa-tem-gerado-diversas-interpretacoes-na-rede\/#primaryimage"},"thumbnailUrl":"http:\/\/www.alagoastempo.com.br\/vgmidia\/290\/370\/t\/imagens\/57362_ext_arquivo.jpg","datePublished":"2014-05-07T19:23:07+00:00","breadcrumb":{"@id":"https:\/\/blogdofarnesio.com.br\/2014\/05\/o-titulo-da-nova-novela-da-globa-tem-gerado-diversas-interpretacoes-na-rede\/#breadcrumb"},"inLanguage":"pt-BR","potentialAction":[{"@type":"ReadAction","target":["https:\/\/blogdofarnesio.com.br\/2014\/05\/o-titulo-da-nova-novela-da-globa-tem-gerado-diversas-interpretacoes-na-rede\/"]}]},{"@type":"ImageObject","inLanguage":"pt-BR","@id":"https:\/\/blogdofarnesio.com.br\/2014\/05\/o-titulo-da-nova-novela-da-globa-tem-gerado-diversas-interpretacoes-na-rede\/#primaryimage","url":"http:\/\/www.alagoastempo.com.br\/vgmidia\/290\/370\/t\/imagens\/57362_ext_arquivo.jpg","contentUrl":"http:\/\/www.alagoastempo.com.br\/vgmidia\/290\/370\/t\/imagens\/57362_ext_arquivo.jpg"},{"@type":"BreadcrumbList","@id":"https:\/\/blogdofarnesio.com.br\/2014\/05\/o-titulo-da-nova-novela-da-globa-tem-gerado-diversas-interpretacoes-na-rede\/#breadcrumb","itemListElement":[{"@type":"ListItem","position":1,"name":"In\u00edcio","item":"https:\/\/blogdofarnesio.com.br\/"},{"@type":"ListItem","position":2,"name":"O T\u00cdTULO DA NOVA NOVELA DA GLOBA TEM GERADO DIVERSAS INTERPRETA\u00c7\u00d5ES NA REDE"}]},{"@type":"WebSite","@id":"https:\/\/blogdofarnesio.com.br\/#website","url":"https:\/\/blogdofarnesio.com.br\/","name":"Blog do Farn\u00e9sio","description":"Quer Saber Pol\u00edtica?","publisher":{"@id":"https:\/\/blogdofarnesio.com.br\/#organization"},"potentialAction":[{"@type":"SearchAction","target":{"@type":"EntryPoint","urlTemplate":"https:\/\/blogdofarnesio.com.br\/?s={search_term_string}"},"query-input":{"@type":"PropertyValueSpecification","valueRequired":true,"valueName":"search_term_string"}}],"inLanguage":"pt-BR"},{"@type":"Organization","@id":"https:\/\/blogdofarnesio.com.br\/#organization","name":"Blog do Farn\u00e9sio","url":"https:\/\/blogdofarnesio.com.br\/","logo":{"@type":"ImageObject","inLanguage":"pt-BR","@id":"https:\/\/blogdofarnesio.com.br\/#\/schema\/logo\/image\/","url":"https:\/\/blogdofarnesio.com.br\/wp-content\/uploads\/2026\/03\/cropped-logo_new-1.png","contentUrl":"https:\/\/blogdofarnesio.com.br\/wp-content\/uploads\/2026\/03\/cropped-logo_new-1.png","width":881,"height":685,"caption":"Blog do Farn\u00e9sio"},"image":{"@id":"https:\/\/blogdofarnesio.com.br\/#\/schema\/logo\/image\/"},"sameAs":["https:\/\/www.facebook.com\/BlogQuerSaberPolitica\/"]},{"@type":"Person","@id":"https:\/\/blogdofarnesio.com.br\/#\/schema\/person\/dd1bf5eba40b687199ba45ca6b97dff9","name":"teste","image":{"@type":"ImageObject","inLanguage":"pt-BR","@id":"https:\/\/secure.gravatar.com\/avatar\/2172498d4914b51e1d89a0f97957b035ac4938723a5cac208135d389b6972a6d?s=96&d=mm&r=g","url":"https:\/\/secure.gravatar.com\/avatar\/2172498d4914b51e1d89a0f97957b035ac4938723a5cac208135d389b6972a6d?s=96&d=mm&r=g","contentUrl":"https:\/\/secure.gravatar.com\/avatar\/2172498d4914b51e1d89a0f97957b035ac4938723a5cac208135d389b6972a6d?s=96&d=mm&r=g","caption":"teste"},"url":"https:\/\/blogdofarnesio.com.br\/author\/teste\/"}]}},"_links":{"self":[{"href":"https:\/\/blogdofarnesio.com.br\/wp-json\/wp\/v2\/posts\/82735","targetHints":{"allow":["GET"]}}],"collection":[{"href":"https:\/\/blogdofarnesio.com.br\/wp-json\/wp\/v2\/posts"}],"about":[{"href":"https:\/\/blogdofarnesio.com.br\/wp-json\/wp\/v2\/types\/post"}],"author":[{"embeddable":true,"href":"https:\/\/blogdofarnesio.com.br\/wp-json\/wp\/v2\/users\/3"}],"replies":[{"embeddable":true,"href":"https:\/\/blogdofarnesio.com.br\/wp-json\/wp\/v2\/comments?post=82735"}],"version-history":[{"count":0,"href":"https:\/\/blogdofarnesio.com.br\/wp-json\/wp\/v2\/posts\/82735\/revisions"}],"wp:attachment":[{"href":"https:\/\/blogdofarnesio.com.br\/wp-json\/wp\/v2\/media?parent=82735"}],"wp:term":[{"taxonomy":"category","embeddable":true,"href":"https:\/\/blogdofarnesio.com.br\/wp-json\/wp\/v2\/categories?post=82735"},{"taxonomy":"post_tag","embeddable":true,"href":"https:\/\/blogdofarnesio.com.br\/wp-json\/wp\/v2\/tags?post=82735"}],"curies":[{"name":"wp","href":"https:\/\/api.w.org\/{rel}","templated":true}]}}