{"id":82253,"date":"2014-05-05T07:00:50","date_gmt":"2014-05-05T10:00:50","guid":{"rendered":"http:\/\/www.quersaberpolitica.com.br\/?p=82253"},"modified":"2014-05-04T18:20:45","modified_gmt":"2014-05-04T21:20:45","slug":"de-salvador-para-curaca-3","status":"publish","type":"post","link":"https:\/\/blogdofarnesio.com.br\/?p=82253","title":{"rendered":"DE SALVADOR PARA CURA\u00c7\u00c1"},"content":{"rendered":"<div style=\"text-align: center\"><strong>PROCURADOR ELEITORAL PEDE CASSA\u00c7\u00c3O DO PREFEITO DE CURA\u00c7\u00c1<\/strong><\/div>\n<p style=\"text-align: justify\"><strong><a href=\"http:\/\/www.quersaberpolitica.com.br\/2016\/wp-content\/uploads\/2014\/05\/blogqspprocuradortrebaJosevando.jpg\"><img loading=\"lazy\" decoding=\"async\" class=\"aligncenter  wp-image-82254\" alt=\"blogqspprocuradortrebaJosevando\" src=\"http:\/\/www.quersaberpolitica.com.br\/2016\/wp-content\/uploads\/2014\/05\/blogqspprocuradortrebaJosevando.jpg\" width=\"512\" height=\"343\" srcset=\"https:\/\/blogdofarnesio.com.br\/wp-content\/uploads\/2014\/05\/blogqspprocuradortrebaJosevando.jpg 640w, https:\/\/blogdofarnesio.com.br\/wp-content\/uploads\/2014\/05\/blogqspprocuradortrebaJosevando-300x201.jpg 300w, https:\/\/blogdofarnesio.com.br\/wp-content\/uploads\/2014\/05\/blogqspprocuradortrebaJosevando-447x300.jpg 447w\" sizes=\"auto, (max-width: 512px) 100vw, 512px\" \/><\/a>AP<\/strong> &#8211; Est\u00e1 ficando cada dia mais complicada a situa\u00e7\u00e3o do prefeito do munic\u00edpio de Cura\u00e7\u00e1, Carlinhos Brand\u00e3o (PPS) devido \u00e0s den\u00fancias e processos que tramitam na justi\u00e7a.<\/p>\n<p style=\"text-align: justify\">Depois da Justi\u00e7a Eleitoral em Cura\u00e7\u00e1, atrav\u00e9s do juiz Adrianno Esp\u00ednola Sandes, acatar a den\u00fancia do Minist\u00e9rio P\u00fablico Estadual que pede a cassa\u00e7\u00e3o dos mandatos do prefeito e do vice, Rog\u00e9rio Bahia, devido a den\u00fancia da pr\u00e1tica de irregularidades cometida durante as elei\u00e7\u00f5es de 2012, agora \u00e9 a vez do Procuradoria Eleitoral da Bahia despachar o processo dando proced\u00eancia a decis\u00e3o tomada pelo juiz Adrianno Esp\u00ednola.<\/p>\n<p style=\"text-align: justify\"><em><strong>C\u00f3pia do espelho sobre o processo<\/strong><\/em><\/p>\n<table width=\"99%\" border=\"0\" cellspacing=\"0\" cellpadding=\"0\">\n<tbody>\n<tr>\n<td align=\"right\" width=\"15%\"><b>LOCALIZA\u00c7\u00c3O:<\/b><\/td>\n<td width=\"1%\"><\/td>\n<td width=\"61%\">COAJUC-COORDENADORIA DE ASSUNTOS JUR\u00cdDICOS E CORRECIONAIS<\/td>\n<td width=\"23%\"><\/td>\n<\/tr>\n<tr>\n<td align=\"right\" width=\"15%\"><b>FASE ATUAL:<\/b><\/td>\n<td width=\"1%\"><\/td>\n<td colspan=\"2\" width=\"84%\">22\/04\/2014 16:26-Recebido<\/td>\n<\/tr>\n<tr>\n<td colspan=\"4\" align=\"left\">\n<table width=\"100%\" cellspacing=\"0\" cellpadding=\"0\">\n<tbody>\n<tr>\n<td colspan=\"3\"><b>Andamentos<\/b><\/td>\n<\/tr>\n<tr>\n<td width=\"15%\"><b>Se\u00e7\u00e3o<\/b><\/td>\n<td width=\"25%\"><b>Data e Hora<\/b><\/td>\n<td width=\"60%\"><b>Andamento<\/b><\/td>\n<\/tr>\n<tr>\n<td width=\"15%\"><a>COAJUC<\/a><\/td>\n<td width=\"25%\">22\/04\/2014 16:26<\/td>\n<td width=\"60%\">Recebido<\/td>\n<\/tr>\n<tr>\n<td width=\"15%\"><a>COAPRO<\/a><\/td>\n<td width=\"25%\">22\/04\/2014 15:30<\/td>\n<td width=\"60%\">Enviado para COAJUC. Conclusos ao Relator &#8211; Juiz Josevando Souza Andrade.<\/td>\n<\/tr>\n<tr>\n<td width=\"15%\"><\/td>\n<td width=\"25%\"><\/td>\n<td width=\"60%\"><\/td>\n<\/tr>\n<\/tbody>\n<\/table>\n<\/td>\n<\/tr>\n<\/tbody>\n<\/table>\n<p style=\"text-align: justify\">De acordo parecer do juiz relator, Josevando Souza Andrade, em 22 de abril, o processo foi despachado para que o Tribunal Regional Eleitoral solicitando o afastamento dos cargos o prefeito e o vice cassados.<\/p>\n<p style=\"text-align: justify\"><em><strong>Comit\u00ea atento<!--more--><\/strong><\/em><\/p>\n<p style=\"text-align: justify\">Segundo o presidente do Comit\u00ea contra a Corrup\u00e7\u00e3o na Bahia, David Lima, os dias do prefeito est\u00e3o contados. \u201cO povo depositou, f\u00e9, esperan\u00e7a e confian\u00e7a em um prefeito manco, desastrado que afrontou a legisla\u00e7\u00e3o eleitoral diante das den\u00fancias da pr\u00e1tica de irregularidade nas elei\u00e7\u00f5es de 2012. As suas declara\u00e7\u00f5es pat\u00e9ticas tentando desafiar a imprensa demonstra o seu desespero para com os fatos. O pior, que ele deu pra ser servi\u00e7al e bajulador de um governo cruel que est\u00e1 a servi\u00e7o das trevas acabando com a Bahia para tentar se salvar.<\/p>\n<p style=\"text-align: justify\">Em Cura\u00e7\u00e1, o que se v\u00ea \u00e9 uma baderna administrativa onde quase todos os dias aparecem uma nova denuncia grave contra esse Senhor que est\u00e1 desorientado. Ent\u00e3o o procurador deu desprovimento do processo que est\u00e1 sendo encaminhado para o plen\u00e1rio, e l\u00e1 os magistrados, em respeito ao pr\u00f3prio Tribunal, dever\u00e3o afastar o prefeito e o vice de suas fun\u00e7\u00f5es. Eles ainda poder\u00e3o recorrer ao Tribunal Superior Eleitoral, mas eu ainda quero acreditar que eles recorrer\u00e3o fora do cargo\u201d, declarou.<\/p>\n<p style=\"text-align: justify\">David n\u00e3o acredita que haja dentro do Tribunal de Justi\u00e7a da Bahia influ\u00eancia pol\u00edtica para que o prefeito Carlinhos continue no cargo mesmo apoiando a elei\u00e7\u00e3o do candidato do Governador Jaques Wagner, Rui Costa (PT). \u201cHoje a filosofia do Tribunal \u00e9 de autonomia e n\u00e3o haver\u00e1 influ\u00eancia pol\u00edtica. O comit\u00ea acredita nas determina\u00e7\u00f5es do presidente do Tribunal, Lourival Trindade\u201d.<\/p>\n<p style=\"text-align: justify\"><em><strong>Autor do processo \u00a0<\/strong><\/em><\/p>\n<p style=\"text-align: justify\">A a\u00e7\u00e3o de impugna\u00e7\u00e3o do mandato foi impetrada pela Coliga\u00e7\u00e3o Democracia com Respeito e Realiza\u00e7\u00f5es, representada pelo advogado renomado, Marco Aur\u00e9lio Ferreira, e o ex-prefeito Salvador Lopes (PT). Eles acusam o prefeito eleito Carlinhos Brand\u00e3o, e seu vice, Rog\u00e9rio Bahia, da pratica de capta\u00e7\u00e3o il\u00edcita de sufr\u00e1gio e abuso do poder econ\u00f4mico atrav\u00e9s de gastos contabilizados durante as elei\u00e7\u00f5es de outubro de 2012.<b><a>\u00a0<\/a><\/b><\/p>\n<div style=\"text-align: justify\" align=\"center\"><span style=\"color: #366092\"><b><a>www.acaopopular.net\u00a0<\/a><\/b><\/span><\/div>\n","protected":false},"excerpt":{"rendered":"<p>PROCURADOR ELEITORAL PEDE CASSA\u00c7\u00c3O DO PREFEITO DE CURA\u00c7\u00c1 AP &#8211; Est\u00e1 ficando cada dia mais complicada a situa\u00e7\u00e3o do prefeito do munic\u00edpio de Cura\u00e7\u00e1, Carlinhos Brand\u00e3o (PPS) devido \u00e0s den\u00fancias e processos que tramitam na justi\u00e7a. Depois da Justi\u00e7a Eleitoral em Cura\u00e7\u00e1, atrav\u00e9s do juiz Adrianno Esp\u00ednola Sandes, acatar a den\u00fancia do Minist\u00e9rio P\u00fablico Estadual que pede a cassa\u00e7\u00e3o dos mandatos do prefeito e do vice, Rog\u00e9rio Bahia, devido a den\u00fancia da pr\u00e1tica de irregularidades cometida durante as elei\u00e7\u00f5es de 2012, agora \u00e9 a vez do Procuradoria Eleitoral da Bahia despachar o processo dando proced\u00eancia a decis\u00e3o tomada pelo juiz Adrianno Esp\u00ednola. C\u00f3pia do espelho sobre o processo LOCALIZA\u00c7\u00c3O: COAJUC-COORDENADORIA DE ASSUNTOS JUR\u00cdDICOS E CORRECIONAIS FASE ATUAL: 22\/04\/2014 16:26-Recebido Andamentos&hellip; <\/p>\n","protected":false},"author":3,"featured_media":0,"comment_status":"open","ping_status":"open","sticky":false,"template":"","format":"standard","meta":{"_acf_changed":false,"footnotes":""},"categories":[27],"tags":[],"class_list":["post-82253","post","type-post","status-publish","format-standard","hentry","category-cidades"],"acf":[],"yoast_head":"<!-- This site is optimized with the Yoast SEO plugin v27.4 - https:\/\/yoast.com\/product\/yoast-seo-wordpress\/ -->\n<title>DE SALVADOR PARA CURA\u00c7\u00c1 - Blog do Farn\u00e9sio<\/title>\n<meta name=\"robots\" content=\"index, follow, max-snippet:-1, max-image-preview:large, max-video-preview:-1\" \/>\n<link rel=\"canonical\" href=\"https:\/\/blogdofarnesio.com.br\/?p=82253\" \/>\n<meta property=\"og:locale\" content=\"pt_BR\" \/>\n<meta property=\"og:type\" content=\"article\" \/>\n<meta property=\"og:title\" content=\"DE SALVADOR PARA CURA\u00c7\u00c1 - Blog do Farn\u00e9sio\" \/>\n<meta property=\"og:description\" content=\"PROCURADOR ELEITORAL PEDE CASSA\u00c7\u00c3O DO PREFEITO DE CURA\u00c7\u00c1 AP &#8211; Est\u00e1 ficando cada dia mais complicada a situa\u00e7\u00e3o do prefeito do munic\u00edpio de Cura\u00e7\u00e1, Carlinhos Brand\u00e3o (PPS) devido \u00e0s den\u00fancias e processos que tramitam na justi\u00e7a. Depois da Justi\u00e7a Eleitoral em Cura\u00e7\u00e1, atrav\u00e9s do juiz Adrianno Esp\u00ednola Sandes, acatar a den\u00fancia do Minist\u00e9rio P\u00fablico Estadual que pede a cassa\u00e7\u00e3o dos mandatos do prefeito e do vice, Rog\u00e9rio Bahia, devido a den\u00fancia da pr\u00e1tica de irregularidades cometida durante as elei\u00e7\u00f5es de 2012, agora \u00e9 a vez do Procuradoria Eleitoral da Bahia despachar o processo dando proced\u00eancia a decis\u00e3o tomada pelo juiz Adrianno Esp\u00ednola. C\u00f3pia do espelho sobre o processo LOCALIZA\u00c7\u00c3O: COAJUC-COORDENADORIA DE ASSUNTOS JUR\u00cdDICOS E CORRECIONAIS FASE ATUAL: 22\/04\/2014 16:26-Recebido Andamentos&hellip;\" \/>\n<meta property=\"og:url\" content=\"https:\/\/blogdofarnesio.com.br\/?p=82253\" \/>\n<meta property=\"og:site_name\" content=\"Blog do Farn\u00e9sio\" \/>\n<meta property=\"article:publisher\" content=\"https:\/\/www.facebook.com\/BlogQuerSaberPolitica\/\" \/>\n<meta property=\"article:published_time\" content=\"2014-05-05T10:00:50+00:00\" \/>\n<meta property=\"og:image\" content=\"http:\/\/www.quersaberpolitica.com.br\/2016\/wp-content\/uploads\/2014\/05\/blogqspprocuradortrebaJosevando.jpg\" \/>\n<meta name=\"author\" content=\"teste\" \/>\n<meta name=\"twitter:card\" content=\"summary_large_image\" \/>\n<meta name=\"twitter:label1\" content=\"Escrito por\" \/>\n\t<meta name=\"twitter:data1\" content=\"teste\" \/>\n\t<meta name=\"twitter:label2\" content=\"Est. tempo de leitura\" \/>\n\t<meta name=\"twitter:data2\" content=\"3 minutos\" \/>\n<script type=\"application\/ld+json\" class=\"yoast-schema-graph\">{\"@context\":\"https:\\\/\\\/schema.org\",\"@graph\":[{\"@type\":\"Article\",\"@id\":\"https:\\\/\\\/blogdofarnesio.com.br\\\/?p=82253#article\",\"isPartOf\":{\"@id\":\"https:\\\/\\\/blogdofarnesio.com.br\\\/?p=82253\"},\"author\":{\"name\":\"teste\",\"@id\":\"https:\\\/\\\/blogdofarnesio.com.br\\\/#\\\/schema\\\/person\\\/dd1bf5eba40b687199ba45ca6b97dff9\"},\"headline\":\"DE SALVADOR PARA CURA\u00c7\u00c1\",\"datePublished\":\"2014-05-05T10:00:50+00:00\",\"mainEntityOfPage\":{\"@id\":\"https:\\\/\\\/blogdofarnesio.com.br\\\/?p=82253\"},\"wordCount\":533,\"commentCount\":2,\"publisher\":{\"@id\":\"https:\\\/\\\/blogdofarnesio.com.br\\\/#organization\"},\"image\":{\"@id\":\"https:\\\/\\\/blogdofarnesio.com.br\\\/?p=82253#primaryimage\"},\"thumbnailUrl\":\"http:\\\/\\\/www.quersaberpolitica.com.br\\\/2016\\\/wp-content\\\/uploads\\\/2014\\\/05\\\/blogqspprocuradortrebaJosevando.jpg\",\"articleSection\":[\"Cidades\"],\"inLanguage\":\"pt-BR\",\"potentialAction\":[{\"@type\":\"CommentAction\",\"name\":\"Comment\",\"target\":[\"https:\\\/\\\/blogdofarnesio.com.br\\\/?p=82253#respond\"]}]},{\"@type\":\"WebPage\",\"@id\":\"https:\\\/\\\/blogdofarnesio.com.br\\\/?p=82253\",\"url\":\"https:\\\/\\\/blogdofarnesio.com.br\\\/?p=82253\",\"name\":\"DE SALVADOR PARA CURA\u00c7\u00c1 - Blog do Farn\u00e9sio\",\"isPartOf\":{\"@id\":\"https:\\\/\\\/blogdofarnesio.com.br\\\/#website\"},\"primaryImageOfPage\":{\"@id\":\"https:\\\/\\\/blogdofarnesio.com.br\\\/?p=82253#primaryimage\"},\"image\":{\"@id\":\"https:\\\/\\\/blogdofarnesio.com.br\\\/?p=82253#primaryimage\"},\"thumbnailUrl\":\"http:\\\/\\\/www.quersaberpolitica.com.br\\\/2016\\\/wp-content\\\/uploads\\\/2014\\\/05\\\/blogqspprocuradortrebaJosevando.jpg\",\"datePublished\":\"2014-05-05T10:00:50+00:00\",\"breadcrumb\":{\"@id\":\"https:\\\/\\\/blogdofarnesio.com.br\\\/?p=82253#breadcrumb\"},\"inLanguage\":\"pt-BR\",\"potentialAction\":[{\"@type\":\"ReadAction\",\"target\":[\"https:\\\/\\\/blogdofarnesio.com.br\\\/?p=82253\"]}]},{\"@type\":\"ImageObject\",\"inLanguage\":\"pt-BR\",\"@id\":\"https:\\\/\\\/blogdofarnesio.com.br\\\/?p=82253#primaryimage\",\"url\":\"http:\\\/\\\/www.quersaberpolitica.com.br\\\/2016\\\/wp-content\\\/uploads\\\/2014\\\/05\\\/blogqspprocuradortrebaJosevando.jpg\",\"contentUrl\":\"http:\\\/\\\/www.quersaberpolitica.com.br\\\/2016\\\/wp-content\\\/uploads\\\/2014\\\/05\\\/blogqspprocuradortrebaJosevando.jpg\"},{\"@type\":\"BreadcrumbList\",\"@id\":\"https:\\\/\\\/blogdofarnesio.com.br\\\/?p=82253#breadcrumb\",\"itemListElement\":[{\"@type\":\"ListItem\",\"position\":1,\"name\":\"In\u00edcio\",\"item\":\"https:\\\/\\\/blogdofarnesio.com.br\\\/\"},{\"@type\":\"ListItem\",\"position\":2,\"name\":\"DE SALVADOR PARA CURA\u00c7\u00c1\"}]},{\"@type\":\"WebSite\",\"@id\":\"https:\\\/\\\/blogdofarnesio.com.br\\\/#website\",\"url\":\"https:\\\/\\\/blogdofarnesio.com.br\\\/\",\"name\":\"Blog do Farn\u00e9sio\",\"description\":\"Quer Saber Pol\u00edtica?\",\"publisher\":{\"@id\":\"https:\\\/\\\/blogdofarnesio.com.br\\\/#organization\"},\"potentialAction\":[{\"@type\":\"SearchAction\",\"target\":{\"@type\":\"EntryPoint\",\"urlTemplate\":\"https:\\\/\\\/blogdofarnesio.com.br\\\/?s={search_term_string}\"},\"query-input\":{\"@type\":\"PropertyValueSpecification\",\"valueRequired\":true,\"valueName\":\"search_term_string\"}}],\"inLanguage\":\"pt-BR\"},{\"@type\":\"Organization\",\"@id\":\"https:\\\/\\\/blogdofarnesio.com.br\\\/#organization\",\"name\":\"Blog do Farn\u00e9sio\",\"url\":\"https:\\\/\\\/blogdofarnesio.com.br\\\/\",\"logo\":{\"@type\":\"ImageObject\",\"inLanguage\":\"pt-BR\",\"@id\":\"https:\\\/\\\/blogdofarnesio.com.br\\\/#\\\/schema\\\/logo\\\/image\\\/\",\"url\":\"https:\\\/\\\/blogdofarnesio.com.br\\\/wp-content\\\/uploads\\\/2026\\\/03\\\/cropped-logo_new-1.png\",\"contentUrl\":\"https:\\\/\\\/blogdofarnesio.com.br\\\/wp-content\\\/uploads\\\/2026\\\/03\\\/cropped-logo_new-1.png\",\"width\":881,\"height\":685,\"caption\":\"Blog do Farn\u00e9sio\"},\"image\":{\"@id\":\"https:\\\/\\\/blogdofarnesio.com.br\\\/#\\\/schema\\\/logo\\\/image\\\/\"},\"sameAs\":[\"https:\\\/\\\/www.facebook.com\\\/BlogQuerSaberPolitica\\\/\"]},{\"@type\":\"Person\",\"@id\":\"https:\\\/\\\/blogdofarnesio.com.br\\\/#\\\/schema\\\/person\\\/dd1bf5eba40b687199ba45ca6b97dff9\",\"name\":\"teste\",\"image\":{\"@type\":\"ImageObject\",\"inLanguage\":\"pt-BR\",\"@id\":\"https:\\\/\\\/secure.gravatar.com\\\/avatar\\\/2172498d4914b51e1d89a0f97957b035ac4938723a5cac208135d389b6972a6d?s=96&d=mm&r=g\",\"url\":\"https:\\\/\\\/secure.gravatar.com\\\/avatar\\\/2172498d4914b51e1d89a0f97957b035ac4938723a5cac208135d389b6972a6d?s=96&d=mm&r=g\",\"contentUrl\":\"https:\\\/\\\/secure.gravatar.com\\\/avatar\\\/2172498d4914b51e1d89a0f97957b035ac4938723a5cac208135d389b6972a6d?s=96&d=mm&r=g\",\"caption\":\"teste\"},\"url\":\"https:\\\/\\\/blogdofarnesio.com.br\\\/?author=3\"}]}<\/script>\n<!-- \/ Yoast SEO plugin. -->","yoast_head_json":{"title":"DE SALVADOR PARA CURA\u00c7\u00c1 - Blog do Farn\u00e9sio","robots":{"index":"index","follow":"follow","max-snippet":"max-snippet:-1","max-image-preview":"max-image-preview:large","max-video-preview":"max-video-preview:-1"},"canonical":"https:\/\/blogdofarnesio.com.br\/?p=82253","og_locale":"pt_BR","og_type":"article","og_title":"DE SALVADOR PARA CURA\u00c7\u00c1 - Blog do Farn\u00e9sio","og_description":"PROCURADOR ELEITORAL PEDE CASSA\u00c7\u00c3O DO PREFEITO DE CURA\u00c7\u00c1 AP &#8211; Est\u00e1 ficando cada dia mais complicada a situa\u00e7\u00e3o do prefeito do munic\u00edpio de Cura\u00e7\u00e1, Carlinhos Brand\u00e3o (PPS) devido \u00e0s den\u00fancias e processos que tramitam na justi\u00e7a. Depois da Justi\u00e7a Eleitoral em Cura\u00e7\u00e1, atrav\u00e9s do juiz Adrianno Esp\u00ednola Sandes, acatar a den\u00fancia do Minist\u00e9rio P\u00fablico Estadual que pede a cassa\u00e7\u00e3o dos mandatos do prefeito e do vice, Rog\u00e9rio Bahia, devido a den\u00fancia da pr\u00e1tica de irregularidades cometida durante as elei\u00e7\u00f5es de 2012, agora \u00e9 a vez do Procuradoria Eleitoral da Bahia despachar o processo dando proced\u00eancia a decis\u00e3o tomada pelo juiz Adrianno Esp\u00ednola. C\u00f3pia do espelho sobre o processo LOCALIZA\u00c7\u00c3O: COAJUC-COORDENADORIA DE ASSUNTOS JUR\u00cdDICOS E CORRECIONAIS FASE ATUAL: 22\/04\/2014 16:26-Recebido Andamentos&hellip;","og_url":"https:\/\/blogdofarnesio.com.br\/?p=82253","og_site_name":"Blog do Farn\u00e9sio","article_publisher":"https:\/\/www.facebook.com\/BlogQuerSaberPolitica\/","article_published_time":"2014-05-05T10:00:50+00:00","og_image":[{"url":"http:\/\/www.quersaberpolitica.com.br\/2016\/wp-content\/uploads\/2014\/05\/blogqspprocuradortrebaJosevando.jpg","type":"","width":"","height":""}],"author":"teste","twitter_card":"summary_large_image","twitter_misc":{"Escrito por":"teste","Est. tempo de leitura":"3 minutos"},"schema":{"@context":"https:\/\/schema.org","@graph":[{"@type":"Article","@id":"https:\/\/blogdofarnesio.com.br\/?p=82253#article","isPartOf":{"@id":"https:\/\/blogdofarnesio.com.br\/?p=82253"},"author":{"name":"teste","@id":"https:\/\/blogdofarnesio.com.br\/#\/schema\/person\/dd1bf5eba40b687199ba45ca6b97dff9"},"headline":"DE SALVADOR PARA CURA\u00c7\u00c1","datePublished":"2014-05-05T10:00:50+00:00","mainEntityOfPage":{"@id":"https:\/\/blogdofarnesio.com.br\/?p=82253"},"wordCount":533,"commentCount":2,"publisher":{"@id":"https:\/\/blogdofarnesio.com.br\/#organization"},"image":{"@id":"https:\/\/blogdofarnesio.com.br\/?p=82253#primaryimage"},"thumbnailUrl":"http:\/\/www.quersaberpolitica.com.br\/2016\/wp-content\/uploads\/2014\/05\/blogqspprocuradortrebaJosevando.jpg","articleSection":["Cidades"],"inLanguage":"pt-BR","potentialAction":[{"@type":"CommentAction","name":"Comment","target":["https:\/\/blogdofarnesio.com.br\/?p=82253#respond"]}]},{"@type":"WebPage","@id":"https:\/\/blogdofarnesio.com.br\/?p=82253","url":"https:\/\/blogdofarnesio.com.br\/?p=82253","name":"DE SALVADOR PARA CURA\u00c7\u00c1 - Blog do Farn\u00e9sio","isPartOf":{"@id":"https:\/\/blogdofarnesio.com.br\/#website"},"primaryImageOfPage":{"@id":"https:\/\/blogdofarnesio.com.br\/?p=82253#primaryimage"},"image":{"@id":"https:\/\/blogdofarnesio.com.br\/?p=82253#primaryimage"},"thumbnailUrl":"http:\/\/www.quersaberpolitica.com.br\/2016\/wp-content\/uploads\/2014\/05\/blogqspprocuradortrebaJosevando.jpg","datePublished":"2014-05-05T10:00:50+00:00","breadcrumb":{"@id":"https:\/\/blogdofarnesio.com.br\/?p=82253#breadcrumb"},"inLanguage":"pt-BR","potentialAction":[{"@type":"ReadAction","target":["https:\/\/blogdofarnesio.com.br\/?p=82253"]}]},{"@type":"ImageObject","inLanguage":"pt-BR","@id":"https:\/\/blogdofarnesio.com.br\/?p=82253#primaryimage","url":"http:\/\/www.quersaberpolitica.com.br\/2016\/wp-content\/uploads\/2014\/05\/blogqspprocuradortrebaJosevando.jpg","contentUrl":"http:\/\/www.quersaberpolitica.com.br\/2016\/wp-content\/uploads\/2014\/05\/blogqspprocuradortrebaJosevando.jpg"},{"@type":"BreadcrumbList","@id":"https:\/\/blogdofarnesio.com.br\/?p=82253#breadcrumb","itemListElement":[{"@type":"ListItem","position":1,"name":"In\u00edcio","item":"https:\/\/blogdofarnesio.com.br\/"},{"@type":"ListItem","position":2,"name":"DE SALVADOR PARA CURA\u00c7\u00c1"}]},{"@type":"WebSite","@id":"https:\/\/blogdofarnesio.com.br\/#website","url":"https:\/\/blogdofarnesio.com.br\/","name":"Blog do Farn\u00e9sio","description":"Quer Saber Pol\u00edtica?","publisher":{"@id":"https:\/\/blogdofarnesio.com.br\/#organization"},"potentialAction":[{"@type":"SearchAction","target":{"@type":"EntryPoint","urlTemplate":"https:\/\/blogdofarnesio.com.br\/?s={search_term_string}"},"query-input":{"@type":"PropertyValueSpecification","valueRequired":true,"valueName":"search_term_string"}}],"inLanguage":"pt-BR"},{"@type":"Organization","@id":"https:\/\/blogdofarnesio.com.br\/#organization","name":"Blog do Farn\u00e9sio","url":"https:\/\/blogdofarnesio.com.br\/","logo":{"@type":"ImageObject","inLanguage":"pt-BR","@id":"https:\/\/blogdofarnesio.com.br\/#\/schema\/logo\/image\/","url":"https:\/\/blogdofarnesio.com.br\/wp-content\/uploads\/2026\/03\/cropped-logo_new-1.png","contentUrl":"https:\/\/blogdofarnesio.com.br\/wp-content\/uploads\/2026\/03\/cropped-logo_new-1.png","width":881,"height":685,"caption":"Blog do Farn\u00e9sio"},"image":{"@id":"https:\/\/blogdofarnesio.com.br\/#\/schema\/logo\/image\/"},"sameAs":["https:\/\/www.facebook.com\/BlogQuerSaberPolitica\/"]},{"@type":"Person","@id":"https:\/\/blogdofarnesio.com.br\/#\/schema\/person\/dd1bf5eba40b687199ba45ca6b97dff9","name":"teste","image":{"@type":"ImageObject","inLanguage":"pt-BR","@id":"https:\/\/secure.gravatar.com\/avatar\/2172498d4914b51e1d89a0f97957b035ac4938723a5cac208135d389b6972a6d?s=96&d=mm&r=g","url":"https:\/\/secure.gravatar.com\/avatar\/2172498d4914b51e1d89a0f97957b035ac4938723a5cac208135d389b6972a6d?s=96&d=mm&r=g","contentUrl":"https:\/\/secure.gravatar.com\/avatar\/2172498d4914b51e1d89a0f97957b035ac4938723a5cac208135d389b6972a6d?s=96&d=mm&r=g","caption":"teste"},"url":"https:\/\/blogdofarnesio.com.br\/?author=3"}]}},"_links":{"self":[{"href":"https:\/\/blogdofarnesio.com.br\/index.php?rest_route=\/wp\/v2\/posts\/82253","targetHints":{"allow":["GET"]}}],"collection":[{"href":"https:\/\/blogdofarnesio.com.br\/index.php?rest_route=\/wp\/v2\/posts"}],"about":[{"href":"https:\/\/blogdofarnesio.com.br\/index.php?rest_route=\/wp\/v2\/types\/post"}],"author":[{"embeddable":true,"href":"https:\/\/blogdofarnesio.com.br\/index.php?rest_route=\/wp\/v2\/users\/3"}],"replies":[{"embeddable":true,"href":"https:\/\/blogdofarnesio.com.br\/index.php?rest_route=%2Fwp%2Fv2%2Fcomments&post=82253"}],"version-history":[{"count":0,"href":"https:\/\/blogdofarnesio.com.br\/index.php?rest_route=\/wp\/v2\/posts\/82253\/revisions"}],"wp:attachment":[{"href":"https:\/\/blogdofarnesio.com.br\/index.php?rest_route=%2Fwp%2Fv2%2Fmedia&parent=82253"}],"wp:term":[{"taxonomy":"category","embeddable":true,"href":"https:\/\/blogdofarnesio.com.br\/index.php?rest_route=%2Fwp%2Fv2%2Fcategories&post=82253"},{"taxonomy":"post_tag","embeddable":true,"href":"https:\/\/blogdofarnesio.com.br\/index.php?rest_route=%2Fwp%2Fv2%2Ftags&post=82253"}],"curies":[{"name":"wp","href":"https:\/\/api.w.org\/{rel}","templated":true}]}}