{"id":8221,"date":"2011-11-10T07:34:15","date_gmt":"2011-11-10T07:34:15","guid":{"rendered":"http:\/\/www.quersaberpolitica.com.br?p=8221"},"modified":"-0001-11-30T00:00:00","modified_gmt":"-0001-11-30T03:00:00","slug":"dia-nacional-de-prevencao-e-combate-a-surdez-sera-comemorado-nesta-quintafeira-em-petrolina","status":"publish","type":"post","link":"https:\/\/blogdofarnesio.com.br\/?p=8221","title":{"rendered":"Dia Nacional de Preven\u00e7\u00e3o e Combate \u00e0 Surdez ser\u00e1 comemorado nesta quinta-feira em Petrolina"},"content":{"rendered":"<p style=\"text-align: justify;\"><span style=\"font-size: small;\"><a rel=\"lightbox\" href=\"http:\/\/www.quersaberpolitica.com.br\/2016\/wp-content\/uploads\/2012\/12\/blogqspcombatesurdezcomemoracaopet.jpg\"><img loading=\"lazy\" decoding=\"async\" style=\"margin-top: 5px; margin-bottom: 5px; margin-left: 10px; margin-right: 10px; float: left;\" title=\"Imagem Divulga&ccedil;&atilde;o | Arquivo SMS\" src=\"http:\/\/www.quersaberpolitica.com.br\/2016\/wp-content\/uploads\/2012\/12\/blogqspcombatesurdezcomemoracaopet.jpg\" alt=\"\" width=\"200\" height=\"143\" \/><\/a>A Secretaria Municipal de Sa&uacute;de (SMS), atrav&eacute;s do Centro Auditivo Ari Brasil, promover&aacute; nesta quinta-feira (10), um dia de atividades em comemora&ccedil;&atilde;o ao Dia de Preven&ccedil;&atilde;o &agrave; Surdez. A a&ccedil;&atilde;o, que conta com a parceria da Secretaria de Acessibilidade, ir&aacute; disponibilizar atendimentos, que acontecer&atilde;o das 7h30 &agrave;s 12h, no pr&oacute;prio Centro Auditivo.&nbsp; Na ocasi&atilde;o, tamb&eacute;m ser&atilde;o entregues os certificados para os alunos que participaram e conclu&iacute;ram o curso de Libras, oferecido pela Prefeitura Municipal de Petrolina.<\/span><\/p>\n<p style=\"text-align: justify;\"><span style=\"font-size: small;\">De acordo com a coordenadora do servi&ccedil;o, Fabiane Gon&ccedil;alves, ser&atilde;o disponibilizados 90 atendimentos, entre consultas m&eacute;dicas, onde ser&aacute; avaliada a audi&ccedil;&atilde;o do paciente, podendo assim identificar poss&iacute;veis problemas, al&eacute;m do teste da orelhinha, direcionado para crian&ccedil;as rec&eacute;m-nascidas.&nbsp; &#8220;Estamos organizando essa mobiliza&ccedil;&atilde;o porque sabemos da import&acirc;ncia do diagn&oacute;stico precoce no caso das doen&ccedil;as auditivas. E &eacute; isso que estamos fazendo: avaliando e verificando se h&aacute; algum tipo de defici&ecirc;ncia, para que possamos tratar a tempo, com todos os recursos que temos a disposi&ccedil;&atilde;o, evitando assim que ocorram maiores danos&#8221;, explicou.<\/span><\/p>\n<p style=\"text-align: justify;\"><span style=\"font-size: small;\">Dados da Organiza&ccedil;&atilde;o Mundial da Sa&uacute;de (OMS) revelam que 10% da popula&ccedil;&atilde;o sofre com algum tipo de problema auditivo. &nbsp;Segundo especialistas, a surdez pode ser gen&eacute;tica, podendo atingir de 3 a 5 crian&ccedil;as em cada 1.000 nascidos no Brasil. Uma das solu&ccedil;&otilde;es para reduzir esses n&uacute;meros est&aacute; na realiza&ccedil;&atilde;o do Teste da Orelhinha. Estudos comprovam que quando o teste &eacute; realizado nos seis primeiros meses de vida, as chances de resgatar a audi&ccedil;&atilde;o chegam a quase 100%. J&aacute; na terceira idade, a perda auditiva come&ccedil;a a ser percept&iacute;vel a partir dos 65 anos de idade. Em todos os casos, com tratamento, acompanhamento adequado com profissionais especializados e com a ajuda de aparelhos, &eacute; poss&iacute;vel voltar a ouvir.<\/span><\/p>\n<p style=\"text-align: justify;\"><span style=\"font-size: small;\"><strong>Atendimento<\/strong>&nbsp;&#8211; Os interessados devem procurar o Centro Auditivo Ari Brasil e ter em m&atilde;os documento de identifica&ccedil;&atilde;o com foto e comprovante de resid&ecirc;ncia. Nesta quinta-feira (10), os atendimentos acontecer&atilde;o por demanda espont&acirc;nea, sem que seja necess&aacute;rio agendar a consulta. O Centro Auditivo Municipal fica localizado na Rua Tobias Barreto, n&ordm; 240.<\/span><\/p>\n<p style=\"text-align: justify;\"><span style=\"font-size: small;\">(Taisa Alencar &#8211; Ascom Petrolina)<\/span><\/p>\n","protected":false},"excerpt":{"rendered":"<p>A Secretaria Municipal de Sa&uacute;de (SMS), atrav&eacute;s do Centro Auditivo Ari Brasil, promover&aacute; nesta quinta-feira (10), um dia de atividades em comemora&ccedil;&atilde;o ao Dia de Preven&ccedil;&atilde;o &agrave; Surdez. A a&ccedil;&atilde;o, que conta com a parceria da Secretaria de Acessibilidade, ir&aacute; disponibilizar atendimentos, que acontecer&atilde;o das 7h30 &agrave;s 12h, no pr&oacute;prio Centro Auditivo.&nbsp; Na ocasi&atilde;o, tamb&eacute;m ser&atilde;o entregues os certificados para os alunos que participaram e conclu&iacute;ram o curso de Libras, oferecido pela Prefeitura Municipal de Petrolina. De acordo com a coordenadora do servi&ccedil;o, Fabiane Gon&ccedil;alves, ser&atilde;o disponibilizados 90 atendimentos, entre consultas m&eacute;dicas, onde ser&aacute; avaliada a audi&ccedil;&atilde;o do paciente, podendo assim identificar poss&iacute;veis problemas, al&eacute;m do teste da orelhinha, direcionado para crian&ccedil;as rec&eacute;m-nascidas.&nbsp; &#8220;Estamos organizando essa mobiliza&ccedil;&atilde;o porque sabemos da&hellip; <\/p>\n","protected":false},"author":0,"featured_media":0,"comment_status":"open","ping_status":"open","sticky":false,"template":"","format":"standard","meta":{"_acf_changed":false,"footnotes":""},"categories":[3],"tags":[],"class_list":["post-8221","post","type-post","status-publish","format-standard","hentry","category-entretenimento"],"acf":[],"yoast_head":"<!-- This site is optimized with the Yoast SEO plugin v27.4 - https:\/\/yoast.com\/product\/yoast-seo-wordpress\/ -->\n<title>Dia Nacional de Preven\u00e7\u00e3o e Combate \u00e0 Surdez ser\u00e1 comemorado nesta quinta-feira em Petrolina - Blog do Farn\u00e9sio<\/title>\n<meta name=\"robots\" content=\"index, follow, max-snippet:-1, max-image-preview:large, max-video-preview:-1\" \/>\n<link rel=\"canonical\" href=\"http:\/\/blogdofarnesio.com.br\/?p=8221\" \/>\n<meta property=\"og:locale\" content=\"pt_BR\" \/>\n<meta property=\"og:type\" content=\"article\" \/>\n<meta property=\"og:title\" content=\"Dia Nacional de Preven\u00e7\u00e3o e Combate \u00e0 Surdez ser\u00e1 comemorado nesta quinta-feira em Petrolina - Blog do Farn\u00e9sio\" \/>\n<meta property=\"og:description\" content=\"A Secretaria Municipal de Sa&uacute;de (SMS), atrav&eacute;s do Centro Auditivo Ari Brasil, promover&aacute; nesta quinta-feira (10), um dia de atividades em comemora&ccedil;&atilde;o ao Dia de Preven&ccedil;&atilde;o &agrave; Surdez. A a&ccedil;&atilde;o, que conta com a parceria da Secretaria de Acessibilidade, ir&aacute; disponibilizar atendimentos, que acontecer&atilde;o das 7h30 &agrave;s 12h, no pr&oacute;prio Centro Auditivo.&nbsp; Na ocasi&atilde;o, tamb&eacute;m ser&atilde;o entregues os certificados para os alunos que participaram e conclu&iacute;ram o curso de Libras, oferecido pela Prefeitura Municipal de Petrolina. De acordo com a coordenadora do servi&ccedil;o, Fabiane Gon&ccedil;alves, ser&atilde;o disponibilizados 90 atendimentos, entre consultas m&eacute;dicas, onde ser&aacute; avaliada a audi&ccedil;&atilde;o do paciente, podendo assim identificar poss&iacute;veis problemas, al&eacute;m do teste da orelhinha, direcionado para crian&ccedil;as rec&eacute;m-nascidas.&nbsp; &#8220;Estamos organizando essa mobiliza&ccedil;&atilde;o porque sabemos da&hellip;\" \/>\n<meta property=\"og:url\" content=\"http:\/\/blogdofarnesio.com.br\/?p=8221\" \/>\n<meta property=\"og:site_name\" content=\"Blog do Farn\u00e9sio\" \/>\n<meta property=\"article:publisher\" content=\"https:\/\/www.facebook.com\/BlogQuerSaberPolitica\/\" \/>\n<meta property=\"article:published_time\" content=\"2011-11-10T07:34:15+00:00\" \/>\n<meta property=\"og:image\" content=\"http:\/\/www.quersaberpolitica.com.br\/2016\/wp-content\/uploads\/2012\/12\/blogqspcombatesurdezcomemoracaopet.jpg\" \/>\n<meta name=\"twitter:card\" content=\"summary_large_image\" \/>\n<meta name=\"twitter:label1\" content=\"Est. tempo de leitura\" \/>\n\t<meta name=\"twitter:data1\" content=\"2 minutos\" \/>\n<script type=\"application\/ld+json\" class=\"yoast-schema-graph\">{\"@context\":\"https:\\\/\\\/schema.org\",\"@graph\":[{\"@type\":\"Article\",\"@id\":\"http:\\\/\\\/blogdofarnesio.com.br\\\/?p=8221#article\",\"isPartOf\":{\"@id\":\"http:\\\/\\\/blogdofarnesio.com.br\\\/?p=8221\"},\"author\":{\"name\":\"\",\"@id\":\"\"},\"headline\":\"Dia Nacional de Preven\u00e7\u00e3o e Combate \u00e0 Surdez ser\u00e1 comemorado nesta quinta-feira em Petrolina\",\"datePublished\":\"2011-11-10T07:34:15+00:00\",\"mainEntityOfPage\":{\"@id\":\"http:\\\/\\\/blogdofarnesio.com.br\\\/?p=8221\"},\"wordCount\":455,\"commentCount\":0,\"publisher\":{\"@id\":\"https:\\\/\\\/blogdofarnesio.com.br\\\/#organization\"},\"image\":{\"@id\":\"http:\\\/\\\/blogdofarnesio.com.br\\\/?p=8221#primaryimage\"},\"thumbnailUrl\":\"http:\\\/\\\/www.quersaberpolitica.com.br\\\/2016\\\/wp-content\\\/uploads\\\/2012\\\/12\\\/blogqspcombatesurdezcomemoracaopet.jpg\",\"articleSection\":[\"Entretenimento\"],\"inLanguage\":\"pt-BR\",\"potentialAction\":[{\"@type\":\"CommentAction\",\"name\":\"Comment\",\"target\":[\"http:\\\/\\\/blogdofarnesio.com.br\\\/?p=8221#respond\"]}]},{\"@type\":\"WebPage\",\"@id\":\"http:\\\/\\\/blogdofarnesio.com.br\\\/?p=8221\",\"url\":\"http:\\\/\\\/blogdofarnesio.com.br\\\/?p=8221\",\"name\":\"Dia Nacional de Preven\u00e7\u00e3o e Combate \u00e0 Surdez ser\u00e1 comemorado nesta quinta-feira em Petrolina - Blog do Farn\u00e9sio\",\"isPartOf\":{\"@id\":\"https:\\\/\\\/blogdofarnesio.com.br\\\/#website\"},\"primaryImageOfPage\":{\"@id\":\"http:\\\/\\\/blogdofarnesio.com.br\\\/?p=8221#primaryimage\"},\"image\":{\"@id\":\"http:\\\/\\\/blogdofarnesio.com.br\\\/?p=8221#primaryimage\"},\"thumbnailUrl\":\"http:\\\/\\\/www.quersaberpolitica.com.br\\\/2016\\\/wp-content\\\/uploads\\\/2012\\\/12\\\/blogqspcombatesurdezcomemoracaopet.jpg\",\"datePublished\":\"2011-11-10T07:34:15+00:00\",\"breadcrumb\":{\"@id\":\"http:\\\/\\\/blogdofarnesio.com.br\\\/?p=8221#breadcrumb\"},\"inLanguage\":\"pt-BR\",\"potentialAction\":[{\"@type\":\"ReadAction\",\"target\":[\"http:\\\/\\\/blogdofarnesio.com.br\\\/?p=8221\"]}]},{\"@type\":\"ImageObject\",\"inLanguage\":\"pt-BR\",\"@id\":\"http:\\\/\\\/blogdofarnesio.com.br\\\/?p=8221#primaryimage\",\"url\":\"http:\\\/\\\/www.quersaberpolitica.com.br\\\/2016\\\/wp-content\\\/uploads\\\/2012\\\/12\\\/blogqspcombatesurdezcomemoracaopet.jpg\",\"contentUrl\":\"http:\\\/\\\/www.quersaberpolitica.com.br\\\/2016\\\/wp-content\\\/uploads\\\/2012\\\/12\\\/blogqspcombatesurdezcomemoracaopet.jpg\"},{\"@type\":\"BreadcrumbList\",\"@id\":\"http:\\\/\\\/blogdofarnesio.com.br\\\/?p=8221#breadcrumb\",\"itemListElement\":[{\"@type\":\"ListItem\",\"position\":1,\"name\":\"In\u00edcio\",\"item\":\"https:\\\/\\\/blogdofarnesio.com.br\\\/\"},{\"@type\":\"ListItem\",\"position\":2,\"name\":\"Dia Nacional de Preven\u00e7\u00e3o e Combate \u00e0 Surdez ser\u00e1 comemorado nesta quinta-feira em Petrolina\"}]},{\"@type\":\"WebSite\",\"@id\":\"https:\\\/\\\/blogdofarnesio.com.br\\\/#website\",\"url\":\"https:\\\/\\\/blogdofarnesio.com.br\\\/\",\"name\":\"Blog do Farn\u00e9sio\",\"description\":\"Quer Saber Pol\u00edtica?\",\"publisher\":{\"@id\":\"https:\\\/\\\/blogdofarnesio.com.br\\\/#organization\"},\"potentialAction\":[{\"@type\":\"SearchAction\",\"target\":{\"@type\":\"EntryPoint\",\"urlTemplate\":\"https:\\\/\\\/blogdofarnesio.com.br\\\/?s={search_term_string}\"},\"query-input\":{\"@type\":\"PropertyValueSpecification\",\"valueRequired\":true,\"valueName\":\"search_term_string\"}}],\"inLanguage\":\"pt-BR\"},{\"@type\":\"Organization\",\"@id\":\"https:\\\/\\\/blogdofarnesio.com.br\\\/#organization\",\"name\":\"Blog do Farn\u00e9sio\",\"url\":\"https:\\\/\\\/blogdofarnesio.com.br\\\/\",\"logo\":{\"@type\":\"ImageObject\",\"inLanguage\":\"pt-BR\",\"@id\":\"https:\\\/\\\/blogdofarnesio.com.br\\\/#\\\/schema\\\/logo\\\/image\\\/\",\"url\":\"https:\\\/\\\/blogdofarnesio.com.br\\\/wp-content\\\/uploads\\\/2026\\\/03\\\/cropped-logo_new-1.png\",\"contentUrl\":\"https:\\\/\\\/blogdofarnesio.com.br\\\/wp-content\\\/uploads\\\/2026\\\/03\\\/cropped-logo_new-1.png\",\"width\":881,\"height\":685,\"caption\":\"Blog do Farn\u00e9sio\"},\"image\":{\"@id\":\"https:\\\/\\\/blogdofarnesio.com.br\\\/#\\\/schema\\\/logo\\\/image\\\/\"},\"sameAs\":[\"https:\\\/\\\/www.facebook.com\\\/BlogQuerSaberPolitica\\\/\"]}]}<\/script>\n<!-- \/ Yoast SEO plugin. -->","yoast_head_json":{"title":"Dia Nacional de Preven\u00e7\u00e3o e Combate \u00e0 Surdez ser\u00e1 comemorado nesta quinta-feira em Petrolina - Blog do Farn\u00e9sio","robots":{"index":"index","follow":"follow","max-snippet":"max-snippet:-1","max-image-preview":"max-image-preview:large","max-video-preview":"max-video-preview:-1"},"canonical":"http:\/\/blogdofarnesio.com.br\/?p=8221","og_locale":"pt_BR","og_type":"article","og_title":"Dia Nacional de Preven\u00e7\u00e3o e Combate \u00e0 Surdez ser\u00e1 comemorado nesta quinta-feira em Petrolina - Blog do Farn\u00e9sio","og_description":"A Secretaria Municipal de Sa&uacute;de (SMS), atrav&eacute;s do Centro Auditivo Ari Brasil, promover&aacute; nesta quinta-feira (10), um dia de atividades em comemora&ccedil;&atilde;o ao Dia de Preven&ccedil;&atilde;o &agrave; Surdez. A a&ccedil;&atilde;o, que conta com a parceria da Secretaria de Acessibilidade, ir&aacute; disponibilizar atendimentos, que acontecer&atilde;o das 7h30 &agrave;s 12h, no pr&oacute;prio Centro Auditivo.&nbsp; Na ocasi&atilde;o, tamb&eacute;m ser&atilde;o entregues os certificados para os alunos que participaram e conclu&iacute;ram o curso de Libras, oferecido pela Prefeitura Municipal de Petrolina. De acordo com a coordenadora do servi&ccedil;o, Fabiane Gon&ccedil;alves, ser&atilde;o disponibilizados 90 atendimentos, entre consultas m&eacute;dicas, onde ser&aacute; avaliada a audi&ccedil;&atilde;o do paciente, podendo assim identificar poss&iacute;veis problemas, al&eacute;m do teste da orelhinha, direcionado para crian&ccedil;as rec&eacute;m-nascidas.&nbsp; &#8220;Estamos organizando essa mobiliza&ccedil;&atilde;o porque sabemos da&hellip;","og_url":"http:\/\/blogdofarnesio.com.br\/?p=8221","og_site_name":"Blog do Farn\u00e9sio","article_publisher":"https:\/\/www.facebook.com\/BlogQuerSaberPolitica\/","article_published_time":"2011-11-10T07:34:15+00:00","og_image":[{"url":"http:\/\/www.quersaberpolitica.com.br\/2016\/wp-content\/uploads\/2012\/12\/blogqspcombatesurdezcomemoracaopet.jpg","type":"","width":"","height":""}],"twitter_card":"summary_large_image","twitter_misc":{"Est. tempo de leitura":"2 minutos"},"schema":{"@context":"https:\/\/schema.org","@graph":[{"@type":"Article","@id":"http:\/\/blogdofarnesio.com.br\/?p=8221#article","isPartOf":{"@id":"http:\/\/blogdofarnesio.com.br\/?p=8221"},"author":{"name":"","@id":""},"headline":"Dia Nacional de Preven\u00e7\u00e3o e Combate \u00e0 Surdez ser\u00e1 comemorado nesta quinta-feira em Petrolina","datePublished":"2011-11-10T07:34:15+00:00","mainEntityOfPage":{"@id":"http:\/\/blogdofarnesio.com.br\/?p=8221"},"wordCount":455,"commentCount":0,"publisher":{"@id":"https:\/\/blogdofarnesio.com.br\/#organization"},"image":{"@id":"http:\/\/blogdofarnesio.com.br\/?p=8221#primaryimage"},"thumbnailUrl":"http:\/\/www.quersaberpolitica.com.br\/2016\/wp-content\/uploads\/2012\/12\/blogqspcombatesurdezcomemoracaopet.jpg","articleSection":["Entretenimento"],"inLanguage":"pt-BR","potentialAction":[{"@type":"CommentAction","name":"Comment","target":["http:\/\/blogdofarnesio.com.br\/?p=8221#respond"]}]},{"@type":"WebPage","@id":"http:\/\/blogdofarnesio.com.br\/?p=8221","url":"http:\/\/blogdofarnesio.com.br\/?p=8221","name":"Dia Nacional de Preven\u00e7\u00e3o e Combate \u00e0 Surdez ser\u00e1 comemorado nesta quinta-feira em Petrolina - Blog do Farn\u00e9sio","isPartOf":{"@id":"https:\/\/blogdofarnesio.com.br\/#website"},"primaryImageOfPage":{"@id":"http:\/\/blogdofarnesio.com.br\/?p=8221#primaryimage"},"image":{"@id":"http:\/\/blogdofarnesio.com.br\/?p=8221#primaryimage"},"thumbnailUrl":"http:\/\/www.quersaberpolitica.com.br\/2016\/wp-content\/uploads\/2012\/12\/blogqspcombatesurdezcomemoracaopet.jpg","datePublished":"2011-11-10T07:34:15+00:00","breadcrumb":{"@id":"http:\/\/blogdofarnesio.com.br\/?p=8221#breadcrumb"},"inLanguage":"pt-BR","potentialAction":[{"@type":"ReadAction","target":["http:\/\/blogdofarnesio.com.br\/?p=8221"]}]},{"@type":"ImageObject","inLanguage":"pt-BR","@id":"http:\/\/blogdofarnesio.com.br\/?p=8221#primaryimage","url":"http:\/\/www.quersaberpolitica.com.br\/2016\/wp-content\/uploads\/2012\/12\/blogqspcombatesurdezcomemoracaopet.jpg","contentUrl":"http:\/\/www.quersaberpolitica.com.br\/2016\/wp-content\/uploads\/2012\/12\/blogqspcombatesurdezcomemoracaopet.jpg"},{"@type":"BreadcrumbList","@id":"http:\/\/blogdofarnesio.com.br\/?p=8221#breadcrumb","itemListElement":[{"@type":"ListItem","position":1,"name":"In\u00edcio","item":"https:\/\/blogdofarnesio.com.br\/"},{"@type":"ListItem","position":2,"name":"Dia Nacional de Preven\u00e7\u00e3o e Combate \u00e0 Surdez ser\u00e1 comemorado nesta quinta-feira em Petrolina"}]},{"@type":"WebSite","@id":"https:\/\/blogdofarnesio.com.br\/#website","url":"https:\/\/blogdofarnesio.com.br\/","name":"Blog do Farn\u00e9sio","description":"Quer Saber Pol\u00edtica?","publisher":{"@id":"https:\/\/blogdofarnesio.com.br\/#organization"},"potentialAction":[{"@type":"SearchAction","target":{"@type":"EntryPoint","urlTemplate":"https:\/\/blogdofarnesio.com.br\/?s={search_term_string}"},"query-input":{"@type":"PropertyValueSpecification","valueRequired":true,"valueName":"search_term_string"}}],"inLanguage":"pt-BR"},{"@type":"Organization","@id":"https:\/\/blogdofarnesio.com.br\/#organization","name":"Blog do Farn\u00e9sio","url":"https:\/\/blogdofarnesio.com.br\/","logo":{"@type":"ImageObject","inLanguage":"pt-BR","@id":"https:\/\/blogdofarnesio.com.br\/#\/schema\/logo\/image\/","url":"https:\/\/blogdofarnesio.com.br\/wp-content\/uploads\/2026\/03\/cropped-logo_new-1.png","contentUrl":"https:\/\/blogdofarnesio.com.br\/wp-content\/uploads\/2026\/03\/cropped-logo_new-1.png","width":881,"height":685,"caption":"Blog do Farn\u00e9sio"},"image":{"@id":"https:\/\/blogdofarnesio.com.br\/#\/schema\/logo\/image\/"},"sameAs":["https:\/\/www.facebook.com\/BlogQuerSaberPolitica\/"]}]}},"_links":{"self":[{"href":"https:\/\/blogdofarnesio.com.br\/index.php?rest_route=\/wp\/v2\/posts\/8221","targetHints":{"allow":["GET"]}}],"collection":[{"href":"https:\/\/blogdofarnesio.com.br\/index.php?rest_route=\/wp\/v2\/posts"}],"about":[{"href":"https:\/\/blogdofarnesio.com.br\/index.php?rest_route=\/wp\/v2\/types\/post"}],"replies":[{"embeddable":true,"href":"https:\/\/blogdofarnesio.com.br\/index.php?rest_route=%2Fwp%2Fv2%2Fcomments&post=8221"}],"version-history":[{"count":0,"href":"https:\/\/blogdofarnesio.com.br\/index.php?rest_route=\/wp\/v2\/posts\/8221\/revisions"}],"wp:attachment":[{"href":"https:\/\/blogdofarnesio.com.br\/index.php?rest_route=%2Fwp%2Fv2%2Fmedia&parent=8221"}],"wp:term":[{"taxonomy":"category","embeddable":true,"href":"https:\/\/blogdofarnesio.com.br\/index.php?rest_route=%2Fwp%2Fv2%2Fcategories&post=8221"},{"taxonomy":"post_tag","embeddable":true,"href":"https:\/\/blogdofarnesio.com.br\/index.php?rest_route=%2Fwp%2Fv2%2Ftags&post=8221"}],"curies":[{"name":"wp","href":"https:\/\/api.w.org\/{rel}","templated":true}]}}