{"id":8175,"date":"2011-11-08T19:00:00","date_gmt":"2011-11-08T19:00:00","guid":{"rendered":"http:\/\/www.quersaberpolitica.com.br?p=8175"},"modified":"-0001-11-30T00:00:00","modified_gmt":"-0001-11-30T03:00:00","slug":"emancipalistas-ja-estao-em-brasilia-pedindo-a-regulamentacao-da-emenda-1596","status":"publish","type":"post","link":"https:\/\/blogdofarnesio.com.br\/?p=8175","title":{"rendered":"Emancipalistas j\u00e1 est\u00e3o em Brasilia pedindo a regulamenta\u00e7\u00e3o da emenda 15\/96"},"content":{"rendered":"<p style=\"text-align: justify;\"><span style=\"font-size: small;\"><a rel=\"lightbox\" href=\"http:\/\/www.quersaberpolitica.com.br\/2016\/wp-content\/uploads\/2012\/12\/blogqspemancipalizacaobrasilia1.jpg\"><img loading=\"lazy\" decoding=\"async\" style=\"margin-top: 5px; margin-bottom: 5px; margin-left: 10px; margin-right: 10px; float: left;\" title=\"Imagem Divulga&ccedil;&atilde;o\" src=\"http:\/\/www.quersaberpolitica.com.br\/2016\/wp-content\/uploads\/2012\/12\/blogqspemancipalizacaobrasilia1.jpg\" alt=\"\" width=\"200\" height=\"125\" \/><\/a><a rel=\"lightbox\" href=\"http:\/\/www.quersaberpolitica.com.br\/2016\/wp-content\/uploads\/2012\/12\/blogqspemancipalizacaobrasilia2.jpg\"><img loading=\"lazy\" decoding=\"async\" style=\"margin-top: 5px; margin-bottom: 5px; margin-left: 10px; margin-right: 10px; float: right;\" src=\"http:\/\/www.quersaberpolitica.com.br\/2016\/wp-content\/uploads\/2012\/12\/blogqspemancipalizacaobrasilia2.jpg\" alt=\"\" width=\"200\" height=\"130\" \/><\/a>O dia na Capital j&aacute; amanheceu agitado. Neste momento caravanas vinda de todo pa&iacute;s tomaram de conta do gabinete do Deputado Jos&eacute; Augusto Maia, um dos defensores da regulamenta&ccedil;&atilde;o da emenda 15\/96, que pede uma edi&ccedil;&atilde;o de Lei Complementar Federal, para que os estados possam criarem suas leis seguindo crit&eacute;rios regulados pela referida lei federal. <\/span><\/p>\n<p style=\"text-align: justify;\"><span style=\"font-size: small;\">Na C&acirc;mara das mais de 30 PEC&acute;s, o mais avan&ccedil;ado seria o PLP 416\/2008 de autoria do Senador Mozarildo Cavalcante (PTB-RO), este estaria pronto, pois j&aacute; tramitou todas as comiss&otilde;es, necessitando de entrar em pauta. Mas, uma resist&ecirc;ncia do governo federal, para n&atilde;o aprovar o PLP, trazendo uma proposta de sua autoria, para que o mesmo seja autor desse importante projeto, em uma proposta com crit&eacute;rios estabelecidos e definidos por v&aacute;rios eventos ocorridos por l&aacute;, inclusive um col&oacute;quio federativo que reuniu outros pa&iacute;ses para tratar do tema. <\/span><\/p>\n<p style=\"text-align: justify;\"><span style=\"font-size: small;\">O movimento chegou hoje cedo, e j&aacute; mobiliza a C&acirc;mara e o Senado. Augusto Maia j&aacute; vestiu inclusive a camisa de P&atilde;o de A&ccedil;&uacute;car, distrito de Pernambuco, pertencente &agrave; Taquaritinga do Norte &#8211; Izacol&acirc;ndia chegou na madrugada deste dia 08, para participar das mobiliza&ccedil;&otilde;es.<\/span><\/p>\n<p style=\"text-align: justify;\"><span style=\"font-size: small;\">(Ascom)<\/span><\/p>\n","protected":false},"excerpt":{"rendered":"<p>O dia na Capital j&aacute; amanheceu agitado. Neste momento caravanas vinda de todo pa&iacute;s tomaram de conta do gabinete do Deputado Jos&eacute; Augusto Maia, um dos defensores da regulamenta&ccedil;&atilde;o da emenda 15\/96, que pede uma edi&ccedil;&atilde;o de Lei Complementar Federal, para que os estados possam criarem suas leis seguindo crit&eacute;rios regulados pela referida lei federal. Na C&acirc;mara das mais de 30 PEC&acute;s, o mais avan&ccedil;ado seria o PLP 416\/2008 de autoria do Senador Mozarildo Cavalcante (PTB-RO), este estaria pronto, pois j&aacute; tramitou todas as comiss&otilde;es, necessitando de entrar em pauta. Mas, uma resist&ecirc;ncia do governo federal, para n&atilde;o aprovar o PLP, trazendo uma proposta de sua autoria, para que o mesmo seja autor desse importante projeto, em uma proposta com&hellip; <\/p>\n","protected":false},"author":0,"featured_media":0,"comment_status":"open","ping_status":"open","sticky":false,"template":"","format":"standard","meta":{"_acf_changed":false,"footnotes":""},"categories":[43],"tags":[],"class_list":["post-8175","post","type-post","status-publish","format-standard","hentry","category-sem-categoria"],"acf":[],"yoast_head":"<!-- This site is optimized with the Yoast SEO plugin v27.4 - https:\/\/yoast.com\/product\/yoast-seo-wordpress\/ -->\n<title>Emancipalistas j\u00e1 est\u00e3o em Brasilia pedindo a regulamenta\u00e7\u00e3o da emenda 15\/96 - Blog do Farn\u00e9sio<\/title>\n<meta name=\"robots\" content=\"index, follow, max-snippet:-1, max-image-preview:large, max-video-preview:-1\" \/>\n<link rel=\"canonical\" href=\"https:\/\/blogdofarnesio.com.br\/?p=8175\" \/>\n<meta property=\"og:locale\" content=\"pt_BR\" \/>\n<meta property=\"og:type\" content=\"article\" \/>\n<meta property=\"og:title\" content=\"Emancipalistas j\u00e1 est\u00e3o em Brasilia pedindo a regulamenta\u00e7\u00e3o da emenda 15\/96 - Blog do Farn\u00e9sio\" \/>\n<meta property=\"og:description\" content=\"O dia na Capital j&aacute; amanheceu agitado. Neste momento caravanas vinda de todo pa&iacute;s tomaram de conta do gabinete do Deputado Jos&eacute; Augusto Maia, um dos defensores da regulamenta&ccedil;&atilde;o da emenda 15\/96, que pede uma edi&ccedil;&atilde;o de Lei Complementar Federal, para que os estados possam criarem suas leis seguindo crit&eacute;rios regulados pela referida lei federal. Na C&acirc;mara das mais de 30 PEC&acute;s, o mais avan&ccedil;ado seria o PLP 416\/2008 de autoria do Senador Mozarildo Cavalcante (PTB-RO), este estaria pronto, pois j&aacute; tramitou todas as comiss&otilde;es, necessitando de entrar em pauta. Mas, uma resist&ecirc;ncia do governo federal, para n&atilde;o aprovar o PLP, trazendo uma proposta de sua autoria, para que o mesmo seja autor desse importante projeto, em uma proposta com&hellip;\" \/>\n<meta property=\"og:url\" content=\"https:\/\/blogdofarnesio.com.br\/?p=8175\" \/>\n<meta property=\"og:site_name\" content=\"Blog do Farn\u00e9sio\" \/>\n<meta property=\"article:publisher\" content=\"https:\/\/www.facebook.com\/BlogQuerSaberPolitica\/\" \/>\n<meta property=\"article:published_time\" content=\"2011-11-08T19:00:00+00:00\" \/>\n<meta property=\"og:image\" content=\"http:\/\/www.quersaberpolitica.com.br\/2016\/wp-content\/uploads\/2012\/12\/blogqspemancipalizacaobrasilia1.jpg\" \/>\n<meta name=\"twitter:card\" content=\"summary_large_image\" \/>\n<meta name=\"twitter:label1\" content=\"Est. tempo de leitura\" \/>\n\t<meta name=\"twitter:data1\" content=\"1 minuto\" \/>\n<script type=\"application\/ld+json\" class=\"yoast-schema-graph\">{\"@context\":\"https:\\\/\\\/schema.org\",\"@graph\":[{\"@type\":\"Article\",\"@id\":\"https:\\\/\\\/blogdofarnesio.com.br\\\/?p=8175#article\",\"isPartOf\":{\"@id\":\"https:\\\/\\\/blogdofarnesio.com.br\\\/?p=8175\"},\"author\":{\"name\":\"\",\"@id\":\"\"},\"headline\":\"Emancipalistas j\u00e1 est\u00e3o em Brasilia pedindo a regulamenta\u00e7\u00e3o da emenda 15\\\/96\",\"datePublished\":\"2011-11-08T19:00:00+00:00\",\"mainEntityOfPage\":{\"@id\":\"https:\\\/\\\/blogdofarnesio.com.br\\\/?p=8175\"},\"wordCount\":243,\"commentCount\":0,\"publisher\":{\"@id\":\"https:\\\/\\\/blogdofarnesio.com.br\\\/#organization\"},\"image\":{\"@id\":\"https:\\\/\\\/blogdofarnesio.com.br\\\/?p=8175#primaryimage\"},\"thumbnailUrl\":\"http:\\\/\\\/www.quersaberpolitica.com.br\\\/2016\\\/wp-content\\\/uploads\\\/2012\\\/12\\\/blogqspemancipalizacaobrasilia1.jpg\",\"inLanguage\":\"pt-BR\",\"potentialAction\":[{\"@type\":\"CommentAction\",\"name\":\"Comment\",\"target\":[\"https:\\\/\\\/blogdofarnesio.com.br\\\/?p=8175#respond\"]}]},{\"@type\":\"WebPage\",\"@id\":\"https:\\\/\\\/blogdofarnesio.com.br\\\/?p=8175\",\"url\":\"https:\\\/\\\/blogdofarnesio.com.br\\\/?p=8175\",\"name\":\"Emancipalistas j\u00e1 est\u00e3o em Brasilia pedindo a regulamenta\u00e7\u00e3o da emenda 15\\\/96 - Blog do Farn\u00e9sio\",\"isPartOf\":{\"@id\":\"https:\\\/\\\/blogdofarnesio.com.br\\\/#website\"},\"primaryImageOfPage\":{\"@id\":\"https:\\\/\\\/blogdofarnesio.com.br\\\/?p=8175#primaryimage\"},\"image\":{\"@id\":\"https:\\\/\\\/blogdofarnesio.com.br\\\/?p=8175#primaryimage\"},\"thumbnailUrl\":\"http:\\\/\\\/www.quersaberpolitica.com.br\\\/2016\\\/wp-content\\\/uploads\\\/2012\\\/12\\\/blogqspemancipalizacaobrasilia1.jpg\",\"datePublished\":\"2011-11-08T19:00:00+00:00\",\"breadcrumb\":{\"@id\":\"https:\\\/\\\/blogdofarnesio.com.br\\\/?p=8175#breadcrumb\"},\"inLanguage\":\"pt-BR\",\"potentialAction\":[{\"@type\":\"ReadAction\",\"target\":[\"https:\\\/\\\/blogdofarnesio.com.br\\\/?p=8175\"]}]},{\"@type\":\"ImageObject\",\"inLanguage\":\"pt-BR\",\"@id\":\"https:\\\/\\\/blogdofarnesio.com.br\\\/?p=8175#primaryimage\",\"url\":\"http:\\\/\\\/www.quersaberpolitica.com.br\\\/2016\\\/wp-content\\\/uploads\\\/2012\\\/12\\\/blogqspemancipalizacaobrasilia1.jpg\",\"contentUrl\":\"http:\\\/\\\/www.quersaberpolitica.com.br\\\/2016\\\/wp-content\\\/uploads\\\/2012\\\/12\\\/blogqspemancipalizacaobrasilia1.jpg\"},{\"@type\":\"BreadcrumbList\",\"@id\":\"https:\\\/\\\/blogdofarnesio.com.br\\\/?p=8175#breadcrumb\",\"itemListElement\":[{\"@type\":\"ListItem\",\"position\":1,\"name\":\"In\u00edcio\",\"item\":\"https:\\\/\\\/blogdofarnesio.com.br\\\/\"},{\"@type\":\"ListItem\",\"position\":2,\"name\":\"Emancipalistas j\u00e1 est\u00e3o em Brasilia pedindo a regulamenta\u00e7\u00e3o da emenda 15\\\/96\"}]},{\"@type\":\"WebSite\",\"@id\":\"https:\\\/\\\/blogdofarnesio.com.br\\\/#website\",\"url\":\"https:\\\/\\\/blogdofarnesio.com.br\\\/\",\"name\":\"Blog do Farn\u00e9sio\",\"description\":\"Quer Saber Pol\u00edtica?\",\"publisher\":{\"@id\":\"https:\\\/\\\/blogdofarnesio.com.br\\\/#organization\"},\"potentialAction\":[{\"@type\":\"SearchAction\",\"target\":{\"@type\":\"EntryPoint\",\"urlTemplate\":\"https:\\\/\\\/blogdofarnesio.com.br\\\/?s={search_term_string}\"},\"query-input\":{\"@type\":\"PropertyValueSpecification\",\"valueRequired\":true,\"valueName\":\"search_term_string\"}}],\"inLanguage\":\"pt-BR\"},{\"@type\":\"Organization\",\"@id\":\"https:\\\/\\\/blogdofarnesio.com.br\\\/#organization\",\"name\":\"Blog do Farn\u00e9sio\",\"url\":\"https:\\\/\\\/blogdofarnesio.com.br\\\/\",\"logo\":{\"@type\":\"ImageObject\",\"inLanguage\":\"pt-BR\",\"@id\":\"https:\\\/\\\/blogdofarnesio.com.br\\\/#\\\/schema\\\/logo\\\/image\\\/\",\"url\":\"https:\\\/\\\/blogdofarnesio.com.br\\\/wp-content\\\/uploads\\\/2026\\\/03\\\/cropped-logo_new-1.png\",\"contentUrl\":\"https:\\\/\\\/blogdofarnesio.com.br\\\/wp-content\\\/uploads\\\/2026\\\/03\\\/cropped-logo_new-1.png\",\"width\":881,\"height\":685,\"caption\":\"Blog do Farn\u00e9sio\"},\"image\":{\"@id\":\"https:\\\/\\\/blogdofarnesio.com.br\\\/#\\\/schema\\\/logo\\\/image\\\/\"},\"sameAs\":[\"https:\\\/\\\/www.facebook.com\\\/BlogQuerSaberPolitica\\\/\"]}]}<\/script>\n<!-- \/ Yoast SEO plugin. -->","yoast_head_json":{"title":"Emancipalistas j\u00e1 est\u00e3o em Brasilia pedindo a regulamenta\u00e7\u00e3o da emenda 15\/96 - Blog do Farn\u00e9sio","robots":{"index":"index","follow":"follow","max-snippet":"max-snippet:-1","max-image-preview":"max-image-preview:large","max-video-preview":"max-video-preview:-1"},"canonical":"https:\/\/blogdofarnesio.com.br\/?p=8175","og_locale":"pt_BR","og_type":"article","og_title":"Emancipalistas j\u00e1 est\u00e3o em Brasilia pedindo a regulamenta\u00e7\u00e3o da emenda 15\/96 - Blog do Farn\u00e9sio","og_description":"O dia na Capital j&aacute; amanheceu agitado. Neste momento caravanas vinda de todo pa&iacute;s tomaram de conta do gabinete do Deputado Jos&eacute; Augusto Maia, um dos defensores da regulamenta&ccedil;&atilde;o da emenda 15\/96, que pede uma edi&ccedil;&atilde;o de Lei Complementar Federal, para que os estados possam criarem suas leis seguindo crit&eacute;rios regulados pela referida lei federal. Na C&acirc;mara das mais de 30 PEC&acute;s, o mais avan&ccedil;ado seria o PLP 416\/2008 de autoria do Senador Mozarildo Cavalcante (PTB-RO), este estaria pronto, pois j&aacute; tramitou todas as comiss&otilde;es, necessitando de entrar em pauta. Mas, uma resist&ecirc;ncia do governo federal, para n&atilde;o aprovar o PLP, trazendo uma proposta de sua autoria, para que o mesmo seja autor desse importante projeto, em uma proposta com&hellip;","og_url":"https:\/\/blogdofarnesio.com.br\/?p=8175","og_site_name":"Blog do Farn\u00e9sio","article_publisher":"https:\/\/www.facebook.com\/BlogQuerSaberPolitica\/","article_published_time":"2011-11-08T19:00:00+00:00","og_image":[{"url":"http:\/\/www.quersaberpolitica.com.br\/2016\/wp-content\/uploads\/2012\/12\/blogqspemancipalizacaobrasilia1.jpg","type":"","width":"","height":""}],"twitter_card":"summary_large_image","twitter_misc":{"Est. tempo de leitura":"1 minuto"},"schema":{"@context":"https:\/\/schema.org","@graph":[{"@type":"Article","@id":"https:\/\/blogdofarnesio.com.br\/?p=8175#article","isPartOf":{"@id":"https:\/\/blogdofarnesio.com.br\/?p=8175"},"author":{"name":"","@id":""},"headline":"Emancipalistas j\u00e1 est\u00e3o em Brasilia pedindo a regulamenta\u00e7\u00e3o da emenda 15\/96","datePublished":"2011-11-08T19:00:00+00:00","mainEntityOfPage":{"@id":"https:\/\/blogdofarnesio.com.br\/?p=8175"},"wordCount":243,"commentCount":0,"publisher":{"@id":"https:\/\/blogdofarnesio.com.br\/#organization"},"image":{"@id":"https:\/\/blogdofarnesio.com.br\/?p=8175#primaryimage"},"thumbnailUrl":"http:\/\/www.quersaberpolitica.com.br\/2016\/wp-content\/uploads\/2012\/12\/blogqspemancipalizacaobrasilia1.jpg","inLanguage":"pt-BR","potentialAction":[{"@type":"CommentAction","name":"Comment","target":["https:\/\/blogdofarnesio.com.br\/?p=8175#respond"]}]},{"@type":"WebPage","@id":"https:\/\/blogdofarnesio.com.br\/?p=8175","url":"https:\/\/blogdofarnesio.com.br\/?p=8175","name":"Emancipalistas j\u00e1 est\u00e3o em Brasilia pedindo a regulamenta\u00e7\u00e3o da emenda 15\/96 - Blog do Farn\u00e9sio","isPartOf":{"@id":"https:\/\/blogdofarnesio.com.br\/#website"},"primaryImageOfPage":{"@id":"https:\/\/blogdofarnesio.com.br\/?p=8175#primaryimage"},"image":{"@id":"https:\/\/blogdofarnesio.com.br\/?p=8175#primaryimage"},"thumbnailUrl":"http:\/\/www.quersaberpolitica.com.br\/2016\/wp-content\/uploads\/2012\/12\/blogqspemancipalizacaobrasilia1.jpg","datePublished":"2011-11-08T19:00:00+00:00","breadcrumb":{"@id":"https:\/\/blogdofarnesio.com.br\/?p=8175#breadcrumb"},"inLanguage":"pt-BR","potentialAction":[{"@type":"ReadAction","target":["https:\/\/blogdofarnesio.com.br\/?p=8175"]}]},{"@type":"ImageObject","inLanguage":"pt-BR","@id":"https:\/\/blogdofarnesio.com.br\/?p=8175#primaryimage","url":"http:\/\/www.quersaberpolitica.com.br\/2016\/wp-content\/uploads\/2012\/12\/blogqspemancipalizacaobrasilia1.jpg","contentUrl":"http:\/\/www.quersaberpolitica.com.br\/2016\/wp-content\/uploads\/2012\/12\/blogqspemancipalizacaobrasilia1.jpg"},{"@type":"BreadcrumbList","@id":"https:\/\/blogdofarnesio.com.br\/?p=8175#breadcrumb","itemListElement":[{"@type":"ListItem","position":1,"name":"In\u00edcio","item":"https:\/\/blogdofarnesio.com.br\/"},{"@type":"ListItem","position":2,"name":"Emancipalistas j\u00e1 est\u00e3o em Brasilia pedindo a regulamenta\u00e7\u00e3o da emenda 15\/96"}]},{"@type":"WebSite","@id":"https:\/\/blogdofarnesio.com.br\/#website","url":"https:\/\/blogdofarnesio.com.br\/","name":"Blog do Farn\u00e9sio","description":"Quer Saber Pol\u00edtica?","publisher":{"@id":"https:\/\/blogdofarnesio.com.br\/#organization"},"potentialAction":[{"@type":"SearchAction","target":{"@type":"EntryPoint","urlTemplate":"https:\/\/blogdofarnesio.com.br\/?s={search_term_string}"},"query-input":{"@type":"PropertyValueSpecification","valueRequired":true,"valueName":"search_term_string"}}],"inLanguage":"pt-BR"},{"@type":"Organization","@id":"https:\/\/blogdofarnesio.com.br\/#organization","name":"Blog do Farn\u00e9sio","url":"https:\/\/blogdofarnesio.com.br\/","logo":{"@type":"ImageObject","inLanguage":"pt-BR","@id":"https:\/\/blogdofarnesio.com.br\/#\/schema\/logo\/image\/","url":"https:\/\/blogdofarnesio.com.br\/wp-content\/uploads\/2026\/03\/cropped-logo_new-1.png","contentUrl":"https:\/\/blogdofarnesio.com.br\/wp-content\/uploads\/2026\/03\/cropped-logo_new-1.png","width":881,"height":685,"caption":"Blog do Farn\u00e9sio"},"image":{"@id":"https:\/\/blogdofarnesio.com.br\/#\/schema\/logo\/image\/"},"sameAs":["https:\/\/www.facebook.com\/BlogQuerSaberPolitica\/"]}]}},"_links":{"self":[{"href":"https:\/\/blogdofarnesio.com.br\/index.php?rest_route=\/wp\/v2\/posts\/8175","targetHints":{"allow":["GET"]}}],"collection":[{"href":"https:\/\/blogdofarnesio.com.br\/index.php?rest_route=\/wp\/v2\/posts"}],"about":[{"href":"https:\/\/blogdofarnesio.com.br\/index.php?rest_route=\/wp\/v2\/types\/post"}],"replies":[{"embeddable":true,"href":"https:\/\/blogdofarnesio.com.br\/index.php?rest_route=%2Fwp%2Fv2%2Fcomments&post=8175"}],"version-history":[{"count":0,"href":"https:\/\/blogdofarnesio.com.br\/index.php?rest_route=\/wp\/v2\/posts\/8175\/revisions"}],"wp:attachment":[{"href":"https:\/\/blogdofarnesio.com.br\/index.php?rest_route=%2Fwp%2Fv2%2Fmedia&parent=8175"}],"wp:term":[{"taxonomy":"category","embeddable":true,"href":"https:\/\/blogdofarnesio.com.br\/index.php?rest_route=%2Fwp%2Fv2%2Fcategories&post=8175"},{"taxonomy":"post_tag","embeddable":true,"href":"https:\/\/blogdofarnesio.com.br\/index.php?rest_route=%2Fwp%2Fv2%2Ftags&post=8175"}],"curies":[{"name":"wp","href":"https:\/\/api.w.org\/{rel}","templated":true}]}}