{"id":81746,"date":"2014-04-30T13:35:47","date_gmt":"2014-04-30T16:35:47","guid":{"rendered":"http:\/\/www.quersaberpolitica.com.br\/?p=81746"},"modified":"2014-04-30T13:35:47","modified_gmt":"2014-04-30T16:35:47","slug":"vereadores-de-petrolina-recebem-diarias-maiores-que-o-salario-minimo","status":"publish","type":"post","link":"https:\/\/blogdofarnesio.com.br\/?p=81746","title":{"rendered":"VEREADORES DE PETROLINA RECEBEM DI\u00c1RIAS MAIORES QUE O SAL\u00c1RIO M\u00cdNIMO"},"content":{"rendered":"<figure id=\"attachment_81787\" aria-describedby=\"caption-attachment-81787\" style=\"width: 448px\" class=\"wp-caption aligncenter\"><a href=\"http:\/\/www.quersaberpolitica.com.br\/2016\/wp-content\/uploads\/2014\/04\/blogqspplen\u00e1riopetcamara.jpg\"><img loading=\"lazy\" decoding=\"async\" class=\"size-full wp-image-81787\" alt=\"blogqspplen\u00e1riopetcamara\" src=\"http:\/\/www.quersaberpolitica.com.br\/2016\/wp-content\/uploads\/2014\/04\/blogqspplen\u00e1riopetcamara.jpg\" width=\"448\" height=\"264\" srcset=\"https:\/\/blogdofarnesio.com.br\/wp-content\/uploads\/2014\/04\/blogqspplen\u00e1riopetcamara.jpg 448w, https:\/\/blogdofarnesio.com.br\/wp-content\/uploads\/2014\/04\/blogqspplen\u00e1riopetcamara-300x176.jpg 300w\" sizes=\"auto, (max-width: 448px) 100vw, 448px\" \/><\/a><figcaption id=\"caption-attachment-81787\" class=\"wp-caption-text\">O povo desaparece das reuni\u00f5es mas pede explica\u00e7\u00f5es sobre di\u00e1rias<\/figcaption><\/figure>\n<p style=\"text-align: justify\">Este \u00e9 o cen\u00e1rio do plen\u00e1rio da Casa Pl\u00ednio Amorim, na sess\u00e3o da \u00faltima quinta-feira, que s\u00f3\u00a0 teve in\u00edcio depois das 18:30, ou seja, com uma hora de atraso. Questionados sobre\u00a0 o valor das di\u00e1rias que recebem pelas viagens do feriado da Semana Santa os vereadores Adalberto Bruno Filho (Bet\u00e3o), Ailton Guimar\u00e3es, Alvorlande Cruz e Ant\u00f4nio Batista (o Para\u00edba), se contradisseram, uns falavam em R$ 700,00 reais outros em R$ 750,00 e alguns n\u00e3o quiseram nem se pronunciar sobre o assunto, como Ailton Guimar\u00e3es que n\u00e3o respondeu nenhuma das perguntas.<\/p>\n<p style=\"text-align: justify\">O vereador Bet\u00e3o,\u00a0 afirmou que durante este mandato fez em m\u00e9dia seis viagens e argumentou que todas foram para participar de reuni\u00f5es institucionais com interesse de resolver quest\u00f5es voltadas para a comunidade, ele ressaltou que concorda com o valor das di\u00e1rias e que merece receber mais que as demais autoridades pol\u00edticas, como o Secret\u00e1rio Estadual.<!--more--><\/p>\n<p style=\"text-align: justify\">\u201cQuando eu cheguei j\u00e1 era esse valor esse valor n\u00e3o foi colocado nesse mandato, pelo menos a gente tem\u00a0 despesas, eu por exemplo, fui de carro, eu gasto em torno de R$ 400,00 j\u00e1 o secret\u00e1rio de estado talvez nem precise da di\u00e1ria por que eles \u00e9 que comandam a verba,\u00a0 eles s\u00e3o ordenadores de despesa , eu acho justo, acho q o trabalhador\u00a0 precisa realmente ganhar mais , acho que\u00a0 todos merecem ganhar bem,\u00a0 n\u00e3o s\u00f3 n\u00f3s vereadores, eu n\u00e3o justo \u00e9 que a gente ganhe e os outros n\u00e3o,\u00a0 a gente precisa trabalhar realmente para que melhore a situa\u00e7\u00e3o dos outros servidores\u201d. Destacou.<\/p>\n<p style=\"text-align: justify\">Ant\u00f4nio Batista que fez uma viagem de quatro dias para participar de um curso pela empresa \u2018Danilo Falc\u00e3o\u2019, em Macei\u00f3-AL, argumentou que era necess\u00e1rio se capacitar e n\u00e3o explicou se acha justo receber uma di\u00e1ria alta, quando comparada com o valor que recebe\u00a0 o cidad\u00e3o comum para trabalhar um m\u00eas.<\/p>\n<p style=\"text-align: justify\">\u00a0\u201cOlha, se \u00e9 justo eu n\u00e3o sei, eu fui, eu tenho esse direito, o regime da casa e d\u00e1 esse direito, quando eu chegue na casa Pl\u00ednio Amorim j\u00e1 existia essa di\u00e1ria, n\u00e3o fui eu quem inventei , simplesmente tinha esse curso l\u00e1, falei com o presidente e ele me cedeu o curso por que eu precisava fazer e pra mim foi bem aproveit\u00e1vel. Articulou.<\/p>\n<p style=\"text-align: justify\">J\u00e1 o vereador Alvorlande cruz, que tamb\u00e9m viajou nas \u00faltimas semanas afirmou que a popula\u00e7\u00e3o \u00e9 quem deve avaliar se as di\u00e1rias s\u00e3o justas e se negou a responder mais perguntas como, quais s\u00e3o os transportes usados nas viagens. \u201cA\u00ed quem avalia s\u00e3o voc\u00eas e o povo, felicidade ter voc\u00eas aqui de volta\u201d ironizou e se retirou do local sem responder mais perguntas.<\/p>\n<p style=\"text-align: justify\">Por Ingrid Barbosa<\/p>\n","protected":false},"excerpt":{"rendered":"<p>Este \u00e9 o cen\u00e1rio do plen\u00e1rio da Casa Pl\u00ednio Amorim, na sess\u00e3o da \u00faltima quinta-feira, que s\u00f3\u00a0 teve in\u00edcio depois das 18:30, ou seja, com uma hora de atraso. Questionados sobre\u00a0 o valor das di\u00e1rias que recebem pelas viagens do feriado da Semana Santa os vereadores Adalberto Bruno Filho (Bet\u00e3o), Ailton Guimar\u00e3es, Alvorlande Cruz e Ant\u00f4nio Batista (o Para\u00edba), se contradisseram, uns falavam em R$ 700,00 reais outros em R$ 750,00 e alguns n\u00e3o quiseram nem se pronunciar sobre o assunto, como Ailton Guimar\u00e3es que n\u00e3o respondeu nenhuma das perguntas. O vereador Bet\u00e3o,\u00a0 afirmou que durante este mandato fez em m\u00e9dia seis viagens e argumentou que todas foram para participar de reuni\u00f5es institucionais com interesse de resolver quest\u00f5es voltadas para&hellip; <\/p>\n","protected":false},"author":3,"featured_media":0,"comment_status":"open","ping_status":"open","sticky":false,"template":"","format":"standard","meta":{"_acf_changed":false,"footnotes":""},"categories":[1],"tags":[],"class_list":["post-81746","post","type-post","status-publish","format-standard","hentry","category-politica"],"acf":[],"yoast_head":"<!-- This site is optimized with the Yoast SEO plugin v27.4 - https:\/\/yoast.com\/product\/yoast-seo-wordpress\/ -->\n<title>VEREADORES DE PETROLINA RECEBEM DI\u00c1RIAS MAIORES QUE O SAL\u00c1RIO M\u00cdNIMO - Blog do Farn\u00e9sio<\/title>\n<meta name=\"robots\" content=\"index, follow, max-snippet:-1, max-image-preview:large, max-video-preview:-1\" \/>\n<link rel=\"canonical\" href=\"https:\/\/blogdofarnesio.com.br\/?p=81746\" \/>\n<meta property=\"og:locale\" content=\"pt_BR\" \/>\n<meta property=\"og:type\" content=\"article\" \/>\n<meta property=\"og:title\" content=\"VEREADORES DE PETROLINA RECEBEM DI\u00c1RIAS MAIORES QUE O SAL\u00c1RIO M\u00cdNIMO - Blog do Farn\u00e9sio\" \/>\n<meta property=\"og:description\" content=\"Este \u00e9 o cen\u00e1rio do plen\u00e1rio da Casa Pl\u00ednio Amorim, na sess\u00e3o da \u00faltima quinta-feira, que s\u00f3\u00a0 teve in\u00edcio depois das 18:30, ou seja, com uma hora de atraso. Questionados sobre\u00a0 o valor das di\u00e1rias que recebem pelas viagens do feriado da Semana Santa os vereadores Adalberto Bruno Filho (Bet\u00e3o), Ailton Guimar\u00e3es, Alvorlande Cruz e Ant\u00f4nio Batista (o Para\u00edba), se contradisseram, uns falavam em R$ 700,00 reais outros em R$ 750,00 e alguns n\u00e3o quiseram nem se pronunciar sobre o assunto, como Ailton Guimar\u00e3es que n\u00e3o respondeu nenhuma das perguntas. O vereador Bet\u00e3o,\u00a0 afirmou que durante este mandato fez em m\u00e9dia seis viagens e argumentou que todas foram para participar de reuni\u00f5es institucionais com interesse de resolver quest\u00f5es voltadas para&hellip;\" \/>\n<meta property=\"og:url\" content=\"https:\/\/blogdofarnesio.com.br\/?p=81746\" \/>\n<meta property=\"og:site_name\" content=\"Blog do Farn\u00e9sio\" \/>\n<meta property=\"article:publisher\" content=\"https:\/\/www.facebook.com\/BlogQuerSaberPolitica\/\" \/>\n<meta property=\"article:published_time\" content=\"2014-04-30T16:35:47+00:00\" \/>\n<meta name=\"author\" content=\"teste\" \/>\n<meta name=\"twitter:card\" content=\"summary_large_image\" \/>\n<meta name=\"twitter:label1\" content=\"Escrito por\" \/>\n\t<meta name=\"twitter:data1\" content=\"teste\" \/>\n\t<meta name=\"twitter:label2\" content=\"Est. tempo de leitura\" \/>\n\t<meta name=\"twitter:data2\" content=\"2 minutos\" \/>\n<script type=\"application\/ld+json\" class=\"yoast-schema-graph\">{\"@context\":\"https:\\\/\\\/schema.org\",\"@graph\":[{\"@type\":\"Article\",\"@id\":\"https:\\\/\\\/blogdofarnesio.com.br\\\/?p=81746#article\",\"isPartOf\":{\"@id\":\"https:\\\/\\\/blogdofarnesio.com.br\\\/?p=81746\"},\"author\":{\"name\":\"teste\",\"@id\":\"https:\\\/\\\/blogdofarnesio.com.br\\\/#\\\/schema\\\/person\\\/dd1bf5eba40b687199ba45ca6b97dff9\"},\"headline\":\"VEREADORES DE PETROLINA RECEBEM DI\u00c1RIAS MAIORES QUE O SAL\u00c1RIO M\u00cdNIMO\",\"datePublished\":\"2014-04-30T16:35:47+00:00\",\"mainEntityOfPage\":{\"@id\":\"https:\\\/\\\/blogdofarnesio.com.br\\\/?p=81746\"},\"wordCount\":502,\"commentCount\":0,\"publisher\":{\"@id\":\"https:\\\/\\\/blogdofarnesio.com.br\\\/#organization\"},\"articleSection\":[\"Pol\u00edtica\"],\"inLanguage\":\"pt-BR\",\"potentialAction\":[{\"@type\":\"CommentAction\",\"name\":\"Comment\",\"target\":[\"https:\\\/\\\/blogdofarnesio.com.br\\\/?p=81746#respond\"]}]},{\"@type\":\"WebPage\",\"@id\":\"https:\\\/\\\/blogdofarnesio.com.br\\\/?p=81746\",\"url\":\"https:\\\/\\\/blogdofarnesio.com.br\\\/?p=81746\",\"name\":\"VEREADORES DE PETROLINA RECEBEM DI\u00c1RIAS MAIORES QUE O SAL\u00c1RIO M\u00cdNIMO - Blog do Farn\u00e9sio\",\"isPartOf\":{\"@id\":\"https:\\\/\\\/blogdofarnesio.com.br\\\/#website\"},\"datePublished\":\"2014-04-30T16:35:47+00:00\",\"breadcrumb\":{\"@id\":\"https:\\\/\\\/blogdofarnesio.com.br\\\/?p=81746#breadcrumb\"},\"inLanguage\":\"pt-BR\",\"potentialAction\":[{\"@type\":\"ReadAction\",\"target\":[\"https:\\\/\\\/blogdofarnesio.com.br\\\/?p=81746\"]}]},{\"@type\":\"BreadcrumbList\",\"@id\":\"https:\\\/\\\/blogdofarnesio.com.br\\\/?p=81746#breadcrumb\",\"itemListElement\":[{\"@type\":\"ListItem\",\"position\":1,\"name\":\"In\u00edcio\",\"item\":\"https:\\\/\\\/blogdofarnesio.com.br\\\/\"},{\"@type\":\"ListItem\",\"position\":2,\"name\":\"VEREADORES DE PETROLINA RECEBEM DI\u00c1RIAS MAIORES QUE O SAL\u00c1RIO M\u00cdNIMO\"}]},{\"@type\":\"WebSite\",\"@id\":\"https:\\\/\\\/blogdofarnesio.com.br\\\/#website\",\"url\":\"https:\\\/\\\/blogdofarnesio.com.br\\\/\",\"name\":\"Blog do Farn\u00e9sio\",\"description\":\"Quer Saber Pol\u00edtica?\",\"publisher\":{\"@id\":\"https:\\\/\\\/blogdofarnesio.com.br\\\/#organization\"},\"potentialAction\":[{\"@type\":\"SearchAction\",\"target\":{\"@type\":\"EntryPoint\",\"urlTemplate\":\"https:\\\/\\\/blogdofarnesio.com.br\\\/?s={search_term_string}\"},\"query-input\":{\"@type\":\"PropertyValueSpecification\",\"valueRequired\":true,\"valueName\":\"search_term_string\"}}],\"inLanguage\":\"pt-BR\"},{\"@type\":\"Organization\",\"@id\":\"https:\\\/\\\/blogdofarnesio.com.br\\\/#organization\",\"name\":\"Blog do Farn\u00e9sio\",\"url\":\"https:\\\/\\\/blogdofarnesio.com.br\\\/\",\"logo\":{\"@type\":\"ImageObject\",\"inLanguage\":\"pt-BR\",\"@id\":\"https:\\\/\\\/blogdofarnesio.com.br\\\/#\\\/schema\\\/logo\\\/image\\\/\",\"url\":\"https:\\\/\\\/blogdofarnesio.com.br\\\/wp-content\\\/uploads\\\/2026\\\/03\\\/cropped-logo_new-1.png\",\"contentUrl\":\"https:\\\/\\\/blogdofarnesio.com.br\\\/wp-content\\\/uploads\\\/2026\\\/03\\\/cropped-logo_new-1.png\",\"width\":881,\"height\":685,\"caption\":\"Blog do Farn\u00e9sio\"},\"image\":{\"@id\":\"https:\\\/\\\/blogdofarnesio.com.br\\\/#\\\/schema\\\/logo\\\/image\\\/\"},\"sameAs\":[\"https:\\\/\\\/www.facebook.com\\\/BlogQuerSaberPolitica\\\/\"]},{\"@type\":\"Person\",\"@id\":\"https:\\\/\\\/blogdofarnesio.com.br\\\/#\\\/schema\\\/person\\\/dd1bf5eba40b687199ba45ca6b97dff9\",\"name\":\"teste\",\"image\":{\"@type\":\"ImageObject\",\"inLanguage\":\"pt-BR\",\"@id\":\"https:\\\/\\\/secure.gravatar.com\\\/avatar\\\/2172498d4914b51e1d89a0f97957b035ac4938723a5cac208135d389b6972a6d?s=96&d=mm&r=g\",\"url\":\"https:\\\/\\\/secure.gravatar.com\\\/avatar\\\/2172498d4914b51e1d89a0f97957b035ac4938723a5cac208135d389b6972a6d?s=96&d=mm&r=g\",\"contentUrl\":\"https:\\\/\\\/secure.gravatar.com\\\/avatar\\\/2172498d4914b51e1d89a0f97957b035ac4938723a5cac208135d389b6972a6d?s=96&d=mm&r=g\",\"caption\":\"teste\"},\"url\":\"https:\\\/\\\/blogdofarnesio.com.br\\\/?author=3\"}]}<\/script>\n<!-- \/ Yoast SEO plugin. -->","yoast_head_json":{"title":"VEREADORES DE PETROLINA RECEBEM DI\u00c1RIAS MAIORES QUE O SAL\u00c1RIO M\u00cdNIMO - Blog do Farn\u00e9sio","robots":{"index":"index","follow":"follow","max-snippet":"max-snippet:-1","max-image-preview":"max-image-preview:large","max-video-preview":"max-video-preview:-1"},"canonical":"https:\/\/blogdofarnesio.com.br\/?p=81746","og_locale":"pt_BR","og_type":"article","og_title":"VEREADORES DE PETROLINA RECEBEM DI\u00c1RIAS MAIORES QUE O SAL\u00c1RIO M\u00cdNIMO - Blog do Farn\u00e9sio","og_description":"Este \u00e9 o cen\u00e1rio do plen\u00e1rio da Casa Pl\u00ednio Amorim, na sess\u00e3o da \u00faltima quinta-feira, que s\u00f3\u00a0 teve in\u00edcio depois das 18:30, ou seja, com uma hora de atraso. Questionados sobre\u00a0 o valor das di\u00e1rias que recebem pelas viagens do feriado da Semana Santa os vereadores Adalberto Bruno Filho (Bet\u00e3o), Ailton Guimar\u00e3es, Alvorlande Cruz e Ant\u00f4nio Batista (o Para\u00edba), se contradisseram, uns falavam em R$ 700,00 reais outros em R$ 750,00 e alguns n\u00e3o quiseram nem se pronunciar sobre o assunto, como Ailton Guimar\u00e3es que n\u00e3o respondeu nenhuma das perguntas. O vereador Bet\u00e3o,\u00a0 afirmou que durante este mandato fez em m\u00e9dia seis viagens e argumentou que todas foram para participar de reuni\u00f5es institucionais com interesse de resolver quest\u00f5es voltadas para&hellip;","og_url":"https:\/\/blogdofarnesio.com.br\/?p=81746","og_site_name":"Blog do Farn\u00e9sio","article_publisher":"https:\/\/www.facebook.com\/BlogQuerSaberPolitica\/","article_published_time":"2014-04-30T16:35:47+00:00","author":"teste","twitter_card":"summary_large_image","twitter_misc":{"Escrito por":"teste","Est. tempo de leitura":"2 minutos"},"schema":{"@context":"https:\/\/schema.org","@graph":[{"@type":"Article","@id":"https:\/\/blogdofarnesio.com.br\/?p=81746#article","isPartOf":{"@id":"https:\/\/blogdofarnesio.com.br\/?p=81746"},"author":{"name":"teste","@id":"https:\/\/blogdofarnesio.com.br\/#\/schema\/person\/dd1bf5eba40b687199ba45ca6b97dff9"},"headline":"VEREADORES DE PETROLINA RECEBEM DI\u00c1RIAS MAIORES QUE O SAL\u00c1RIO M\u00cdNIMO","datePublished":"2014-04-30T16:35:47+00:00","mainEntityOfPage":{"@id":"https:\/\/blogdofarnesio.com.br\/?p=81746"},"wordCount":502,"commentCount":0,"publisher":{"@id":"https:\/\/blogdofarnesio.com.br\/#organization"},"articleSection":["Pol\u00edtica"],"inLanguage":"pt-BR","potentialAction":[{"@type":"CommentAction","name":"Comment","target":["https:\/\/blogdofarnesio.com.br\/?p=81746#respond"]}]},{"@type":"WebPage","@id":"https:\/\/blogdofarnesio.com.br\/?p=81746","url":"https:\/\/blogdofarnesio.com.br\/?p=81746","name":"VEREADORES DE PETROLINA RECEBEM DI\u00c1RIAS MAIORES QUE O SAL\u00c1RIO M\u00cdNIMO - Blog do Farn\u00e9sio","isPartOf":{"@id":"https:\/\/blogdofarnesio.com.br\/#website"},"datePublished":"2014-04-30T16:35:47+00:00","breadcrumb":{"@id":"https:\/\/blogdofarnesio.com.br\/?p=81746#breadcrumb"},"inLanguage":"pt-BR","potentialAction":[{"@type":"ReadAction","target":["https:\/\/blogdofarnesio.com.br\/?p=81746"]}]},{"@type":"BreadcrumbList","@id":"https:\/\/blogdofarnesio.com.br\/?p=81746#breadcrumb","itemListElement":[{"@type":"ListItem","position":1,"name":"In\u00edcio","item":"https:\/\/blogdofarnesio.com.br\/"},{"@type":"ListItem","position":2,"name":"VEREADORES DE PETROLINA RECEBEM DI\u00c1RIAS MAIORES QUE O SAL\u00c1RIO M\u00cdNIMO"}]},{"@type":"WebSite","@id":"https:\/\/blogdofarnesio.com.br\/#website","url":"https:\/\/blogdofarnesio.com.br\/","name":"Blog do Farn\u00e9sio","description":"Quer Saber Pol\u00edtica?","publisher":{"@id":"https:\/\/blogdofarnesio.com.br\/#organization"},"potentialAction":[{"@type":"SearchAction","target":{"@type":"EntryPoint","urlTemplate":"https:\/\/blogdofarnesio.com.br\/?s={search_term_string}"},"query-input":{"@type":"PropertyValueSpecification","valueRequired":true,"valueName":"search_term_string"}}],"inLanguage":"pt-BR"},{"@type":"Organization","@id":"https:\/\/blogdofarnesio.com.br\/#organization","name":"Blog do Farn\u00e9sio","url":"https:\/\/blogdofarnesio.com.br\/","logo":{"@type":"ImageObject","inLanguage":"pt-BR","@id":"https:\/\/blogdofarnesio.com.br\/#\/schema\/logo\/image\/","url":"https:\/\/blogdofarnesio.com.br\/wp-content\/uploads\/2026\/03\/cropped-logo_new-1.png","contentUrl":"https:\/\/blogdofarnesio.com.br\/wp-content\/uploads\/2026\/03\/cropped-logo_new-1.png","width":881,"height":685,"caption":"Blog do Farn\u00e9sio"},"image":{"@id":"https:\/\/blogdofarnesio.com.br\/#\/schema\/logo\/image\/"},"sameAs":["https:\/\/www.facebook.com\/BlogQuerSaberPolitica\/"]},{"@type":"Person","@id":"https:\/\/blogdofarnesio.com.br\/#\/schema\/person\/dd1bf5eba40b687199ba45ca6b97dff9","name":"teste","image":{"@type":"ImageObject","inLanguage":"pt-BR","@id":"https:\/\/secure.gravatar.com\/avatar\/2172498d4914b51e1d89a0f97957b035ac4938723a5cac208135d389b6972a6d?s=96&d=mm&r=g","url":"https:\/\/secure.gravatar.com\/avatar\/2172498d4914b51e1d89a0f97957b035ac4938723a5cac208135d389b6972a6d?s=96&d=mm&r=g","contentUrl":"https:\/\/secure.gravatar.com\/avatar\/2172498d4914b51e1d89a0f97957b035ac4938723a5cac208135d389b6972a6d?s=96&d=mm&r=g","caption":"teste"},"url":"https:\/\/blogdofarnesio.com.br\/?author=3"}]}},"_links":{"self":[{"href":"https:\/\/blogdofarnesio.com.br\/index.php?rest_route=\/wp\/v2\/posts\/81746","targetHints":{"allow":["GET"]}}],"collection":[{"href":"https:\/\/blogdofarnesio.com.br\/index.php?rest_route=\/wp\/v2\/posts"}],"about":[{"href":"https:\/\/blogdofarnesio.com.br\/index.php?rest_route=\/wp\/v2\/types\/post"}],"author":[{"embeddable":true,"href":"https:\/\/blogdofarnesio.com.br\/index.php?rest_route=\/wp\/v2\/users\/3"}],"replies":[{"embeddable":true,"href":"https:\/\/blogdofarnesio.com.br\/index.php?rest_route=%2Fwp%2Fv2%2Fcomments&post=81746"}],"version-history":[{"count":0,"href":"https:\/\/blogdofarnesio.com.br\/index.php?rest_route=\/wp\/v2\/posts\/81746\/revisions"}],"wp:attachment":[{"href":"https:\/\/blogdofarnesio.com.br\/index.php?rest_route=%2Fwp%2Fv2%2Fmedia&parent=81746"}],"wp:term":[{"taxonomy":"category","embeddable":true,"href":"https:\/\/blogdofarnesio.com.br\/index.php?rest_route=%2Fwp%2Fv2%2Fcategories&post=81746"},{"taxonomy":"post_tag","embeddable":true,"href":"https:\/\/blogdofarnesio.com.br\/index.php?rest_route=%2Fwp%2Fv2%2Ftags&post=81746"}],"curies":[{"name":"wp","href":"https:\/\/api.w.org\/{rel}","templated":true}]}}