{"id":81723,"date":"2014-04-30T14:21:47","date_gmt":"2014-04-30T17:21:47","guid":{"rendered":"http:\/\/www.quersaberpolitica.com.br\/?p=81723"},"modified":"2014-04-30T13:43:27","modified_gmt":"2014-04-30T16:43:27","slug":"nunca-usei-diaria-da-camara-diz-vereador-edilsao","status":"publish","type":"post","link":"https:\/\/blogdofarnesio.com.br\/?p=81723","title":{"rendered":"&#8220;NUNCA USEI DI\u00c1RIA DA C\u00c2MARA&#8221;, DIZ VEREADOR EDILS\u00c3O"},"content":{"rendered":"<p style=\"text-align: justify\"><a href=\"http:\/\/www.quersaberpolitica.com.br\/2016\/wp-content\/uploads\/2013\/10\/foto1.jpg\"><img loading=\"lazy\" decoding=\"async\" class=\"alignleft size-full wp-image-61869\" alt=\"blogqsp.edils\u00e3o \" src=\"http:\/\/www.quersaberpolitica.com.br\/2016\/wp-content\/uploads\/2013\/10\/foto1.jpg\" width=\"300\" height=\"225\" \/><\/a>A pol\u00eamica da di\u00e1ria na C\u00e2mara de Vereadores de Petrolina continua. Sobre o\u00a0assunto, o vereador Edilson Leite, o \u2018Edils\u00e3o do Tr\u00e2nsito\u2019 (PSL), garantiu que nunca usou qualquer di\u00e1ria da Casa\u00a0Pl\u00ednio Amorim.<\/p>\n<p style=\"text-align: justify\">Depois de questionado pela imprensa, o vereador fez quest\u00e3o de esclarecer que n\u00e3o precisou do dinheiro.<\/p>\n<p style=\"text-align: justify\"><em>\u201cEu preciso informar que nunca peguei qualquer di\u00e1ria. Tenho feito o meu trabalho com foco em Petrolina e na vida das pessoas. Sempre com mais aten\u00e7\u00e3o \u00e0s pessoas mais simples. Portanto, n\u00e3o vi necessidade de qualquer viagem e, consequentemente, de receber di\u00e1ria, mas me perguntaram e\u00a0n\u00e3o poderia deixar o assunto sem resposta<\/em>\u201d, esclareceu.<\/p>\n","protected":false},"excerpt":{"rendered":"<p>A pol\u00eamica da di\u00e1ria na C\u00e2mara de Vereadores de Petrolina continua. Sobre o\u00a0assunto, o vereador Edilson Leite, o \u2018Edils\u00e3o do Tr\u00e2nsito\u2019 (PSL), garantiu que nunca usou qualquer di\u00e1ria da Casa\u00a0Pl\u00ednio Amorim. Depois de questionado pela imprensa, o vereador fez quest\u00e3o de esclarecer que n\u00e3o precisou do dinheiro. \u201cEu preciso informar que nunca peguei qualquer di\u00e1ria. Tenho feito o meu trabalho com foco em Petrolina e na vida das pessoas. Sempre com mais aten\u00e7\u00e3o \u00e0s pessoas mais simples. Portanto, n\u00e3o vi necessidade de qualquer viagem e, consequentemente, de receber di\u00e1ria, mas me perguntaram e\u00a0n\u00e3o poderia deixar o assunto sem resposta\u201d, esclareceu.<\/p>\n","protected":false},"author":3,"featured_media":0,"comment_status":"open","ping_status":"open","sticky":false,"template":"","format":"standard","meta":{"_acf_changed":false,"footnotes":""},"categories":[1],"tags":[],"class_list":["post-81723","post","type-post","status-publish","format-standard","hentry","category-politica"],"acf":[],"yoast_head":"<!-- This site is optimized with the Yoast SEO plugin v27.4 - https:\/\/yoast.com\/product\/yoast-seo-wordpress\/ -->\n<title>&quot;NUNCA USEI DI\u00c1RIA DA C\u00c2MARA&quot;, DIZ VEREADOR EDILS\u00c3O  - Blog do Farn\u00e9sio<\/title>\n<meta name=\"robots\" content=\"index, follow, max-snippet:-1, max-image-preview:large, max-video-preview:-1\" \/>\n<link rel=\"canonical\" href=\"https:\/\/blogdofarnesio.com.br\/?p=81723\" \/>\n<meta property=\"og:locale\" content=\"pt_BR\" \/>\n<meta property=\"og:type\" content=\"article\" \/>\n<meta property=\"og:title\" content=\"&quot;NUNCA USEI DI\u00c1RIA DA C\u00c2MARA&quot;, DIZ VEREADOR EDILS\u00c3O  - Blog do Farn\u00e9sio\" \/>\n<meta property=\"og:description\" content=\"A pol\u00eamica da di\u00e1ria na C\u00e2mara de Vereadores de Petrolina continua. Sobre o\u00a0assunto, o vereador Edilson Leite, o \u2018Edils\u00e3o do Tr\u00e2nsito\u2019 (PSL), garantiu que nunca usou qualquer di\u00e1ria da Casa\u00a0Pl\u00ednio Amorim. Depois de questionado pela imprensa, o vereador fez quest\u00e3o de esclarecer que n\u00e3o precisou do dinheiro. \u201cEu preciso informar que nunca peguei qualquer di\u00e1ria. Tenho feito o meu trabalho com foco em Petrolina e na vida das pessoas. Sempre com mais aten\u00e7\u00e3o \u00e0s pessoas mais simples. Portanto, n\u00e3o vi necessidade de qualquer viagem e, consequentemente, de receber di\u00e1ria, mas me perguntaram e\u00a0n\u00e3o poderia deixar o assunto sem resposta\u201d, esclareceu.\" \/>\n<meta property=\"og:url\" content=\"https:\/\/blogdofarnesio.com.br\/?p=81723\" \/>\n<meta property=\"og:site_name\" content=\"Blog do Farn\u00e9sio\" \/>\n<meta property=\"article:publisher\" content=\"https:\/\/www.facebook.com\/BlogQuerSaberPolitica\/\" \/>\n<meta property=\"article:published_time\" content=\"2014-04-30T17:21:47+00:00\" \/>\n<meta property=\"og:image\" content=\"http:\/\/www.quersaberpolitica.com.br\/2016\/wp-content\/uploads\/2013\/10\/foto1.jpg\" \/>\n<meta name=\"author\" content=\"teste\" \/>\n<meta name=\"twitter:card\" content=\"summary_large_image\" \/>\n<meta name=\"twitter:label1\" content=\"Escrito por\" \/>\n\t<meta name=\"twitter:data1\" content=\"teste\" \/>\n\t<meta name=\"twitter:label2\" content=\"Est. tempo de leitura\" \/>\n\t<meta name=\"twitter:data2\" content=\"1 minuto\" \/>\n<script type=\"application\/ld+json\" class=\"yoast-schema-graph\">{\"@context\":\"https:\\\/\\\/schema.org\",\"@graph\":[{\"@type\":\"Article\",\"@id\":\"https:\\\/\\\/blogdofarnesio.com.br\\\/?p=81723#article\",\"isPartOf\":{\"@id\":\"https:\\\/\\\/blogdofarnesio.com.br\\\/?p=81723\"},\"author\":{\"name\":\"teste\",\"@id\":\"https:\\\/\\\/blogdofarnesio.com.br\\\/#\\\/schema\\\/person\\\/dd1bf5eba40b687199ba45ca6b97dff9\"},\"headline\":\"&#8220;NUNCA USEI DI\u00c1RIA DA C\u00c2MARA&#8221;, DIZ VEREADOR EDILS\u00c3O\",\"datePublished\":\"2014-04-30T17:21:47+00:00\",\"mainEntityOfPage\":{\"@id\":\"https:\\\/\\\/blogdofarnesio.com.br\\\/?p=81723\"},\"wordCount\":128,\"commentCount\":0,\"publisher\":{\"@id\":\"https:\\\/\\\/blogdofarnesio.com.br\\\/#organization\"},\"image\":{\"@id\":\"https:\\\/\\\/blogdofarnesio.com.br\\\/?p=81723#primaryimage\"},\"thumbnailUrl\":\"http:\\\/\\\/www.quersaberpolitica.com.br\\\/2016\\\/wp-content\\\/uploads\\\/2013\\\/10\\\/foto1.jpg\",\"articleSection\":[\"Pol\u00edtica\"],\"inLanguage\":\"pt-BR\",\"potentialAction\":[{\"@type\":\"CommentAction\",\"name\":\"Comment\",\"target\":[\"https:\\\/\\\/blogdofarnesio.com.br\\\/?p=81723#respond\"]}]},{\"@type\":\"WebPage\",\"@id\":\"https:\\\/\\\/blogdofarnesio.com.br\\\/?p=81723\",\"url\":\"https:\\\/\\\/blogdofarnesio.com.br\\\/?p=81723\",\"name\":\"\\\"NUNCA USEI DI\u00c1RIA DA C\u00c2MARA\\\", DIZ VEREADOR EDILS\u00c3O - Blog do Farn\u00e9sio\",\"isPartOf\":{\"@id\":\"https:\\\/\\\/blogdofarnesio.com.br\\\/#website\"},\"primaryImageOfPage\":{\"@id\":\"https:\\\/\\\/blogdofarnesio.com.br\\\/?p=81723#primaryimage\"},\"image\":{\"@id\":\"https:\\\/\\\/blogdofarnesio.com.br\\\/?p=81723#primaryimage\"},\"thumbnailUrl\":\"http:\\\/\\\/www.quersaberpolitica.com.br\\\/2016\\\/wp-content\\\/uploads\\\/2013\\\/10\\\/foto1.jpg\",\"datePublished\":\"2014-04-30T17:21:47+00:00\",\"breadcrumb\":{\"@id\":\"https:\\\/\\\/blogdofarnesio.com.br\\\/?p=81723#breadcrumb\"},\"inLanguage\":\"pt-BR\",\"potentialAction\":[{\"@type\":\"ReadAction\",\"target\":[\"https:\\\/\\\/blogdofarnesio.com.br\\\/?p=81723\"]}]},{\"@type\":\"ImageObject\",\"inLanguage\":\"pt-BR\",\"@id\":\"https:\\\/\\\/blogdofarnesio.com.br\\\/?p=81723#primaryimage\",\"url\":\"http:\\\/\\\/www.quersaberpolitica.com.br\\\/2016\\\/wp-content\\\/uploads\\\/2013\\\/10\\\/foto1.jpg\",\"contentUrl\":\"http:\\\/\\\/www.quersaberpolitica.com.br\\\/2016\\\/wp-content\\\/uploads\\\/2013\\\/10\\\/foto1.jpg\"},{\"@type\":\"BreadcrumbList\",\"@id\":\"https:\\\/\\\/blogdofarnesio.com.br\\\/?p=81723#breadcrumb\",\"itemListElement\":[{\"@type\":\"ListItem\",\"position\":1,\"name\":\"In\u00edcio\",\"item\":\"https:\\\/\\\/blogdofarnesio.com.br\\\/\"},{\"@type\":\"ListItem\",\"position\":2,\"name\":\"&#8220;NUNCA USEI DI\u00c1RIA DA C\u00c2MARA&#8221;, DIZ VEREADOR EDILS\u00c3O\"}]},{\"@type\":\"WebSite\",\"@id\":\"https:\\\/\\\/blogdofarnesio.com.br\\\/#website\",\"url\":\"https:\\\/\\\/blogdofarnesio.com.br\\\/\",\"name\":\"Blog do Farn\u00e9sio\",\"description\":\"Quer Saber Pol\u00edtica?\",\"publisher\":{\"@id\":\"https:\\\/\\\/blogdofarnesio.com.br\\\/#organization\"},\"potentialAction\":[{\"@type\":\"SearchAction\",\"target\":{\"@type\":\"EntryPoint\",\"urlTemplate\":\"https:\\\/\\\/blogdofarnesio.com.br\\\/?s={search_term_string}\"},\"query-input\":{\"@type\":\"PropertyValueSpecification\",\"valueRequired\":true,\"valueName\":\"search_term_string\"}}],\"inLanguage\":\"pt-BR\"},{\"@type\":\"Organization\",\"@id\":\"https:\\\/\\\/blogdofarnesio.com.br\\\/#organization\",\"name\":\"Blog do Farn\u00e9sio\",\"url\":\"https:\\\/\\\/blogdofarnesio.com.br\\\/\",\"logo\":{\"@type\":\"ImageObject\",\"inLanguage\":\"pt-BR\",\"@id\":\"https:\\\/\\\/blogdofarnesio.com.br\\\/#\\\/schema\\\/logo\\\/image\\\/\",\"url\":\"https:\\\/\\\/blogdofarnesio.com.br\\\/wp-content\\\/uploads\\\/2026\\\/03\\\/cropped-logo_new-1.png\",\"contentUrl\":\"https:\\\/\\\/blogdofarnesio.com.br\\\/wp-content\\\/uploads\\\/2026\\\/03\\\/cropped-logo_new-1.png\",\"width\":881,\"height\":685,\"caption\":\"Blog do Farn\u00e9sio\"},\"image\":{\"@id\":\"https:\\\/\\\/blogdofarnesio.com.br\\\/#\\\/schema\\\/logo\\\/image\\\/\"},\"sameAs\":[\"https:\\\/\\\/www.facebook.com\\\/BlogQuerSaberPolitica\\\/\"]},{\"@type\":\"Person\",\"@id\":\"https:\\\/\\\/blogdofarnesio.com.br\\\/#\\\/schema\\\/person\\\/dd1bf5eba40b687199ba45ca6b97dff9\",\"name\":\"teste\",\"image\":{\"@type\":\"ImageObject\",\"inLanguage\":\"pt-BR\",\"@id\":\"https:\\\/\\\/secure.gravatar.com\\\/avatar\\\/2172498d4914b51e1d89a0f97957b035ac4938723a5cac208135d389b6972a6d?s=96&d=mm&r=g\",\"url\":\"https:\\\/\\\/secure.gravatar.com\\\/avatar\\\/2172498d4914b51e1d89a0f97957b035ac4938723a5cac208135d389b6972a6d?s=96&d=mm&r=g\",\"contentUrl\":\"https:\\\/\\\/secure.gravatar.com\\\/avatar\\\/2172498d4914b51e1d89a0f97957b035ac4938723a5cac208135d389b6972a6d?s=96&d=mm&r=g\",\"caption\":\"teste\"},\"url\":\"https:\\\/\\\/blogdofarnesio.com.br\\\/?author=3\"}]}<\/script>\n<!-- \/ Yoast SEO plugin. -->","yoast_head_json":{"title":"\"NUNCA USEI DI\u00c1RIA DA C\u00c2MARA\", DIZ VEREADOR EDILS\u00c3O  - Blog do Farn\u00e9sio","robots":{"index":"index","follow":"follow","max-snippet":"max-snippet:-1","max-image-preview":"max-image-preview:large","max-video-preview":"max-video-preview:-1"},"canonical":"https:\/\/blogdofarnesio.com.br\/?p=81723","og_locale":"pt_BR","og_type":"article","og_title":"\"NUNCA USEI DI\u00c1RIA DA C\u00c2MARA\", DIZ VEREADOR EDILS\u00c3O  - Blog do Farn\u00e9sio","og_description":"A pol\u00eamica da di\u00e1ria na C\u00e2mara de Vereadores de Petrolina continua. Sobre o\u00a0assunto, o vereador Edilson Leite, o \u2018Edils\u00e3o do Tr\u00e2nsito\u2019 (PSL), garantiu que nunca usou qualquer di\u00e1ria da Casa\u00a0Pl\u00ednio Amorim. Depois de questionado pela imprensa, o vereador fez quest\u00e3o de esclarecer que n\u00e3o precisou do dinheiro. \u201cEu preciso informar que nunca peguei qualquer di\u00e1ria. Tenho feito o meu trabalho com foco em Petrolina e na vida das pessoas. Sempre com mais aten\u00e7\u00e3o \u00e0s pessoas mais simples. Portanto, n\u00e3o vi necessidade de qualquer viagem e, consequentemente, de receber di\u00e1ria, mas me perguntaram e\u00a0n\u00e3o poderia deixar o assunto sem resposta\u201d, esclareceu.","og_url":"https:\/\/blogdofarnesio.com.br\/?p=81723","og_site_name":"Blog do Farn\u00e9sio","article_publisher":"https:\/\/www.facebook.com\/BlogQuerSaberPolitica\/","article_published_time":"2014-04-30T17:21:47+00:00","og_image":[{"url":"http:\/\/www.quersaberpolitica.com.br\/2016\/wp-content\/uploads\/2013\/10\/foto1.jpg","type":"","width":"","height":""}],"author":"teste","twitter_card":"summary_large_image","twitter_misc":{"Escrito por":"teste","Est. tempo de leitura":"1 minuto"},"schema":{"@context":"https:\/\/schema.org","@graph":[{"@type":"Article","@id":"https:\/\/blogdofarnesio.com.br\/?p=81723#article","isPartOf":{"@id":"https:\/\/blogdofarnesio.com.br\/?p=81723"},"author":{"name":"teste","@id":"https:\/\/blogdofarnesio.com.br\/#\/schema\/person\/dd1bf5eba40b687199ba45ca6b97dff9"},"headline":"&#8220;NUNCA USEI DI\u00c1RIA DA C\u00c2MARA&#8221;, DIZ VEREADOR EDILS\u00c3O","datePublished":"2014-04-30T17:21:47+00:00","mainEntityOfPage":{"@id":"https:\/\/blogdofarnesio.com.br\/?p=81723"},"wordCount":128,"commentCount":0,"publisher":{"@id":"https:\/\/blogdofarnesio.com.br\/#organization"},"image":{"@id":"https:\/\/blogdofarnesio.com.br\/?p=81723#primaryimage"},"thumbnailUrl":"http:\/\/www.quersaberpolitica.com.br\/2016\/wp-content\/uploads\/2013\/10\/foto1.jpg","articleSection":["Pol\u00edtica"],"inLanguage":"pt-BR","potentialAction":[{"@type":"CommentAction","name":"Comment","target":["https:\/\/blogdofarnesio.com.br\/?p=81723#respond"]}]},{"@type":"WebPage","@id":"https:\/\/blogdofarnesio.com.br\/?p=81723","url":"https:\/\/blogdofarnesio.com.br\/?p=81723","name":"\"NUNCA USEI DI\u00c1RIA DA C\u00c2MARA\", DIZ VEREADOR EDILS\u00c3O - Blog do Farn\u00e9sio","isPartOf":{"@id":"https:\/\/blogdofarnesio.com.br\/#website"},"primaryImageOfPage":{"@id":"https:\/\/blogdofarnesio.com.br\/?p=81723#primaryimage"},"image":{"@id":"https:\/\/blogdofarnesio.com.br\/?p=81723#primaryimage"},"thumbnailUrl":"http:\/\/www.quersaberpolitica.com.br\/2016\/wp-content\/uploads\/2013\/10\/foto1.jpg","datePublished":"2014-04-30T17:21:47+00:00","breadcrumb":{"@id":"https:\/\/blogdofarnesio.com.br\/?p=81723#breadcrumb"},"inLanguage":"pt-BR","potentialAction":[{"@type":"ReadAction","target":["https:\/\/blogdofarnesio.com.br\/?p=81723"]}]},{"@type":"ImageObject","inLanguage":"pt-BR","@id":"https:\/\/blogdofarnesio.com.br\/?p=81723#primaryimage","url":"http:\/\/www.quersaberpolitica.com.br\/2016\/wp-content\/uploads\/2013\/10\/foto1.jpg","contentUrl":"http:\/\/www.quersaberpolitica.com.br\/2016\/wp-content\/uploads\/2013\/10\/foto1.jpg"},{"@type":"BreadcrumbList","@id":"https:\/\/blogdofarnesio.com.br\/?p=81723#breadcrumb","itemListElement":[{"@type":"ListItem","position":1,"name":"In\u00edcio","item":"https:\/\/blogdofarnesio.com.br\/"},{"@type":"ListItem","position":2,"name":"&#8220;NUNCA USEI DI\u00c1RIA DA C\u00c2MARA&#8221;, DIZ VEREADOR EDILS\u00c3O"}]},{"@type":"WebSite","@id":"https:\/\/blogdofarnesio.com.br\/#website","url":"https:\/\/blogdofarnesio.com.br\/","name":"Blog do Farn\u00e9sio","description":"Quer Saber Pol\u00edtica?","publisher":{"@id":"https:\/\/blogdofarnesio.com.br\/#organization"},"potentialAction":[{"@type":"SearchAction","target":{"@type":"EntryPoint","urlTemplate":"https:\/\/blogdofarnesio.com.br\/?s={search_term_string}"},"query-input":{"@type":"PropertyValueSpecification","valueRequired":true,"valueName":"search_term_string"}}],"inLanguage":"pt-BR"},{"@type":"Organization","@id":"https:\/\/blogdofarnesio.com.br\/#organization","name":"Blog do Farn\u00e9sio","url":"https:\/\/blogdofarnesio.com.br\/","logo":{"@type":"ImageObject","inLanguage":"pt-BR","@id":"https:\/\/blogdofarnesio.com.br\/#\/schema\/logo\/image\/","url":"https:\/\/blogdofarnesio.com.br\/wp-content\/uploads\/2026\/03\/cropped-logo_new-1.png","contentUrl":"https:\/\/blogdofarnesio.com.br\/wp-content\/uploads\/2026\/03\/cropped-logo_new-1.png","width":881,"height":685,"caption":"Blog do Farn\u00e9sio"},"image":{"@id":"https:\/\/blogdofarnesio.com.br\/#\/schema\/logo\/image\/"},"sameAs":["https:\/\/www.facebook.com\/BlogQuerSaberPolitica\/"]},{"@type":"Person","@id":"https:\/\/blogdofarnesio.com.br\/#\/schema\/person\/dd1bf5eba40b687199ba45ca6b97dff9","name":"teste","image":{"@type":"ImageObject","inLanguage":"pt-BR","@id":"https:\/\/secure.gravatar.com\/avatar\/2172498d4914b51e1d89a0f97957b035ac4938723a5cac208135d389b6972a6d?s=96&d=mm&r=g","url":"https:\/\/secure.gravatar.com\/avatar\/2172498d4914b51e1d89a0f97957b035ac4938723a5cac208135d389b6972a6d?s=96&d=mm&r=g","contentUrl":"https:\/\/secure.gravatar.com\/avatar\/2172498d4914b51e1d89a0f97957b035ac4938723a5cac208135d389b6972a6d?s=96&d=mm&r=g","caption":"teste"},"url":"https:\/\/blogdofarnesio.com.br\/?author=3"}]}},"_links":{"self":[{"href":"https:\/\/blogdofarnesio.com.br\/index.php?rest_route=\/wp\/v2\/posts\/81723","targetHints":{"allow":["GET"]}}],"collection":[{"href":"https:\/\/blogdofarnesio.com.br\/index.php?rest_route=\/wp\/v2\/posts"}],"about":[{"href":"https:\/\/blogdofarnesio.com.br\/index.php?rest_route=\/wp\/v2\/types\/post"}],"author":[{"embeddable":true,"href":"https:\/\/blogdofarnesio.com.br\/index.php?rest_route=\/wp\/v2\/users\/3"}],"replies":[{"embeddable":true,"href":"https:\/\/blogdofarnesio.com.br\/index.php?rest_route=%2Fwp%2Fv2%2Fcomments&post=81723"}],"version-history":[{"count":0,"href":"https:\/\/blogdofarnesio.com.br\/index.php?rest_route=\/wp\/v2\/posts\/81723\/revisions"}],"wp:attachment":[{"href":"https:\/\/blogdofarnesio.com.br\/index.php?rest_route=%2Fwp%2Fv2%2Fmedia&parent=81723"}],"wp:term":[{"taxonomy":"category","embeddable":true,"href":"https:\/\/blogdofarnesio.com.br\/index.php?rest_route=%2Fwp%2Fv2%2Fcategories&post=81723"},{"taxonomy":"post_tag","embeddable":true,"href":"https:\/\/blogdofarnesio.com.br\/index.php?rest_route=%2Fwp%2Fv2%2Ftags&post=81723"}],"curies":[{"name":"wp","href":"https:\/\/api.w.org\/{rel}","templated":true}]}}