{"id":8167,"date":"2011-11-08T18:30:16","date_gmt":"2011-11-08T18:30:16","guid":{"rendered":"http:\/\/www.quersaberpolitica.com.br?p=8167"},"modified":"-0001-11-30T00:00:00","modified_gmt":"-0001-11-30T03:00:00","slug":"direto-de-curaca","status":"publish","type":"post","link":"https:\/\/blogdofarnesio.com.br\/?p=8167","title":{"rendered":"Direto de Cura\u00e7\u00e1"},"content":{"rendered":"<p style=\"text-align: justify;\"><span style=\"font-size: small;\"><br \/><\/span><\/p>\n<p style=\"text-align: justify;\"><span style=\"font-size: small;\">AUDI&Ecirc;NCIA P&Uacute;BLICA DISCUTE ABASTECIMENTO DE ENERGIA EM CURA&Ccedil;&Aacute;<\/span><\/p>\n<p style=\"text-align: justify;\"><span style=\"font-size: small;\"><a rel=\"lightbox\" href=\"http:\/\/www.quersaberpolitica.com.br\/2016\/wp-content\/uploads\/2012\/12\/blogqspcuracaaudienciaenergia.jpg\"><img loading=\"lazy\" decoding=\"async\" style=\"float: left; margin-top: 5px; margin-bottom: 5px; margin-left: 10px; margin-right: 10px;\" src=\"http:\/\/www.quersaberpolitica.com.br\/2016\/wp-content\/uploads\/2012\/12\/blogqspcuracaaudienciaenergia.jpg\" alt=\"\" width=\"200\" height=\"150\" \/><\/a>Aconteceu, ontem, segunda-feira 07 de novembro, na C&acirc;mara Municipal de Cura&ccedil;&aacute;, uma Audi&ecirc;ncia P&uacute;blica para discuss&atilde;o e esclarecimentos de assuntos ligados ao fornecimento de energia el&eacute;trica em Cura&ccedil;&aacute;. Al&eacute;m dos vereadores, estavam presentes representantes da COELBA, associa&ccedil;&otilde;es de comunidades localizadas na margem do S&atilde;o Francisco, Sindicato dos Trabalhadores Rurais de Cura&ccedil;&aacute;, procurador jur&iacute;dico do Munic&iacute;pio, e moradores da Sede.<\/span><\/p>\n<p style=\"text-align: justify;\"><span style=\"font-size: small;\">Na oportunidade, Gezer Pacheco, gerente regional e demais t&eacute;cnicos representantes da COELBA fizeram uma explana&ccedil;&atilde;o acerca dos investimentos no abastecimento de energia e do andamento do Programa Luz para Todos em Cura&ccedil;&aacute;. Esclareceram ainda, as d&uacute;vidas dos presentes quanto &agrave; qualidade no fornecimento de energia na Sede. O presidente da C&acirc;mara, vereador Valberto Matos, lamentou a aus&ecirc;ncia de outros &oacute;rg&atilde;os envolvidos com os programas Luz para Todos e &Aacute;gua para Todos, ressaltando que tamb&eacute;m foram convidados pela Casa Legislativa.<\/span><\/p>\n<p style=\"text-align: justify;\"><span style=\"font-size: small;\">O morador da Fazenda Passagem, conhecido como Corr&oacute;, sintetizou a ansiedade de receber &aacute;gua em sua localidade: &#8220;estamos vendo os bichos com sede todos os dias e agora, vemos tamb&eacute;m os nossos filhos sa&iacute;rem de casa pra escola, &agrave;s vezes, sem tomar um gole de caf&eacute; porque n&atilde;o se tem &aacute;gua em casa, tendo que pagar 80 reais por um carro pipa&#8221;, indagando sobre a morosidade na liga&ccedil;&atilde;o das redes de energia que permitir&atilde;o o bombeamento de &aacute;gua do programa &Aacute;gua para Todos. O gerente da COELBA esclareceu que o atraso na liga&ccedil;&atilde;o das redes se deu porque os padr&otilde;es colocados pela empresa que prestava servi&ccedil;o ao Programa, n&atilde;o atendiam &agrave;s normas t&eacute;cnicas exigidas, sendo necess&aacute;rios reparos nas instala&ccedil;&otilde;es. Informou tamb&eacute;m, que logo sejam efetuados os servi&ccedil;os de troca nas 12 comunidades, a Companhia far&aacute; a liga&ccedil;&atilde;o da rede.<\/span><\/p>\n<p style=\"text-align: justify;\"><span style=\"font-size: small;\">Hoje, ter&ccedil;a-feira, &agrave;s 19 horas, acontecer&aacute; outra Audi&ecirc;ncia P&uacute;blica na C&acirc;mara de Vereadores, desta vez para tratar sobre a distribui&ccedil;&atilde;o de terrenos na Sede do Munic&iacute;pio.<\/span><\/p>\n<p style=\"text-align: justify;\"><span style=\"font-size: small;\"><br \/>Elias Fonseca Martins<br \/>ASCOM &#8211; C&acirc;mara Municipal de Cura&ccedil;&aacute;<\/span><\/p>\n<p style=\"text-align: justify;\"><span style=\"font-size: small;\"><br \/><\/span><\/p>\n<p style=\"text-align: justify;\">&nbsp;<\/p>\n","protected":false},"excerpt":{"rendered":"<p>AUDI&Ecirc;NCIA P&Uacute;BLICA DISCUTE ABASTECIMENTO DE ENERGIA EM CURA&Ccedil;&Aacute; Aconteceu, ontem, segunda-feira 07 de novembro, na C&acirc;mara Municipal de Cura&ccedil;&aacute;, uma Audi&ecirc;ncia P&uacute;blica para discuss&atilde;o e esclarecimentos de assuntos ligados ao fornecimento de energia el&eacute;trica em Cura&ccedil;&aacute;. Al&eacute;m dos vereadores, estavam presentes representantes da COELBA, associa&ccedil;&otilde;es de comunidades localizadas na margem do S&atilde;o Francisco, Sindicato dos Trabalhadores Rurais de Cura&ccedil;&aacute;, procurador jur&iacute;dico do Munic&iacute;pio, e moradores da Sede. Na oportunidade, Gezer Pacheco, gerente regional e demais t&eacute;cnicos representantes da COELBA fizeram uma explana&ccedil;&atilde;o acerca dos investimentos no abastecimento de energia e do andamento do Programa Luz para Todos em Cura&ccedil;&aacute;. Esclareceram ainda, as d&uacute;vidas dos presentes quanto &agrave; qualidade no fornecimento de energia na Sede. O presidente da C&acirc;mara, vereador Valberto&hellip; <\/p>\n","protected":false},"author":0,"featured_media":0,"comment_status":"open","ping_status":"open","sticky":false,"template":"","format":"standard","meta":{"_acf_changed":false,"footnotes":""},"categories":[27],"tags":[],"class_list":["post-8167","post","type-post","status-publish","format-standard","hentry","category-cidades"],"acf":[],"yoast_head":"<!-- This site is optimized with the Yoast SEO plugin v27.4 - https:\/\/yoast.com\/product\/yoast-seo-wordpress\/ -->\n<title>Direto de Cura\u00e7\u00e1 - Blog do Farn\u00e9sio<\/title>\n<meta name=\"robots\" content=\"index, follow, max-snippet:-1, max-image-preview:large, max-video-preview:-1\" \/>\n<link rel=\"canonical\" href=\"https:\/\/blogdofarnesio.com.br\/?p=8167\" \/>\n<meta property=\"og:locale\" content=\"pt_BR\" \/>\n<meta property=\"og:type\" content=\"article\" \/>\n<meta property=\"og:title\" content=\"Direto de Cura\u00e7\u00e1 - Blog do Farn\u00e9sio\" \/>\n<meta property=\"og:description\" content=\"AUDI&Ecirc;NCIA P&Uacute;BLICA DISCUTE ABASTECIMENTO DE ENERGIA EM CURA&Ccedil;&Aacute; Aconteceu, ontem, segunda-feira 07 de novembro, na C&acirc;mara Municipal de Cura&ccedil;&aacute;, uma Audi&ecirc;ncia P&uacute;blica para discuss&atilde;o e esclarecimentos de assuntos ligados ao fornecimento de energia el&eacute;trica em Cura&ccedil;&aacute;. Al&eacute;m dos vereadores, estavam presentes representantes da COELBA, associa&ccedil;&otilde;es de comunidades localizadas na margem do S&atilde;o Francisco, Sindicato dos Trabalhadores Rurais de Cura&ccedil;&aacute;, procurador jur&iacute;dico do Munic&iacute;pio, e moradores da Sede. Na oportunidade, Gezer Pacheco, gerente regional e demais t&eacute;cnicos representantes da COELBA fizeram uma explana&ccedil;&atilde;o acerca dos investimentos no abastecimento de energia e do andamento do Programa Luz para Todos em Cura&ccedil;&aacute;. Esclareceram ainda, as d&uacute;vidas dos presentes quanto &agrave; qualidade no fornecimento de energia na Sede. O presidente da C&acirc;mara, vereador Valberto&hellip;\" \/>\n<meta property=\"og:url\" content=\"https:\/\/blogdofarnesio.com.br\/?p=8167\" \/>\n<meta property=\"og:site_name\" content=\"Blog do Farn\u00e9sio\" \/>\n<meta property=\"article:publisher\" content=\"https:\/\/www.facebook.com\/BlogQuerSaberPolitica\/\" \/>\n<meta property=\"article:published_time\" content=\"2011-11-08T18:30:16+00:00\" \/>\n<meta property=\"og:image\" content=\"http:\/\/www.quersaberpolitica.com.br\/2016\/wp-content\/uploads\/2012\/12\/blogqspcuracaaudienciaenergia.jpg\" \/>\n<meta name=\"twitter:card\" content=\"summary_large_image\" \/>\n<meta name=\"twitter:label1\" content=\"Est. tempo de leitura\" \/>\n\t<meta name=\"twitter:data1\" content=\"2 minutos\" \/>\n<script type=\"application\/ld+json\" class=\"yoast-schema-graph\">{\"@context\":\"https:\\\/\\\/schema.org\",\"@graph\":[{\"@type\":\"Article\",\"@id\":\"https:\\\/\\\/blogdofarnesio.com.br\\\/?p=8167#article\",\"isPartOf\":{\"@id\":\"https:\\\/\\\/blogdofarnesio.com.br\\\/?p=8167\"},\"author\":{\"name\":\"\",\"@id\":\"\"},\"headline\":\"Direto de Cura\u00e7\u00e1\",\"datePublished\":\"2011-11-08T18:30:16+00:00\",\"mainEntityOfPage\":{\"@id\":\"https:\\\/\\\/blogdofarnesio.com.br\\\/?p=8167\"},\"wordCount\":433,\"commentCount\":0,\"publisher\":{\"@id\":\"https:\\\/\\\/blogdofarnesio.com.br\\\/#organization\"},\"image\":{\"@id\":\"https:\\\/\\\/blogdofarnesio.com.br\\\/?p=8167#primaryimage\"},\"thumbnailUrl\":\"http:\\\/\\\/www.quersaberpolitica.com.br\\\/2016\\\/wp-content\\\/uploads\\\/2012\\\/12\\\/blogqspcuracaaudienciaenergia.jpg\",\"articleSection\":[\"Cidades\"],\"inLanguage\":\"pt-BR\",\"potentialAction\":[{\"@type\":\"CommentAction\",\"name\":\"Comment\",\"target\":[\"https:\\\/\\\/blogdofarnesio.com.br\\\/?p=8167#respond\"]}]},{\"@type\":\"WebPage\",\"@id\":\"https:\\\/\\\/blogdofarnesio.com.br\\\/?p=8167\",\"url\":\"https:\\\/\\\/blogdofarnesio.com.br\\\/?p=8167\",\"name\":\"Direto de Cura\u00e7\u00e1 - Blog do Farn\u00e9sio\",\"isPartOf\":{\"@id\":\"https:\\\/\\\/blogdofarnesio.com.br\\\/#website\"},\"primaryImageOfPage\":{\"@id\":\"https:\\\/\\\/blogdofarnesio.com.br\\\/?p=8167#primaryimage\"},\"image\":{\"@id\":\"https:\\\/\\\/blogdofarnesio.com.br\\\/?p=8167#primaryimage\"},\"thumbnailUrl\":\"http:\\\/\\\/www.quersaberpolitica.com.br\\\/2016\\\/wp-content\\\/uploads\\\/2012\\\/12\\\/blogqspcuracaaudienciaenergia.jpg\",\"datePublished\":\"2011-11-08T18:30:16+00:00\",\"breadcrumb\":{\"@id\":\"https:\\\/\\\/blogdofarnesio.com.br\\\/?p=8167#breadcrumb\"},\"inLanguage\":\"pt-BR\",\"potentialAction\":[{\"@type\":\"ReadAction\",\"target\":[\"https:\\\/\\\/blogdofarnesio.com.br\\\/?p=8167\"]}]},{\"@type\":\"ImageObject\",\"inLanguage\":\"pt-BR\",\"@id\":\"https:\\\/\\\/blogdofarnesio.com.br\\\/?p=8167#primaryimage\",\"url\":\"http:\\\/\\\/www.quersaberpolitica.com.br\\\/2016\\\/wp-content\\\/uploads\\\/2012\\\/12\\\/blogqspcuracaaudienciaenergia.jpg\",\"contentUrl\":\"http:\\\/\\\/www.quersaberpolitica.com.br\\\/2016\\\/wp-content\\\/uploads\\\/2012\\\/12\\\/blogqspcuracaaudienciaenergia.jpg\"},{\"@type\":\"BreadcrumbList\",\"@id\":\"https:\\\/\\\/blogdofarnesio.com.br\\\/?p=8167#breadcrumb\",\"itemListElement\":[{\"@type\":\"ListItem\",\"position\":1,\"name\":\"In\u00edcio\",\"item\":\"https:\\\/\\\/blogdofarnesio.com.br\\\/\"},{\"@type\":\"ListItem\",\"position\":2,\"name\":\"Direto de Cura\u00e7\u00e1\"}]},{\"@type\":\"WebSite\",\"@id\":\"https:\\\/\\\/blogdofarnesio.com.br\\\/#website\",\"url\":\"https:\\\/\\\/blogdofarnesio.com.br\\\/\",\"name\":\"Blog do Farn\u00e9sio\",\"description\":\"Quer Saber Pol\u00edtica?\",\"publisher\":{\"@id\":\"https:\\\/\\\/blogdofarnesio.com.br\\\/#organization\"},\"potentialAction\":[{\"@type\":\"SearchAction\",\"target\":{\"@type\":\"EntryPoint\",\"urlTemplate\":\"https:\\\/\\\/blogdofarnesio.com.br\\\/?s={search_term_string}\"},\"query-input\":{\"@type\":\"PropertyValueSpecification\",\"valueRequired\":true,\"valueName\":\"search_term_string\"}}],\"inLanguage\":\"pt-BR\"},{\"@type\":\"Organization\",\"@id\":\"https:\\\/\\\/blogdofarnesio.com.br\\\/#organization\",\"name\":\"Blog do Farn\u00e9sio\",\"url\":\"https:\\\/\\\/blogdofarnesio.com.br\\\/\",\"logo\":{\"@type\":\"ImageObject\",\"inLanguage\":\"pt-BR\",\"@id\":\"https:\\\/\\\/blogdofarnesio.com.br\\\/#\\\/schema\\\/logo\\\/image\\\/\",\"url\":\"https:\\\/\\\/blogdofarnesio.com.br\\\/wp-content\\\/uploads\\\/2026\\\/03\\\/cropped-logo_new-1.png\",\"contentUrl\":\"https:\\\/\\\/blogdofarnesio.com.br\\\/wp-content\\\/uploads\\\/2026\\\/03\\\/cropped-logo_new-1.png\",\"width\":881,\"height\":685,\"caption\":\"Blog do Farn\u00e9sio\"},\"image\":{\"@id\":\"https:\\\/\\\/blogdofarnesio.com.br\\\/#\\\/schema\\\/logo\\\/image\\\/\"},\"sameAs\":[\"https:\\\/\\\/www.facebook.com\\\/BlogQuerSaberPolitica\\\/\"]}]}<\/script>\n<!-- \/ Yoast SEO plugin. -->","yoast_head_json":{"title":"Direto de Cura\u00e7\u00e1 - Blog do Farn\u00e9sio","robots":{"index":"index","follow":"follow","max-snippet":"max-snippet:-1","max-image-preview":"max-image-preview:large","max-video-preview":"max-video-preview:-1"},"canonical":"https:\/\/blogdofarnesio.com.br\/?p=8167","og_locale":"pt_BR","og_type":"article","og_title":"Direto de Cura\u00e7\u00e1 - Blog do Farn\u00e9sio","og_description":"AUDI&Ecirc;NCIA P&Uacute;BLICA DISCUTE ABASTECIMENTO DE ENERGIA EM CURA&Ccedil;&Aacute; Aconteceu, ontem, segunda-feira 07 de novembro, na C&acirc;mara Municipal de Cura&ccedil;&aacute;, uma Audi&ecirc;ncia P&uacute;blica para discuss&atilde;o e esclarecimentos de assuntos ligados ao fornecimento de energia el&eacute;trica em Cura&ccedil;&aacute;. Al&eacute;m dos vereadores, estavam presentes representantes da COELBA, associa&ccedil;&otilde;es de comunidades localizadas na margem do S&atilde;o Francisco, Sindicato dos Trabalhadores Rurais de Cura&ccedil;&aacute;, procurador jur&iacute;dico do Munic&iacute;pio, e moradores da Sede. Na oportunidade, Gezer Pacheco, gerente regional e demais t&eacute;cnicos representantes da COELBA fizeram uma explana&ccedil;&atilde;o acerca dos investimentos no abastecimento de energia e do andamento do Programa Luz para Todos em Cura&ccedil;&aacute;. Esclareceram ainda, as d&uacute;vidas dos presentes quanto &agrave; qualidade no fornecimento de energia na Sede. O presidente da C&acirc;mara, vereador Valberto&hellip;","og_url":"https:\/\/blogdofarnesio.com.br\/?p=8167","og_site_name":"Blog do Farn\u00e9sio","article_publisher":"https:\/\/www.facebook.com\/BlogQuerSaberPolitica\/","article_published_time":"2011-11-08T18:30:16+00:00","og_image":[{"url":"http:\/\/www.quersaberpolitica.com.br\/2016\/wp-content\/uploads\/2012\/12\/blogqspcuracaaudienciaenergia.jpg","type":"","width":"","height":""}],"twitter_card":"summary_large_image","twitter_misc":{"Est. tempo de leitura":"2 minutos"},"schema":{"@context":"https:\/\/schema.org","@graph":[{"@type":"Article","@id":"https:\/\/blogdofarnesio.com.br\/?p=8167#article","isPartOf":{"@id":"https:\/\/blogdofarnesio.com.br\/?p=8167"},"author":{"name":"","@id":""},"headline":"Direto de Cura\u00e7\u00e1","datePublished":"2011-11-08T18:30:16+00:00","mainEntityOfPage":{"@id":"https:\/\/blogdofarnesio.com.br\/?p=8167"},"wordCount":433,"commentCount":0,"publisher":{"@id":"https:\/\/blogdofarnesio.com.br\/#organization"},"image":{"@id":"https:\/\/blogdofarnesio.com.br\/?p=8167#primaryimage"},"thumbnailUrl":"http:\/\/www.quersaberpolitica.com.br\/2016\/wp-content\/uploads\/2012\/12\/blogqspcuracaaudienciaenergia.jpg","articleSection":["Cidades"],"inLanguage":"pt-BR","potentialAction":[{"@type":"CommentAction","name":"Comment","target":["https:\/\/blogdofarnesio.com.br\/?p=8167#respond"]}]},{"@type":"WebPage","@id":"https:\/\/blogdofarnesio.com.br\/?p=8167","url":"https:\/\/blogdofarnesio.com.br\/?p=8167","name":"Direto de Cura\u00e7\u00e1 - Blog do Farn\u00e9sio","isPartOf":{"@id":"https:\/\/blogdofarnesio.com.br\/#website"},"primaryImageOfPage":{"@id":"https:\/\/blogdofarnesio.com.br\/?p=8167#primaryimage"},"image":{"@id":"https:\/\/blogdofarnesio.com.br\/?p=8167#primaryimage"},"thumbnailUrl":"http:\/\/www.quersaberpolitica.com.br\/2016\/wp-content\/uploads\/2012\/12\/blogqspcuracaaudienciaenergia.jpg","datePublished":"2011-11-08T18:30:16+00:00","breadcrumb":{"@id":"https:\/\/blogdofarnesio.com.br\/?p=8167#breadcrumb"},"inLanguage":"pt-BR","potentialAction":[{"@type":"ReadAction","target":["https:\/\/blogdofarnesio.com.br\/?p=8167"]}]},{"@type":"ImageObject","inLanguage":"pt-BR","@id":"https:\/\/blogdofarnesio.com.br\/?p=8167#primaryimage","url":"http:\/\/www.quersaberpolitica.com.br\/2016\/wp-content\/uploads\/2012\/12\/blogqspcuracaaudienciaenergia.jpg","contentUrl":"http:\/\/www.quersaberpolitica.com.br\/2016\/wp-content\/uploads\/2012\/12\/blogqspcuracaaudienciaenergia.jpg"},{"@type":"BreadcrumbList","@id":"https:\/\/blogdofarnesio.com.br\/?p=8167#breadcrumb","itemListElement":[{"@type":"ListItem","position":1,"name":"In\u00edcio","item":"https:\/\/blogdofarnesio.com.br\/"},{"@type":"ListItem","position":2,"name":"Direto de Cura\u00e7\u00e1"}]},{"@type":"WebSite","@id":"https:\/\/blogdofarnesio.com.br\/#website","url":"https:\/\/blogdofarnesio.com.br\/","name":"Blog do Farn\u00e9sio","description":"Quer Saber Pol\u00edtica?","publisher":{"@id":"https:\/\/blogdofarnesio.com.br\/#organization"},"potentialAction":[{"@type":"SearchAction","target":{"@type":"EntryPoint","urlTemplate":"https:\/\/blogdofarnesio.com.br\/?s={search_term_string}"},"query-input":{"@type":"PropertyValueSpecification","valueRequired":true,"valueName":"search_term_string"}}],"inLanguage":"pt-BR"},{"@type":"Organization","@id":"https:\/\/blogdofarnesio.com.br\/#organization","name":"Blog do Farn\u00e9sio","url":"https:\/\/blogdofarnesio.com.br\/","logo":{"@type":"ImageObject","inLanguage":"pt-BR","@id":"https:\/\/blogdofarnesio.com.br\/#\/schema\/logo\/image\/","url":"https:\/\/blogdofarnesio.com.br\/wp-content\/uploads\/2026\/03\/cropped-logo_new-1.png","contentUrl":"https:\/\/blogdofarnesio.com.br\/wp-content\/uploads\/2026\/03\/cropped-logo_new-1.png","width":881,"height":685,"caption":"Blog do Farn\u00e9sio"},"image":{"@id":"https:\/\/blogdofarnesio.com.br\/#\/schema\/logo\/image\/"},"sameAs":["https:\/\/www.facebook.com\/BlogQuerSaberPolitica\/"]}]}},"_links":{"self":[{"href":"https:\/\/blogdofarnesio.com.br\/index.php?rest_route=\/wp\/v2\/posts\/8167","targetHints":{"allow":["GET"]}}],"collection":[{"href":"https:\/\/blogdofarnesio.com.br\/index.php?rest_route=\/wp\/v2\/posts"}],"about":[{"href":"https:\/\/blogdofarnesio.com.br\/index.php?rest_route=\/wp\/v2\/types\/post"}],"replies":[{"embeddable":true,"href":"https:\/\/blogdofarnesio.com.br\/index.php?rest_route=%2Fwp%2Fv2%2Fcomments&post=8167"}],"version-history":[{"count":0,"href":"https:\/\/blogdofarnesio.com.br\/index.php?rest_route=\/wp\/v2\/posts\/8167\/revisions"}],"wp:attachment":[{"href":"https:\/\/blogdofarnesio.com.br\/index.php?rest_route=%2Fwp%2Fv2%2Fmedia&parent=8167"}],"wp:term":[{"taxonomy":"category","embeddable":true,"href":"https:\/\/blogdofarnesio.com.br\/index.php?rest_route=%2Fwp%2Fv2%2Fcategories&post=8167"},{"taxonomy":"post_tag","embeddable":true,"href":"https:\/\/blogdofarnesio.com.br\/index.php?rest_route=%2Fwp%2Fv2%2Ftags&post=8167"}],"curies":[{"name":"wp","href":"https:\/\/api.w.org\/{rel}","templated":true}]}}