{"id":8147,"date":"2011-11-08T18:00:01","date_gmt":"2011-11-08T18:00:01","guid":{"rendered":"http:\/\/www.quersaberpolitica.com.br?p=8147"},"modified":"2011-11-08T12:41:23","modified_gmt":"2011-11-08T12:41:23","slug":"secretaria-de-saude-entrega-mais-de-340-balancas-para-agentes-comunitarios-de-saude","status":"publish","type":"post","link":"https:\/\/blogdofarnesio.com.br\/?p=8147","title":{"rendered":"Secretaria de Sa\u00fade entrega mais de 340 balan\u00e7as para Agentes Comunit\u00e1rios de Sa\u00fade"},"content":{"rendered":"<p style=\"text-align: justify;\"><span style=\"font-size: small;\"><a rel=\"lightbox\" href=\"http:\/\/www.quersaberpolitica.com.br\/2016\/wp-content\/uploads\/2012\/12\/blogqspamerecebebalancaappeso1.jpg\"><img loading=\"lazy\" decoding=\"async\" style=\"float: left; margin-top: 5px; margin-bottom: 5px; margin-left: 10px; margin-right: 10px;\" title=\"Imagem Divulga&ccedil;&atilde;o | Ascom PMP\" src=\"http:\/\/www.quersaberpolitica.com.br\/2016\/wp-content\/uploads\/2012\/12\/blogqspamerecebebalancaappeso1.jpg\" alt=\"\" width=\"200\" height=\"150\" \/><\/a><a rel=\"lightbox\" href=\"http:\/\/www.quersaberpolitica.com.br\/2016\/wp-content\/uploads\/2012\/12\/blogqspamerecebebalancaappeso2.jpg\"><img loading=\"lazy\" decoding=\"async\" style=\"margin-top: 5px; margin-bottom: 5px; margin-left: 10px; margin-right: 10px; float: right;\" title=\"Imagem Divulga&ccedil;&atilde;o | Ascom PMP\" src=\"http:\/\/www.quersaberpolitica.com.br\/2016\/wp-content\/uploads\/2012\/12\/blogqspamerecebebalancaappeso2.jpg\" alt=\"\" width=\"200\" height=\"150\" \/><\/a>Em mais uma a&ccedil;&atilde;o de incentivo ao trabalho dos Agentes Comunit&aacute;rios de Sa&uacute;de (ACS), que atendem as diversas comunidades de Petrolina, a Prefeitura Municipal de Petrolina, atrav&eacute;s da Secretaria Municipal de Sa&uacute;de (SMS), iniciou na &uacute;ltima sexta-feira (04), a entrega das mais de 340 balan&ccedil;as que ser&atilde;o usadas nas atividades di&aacute;rias desempenhadas pelos ACS.&nbsp; A entrega dos primeiros equipamentos aconteceu na AME Lia Bezerra, localizada no bairro Jos&eacute; e Maria e na AME Leonor Elisa, no bairro Dom Avelar. A partir desta segunda-feira (07), a a&ccedil;&atilde;o ser&aacute; realizada nas demais Unidades B&aacute;sicas de Sa&uacute;de.<\/span><\/p>\n<p style=\"text-align: justify;\"><span style=\"font-size: small;\">De acordo com a Diretora de Aten&ccedil;&atilde;o &agrave; Sa&uacute;de, S&aacute;tira Cavalcanti, est&atilde;o sendo disponibilizadas 344 balan&ccedil;as, para os ACS que prestaram concurso e foram convocados recentemente pelo munic&iacute;pio e por isso ainda n&atilde;o possu&iacute;am o equipamento. Os profissionais que precisavam substituir as balan&ccedil;as antigas por uma nova, tamb&eacute;m foram contemplados. &#8220;A equipe da Secretaria realizou um levantamento junto aos profissionais para saber a nossa real necessidade para que pud&eacute;ssemos atender de forma satisfat&oacute;ria todas as &aacute;reas cobertas pelos Agentes de Sa&uacute;de&#8221;, declarou. Ainda segundo a Diretora de Aten&ccedil;&atilde;o &agrave; Sa&uacute;de, todas as Unidades B&aacute;sicas de Sa&uacute;de (UBS) ser&atilde;o beneficiadas.<\/span><\/p>\n<p style=\"text-align: justify;\"><span style=\"font-size: small;\">A Agente Comunit&aacute;ria de Sa&uacute;de do bairro Jos&eacute; e Maria, Sheiliana Bezerra, comentou que o novo material ir&aacute; contribuir ainda mais para o trabalho desenvolvido. &#8220;Esse &eacute; um dos principais equipamentos para que possamos realizar o acompanhamento da forma correta, porque &eacute; atrav&eacute;s da balan&ccedil;a que verificamos o peso da crian&ccedil;a, como est&aacute; a alimenta&ccedil;&atilde;o e diante disso podemos orientar a m&atilde;e sobre uma alimenta&ccedil;&atilde;o saud&aacute;vel&#8221;, afirmou. Para Sheiliane Bezerra, a iniciativa significa tamb&eacute;m um incentivo a mais para a categoria. &#8220;Al&eacute;m de trazer benef&iacute;cios para a popula&ccedil;&atilde;o, serve ainda de est&iacute;mulo para o trabalhador, porque todos n&oacute;s precisamos ter condi&ccedil;&otilde;es de trabalho. N&atilde;o basta apenas ter um bom sal&aacute;rio, precisamos tamb&eacute;m de equipamentos&#8221;, complementou.<\/span><\/p>\n<p style=\"text-align: justify;\"><span style=\"font-size: small;\">(Ta&iacute;sa Alencar &#8211; Ascom Petrolina)<\/span><\/p>\n","protected":false},"excerpt":{"rendered":"<p>Em mais uma a&ccedil;&atilde;o de incentivo ao trabalho dos Agentes Comunit&aacute;rios de Sa&uacute;de (ACS), que atendem as diversas comunidades de Petrolina, a Prefeitura Municipal de Petrolina, atrav&eacute;s da Secretaria Municipal de Sa&uacute;de (SMS), iniciou na &uacute;ltima sexta-feira (04), a entrega das mais de 340 balan&ccedil;as que ser&atilde;o usadas nas atividades di&aacute;rias desempenhadas pelos ACS.&nbsp; A entrega dos primeiros equipamentos aconteceu na AME Lia Bezerra, localizada no bairro Jos&eacute; e Maria e na AME Leonor Elisa, no bairro Dom Avelar. A partir desta segunda-feira (07), a a&ccedil;&atilde;o ser&aacute; realizada nas demais Unidades B&aacute;sicas de Sa&uacute;de. De acordo com a Diretora de Aten&ccedil;&atilde;o &agrave; Sa&uacute;de, S&aacute;tira Cavalcanti, est&atilde;o sendo disponibilizadas 344 balan&ccedil;as, para os ACS que prestaram concurso e foram convocados recentemente&hellip; <\/p>\n","protected":false},"author":0,"featured_media":0,"comment_status":"open","ping_status":"open","sticky":false,"template":"","format":"standard","meta":{"_acf_changed":false,"footnotes":""},"categories":[3],"tags":[],"class_list":["post-8147","post","type-post","status-publish","format-standard","hentry","category-entretenimento"],"acf":[],"yoast_head":"<!-- This site is optimized with the Yoast SEO plugin v27.4 - https:\/\/yoast.com\/product\/yoast-seo-wordpress\/ -->\n<title>Secretaria de Sa\u00fade entrega mais de 340 balan\u00e7as para Agentes Comunit\u00e1rios de Sa\u00fade - Blog do Farn\u00e9sio<\/title>\n<meta name=\"robots\" content=\"index, follow, max-snippet:-1, max-image-preview:large, max-video-preview:-1\" \/>\n<link rel=\"canonical\" href=\"https:\/\/blogdofarnesio.com.br\/?p=8147\" \/>\n<meta property=\"og:locale\" content=\"pt_BR\" \/>\n<meta property=\"og:type\" content=\"article\" \/>\n<meta property=\"og:title\" content=\"Secretaria de Sa\u00fade entrega mais de 340 balan\u00e7as para Agentes Comunit\u00e1rios de Sa\u00fade - Blog do Farn\u00e9sio\" \/>\n<meta property=\"og:description\" content=\"Em mais uma a&ccedil;&atilde;o de incentivo ao trabalho dos Agentes Comunit&aacute;rios de Sa&uacute;de (ACS), que atendem as diversas comunidades de Petrolina, a Prefeitura Municipal de Petrolina, atrav&eacute;s da Secretaria Municipal de Sa&uacute;de (SMS), iniciou na &uacute;ltima sexta-feira (04), a entrega das mais de 340 balan&ccedil;as que ser&atilde;o usadas nas atividades di&aacute;rias desempenhadas pelos ACS.&nbsp; A entrega dos primeiros equipamentos aconteceu na AME Lia Bezerra, localizada no bairro Jos&eacute; e Maria e na AME Leonor Elisa, no bairro Dom Avelar. A partir desta segunda-feira (07), a a&ccedil;&atilde;o ser&aacute; realizada nas demais Unidades B&aacute;sicas de Sa&uacute;de. De acordo com a Diretora de Aten&ccedil;&atilde;o &agrave; Sa&uacute;de, S&aacute;tira Cavalcanti, est&atilde;o sendo disponibilizadas 344 balan&ccedil;as, para os ACS que prestaram concurso e foram convocados recentemente&hellip;\" \/>\n<meta property=\"og:url\" content=\"https:\/\/blogdofarnesio.com.br\/?p=8147\" \/>\n<meta property=\"og:site_name\" content=\"Blog do Farn\u00e9sio\" \/>\n<meta property=\"article:publisher\" content=\"https:\/\/www.facebook.com\/BlogQuerSaberPolitica\/\" \/>\n<meta property=\"article:published_time\" content=\"2011-11-08T18:00:01+00:00\" \/>\n<meta property=\"og:image\" content=\"http:\/\/www.quersaberpolitica.com.br\/2016\/wp-content\/uploads\/2012\/12\/blogqspamerecebebalancaappeso1.jpg\" \/>\n<meta name=\"twitter:card\" content=\"summary_large_image\" \/>\n<meta name=\"twitter:label1\" content=\"Est. tempo de leitura\" \/>\n\t<meta name=\"twitter:data1\" content=\"2 minutos\" \/>\n<script type=\"application\/ld+json\" class=\"yoast-schema-graph\">{\"@context\":\"https:\\\/\\\/schema.org\",\"@graph\":[{\"@type\":\"Article\",\"@id\":\"https:\\\/\\\/blogdofarnesio.com.br\\\/?p=8147#article\",\"isPartOf\":{\"@id\":\"https:\\\/\\\/blogdofarnesio.com.br\\\/?p=8147\"},\"author\":{\"name\":\"\",\"@id\":\"\"},\"headline\":\"Secretaria de Sa\u00fade entrega mais de 340 balan\u00e7as para Agentes Comunit\u00e1rios de Sa\u00fade\",\"datePublished\":\"2011-11-08T18:00:01+00:00\",\"mainEntityOfPage\":{\"@id\":\"https:\\\/\\\/blogdofarnesio.com.br\\\/?p=8147\"},\"wordCount\":439,\"commentCount\":0,\"publisher\":{\"@id\":\"https:\\\/\\\/blogdofarnesio.com.br\\\/#organization\"},\"image\":{\"@id\":\"https:\\\/\\\/blogdofarnesio.com.br\\\/?p=8147#primaryimage\"},\"thumbnailUrl\":\"http:\\\/\\\/www.quersaberpolitica.com.br\\\/2016\\\/wp-content\\\/uploads\\\/2012\\\/12\\\/blogqspamerecebebalancaappeso1.jpg\",\"articleSection\":[\"Entretenimento\"],\"inLanguage\":\"pt-BR\",\"potentialAction\":[{\"@type\":\"CommentAction\",\"name\":\"Comment\",\"target\":[\"https:\\\/\\\/blogdofarnesio.com.br\\\/?p=8147#respond\"]}]},{\"@type\":\"WebPage\",\"@id\":\"https:\\\/\\\/blogdofarnesio.com.br\\\/?p=8147\",\"url\":\"https:\\\/\\\/blogdofarnesio.com.br\\\/?p=8147\",\"name\":\"Secretaria de Sa\u00fade entrega mais de 340 balan\u00e7as para Agentes Comunit\u00e1rios de Sa\u00fade - Blog do Farn\u00e9sio\",\"isPartOf\":{\"@id\":\"https:\\\/\\\/blogdofarnesio.com.br\\\/#website\"},\"primaryImageOfPage\":{\"@id\":\"https:\\\/\\\/blogdofarnesio.com.br\\\/?p=8147#primaryimage\"},\"image\":{\"@id\":\"https:\\\/\\\/blogdofarnesio.com.br\\\/?p=8147#primaryimage\"},\"thumbnailUrl\":\"http:\\\/\\\/www.quersaberpolitica.com.br\\\/2016\\\/wp-content\\\/uploads\\\/2012\\\/12\\\/blogqspamerecebebalancaappeso1.jpg\",\"datePublished\":\"2011-11-08T18:00:01+00:00\",\"breadcrumb\":{\"@id\":\"https:\\\/\\\/blogdofarnesio.com.br\\\/?p=8147#breadcrumb\"},\"inLanguage\":\"pt-BR\",\"potentialAction\":[{\"@type\":\"ReadAction\",\"target\":[\"https:\\\/\\\/blogdofarnesio.com.br\\\/?p=8147\"]}]},{\"@type\":\"ImageObject\",\"inLanguage\":\"pt-BR\",\"@id\":\"https:\\\/\\\/blogdofarnesio.com.br\\\/?p=8147#primaryimage\",\"url\":\"http:\\\/\\\/www.quersaberpolitica.com.br\\\/2016\\\/wp-content\\\/uploads\\\/2012\\\/12\\\/blogqspamerecebebalancaappeso1.jpg\",\"contentUrl\":\"http:\\\/\\\/www.quersaberpolitica.com.br\\\/2016\\\/wp-content\\\/uploads\\\/2012\\\/12\\\/blogqspamerecebebalancaappeso1.jpg\"},{\"@type\":\"BreadcrumbList\",\"@id\":\"https:\\\/\\\/blogdofarnesio.com.br\\\/?p=8147#breadcrumb\",\"itemListElement\":[{\"@type\":\"ListItem\",\"position\":1,\"name\":\"In\u00edcio\",\"item\":\"https:\\\/\\\/blogdofarnesio.com.br\\\/\"},{\"@type\":\"ListItem\",\"position\":2,\"name\":\"Secretaria de Sa\u00fade entrega mais de 340 balan\u00e7as para Agentes Comunit\u00e1rios de Sa\u00fade\"}]},{\"@type\":\"WebSite\",\"@id\":\"https:\\\/\\\/blogdofarnesio.com.br\\\/#website\",\"url\":\"https:\\\/\\\/blogdofarnesio.com.br\\\/\",\"name\":\"Blog do Farn\u00e9sio\",\"description\":\"Quer Saber Pol\u00edtica?\",\"publisher\":{\"@id\":\"https:\\\/\\\/blogdofarnesio.com.br\\\/#organization\"},\"potentialAction\":[{\"@type\":\"SearchAction\",\"target\":{\"@type\":\"EntryPoint\",\"urlTemplate\":\"https:\\\/\\\/blogdofarnesio.com.br\\\/?s={search_term_string}\"},\"query-input\":{\"@type\":\"PropertyValueSpecification\",\"valueRequired\":true,\"valueName\":\"search_term_string\"}}],\"inLanguage\":\"pt-BR\"},{\"@type\":\"Organization\",\"@id\":\"https:\\\/\\\/blogdofarnesio.com.br\\\/#organization\",\"name\":\"Blog do Farn\u00e9sio\",\"url\":\"https:\\\/\\\/blogdofarnesio.com.br\\\/\",\"logo\":{\"@type\":\"ImageObject\",\"inLanguage\":\"pt-BR\",\"@id\":\"https:\\\/\\\/blogdofarnesio.com.br\\\/#\\\/schema\\\/logo\\\/image\\\/\",\"url\":\"https:\\\/\\\/blogdofarnesio.com.br\\\/wp-content\\\/uploads\\\/2026\\\/03\\\/cropped-logo_new-1.png\",\"contentUrl\":\"https:\\\/\\\/blogdofarnesio.com.br\\\/wp-content\\\/uploads\\\/2026\\\/03\\\/cropped-logo_new-1.png\",\"width\":881,\"height\":685,\"caption\":\"Blog do Farn\u00e9sio\"},\"image\":{\"@id\":\"https:\\\/\\\/blogdofarnesio.com.br\\\/#\\\/schema\\\/logo\\\/image\\\/\"},\"sameAs\":[\"https:\\\/\\\/www.facebook.com\\\/BlogQuerSaberPolitica\\\/\"]}]}<\/script>\n<!-- \/ Yoast SEO plugin. -->","yoast_head_json":{"title":"Secretaria de Sa\u00fade entrega mais de 340 balan\u00e7as para Agentes Comunit\u00e1rios de Sa\u00fade - Blog do Farn\u00e9sio","robots":{"index":"index","follow":"follow","max-snippet":"max-snippet:-1","max-image-preview":"max-image-preview:large","max-video-preview":"max-video-preview:-1"},"canonical":"https:\/\/blogdofarnesio.com.br\/?p=8147","og_locale":"pt_BR","og_type":"article","og_title":"Secretaria de Sa\u00fade entrega mais de 340 balan\u00e7as para Agentes Comunit\u00e1rios de Sa\u00fade - Blog do Farn\u00e9sio","og_description":"Em mais uma a&ccedil;&atilde;o de incentivo ao trabalho dos Agentes Comunit&aacute;rios de Sa&uacute;de (ACS), que atendem as diversas comunidades de Petrolina, a Prefeitura Municipal de Petrolina, atrav&eacute;s da Secretaria Municipal de Sa&uacute;de (SMS), iniciou na &uacute;ltima sexta-feira (04), a entrega das mais de 340 balan&ccedil;as que ser&atilde;o usadas nas atividades di&aacute;rias desempenhadas pelos ACS.&nbsp; A entrega dos primeiros equipamentos aconteceu na AME Lia Bezerra, localizada no bairro Jos&eacute; e Maria e na AME Leonor Elisa, no bairro Dom Avelar. A partir desta segunda-feira (07), a a&ccedil;&atilde;o ser&aacute; realizada nas demais Unidades B&aacute;sicas de Sa&uacute;de. De acordo com a Diretora de Aten&ccedil;&atilde;o &agrave; Sa&uacute;de, S&aacute;tira Cavalcanti, est&atilde;o sendo disponibilizadas 344 balan&ccedil;as, para os ACS que prestaram concurso e foram convocados recentemente&hellip;","og_url":"https:\/\/blogdofarnesio.com.br\/?p=8147","og_site_name":"Blog do Farn\u00e9sio","article_publisher":"https:\/\/www.facebook.com\/BlogQuerSaberPolitica\/","article_published_time":"2011-11-08T18:00:01+00:00","og_image":[{"url":"http:\/\/www.quersaberpolitica.com.br\/2016\/wp-content\/uploads\/2012\/12\/blogqspamerecebebalancaappeso1.jpg","type":"","width":"","height":""}],"twitter_card":"summary_large_image","twitter_misc":{"Est. tempo de leitura":"2 minutos"},"schema":{"@context":"https:\/\/schema.org","@graph":[{"@type":"Article","@id":"https:\/\/blogdofarnesio.com.br\/?p=8147#article","isPartOf":{"@id":"https:\/\/blogdofarnesio.com.br\/?p=8147"},"author":{"name":"","@id":""},"headline":"Secretaria de Sa\u00fade entrega mais de 340 balan\u00e7as para Agentes Comunit\u00e1rios de Sa\u00fade","datePublished":"2011-11-08T18:00:01+00:00","mainEntityOfPage":{"@id":"https:\/\/blogdofarnesio.com.br\/?p=8147"},"wordCount":439,"commentCount":0,"publisher":{"@id":"https:\/\/blogdofarnesio.com.br\/#organization"},"image":{"@id":"https:\/\/blogdofarnesio.com.br\/?p=8147#primaryimage"},"thumbnailUrl":"http:\/\/www.quersaberpolitica.com.br\/2016\/wp-content\/uploads\/2012\/12\/blogqspamerecebebalancaappeso1.jpg","articleSection":["Entretenimento"],"inLanguage":"pt-BR","potentialAction":[{"@type":"CommentAction","name":"Comment","target":["https:\/\/blogdofarnesio.com.br\/?p=8147#respond"]}]},{"@type":"WebPage","@id":"https:\/\/blogdofarnesio.com.br\/?p=8147","url":"https:\/\/blogdofarnesio.com.br\/?p=8147","name":"Secretaria de Sa\u00fade entrega mais de 340 balan\u00e7as para Agentes Comunit\u00e1rios de Sa\u00fade - Blog do Farn\u00e9sio","isPartOf":{"@id":"https:\/\/blogdofarnesio.com.br\/#website"},"primaryImageOfPage":{"@id":"https:\/\/blogdofarnesio.com.br\/?p=8147#primaryimage"},"image":{"@id":"https:\/\/blogdofarnesio.com.br\/?p=8147#primaryimage"},"thumbnailUrl":"http:\/\/www.quersaberpolitica.com.br\/2016\/wp-content\/uploads\/2012\/12\/blogqspamerecebebalancaappeso1.jpg","datePublished":"2011-11-08T18:00:01+00:00","breadcrumb":{"@id":"https:\/\/blogdofarnesio.com.br\/?p=8147#breadcrumb"},"inLanguage":"pt-BR","potentialAction":[{"@type":"ReadAction","target":["https:\/\/blogdofarnesio.com.br\/?p=8147"]}]},{"@type":"ImageObject","inLanguage":"pt-BR","@id":"https:\/\/blogdofarnesio.com.br\/?p=8147#primaryimage","url":"http:\/\/www.quersaberpolitica.com.br\/2016\/wp-content\/uploads\/2012\/12\/blogqspamerecebebalancaappeso1.jpg","contentUrl":"http:\/\/www.quersaberpolitica.com.br\/2016\/wp-content\/uploads\/2012\/12\/blogqspamerecebebalancaappeso1.jpg"},{"@type":"BreadcrumbList","@id":"https:\/\/blogdofarnesio.com.br\/?p=8147#breadcrumb","itemListElement":[{"@type":"ListItem","position":1,"name":"In\u00edcio","item":"https:\/\/blogdofarnesio.com.br\/"},{"@type":"ListItem","position":2,"name":"Secretaria de Sa\u00fade entrega mais de 340 balan\u00e7as para Agentes Comunit\u00e1rios de Sa\u00fade"}]},{"@type":"WebSite","@id":"https:\/\/blogdofarnesio.com.br\/#website","url":"https:\/\/blogdofarnesio.com.br\/","name":"Blog do Farn\u00e9sio","description":"Quer Saber Pol\u00edtica?","publisher":{"@id":"https:\/\/blogdofarnesio.com.br\/#organization"},"potentialAction":[{"@type":"SearchAction","target":{"@type":"EntryPoint","urlTemplate":"https:\/\/blogdofarnesio.com.br\/?s={search_term_string}"},"query-input":{"@type":"PropertyValueSpecification","valueRequired":true,"valueName":"search_term_string"}}],"inLanguage":"pt-BR"},{"@type":"Organization","@id":"https:\/\/blogdofarnesio.com.br\/#organization","name":"Blog do Farn\u00e9sio","url":"https:\/\/blogdofarnesio.com.br\/","logo":{"@type":"ImageObject","inLanguage":"pt-BR","@id":"https:\/\/blogdofarnesio.com.br\/#\/schema\/logo\/image\/","url":"https:\/\/blogdofarnesio.com.br\/wp-content\/uploads\/2026\/03\/cropped-logo_new-1.png","contentUrl":"https:\/\/blogdofarnesio.com.br\/wp-content\/uploads\/2026\/03\/cropped-logo_new-1.png","width":881,"height":685,"caption":"Blog do Farn\u00e9sio"},"image":{"@id":"https:\/\/blogdofarnesio.com.br\/#\/schema\/logo\/image\/"},"sameAs":["https:\/\/www.facebook.com\/BlogQuerSaberPolitica\/"]}]}},"_links":{"self":[{"href":"https:\/\/blogdofarnesio.com.br\/index.php?rest_route=\/wp\/v2\/posts\/8147","targetHints":{"allow":["GET"]}}],"collection":[{"href":"https:\/\/blogdofarnesio.com.br\/index.php?rest_route=\/wp\/v2\/posts"}],"about":[{"href":"https:\/\/blogdofarnesio.com.br\/index.php?rest_route=\/wp\/v2\/types\/post"}],"replies":[{"embeddable":true,"href":"https:\/\/blogdofarnesio.com.br\/index.php?rest_route=%2Fwp%2Fv2%2Fcomments&post=8147"}],"version-history":[{"count":0,"href":"https:\/\/blogdofarnesio.com.br\/index.php?rest_route=\/wp\/v2\/posts\/8147\/revisions"}],"wp:attachment":[{"href":"https:\/\/blogdofarnesio.com.br\/index.php?rest_route=%2Fwp%2Fv2%2Fmedia&parent=8147"}],"wp:term":[{"taxonomy":"category","embeddable":true,"href":"https:\/\/blogdofarnesio.com.br\/index.php?rest_route=%2Fwp%2Fv2%2Fcategories&post=8147"},{"taxonomy":"post_tag","embeddable":true,"href":"https:\/\/blogdofarnesio.com.br\/index.php?rest_route=%2Fwp%2Fv2%2Ftags&post=8147"}],"curies":[{"name":"wp","href":"https:\/\/api.w.org\/{rel}","templated":true}]}}