{"id":81237,"date":"2014-04-26T12:00:22","date_gmt":"2014-04-26T15:00:22","guid":{"rendered":"http:\/\/www.quersaberpolitica.com.br\/?p=81237"},"modified":"2014-04-26T09:51:21","modified_gmt":"2014-04-26T12:51:21","slug":"psd-lanca-curso-de-formacao-politica-online","status":"publish","type":"post","link":"https:\/\/blogdofarnesio.com.br\/?p=81237","title":{"rendered":"PSD LAN\u00c7A CURSO DE FORMA\u00c7\u00c3O POL\u00cdTICA ONLINE"},"content":{"rendered":"<p><a href=\"http:\/\/www.quersaberpolitica.com.br\/2016\/wp-content\/uploads\/2014\/04\/unnamed49.jpg\"><img loading=\"lazy\" decoding=\"async\" class=\"aligncenter size-full wp-image-81238\" alt=\"unnamed\" src=\"http:\/\/www.quersaberpolitica.com.br\/2016\/wp-content\/uploads\/2014\/04\/unnamed49.jpg\" width=\"448\" height=\"299\" srcset=\"https:\/\/blogdofarnesio.com.br\/wp-content\/uploads\/2014\/04\/unnamed49.jpg 448w, https:\/\/blogdofarnesio.com.br\/wp-content\/uploads\/2014\/04\/unnamed49-300x200.jpg 300w\" sizes=\"auto, (max-width: 448px) 100vw, 448px\" \/><\/a>O Partido Social Democr\u00e1tico, buscando sempre inovar, lan\u00e7a em parceria com o Espa\u00e7o Democr\u00e1tico &#8211; a funda\u00e7\u00e3o do PSD para estudos e forma\u00e7\u00e3o pol\u00edtica &#8211; um curso de forma\u00e7\u00e3o pol\u00edtica pela internet dispon\u00edvel, gratuitamente, para toda a popula\u00e7\u00e3o. O lan\u00e7amento oficial acontecer\u00e1 na pr\u00f3xima ter\u00e7a-feira (29), em Bras\u00edlia, \u00e0s 12h, na sede do partido, e dever\u00e1 reunir lideran\u00e7as nacionais e regionais do PSD.<\/p>\n<p style=\"text-align: justify\">Mais de 1.300 pessoas j\u00e1 se inscreveram no curso, que \u00e9 gratuito e completamente online, com 20 horas de dura\u00e7\u00e3o. As inscri\u00e7\u00f5es ainda podem ser feitas no site nacional do partido (<a href=\"http:\/\/www.psd.org.br\/\" target=\"_blank\">www.psd.org.br<\/a>) e todos os participantes receber\u00e3o certificados.\u00a0O curso ser\u00e1 transmitido pela plataforma do pr\u00f3prio site do partido e poder\u00e1 ser acompanhado em todos os estados do pa\u00eds.<!--more--><\/p>\n<p>De acordo com o vice-governador e presidente do PSD na Bahia, Otto Alencar,\u00a0esta \u00e9 uma excelente oportunidade n\u00e3o apenas para os filiados, mas para toda a sociedade.\u00a0\u201cO PSD sai na frente mais uma vez com este projeto\u00a0de fundamental import\u00e2ncia para os cidad\u00e3os e tamb\u00e9m para n\u00f3s pol\u00edticos, j\u00e1 que nos permite interagir com a sociedade. \u00c9 tamb\u00e9m uma forma das pessoas adquirirem mais conhecimento sobre o universo da pol\u00edtica\u201d, completou Alencar.<\/p>\n<p>O ex-deputado e membro do Diret\u00f3rio Estadual do PSD na Bahia, Cl\u00f3vis Ferraz, esteve presente no treinamento do curso em S\u00e3o Paulo, que contou com a presen\u00e7a de representantes de mais 26 diret\u00f3rios estaduais. Para Cl\u00f3vis, \u201c\u00e9 importante que o PSD inove com cursos que contribuem para a forma\u00e7\u00e3o pol\u00edtica dos brasileiros\u201d.<\/p>\n<p><b>Sobre o curso<\/b>\u00a0\u2013 Segundo o presidente da funda\u00e7\u00e3o Espa\u00e7o Democr\u00e1tico, o ministro da Micro e Pequena Empresa\u00a0<strong>Guilherme Afif<\/strong>, o curso utiliza modernas t\u00e9cnicas de ensino \u00e0 dist\u00e2ncia, oferecendo conte\u00fado de alta qualidade, desenvolvido por cientistas pol\u00edticos e professores universit\u00e1rios.<\/p>\n<p>Com roteiro criativo e imagens animadas em ambiente virtual, o curso est\u00e1 dividido em tr\u00eas m\u00f3dulos. O primeiro, oferece conhecimentos b\u00e1sicos sobre teoria pol\u00edtica; o segundo, traz um apanhado sobre a pol\u00edtica brasileira; e, finalmente, o terceiro enfoca as origens do PSD e suas principais bandeiras.<\/p>\n<p>Os participantes do curso ter\u00e3o todos os conte\u00fados dispon\u00edveis no computador, smartphone ou tablet e poder\u00e3o assistir \u00e0s aulas a qualquer hora, de acordo com sua disponibilidade. O fio condutor do curso \u00e9 a hist\u00f3ria de personagens que vivem em uma cidade fict\u00edcia, onde s\u00e3o reproduzidas cenas do cotidiano para ressaltar a import\u00e2ncia da atividade pol\u00edtica.<\/p>\n","protected":false},"excerpt":{"rendered":"<p>O Partido Social Democr\u00e1tico, buscando sempre inovar, lan\u00e7a em parceria com o Espa\u00e7o Democr\u00e1tico &#8211; a funda\u00e7\u00e3o do PSD para estudos e forma\u00e7\u00e3o pol\u00edtica &#8211; um curso de forma\u00e7\u00e3o pol\u00edtica pela internet dispon\u00edvel, gratuitamente, para toda a popula\u00e7\u00e3o. O lan\u00e7amento oficial acontecer\u00e1 na pr\u00f3xima ter\u00e7a-feira (29), em Bras\u00edlia, \u00e0s 12h, na sede do partido, e dever\u00e1 reunir lideran\u00e7as nacionais e regionais do PSD. Mais de 1.300 pessoas j\u00e1 se inscreveram no curso, que \u00e9 gratuito e completamente online, com 20 horas de dura\u00e7\u00e3o. As inscri\u00e7\u00f5es ainda podem ser feitas no site nacional do partido (www.psd.org.br) e todos os participantes receber\u00e3o certificados.\u00a0O curso ser\u00e1 transmitido pela plataforma do pr\u00f3prio site do partido e poder\u00e1 ser acompanhado em todos os estados do&hellip; <\/p>\n","protected":false},"author":3,"featured_media":0,"comment_status":"open","ping_status":"open","sticky":false,"template":"","format":"standard","meta":{"_acf_changed":false,"footnotes":""},"categories":[1],"tags":[],"class_list":["post-81237","post","type-post","status-publish","format-standard","hentry","category-politica"],"acf":[],"yoast_head":"<!-- This site is optimized with the Yoast SEO plugin v27.4 - https:\/\/yoast.com\/product\/yoast-seo-wordpress\/ -->\n<title>PSD LAN\u00c7A CURSO DE FORMA\u00c7\u00c3O POL\u00cdTICA ONLINE  - Blog do Farn\u00e9sio<\/title>\n<meta name=\"robots\" content=\"index, follow, max-snippet:-1, max-image-preview:large, max-video-preview:-1\" \/>\n<link rel=\"canonical\" href=\"https:\/\/blogdofarnesio.com.br\/?p=81237\" \/>\n<meta property=\"og:locale\" content=\"pt_BR\" \/>\n<meta property=\"og:type\" content=\"article\" \/>\n<meta property=\"og:title\" content=\"PSD LAN\u00c7A CURSO DE FORMA\u00c7\u00c3O POL\u00cdTICA ONLINE  - Blog do Farn\u00e9sio\" \/>\n<meta property=\"og:description\" content=\"O Partido Social Democr\u00e1tico, buscando sempre inovar, lan\u00e7a em parceria com o Espa\u00e7o Democr\u00e1tico &#8211; a funda\u00e7\u00e3o do PSD para estudos e forma\u00e7\u00e3o pol\u00edtica &#8211; um curso de forma\u00e7\u00e3o pol\u00edtica pela internet dispon\u00edvel, gratuitamente, para toda a popula\u00e7\u00e3o. O lan\u00e7amento oficial acontecer\u00e1 na pr\u00f3xima ter\u00e7a-feira (29), em Bras\u00edlia, \u00e0s 12h, na sede do partido, e dever\u00e1 reunir lideran\u00e7as nacionais e regionais do PSD. Mais de 1.300 pessoas j\u00e1 se inscreveram no curso, que \u00e9 gratuito e completamente online, com 20 horas de dura\u00e7\u00e3o. As inscri\u00e7\u00f5es ainda podem ser feitas no site nacional do partido (www.psd.org.br) e todos os participantes receber\u00e3o certificados.\u00a0O curso ser\u00e1 transmitido pela plataforma do pr\u00f3prio site do partido e poder\u00e1 ser acompanhado em todos os estados do&hellip;\" \/>\n<meta property=\"og:url\" content=\"https:\/\/blogdofarnesio.com.br\/?p=81237\" \/>\n<meta property=\"og:site_name\" content=\"Blog do Farn\u00e9sio\" \/>\n<meta property=\"article:publisher\" content=\"https:\/\/www.facebook.com\/BlogQuerSaberPolitica\/\" \/>\n<meta property=\"article:published_time\" content=\"2014-04-26T15:00:22+00:00\" \/>\n<meta property=\"og:image\" content=\"http:\/\/www.quersaberpolitica.com.br\/2016\/wp-content\/uploads\/2014\/04\/unnamed49.jpg\" \/>\n<meta name=\"author\" content=\"teste\" \/>\n<meta name=\"twitter:card\" content=\"summary_large_image\" \/>\n<meta name=\"twitter:label1\" content=\"Escrito por\" \/>\n\t<meta name=\"twitter:data1\" content=\"teste\" \/>\n\t<meta name=\"twitter:label2\" content=\"Est. tempo de leitura\" \/>\n\t<meta name=\"twitter:data2\" content=\"2 minutos\" \/>\n<script type=\"application\/ld+json\" class=\"yoast-schema-graph\">{\"@context\":\"https:\\\/\\\/schema.org\",\"@graph\":[{\"@type\":\"Article\",\"@id\":\"https:\\\/\\\/blogdofarnesio.com.br\\\/?p=81237#article\",\"isPartOf\":{\"@id\":\"https:\\\/\\\/blogdofarnesio.com.br\\\/?p=81237\"},\"author\":{\"name\":\"teste\",\"@id\":\"https:\\\/\\\/blogdofarnesio.com.br\\\/#\\\/schema\\\/person\\\/dd1bf5eba40b687199ba45ca6b97dff9\"},\"headline\":\"PSD LAN\u00c7A CURSO DE FORMA\u00c7\u00c3O POL\u00cdTICA ONLINE\",\"datePublished\":\"2014-04-26T15:00:22+00:00\",\"mainEntityOfPage\":{\"@id\":\"https:\\\/\\\/blogdofarnesio.com.br\\\/?p=81237\"},\"wordCount\":452,\"commentCount\":0,\"publisher\":{\"@id\":\"https:\\\/\\\/blogdofarnesio.com.br\\\/#organization\"},\"image\":{\"@id\":\"https:\\\/\\\/blogdofarnesio.com.br\\\/?p=81237#primaryimage\"},\"thumbnailUrl\":\"http:\\\/\\\/www.quersaberpolitica.com.br\\\/2016\\\/wp-content\\\/uploads\\\/2014\\\/04\\\/unnamed49.jpg\",\"articleSection\":[\"Pol\u00edtica\"],\"inLanguage\":\"pt-BR\",\"potentialAction\":[{\"@type\":\"CommentAction\",\"name\":\"Comment\",\"target\":[\"https:\\\/\\\/blogdofarnesio.com.br\\\/?p=81237#respond\"]}]},{\"@type\":\"WebPage\",\"@id\":\"https:\\\/\\\/blogdofarnesio.com.br\\\/?p=81237\",\"url\":\"https:\\\/\\\/blogdofarnesio.com.br\\\/?p=81237\",\"name\":\"PSD LAN\u00c7A CURSO DE FORMA\u00c7\u00c3O POL\u00cdTICA ONLINE - Blog do Farn\u00e9sio\",\"isPartOf\":{\"@id\":\"https:\\\/\\\/blogdofarnesio.com.br\\\/#website\"},\"primaryImageOfPage\":{\"@id\":\"https:\\\/\\\/blogdofarnesio.com.br\\\/?p=81237#primaryimage\"},\"image\":{\"@id\":\"https:\\\/\\\/blogdofarnesio.com.br\\\/?p=81237#primaryimage\"},\"thumbnailUrl\":\"http:\\\/\\\/www.quersaberpolitica.com.br\\\/2016\\\/wp-content\\\/uploads\\\/2014\\\/04\\\/unnamed49.jpg\",\"datePublished\":\"2014-04-26T15:00:22+00:00\",\"breadcrumb\":{\"@id\":\"https:\\\/\\\/blogdofarnesio.com.br\\\/?p=81237#breadcrumb\"},\"inLanguage\":\"pt-BR\",\"potentialAction\":[{\"@type\":\"ReadAction\",\"target\":[\"https:\\\/\\\/blogdofarnesio.com.br\\\/?p=81237\"]}]},{\"@type\":\"ImageObject\",\"inLanguage\":\"pt-BR\",\"@id\":\"https:\\\/\\\/blogdofarnesio.com.br\\\/?p=81237#primaryimage\",\"url\":\"http:\\\/\\\/www.quersaberpolitica.com.br\\\/2016\\\/wp-content\\\/uploads\\\/2014\\\/04\\\/unnamed49.jpg\",\"contentUrl\":\"http:\\\/\\\/www.quersaberpolitica.com.br\\\/2016\\\/wp-content\\\/uploads\\\/2014\\\/04\\\/unnamed49.jpg\"},{\"@type\":\"BreadcrumbList\",\"@id\":\"https:\\\/\\\/blogdofarnesio.com.br\\\/?p=81237#breadcrumb\",\"itemListElement\":[{\"@type\":\"ListItem\",\"position\":1,\"name\":\"In\u00edcio\",\"item\":\"https:\\\/\\\/blogdofarnesio.com.br\\\/\"},{\"@type\":\"ListItem\",\"position\":2,\"name\":\"PSD LAN\u00c7A CURSO DE FORMA\u00c7\u00c3O POL\u00cdTICA ONLINE\"}]},{\"@type\":\"WebSite\",\"@id\":\"https:\\\/\\\/blogdofarnesio.com.br\\\/#website\",\"url\":\"https:\\\/\\\/blogdofarnesio.com.br\\\/\",\"name\":\"Blog do Farn\u00e9sio\",\"description\":\"Quer Saber Pol\u00edtica?\",\"publisher\":{\"@id\":\"https:\\\/\\\/blogdofarnesio.com.br\\\/#organization\"},\"potentialAction\":[{\"@type\":\"SearchAction\",\"target\":{\"@type\":\"EntryPoint\",\"urlTemplate\":\"https:\\\/\\\/blogdofarnesio.com.br\\\/?s={search_term_string}\"},\"query-input\":{\"@type\":\"PropertyValueSpecification\",\"valueRequired\":true,\"valueName\":\"search_term_string\"}}],\"inLanguage\":\"pt-BR\"},{\"@type\":\"Organization\",\"@id\":\"https:\\\/\\\/blogdofarnesio.com.br\\\/#organization\",\"name\":\"Blog do Farn\u00e9sio\",\"url\":\"https:\\\/\\\/blogdofarnesio.com.br\\\/\",\"logo\":{\"@type\":\"ImageObject\",\"inLanguage\":\"pt-BR\",\"@id\":\"https:\\\/\\\/blogdofarnesio.com.br\\\/#\\\/schema\\\/logo\\\/image\\\/\",\"url\":\"https:\\\/\\\/blogdofarnesio.com.br\\\/wp-content\\\/uploads\\\/2026\\\/03\\\/cropped-logo_new-1.png\",\"contentUrl\":\"https:\\\/\\\/blogdofarnesio.com.br\\\/wp-content\\\/uploads\\\/2026\\\/03\\\/cropped-logo_new-1.png\",\"width\":881,\"height\":685,\"caption\":\"Blog do Farn\u00e9sio\"},\"image\":{\"@id\":\"https:\\\/\\\/blogdofarnesio.com.br\\\/#\\\/schema\\\/logo\\\/image\\\/\"},\"sameAs\":[\"https:\\\/\\\/www.facebook.com\\\/BlogQuerSaberPolitica\\\/\"]},{\"@type\":\"Person\",\"@id\":\"https:\\\/\\\/blogdofarnesio.com.br\\\/#\\\/schema\\\/person\\\/dd1bf5eba40b687199ba45ca6b97dff9\",\"name\":\"teste\",\"image\":{\"@type\":\"ImageObject\",\"inLanguage\":\"pt-BR\",\"@id\":\"https:\\\/\\\/secure.gravatar.com\\\/avatar\\\/2172498d4914b51e1d89a0f97957b035ac4938723a5cac208135d389b6972a6d?s=96&d=mm&r=g\",\"url\":\"https:\\\/\\\/secure.gravatar.com\\\/avatar\\\/2172498d4914b51e1d89a0f97957b035ac4938723a5cac208135d389b6972a6d?s=96&d=mm&r=g\",\"contentUrl\":\"https:\\\/\\\/secure.gravatar.com\\\/avatar\\\/2172498d4914b51e1d89a0f97957b035ac4938723a5cac208135d389b6972a6d?s=96&d=mm&r=g\",\"caption\":\"teste\"},\"url\":\"https:\\\/\\\/blogdofarnesio.com.br\\\/?author=3\"}]}<\/script>\n<!-- \/ Yoast SEO plugin. -->","yoast_head_json":{"title":"PSD LAN\u00c7A CURSO DE FORMA\u00c7\u00c3O POL\u00cdTICA ONLINE  - Blog do Farn\u00e9sio","robots":{"index":"index","follow":"follow","max-snippet":"max-snippet:-1","max-image-preview":"max-image-preview:large","max-video-preview":"max-video-preview:-1"},"canonical":"https:\/\/blogdofarnesio.com.br\/?p=81237","og_locale":"pt_BR","og_type":"article","og_title":"PSD LAN\u00c7A CURSO DE FORMA\u00c7\u00c3O POL\u00cdTICA ONLINE  - Blog do Farn\u00e9sio","og_description":"O Partido Social Democr\u00e1tico, buscando sempre inovar, lan\u00e7a em parceria com o Espa\u00e7o Democr\u00e1tico &#8211; a funda\u00e7\u00e3o do PSD para estudos e forma\u00e7\u00e3o pol\u00edtica &#8211; um curso de forma\u00e7\u00e3o pol\u00edtica pela internet dispon\u00edvel, gratuitamente, para toda a popula\u00e7\u00e3o. O lan\u00e7amento oficial acontecer\u00e1 na pr\u00f3xima ter\u00e7a-feira (29), em Bras\u00edlia, \u00e0s 12h, na sede do partido, e dever\u00e1 reunir lideran\u00e7as nacionais e regionais do PSD. Mais de 1.300 pessoas j\u00e1 se inscreveram no curso, que \u00e9 gratuito e completamente online, com 20 horas de dura\u00e7\u00e3o. As inscri\u00e7\u00f5es ainda podem ser feitas no site nacional do partido (www.psd.org.br) e todos os participantes receber\u00e3o certificados.\u00a0O curso ser\u00e1 transmitido pela plataforma do pr\u00f3prio site do partido e poder\u00e1 ser acompanhado em todos os estados do&hellip;","og_url":"https:\/\/blogdofarnesio.com.br\/?p=81237","og_site_name":"Blog do Farn\u00e9sio","article_publisher":"https:\/\/www.facebook.com\/BlogQuerSaberPolitica\/","article_published_time":"2014-04-26T15:00:22+00:00","og_image":[{"url":"http:\/\/www.quersaberpolitica.com.br\/2016\/wp-content\/uploads\/2014\/04\/unnamed49.jpg","type":"","width":"","height":""}],"author":"teste","twitter_card":"summary_large_image","twitter_misc":{"Escrito por":"teste","Est. tempo de leitura":"2 minutos"},"schema":{"@context":"https:\/\/schema.org","@graph":[{"@type":"Article","@id":"https:\/\/blogdofarnesio.com.br\/?p=81237#article","isPartOf":{"@id":"https:\/\/blogdofarnesio.com.br\/?p=81237"},"author":{"name":"teste","@id":"https:\/\/blogdofarnesio.com.br\/#\/schema\/person\/dd1bf5eba40b687199ba45ca6b97dff9"},"headline":"PSD LAN\u00c7A CURSO DE FORMA\u00c7\u00c3O POL\u00cdTICA ONLINE","datePublished":"2014-04-26T15:00:22+00:00","mainEntityOfPage":{"@id":"https:\/\/blogdofarnesio.com.br\/?p=81237"},"wordCount":452,"commentCount":0,"publisher":{"@id":"https:\/\/blogdofarnesio.com.br\/#organization"},"image":{"@id":"https:\/\/blogdofarnesio.com.br\/?p=81237#primaryimage"},"thumbnailUrl":"http:\/\/www.quersaberpolitica.com.br\/2016\/wp-content\/uploads\/2014\/04\/unnamed49.jpg","articleSection":["Pol\u00edtica"],"inLanguage":"pt-BR","potentialAction":[{"@type":"CommentAction","name":"Comment","target":["https:\/\/blogdofarnesio.com.br\/?p=81237#respond"]}]},{"@type":"WebPage","@id":"https:\/\/blogdofarnesio.com.br\/?p=81237","url":"https:\/\/blogdofarnesio.com.br\/?p=81237","name":"PSD LAN\u00c7A CURSO DE FORMA\u00c7\u00c3O POL\u00cdTICA ONLINE - Blog do Farn\u00e9sio","isPartOf":{"@id":"https:\/\/blogdofarnesio.com.br\/#website"},"primaryImageOfPage":{"@id":"https:\/\/blogdofarnesio.com.br\/?p=81237#primaryimage"},"image":{"@id":"https:\/\/blogdofarnesio.com.br\/?p=81237#primaryimage"},"thumbnailUrl":"http:\/\/www.quersaberpolitica.com.br\/2016\/wp-content\/uploads\/2014\/04\/unnamed49.jpg","datePublished":"2014-04-26T15:00:22+00:00","breadcrumb":{"@id":"https:\/\/blogdofarnesio.com.br\/?p=81237#breadcrumb"},"inLanguage":"pt-BR","potentialAction":[{"@type":"ReadAction","target":["https:\/\/blogdofarnesio.com.br\/?p=81237"]}]},{"@type":"ImageObject","inLanguage":"pt-BR","@id":"https:\/\/blogdofarnesio.com.br\/?p=81237#primaryimage","url":"http:\/\/www.quersaberpolitica.com.br\/2016\/wp-content\/uploads\/2014\/04\/unnamed49.jpg","contentUrl":"http:\/\/www.quersaberpolitica.com.br\/2016\/wp-content\/uploads\/2014\/04\/unnamed49.jpg"},{"@type":"BreadcrumbList","@id":"https:\/\/blogdofarnesio.com.br\/?p=81237#breadcrumb","itemListElement":[{"@type":"ListItem","position":1,"name":"In\u00edcio","item":"https:\/\/blogdofarnesio.com.br\/"},{"@type":"ListItem","position":2,"name":"PSD LAN\u00c7A CURSO DE FORMA\u00c7\u00c3O POL\u00cdTICA ONLINE"}]},{"@type":"WebSite","@id":"https:\/\/blogdofarnesio.com.br\/#website","url":"https:\/\/blogdofarnesio.com.br\/","name":"Blog do Farn\u00e9sio","description":"Quer Saber Pol\u00edtica?","publisher":{"@id":"https:\/\/blogdofarnesio.com.br\/#organization"},"potentialAction":[{"@type":"SearchAction","target":{"@type":"EntryPoint","urlTemplate":"https:\/\/blogdofarnesio.com.br\/?s={search_term_string}"},"query-input":{"@type":"PropertyValueSpecification","valueRequired":true,"valueName":"search_term_string"}}],"inLanguage":"pt-BR"},{"@type":"Organization","@id":"https:\/\/blogdofarnesio.com.br\/#organization","name":"Blog do Farn\u00e9sio","url":"https:\/\/blogdofarnesio.com.br\/","logo":{"@type":"ImageObject","inLanguage":"pt-BR","@id":"https:\/\/blogdofarnesio.com.br\/#\/schema\/logo\/image\/","url":"https:\/\/blogdofarnesio.com.br\/wp-content\/uploads\/2026\/03\/cropped-logo_new-1.png","contentUrl":"https:\/\/blogdofarnesio.com.br\/wp-content\/uploads\/2026\/03\/cropped-logo_new-1.png","width":881,"height":685,"caption":"Blog do Farn\u00e9sio"},"image":{"@id":"https:\/\/blogdofarnesio.com.br\/#\/schema\/logo\/image\/"},"sameAs":["https:\/\/www.facebook.com\/BlogQuerSaberPolitica\/"]},{"@type":"Person","@id":"https:\/\/blogdofarnesio.com.br\/#\/schema\/person\/dd1bf5eba40b687199ba45ca6b97dff9","name":"teste","image":{"@type":"ImageObject","inLanguage":"pt-BR","@id":"https:\/\/secure.gravatar.com\/avatar\/2172498d4914b51e1d89a0f97957b035ac4938723a5cac208135d389b6972a6d?s=96&d=mm&r=g","url":"https:\/\/secure.gravatar.com\/avatar\/2172498d4914b51e1d89a0f97957b035ac4938723a5cac208135d389b6972a6d?s=96&d=mm&r=g","contentUrl":"https:\/\/secure.gravatar.com\/avatar\/2172498d4914b51e1d89a0f97957b035ac4938723a5cac208135d389b6972a6d?s=96&d=mm&r=g","caption":"teste"},"url":"https:\/\/blogdofarnesio.com.br\/?author=3"}]}},"_links":{"self":[{"href":"https:\/\/blogdofarnesio.com.br\/index.php?rest_route=\/wp\/v2\/posts\/81237","targetHints":{"allow":["GET"]}}],"collection":[{"href":"https:\/\/blogdofarnesio.com.br\/index.php?rest_route=\/wp\/v2\/posts"}],"about":[{"href":"https:\/\/blogdofarnesio.com.br\/index.php?rest_route=\/wp\/v2\/types\/post"}],"author":[{"embeddable":true,"href":"https:\/\/blogdofarnesio.com.br\/index.php?rest_route=\/wp\/v2\/users\/3"}],"replies":[{"embeddable":true,"href":"https:\/\/blogdofarnesio.com.br\/index.php?rest_route=%2Fwp%2Fv2%2Fcomments&post=81237"}],"version-history":[{"count":0,"href":"https:\/\/blogdofarnesio.com.br\/index.php?rest_route=\/wp\/v2\/posts\/81237\/revisions"}],"wp:attachment":[{"href":"https:\/\/blogdofarnesio.com.br\/index.php?rest_route=%2Fwp%2Fv2%2Fmedia&parent=81237"}],"wp:term":[{"taxonomy":"category","embeddable":true,"href":"https:\/\/blogdofarnesio.com.br\/index.php?rest_route=%2Fwp%2Fv2%2Fcategories&post=81237"},{"taxonomy":"post_tag","embeddable":true,"href":"https:\/\/blogdofarnesio.com.br\/index.php?rest_route=%2Fwp%2Fv2%2Ftags&post=81237"}],"curies":[{"name":"wp","href":"https:\/\/api.w.org\/{rel}","templated":true}]}}