{"id":81222,"date":"2014-04-26T15:00:35","date_gmt":"2014-04-26T18:00:35","guid":{"rendered":"http:\/\/www.quersaberpolitica.com.br\/?p=81222"},"modified":"2014-04-26T09:39:48","modified_gmt":"2014-04-26T12:39:48","slug":"sabado-em-juazeiro-tem-o-projeto-a-praca-convida","status":"publish","type":"post","link":"https:\/\/blogdofarnesio.com.br\/?p=81222","title":{"rendered":"S\u00c1BADO EM JUAZEIRO TEM O PROJETO \u2018A PRA\u00c7A CONVIDA\u2019"},"content":{"rendered":"<p><a href=\"http:\/\/www.quersaberpolitica.com.br\/2016\/wp-content\/uploads\/2014\/04\/unnamed46.jpg\"><img loading=\"lazy\" decoding=\"async\" class=\"aligncenter size-full wp-image-81223\" alt=\"unnamed\" src=\"http:\/\/www.quersaberpolitica.com.br\/2016\/wp-content\/uploads\/2014\/04\/unnamed46.jpg\" width=\"448\" height=\"124\" srcset=\"https:\/\/blogdofarnesio.com.br\/wp-content\/uploads\/2014\/04\/unnamed46.jpg 448w, https:\/\/blogdofarnesio.com.br\/wp-content\/uploads\/2014\/04\/unnamed46-300x83.jpg 300w\" sizes=\"auto, (max-width: 448px) 100vw, 448px\" \/><\/a><\/p>\n<p>unnamedProduzido e idealizado pelo Coletivo Semi Velhos com apoio da Prefeitura de Juazeiro, atrav\u00e9s da Secretaria de Cultura e Juventude, acontece neste s\u00e1bado (26), a 9\u00aa edi\u00e7\u00e3o do projeto \u2018A Pra\u00e7a Convida\u2019.<\/p>\n<p>&nbsp;<\/p>\n<p>&nbsp;<\/p>\n<p>&nbsp;<\/p>\n<p>Mamede Musser, respons\u00e1vel pelo evento, relata que o projeto prop\u00f5e apresentar \u00e0 sociedade bandas alternativas que t\u00eam trabalho autoral.<\/p>\n<p>&nbsp;<\/p>\n<p>&nbsp;<\/p>\n<p>&nbsp;<\/p>\n<p>As apresenta\u00e7\u00f5es a partir das 19h, ser\u00e3o na Orla II, no espa\u00e7o do Vaporzinho e a entrada \u00e9 gratuita. Cinco bandas integram a programa\u00e7\u00e3o: Carrancudos (Petrolina) com seu pop rock; Desiderato (Petrolina) que faz uma releitura da MPB, e a S\u00f3da Solta, banda de reggae de Juazeiro. De Salvador, a Calangazzo que toca rock cl\u00e1ssico e de Itabuna, Mendigos Blues.<\/p>\n<p>&nbsp;<\/p>\n<p>&nbsp;<\/p>\n<p>&nbsp;<\/p>\n<p>O projeto \u2018A Pra\u00e7a Convida\u2019 tamb\u00e9m incentiva a solidariedade. Quem puder doar um quilo de alimento n\u00e3o perec\u00edvel estar\u00e1 contribuindo com o Lar S\u00e3o Vicente de Paulo, mais conhecido como \u201cAbrigo dos Idosos\u201d.<\/p>\n<p>&nbsp;<\/p>\n<p>&nbsp;<\/p>\n<p>&nbsp;<\/p>\n<p>\u201cAgora com o apoio da Prefeitura teremos a oportunidade de apresentar ao p\u00fablico, al\u00e9m das bandas locais, grupos de outras cidades tamb\u00e9m. Isso permitir\u00e1 manter um interc\u00e2mbio entre bandas, resultando na troca de experi\u00eancias e, principalmente, na oportunidade para estarmos participando de eventos em outras localidades\u201d, destacou Mamede Musser.<\/p>\n<p>&nbsp;<\/p>\n<p>O secret\u00e1rio de Cultura e Juventude, Donizete Menezes, ressaltou que a diversifica\u00e7\u00e3o de eventos em Juazeiro refor\u00e7a a import\u00e2ncia de fomentar realiza\u00e7\u00f5es nas mais diversas formas art\u00edsticas. \u201c\u00c9 esse o nosso papel. Reconhecer e valorizar a produ\u00e7\u00e3o cultural da nossa cidade e, dessa forma consolidar o conceito de cultura contempor\u00e2nea\u201d.<\/p>\n<p>&nbsp;<\/p>\n","protected":false},"excerpt":{"rendered":"<p>unnamedProduzido e idealizado pelo Coletivo Semi Velhos com apoio da Prefeitura de Juazeiro, atrav\u00e9s da Secretaria de Cultura e Juventude, acontece neste s\u00e1bado (26), a 9\u00aa edi\u00e7\u00e3o do projeto \u2018A Pra\u00e7a Convida\u2019. &nbsp; &nbsp; &nbsp; Mamede Musser, respons\u00e1vel pelo evento, relata que o projeto prop\u00f5e apresentar \u00e0 sociedade bandas alternativas que t\u00eam trabalho autoral. &nbsp; &nbsp; &nbsp; As apresenta\u00e7\u00f5es a partir das 19h, ser\u00e3o na Orla II, no espa\u00e7o do Vaporzinho e a entrada \u00e9 gratuita. Cinco bandas integram a programa\u00e7\u00e3o: Carrancudos (Petrolina) com seu pop rock; Desiderato (Petrolina) que faz uma releitura da MPB, e a S\u00f3da Solta, banda de reggae de Juazeiro. De Salvador, a Calangazzo que toca rock cl\u00e1ssico e de Itabuna, Mendigos Blues. &nbsp; &nbsp; &nbsp;&hellip; <\/p>\n","protected":false},"author":3,"featured_media":0,"comment_status":"open","ping_status":"open","sticky":false,"template":"","format":"standard","meta":{"_acf_changed":false,"footnotes":""},"categories":[3],"tags":[],"class_list":["post-81222","post","type-post","status-publish","format-standard","hentry","category-entretenimento"],"acf":[],"yoast_head":"<!-- This site is optimized with the Yoast SEO plugin v27.4 - https:\/\/yoast.com\/product\/yoast-seo-wordpress\/ -->\n<title>S\u00c1BADO EM JUAZEIRO TEM O PROJETO \u2018A PRA\u00c7A CONVIDA\u2019 - Blog do Farn\u00e9sio<\/title>\n<meta name=\"robots\" content=\"index, follow, max-snippet:-1, max-image-preview:large, max-video-preview:-1\" \/>\n<link rel=\"canonical\" href=\"https:\/\/blogdofarnesio.com.br\/?p=81222\" \/>\n<meta property=\"og:locale\" content=\"pt_BR\" \/>\n<meta property=\"og:type\" content=\"article\" \/>\n<meta property=\"og:title\" content=\"S\u00c1BADO EM JUAZEIRO TEM O PROJETO \u2018A PRA\u00c7A CONVIDA\u2019 - Blog do Farn\u00e9sio\" \/>\n<meta property=\"og:description\" content=\"unnamedProduzido e idealizado pelo Coletivo Semi Velhos com apoio da Prefeitura de Juazeiro, atrav\u00e9s da Secretaria de Cultura e Juventude, acontece neste s\u00e1bado (26), a 9\u00aa edi\u00e7\u00e3o do projeto \u2018A Pra\u00e7a Convida\u2019. &nbsp; &nbsp; &nbsp; Mamede Musser, respons\u00e1vel pelo evento, relata que o projeto prop\u00f5e apresentar \u00e0 sociedade bandas alternativas que t\u00eam trabalho autoral. &nbsp; &nbsp; &nbsp; As apresenta\u00e7\u00f5es a partir das 19h, ser\u00e3o na Orla II, no espa\u00e7o do Vaporzinho e a entrada \u00e9 gratuita. Cinco bandas integram a programa\u00e7\u00e3o: Carrancudos (Petrolina) com seu pop rock; Desiderato (Petrolina) que faz uma releitura da MPB, e a S\u00f3da Solta, banda de reggae de Juazeiro. De Salvador, a Calangazzo que toca rock cl\u00e1ssico e de Itabuna, Mendigos Blues. &nbsp; &nbsp; &nbsp;&hellip;\" \/>\n<meta property=\"og:url\" content=\"https:\/\/blogdofarnesio.com.br\/?p=81222\" \/>\n<meta property=\"og:site_name\" content=\"Blog do Farn\u00e9sio\" \/>\n<meta property=\"article:publisher\" content=\"https:\/\/www.facebook.com\/BlogQuerSaberPolitica\/\" \/>\n<meta property=\"article:published_time\" content=\"2014-04-26T18:00:35+00:00\" \/>\n<meta property=\"og:image\" content=\"http:\/\/www.quersaberpolitica.com.br\/2016\/wp-content\/uploads\/2014\/04\/unnamed46.jpg\" \/>\n<meta name=\"author\" content=\"teste\" \/>\n<meta name=\"twitter:card\" content=\"summary_large_image\" \/>\n<meta name=\"twitter:label1\" content=\"Escrito por\" \/>\n\t<meta name=\"twitter:data1\" content=\"teste\" \/>\n\t<meta name=\"twitter:label2\" content=\"Est. tempo de leitura\" \/>\n\t<meta name=\"twitter:data2\" content=\"1 minuto\" \/>\n<script type=\"application\/ld+json\" class=\"yoast-schema-graph\">{\"@context\":\"https:\\\/\\\/schema.org\",\"@graph\":[{\"@type\":\"Article\",\"@id\":\"https:\\\/\\\/blogdofarnesio.com.br\\\/?p=81222#article\",\"isPartOf\":{\"@id\":\"https:\\\/\\\/blogdofarnesio.com.br\\\/?p=81222\"},\"author\":{\"name\":\"teste\",\"@id\":\"https:\\\/\\\/blogdofarnesio.com.br\\\/#\\\/schema\\\/person\\\/dd1bf5eba40b687199ba45ca6b97dff9\"},\"headline\":\"S\u00c1BADO EM JUAZEIRO TEM O PROJETO \u2018A PRA\u00c7A CONVIDA\u2019\",\"datePublished\":\"2014-04-26T18:00:35+00:00\",\"mainEntityOfPage\":{\"@id\":\"https:\\\/\\\/blogdofarnesio.com.br\\\/?p=81222\"},\"wordCount\":294,\"commentCount\":0,\"publisher\":{\"@id\":\"https:\\\/\\\/blogdofarnesio.com.br\\\/#organization\"},\"image\":{\"@id\":\"https:\\\/\\\/blogdofarnesio.com.br\\\/?p=81222#primaryimage\"},\"thumbnailUrl\":\"http:\\\/\\\/www.quersaberpolitica.com.br\\\/2016\\\/wp-content\\\/uploads\\\/2014\\\/04\\\/unnamed46.jpg\",\"articleSection\":[\"Entretenimento\"],\"inLanguage\":\"pt-BR\",\"potentialAction\":[{\"@type\":\"CommentAction\",\"name\":\"Comment\",\"target\":[\"https:\\\/\\\/blogdofarnesio.com.br\\\/?p=81222#respond\"]}]},{\"@type\":\"WebPage\",\"@id\":\"https:\\\/\\\/blogdofarnesio.com.br\\\/?p=81222\",\"url\":\"https:\\\/\\\/blogdofarnesio.com.br\\\/?p=81222\",\"name\":\"S\u00c1BADO EM JUAZEIRO TEM O PROJETO \u2018A PRA\u00c7A CONVIDA\u2019 - Blog do Farn\u00e9sio\",\"isPartOf\":{\"@id\":\"https:\\\/\\\/blogdofarnesio.com.br\\\/#website\"},\"primaryImageOfPage\":{\"@id\":\"https:\\\/\\\/blogdofarnesio.com.br\\\/?p=81222#primaryimage\"},\"image\":{\"@id\":\"https:\\\/\\\/blogdofarnesio.com.br\\\/?p=81222#primaryimage\"},\"thumbnailUrl\":\"http:\\\/\\\/www.quersaberpolitica.com.br\\\/2016\\\/wp-content\\\/uploads\\\/2014\\\/04\\\/unnamed46.jpg\",\"datePublished\":\"2014-04-26T18:00:35+00:00\",\"breadcrumb\":{\"@id\":\"https:\\\/\\\/blogdofarnesio.com.br\\\/?p=81222#breadcrumb\"},\"inLanguage\":\"pt-BR\",\"potentialAction\":[{\"@type\":\"ReadAction\",\"target\":[\"https:\\\/\\\/blogdofarnesio.com.br\\\/?p=81222\"]}]},{\"@type\":\"ImageObject\",\"inLanguage\":\"pt-BR\",\"@id\":\"https:\\\/\\\/blogdofarnesio.com.br\\\/?p=81222#primaryimage\",\"url\":\"http:\\\/\\\/www.quersaberpolitica.com.br\\\/2016\\\/wp-content\\\/uploads\\\/2014\\\/04\\\/unnamed46.jpg\",\"contentUrl\":\"http:\\\/\\\/www.quersaberpolitica.com.br\\\/2016\\\/wp-content\\\/uploads\\\/2014\\\/04\\\/unnamed46.jpg\"},{\"@type\":\"BreadcrumbList\",\"@id\":\"https:\\\/\\\/blogdofarnesio.com.br\\\/?p=81222#breadcrumb\",\"itemListElement\":[{\"@type\":\"ListItem\",\"position\":1,\"name\":\"In\u00edcio\",\"item\":\"https:\\\/\\\/blogdofarnesio.com.br\\\/\"},{\"@type\":\"ListItem\",\"position\":2,\"name\":\"S\u00c1BADO EM JUAZEIRO TEM O PROJETO \u2018A PRA\u00c7A CONVIDA\u2019\"}]},{\"@type\":\"WebSite\",\"@id\":\"https:\\\/\\\/blogdofarnesio.com.br\\\/#website\",\"url\":\"https:\\\/\\\/blogdofarnesio.com.br\\\/\",\"name\":\"Blog do Farn\u00e9sio\",\"description\":\"Quer Saber Pol\u00edtica?\",\"publisher\":{\"@id\":\"https:\\\/\\\/blogdofarnesio.com.br\\\/#organization\"},\"potentialAction\":[{\"@type\":\"SearchAction\",\"target\":{\"@type\":\"EntryPoint\",\"urlTemplate\":\"https:\\\/\\\/blogdofarnesio.com.br\\\/?s={search_term_string}\"},\"query-input\":{\"@type\":\"PropertyValueSpecification\",\"valueRequired\":true,\"valueName\":\"search_term_string\"}}],\"inLanguage\":\"pt-BR\"},{\"@type\":\"Organization\",\"@id\":\"https:\\\/\\\/blogdofarnesio.com.br\\\/#organization\",\"name\":\"Blog do Farn\u00e9sio\",\"url\":\"https:\\\/\\\/blogdofarnesio.com.br\\\/\",\"logo\":{\"@type\":\"ImageObject\",\"inLanguage\":\"pt-BR\",\"@id\":\"https:\\\/\\\/blogdofarnesio.com.br\\\/#\\\/schema\\\/logo\\\/image\\\/\",\"url\":\"https:\\\/\\\/blogdofarnesio.com.br\\\/wp-content\\\/uploads\\\/2026\\\/03\\\/cropped-logo_new-1.png\",\"contentUrl\":\"https:\\\/\\\/blogdofarnesio.com.br\\\/wp-content\\\/uploads\\\/2026\\\/03\\\/cropped-logo_new-1.png\",\"width\":881,\"height\":685,\"caption\":\"Blog do Farn\u00e9sio\"},\"image\":{\"@id\":\"https:\\\/\\\/blogdofarnesio.com.br\\\/#\\\/schema\\\/logo\\\/image\\\/\"},\"sameAs\":[\"https:\\\/\\\/www.facebook.com\\\/BlogQuerSaberPolitica\\\/\"]},{\"@type\":\"Person\",\"@id\":\"https:\\\/\\\/blogdofarnesio.com.br\\\/#\\\/schema\\\/person\\\/dd1bf5eba40b687199ba45ca6b97dff9\",\"name\":\"teste\",\"image\":{\"@type\":\"ImageObject\",\"inLanguage\":\"pt-BR\",\"@id\":\"https:\\\/\\\/secure.gravatar.com\\\/avatar\\\/2172498d4914b51e1d89a0f97957b035ac4938723a5cac208135d389b6972a6d?s=96&d=mm&r=g\",\"url\":\"https:\\\/\\\/secure.gravatar.com\\\/avatar\\\/2172498d4914b51e1d89a0f97957b035ac4938723a5cac208135d389b6972a6d?s=96&d=mm&r=g\",\"contentUrl\":\"https:\\\/\\\/secure.gravatar.com\\\/avatar\\\/2172498d4914b51e1d89a0f97957b035ac4938723a5cac208135d389b6972a6d?s=96&d=mm&r=g\",\"caption\":\"teste\"},\"url\":\"https:\\\/\\\/blogdofarnesio.com.br\\\/?author=3\"}]}<\/script>\n<!-- \/ Yoast SEO plugin. -->","yoast_head_json":{"title":"S\u00c1BADO EM JUAZEIRO TEM O PROJETO \u2018A PRA\u00c7A CONVIDA\u2019 - Blog do Farn\u00e9sio","robots":{"index":"index","follow":"follow","max-snippet":"max-snippet:-1","max-image-preview":"max-image-preview:large","max-video-preview":"max-video-preview:-1"},"canonical":"https:\/\/blogdofarnesio.com.br\/?p=81222","og_locale":"pt_BR","og_type":"article","og_title":"S\u00c1BADO EM JUAZEIRO TEM O PROJETO \u2018A PRA\u00c7A CONVIDA\u2019 - Blog do Farn\u00e9sio","og_description":"unnamedProduzido e idealizado pelo Coletivo Semi Velhos com apoio da Prefeitura de Juazeiro, atrav\u00e9s da Secretaria de Cultura e Juventude, acontece neste s\u00e1bado (26), a 9\u00aa edi\u00e7\u00e3o do projeto \u2018A Pra\u00e7a Convida\u2019. &nbsp; &nbsp; &nbsp; Mamede Musser, respons\u00e1vel pelo evento, relata que o projeto prop\u00f5e apresentar \u00e0 sociedade bandas alternativas que t\u00eam trabalho autoral. &nbsp; &nbsp; &nbsp; As apresenta\u00e7\u00f5es a partir das 19h, ser\u00e3o na Orla II, no espa\u00e7o do Vaporzinho e a entrada \u00e9 gratuita. Cinco bandas integram a programa\u00e7\u00e3o: Carrancudos (Petrolina) com seu pop rock; Desiderato (Petrolina) que faz uma releitura da MPB, e a S\u00f3da Solta, banda de reggae de Juazeiro. De Salvador, a Calangazzo que toca rock cl\u00e1ssico e de Itabuna, Mendigos Blues. &nbsp; &nbsp; &nbsp;&hellip;","og_url":"https:\/\/blogdofarnesio.com.br\/?p=81222","og_site_name":"Blog do Farn\u00e9sio","article_publisher":"https:\/\/www.facebook.com\/BlogQuerSaberPolitica\/","article_published_time":"2014-04-26T18:00:35+00:00","og_image":[{"url":"http:\/\/www.quersaberpolitica.com.br\/2016\/wp-content\/uploads\/2014\/04\/unnamed46.jpg","type":"","width":"","height":""}],"author":"teste","twitter_card":"summary_large_image","twitter_misc":{"Escrito por":"teste","Est. tempo de leitura":"1 minuto"},"schema":{"@context":"https:\/\/schema.org","@graph":[{"@type":"Article","@id":"https:\/\/blogdofarnesio.com.br\/?p=81222#article","isPartOf":{"@id":"https:\/\/blogdofarnesio.com.br\/?p=81222"},"author":{"name":"teste","@id":"https:\/\/blogdofarnesio.com.br\/#\/schema\/person\/dd1bf5eba40b687199ba45ca6b97dff9"},"headline":"S\u00c1BADO EM JUAZEIRO TEM O PROJETO \u2018A PRA\u00c7A CONVIDA\u2019","datePublished":"2014-04-26T18:00:35+00:00","mainEntityOfPage":{"@id":"https:\/\/blogdofarnesio.com.br\/?p=81222"},"wordCount":294,"commentCount":0,"publisher":{"@id":"https:\/\/blogdofarnesio.com.br\/#organization"},"image":{"@id":"https:\/\/blogdofarnesio.com.br\/?p=81222#primaryimage"},"thumbnailUrl":"http:\/\/www.quersaberpolitica.com.br\/2016\/wp-content\/uploads\/2014\/04\/unnamed46.jpg","articleSection":["Entretenimento"],"inLanguage":"pt-BR","potentialAction":[{"@type":"CommentAction","name":"Comment","target":["https:\/\/blogdofarnesio.com.br\/?p=81222#respond"]}]},{"@type":"WebPage","@id":"https:\/\/blogdofarnesio.com.br\/?p=81222","url":"https:\/\/blogdofarnesio.com.br\/?p=81222","name":"S\u00c1BADO EM JUAZEIRO TEM O PROJETO \u2018A PRA\u00c7A CONVIDA\u2019 - Blog do Farn\u00e9sio","isPartOf":{"@id":"https:\/\/blogdofarnesio.com.br\/#website"},"primaryImageOfPage":{"@id":"https:\/\/blogdofarnesio.com.br\/?p=81222#primaryimage"},"image":{"@id":"https:\/\/blogdofarnesio.com.br\/?p=81222#primaryimage"},"thumbnailUrl":"http:\/\/www.quersaberpolitica.com.br\/2016\/wp-content\/uploads\/2014\/04\/unnamed46.jpg","datePublished":"2014-04-26T18:00:35+00:00","breadcrumb":{"@id":"https:\/\/blogdofarnesio.com.br\/?p=81222#breadcrumb"},"inLanguage":"pt-BR","potentialAction":[{"@type":"ReadAction","target":["https:\/\/blogdofarnesio.com.br\/?p=81222"]}]},{"@type":"ImageObject","inLanguage":"pt-BR","@id":"https:\/\/blogdofarnesio.com.br\/?p=81222#primaryimage","url":"http:\/\/www.quersaberpolitica.com.br\/2016\/wp-content\/uploads\/2014\/04\/unnamed46.jpg","contentUrl":"http:\/\/www.quersaberpolitica.com.br\/2016\/wp-content\/uploads\/2014\/04\/unnamed46.jpg"},{"@type":"BreadcrumbList","@id":"https:\/\/blogdofarnesio.com.br\/?p=81222#breadcrumb","itemListElement":[{"@type":"ListItem","position":1,"name":"In\u00edcio","item":"https:\/\/blogdofarnesio.com.br\/"},{"@type":"ListItem","position":2,"name":"S\u00c1BADO EM JUAZEIRO TEM O PROJETO \u2018A PRA\u00c7A CONVIDA\u2019"}]},{"@type":"WebSite","@id":"https:\/\/blogdofarnesio.com.br\/#website","url":"https:\/\/blogdofarnesio.com.br\/","name":"Blog do Farn\u00e9sio","description":"Quer Saber Pol\u00edtica?","publisher":{"@id":"https:\/\/blogdofarnesio.com.br\/#organization"},"potentialAction":[{"@type":"SearchAction","target":{"@type":"EntryPoint","urlTemplate":"https:\/\/blogdofarnesio.com.br\/?s={search_term_string}"},"query-input":{"@type":"PropertyValueSpecification","valueRequired":true,"valueName":"search_term_string"}}],"inLanguage":"pt-BR"},{"@type":"Organization","@id":"https:\/\/blogdofarnesio.com.br\/#organization","name":"Blog do Farn\u00e9sio","url":"https:\/\/blogdofarnesio.com.br\/","logo":{"@type":"ImageObject","inLanguage":"pt-BR","@id":"https:\/\/blogdofarnesio.com.br\/#\/schema\/logo\/image\/","url":"https:\/\/blogdofarnesio.com.br\/wp-content\/uploads\/2026\/03\/cropped-logo_new-1.png","contentUrl":"https:\/\/blogdofarnesio.com.br\/wp-content\/uploads\/2026\/03\/cropped-logo_new-1.png","width":881,"height":685,"caption":"Blog do Farn\u00e9sio"},"image":{"@id":"https:\/\/blogdofarnesio.com.br\/#\/schema\/logo\/image\/"},"sameAs":["https:\/\/www.facebook.com\/BlogQuerSaberPolitica\/"]},{"@type":"Person","@id":"https:\/\/blogdofarnesio.com.br\/#\/schema\/person\/dd1bf5eba40b687199ba45ca6b97dff9","name":"teste","image":{"@type":"ImageObject","inLanguage":"pt-BR","@id":"https:\/\/secure.gravatar.com\/avatar\/2172498d4914b51e1d89a0f97957b035ac4938723a5cac208135d389b6972a6d?s=96&d=mm&r=g","url":"https:\/\/secure.gravatar.com\/avatar\/2172498d4914b51e1d89a0f97957b035ac4938723a5cac208135d389b6972a6d?s=96&d=mm&r=g","contentUrl":"https:\/\/secure.gravatar.com\/avatar\/2172498d4914b51e1d89a0f97957b035ac4938723a5cac208135d389b6972a6d?s=96&d=mm&r=g","caption":"teste"},"url":"https:\/\/blogdofarnesio.com.br\/?author=3"}]}},"_links":{"self":[{"href":"https:\/\/blogdofarnesio.com.br\/index.php?rest_route=\/wp\/v2\/posts\/81222","targetHints":{"allow":["GET"]}}],"collection":[{"href":"https:\/\/blogdofarnesio.com.br\/index.php?rest_route=\/wp\/v2\/posts"}],"about":[{"href":"https:\/\/blogdofarnesio.com.br\/index.php?rest_route=\/wp\/v2\/types\/post"}],"author":[{"embeddable":true,"href":"https:\/\/blogdofarnesio.com.br\/index.php?rest_route=\/wp\/v2\/users\/3"}],"replies":[{"embeddable":true,"href":"https:\/\/blogdofarnesio.com.br\/index.php?rest_route=%2Fwp%2Fv2%2Fcomments&post=81222"}],"version-history":[{"count":0,"href":"https:\/\/blogdofarnesio.com.br\/index.php?rest_route=\/wp\/v2\/posts\/81222\/revisions"}],"wp:attachment":[{"href":"https:\/\/blogdofarnesio.com.br\/index.php?rest_route=%2Fwp%2Fv2%2Fmedia&parent=81222"}],"wp:term":[{"taxonomy":"category","embeddable":true,"href":"https:\/\/blogdofarnesio.com.br\/index.php?rest_route=%2Fwp%2Fv2%2Fcategories&post=81222"},{"taxonomy":"post_tag","embeddable":true,"href":"https:\/\/blogdofarnesio.com.br\/index.php?rest_route=%2Fwp%2Fv2%2Ftags&post=81222"}],"curies":[{"name":"wp","href":"https:\/\/api.w.org\/{rel}","templated":true}]}}