{"id":81208,"date":"2014-04-26T09:00:32","date_gmt":"2014-04-26T12:00:32","guid":{"rendered":"http:\/\/www.quersaberpolitica.com.br\/?p=81208"},"modified":"2014-04-25T19:50:48","modified_gmt":"2014-04-25T22:50:48","slug":"facape-participara-da-programacao-da-semana-de-direitos-humanos-em-petrolina","status":"publish","type":"post","link":"https:\/\/blogdofarnesio.com.br\/?p=81208","title":{"rendered":"FACAPE PARTICIPAR\u00c1 DA PROGRAMA\u00c7\u00c3O DA SEMANA DE DIREITOS HUMANOS EM PETROLINA"},"content":{"rendered":"<p style=\"text-align: justify\"><a href=\"http:\/\/www.quersaberpolitica.com.br\/2016\/wp-content\/uploads\/2014\/04\/blogqsp_semanadireitohumano.jpeg\"><img loading=\"lazy\" decoding=\"async\" class=\"aligncenter size-full wp-image-79046\" alt=\"blogqsp_semanadireitohumano\" src=\"http:\/\/www.quersaberpolitica.com.br\/2016\/wp-content\/uploads\/2014\/04\/blogqsp_semanadireitohumano.jpeg\" width=\"378\" height=\"133\" srcset=\"https:\/\/blogdofarnesio.com.br\/wp-content\/uploads\/2014\/04\/blogqsp_semanadireitohumano.jpeg 378w, https:\/\/blogdofarnesio.com.br\/wp-content\/uploads\/2014\/04\/blogqsp_semanadireitohumano-300x105.jpeg 300w\" sizes=\"auto, (max-width: 378px) 100vw, 378px\" \/><\/a>A Faculdade de Ci\u00eancias Aplicadas e Sociais de Petrolina (Facape) participar\u00e1 da programa\u00e7\u00e3o da Semana de Direitos Humanos, que acontecer\u00e1 de 5 a 9 de maio na cidade e envolver\u00e1 todos os munic\u00edpios do Sert\u00e3o do S\u00e3o Francisco. Durante uma reuni\u00e3o esta semana, ficou definido que o Patronato Penitenci\u00e1rio de Pernambuco realizar\u00e1 diversas rodas de di\u00e1logo na institui\u00e7\u00e3o com os estudantes dos cursos de Direito e Servi\u00e7o Social.<\/p>\n<p style=\"text-align: justify\">O encontro contou com a presen\u00e7a do presidente da Facape, Rinaldo Rem\u00edgio; a coordenadora de Interioriza\u00e7\u00e3o do Patronato, Rafaella Oliveira; e a coordenadora do programa Governo Presente, Francis Teon\u00edlia. Na oportunidade, as representantes do Governo de Pernambuco destacaram a import\u00e2ncia de envolver os estudantes da Facape na iniciativa.<!--more--><\/p>\n<p style=\"text-align: justify\">&#8220;N\u00f3s vamos fazer uma exposi\u00e7\u00e3o aos estudantes de Direito e Servi\u00e7o Social sobre a import\u00e2ncia das a\u00e7\u00f5es que estimulam a reinser\u00e7\u00e3o dos reeducandos. Iremos apresentar n\u00fameros que demonstram que a ressocializa\u00e7\u00e3o \u00e9 poss\u00edvel: apenas 2% dos detentos acompanhados pelo Patronato voltam a cometer crimes&#8221;, explicou Rafaella.<\/p>\n<p style=\"text-align: justify\">O Patronato Penitenci\u00e1rio de Pernambuco acompanha os reeducandos em liberdade vigiada, livramento condicional e regime aberto, egressos dos estabelecimentos prisionais. O \u00f3rg\u00e3o exerce as fun\u00e7\u00f5es de acompanhamento de processos, aten\u00e7\u00e3o psicossocial, pedag\u00f3gica, e de inclus\u00e3o produtiva dos apenados, interiorizando as a\u00e7\u00f5es. A iniciativa visa dar novas oportunidades aos apenados para diminuir a reincid\u00eancia criminal.<\/p>\n<p style=\"text-align: justify\">Para o professor Rinaldo Rem\u00edgio, al\u00e9m de divulgarem o trabalho do Patronato, as rodas de di\u00e1logo ir\u00e3o mostrar aos estudantes da Facape de que forma a ressocializa\u00e7\u00e3o pode reinserir os reeducandos na sociedade e na pr\u00f3pria fam\u00edlia.<\/p>\n<p style=\"text-align: justify\">&#8220;Numa simples conversa \u00e9 poss\u00edvel mostrar os benef\u00edcios da ressocializa\u00e7\u00e3o n\u00e3o apenas para os reeducandos do sistema penitenci\u00e1rio, mas tamb\u00e9m para os usu\u00e1rios de drogas, entre outros. Nossos estudantes poder\u00e3o difundir essas informa\u00e7\u00f5es no mercado de trabalho e no meio acad\u00eamico, seja atrav\u00e9s de a\u00e7\u00f5es concretas ou simples orienta\u00e7\u00f5es&#8221;, comentou.<\/p>\n","protected":false},"excerpt":{"rendered":"<p>A Faculdade de Ci\u00eancias Aplicadas e Sociais de Petrolina (Facape) participar\u00e1 da programa\u00e7\u00e3o da Semana de Direitos Humanos, que acontecer\u00e1 de 5 a 9 de maio na cidade e envolver\u00e1 todos os munic\u00edpios do Sert\u00e3o do S\u00e3o Francisco. Durante uma reuni\u00e3o esta semana, ficou definido que o Patronato Penitenci\u00e1rio de Pernambuco realizar\u00e1 diversas rodas de di\u00e1logo na institui\u00e7\u00e3o com os estudantes dos cursos de Direito e Servi\u00e7o Social. O encontro contou com a presen\u00e7a do presidente da Facape, Rinaldo Rem\u00edgio; a coordenadora de Interioriza\u00e7\u00e3o do Patronato, Rafaella Oliveira; e a coordenadora do programa Governo Presente, Francis Teon\u00edlia. Na oportunidade, as representantes do Governo de Pernambuco destacaram a import\u00e2ncia de envolver os estudantes da Facape na iniciativa.<\/p>\n","protected":false},"author":3,"featured_media":0,"comment_status":"open","ping_status":"open","sticky":false,"template":"","format":"standard","meta":{"_acf_changed":false,"footnotes":""},"categories":[6],"tags":[],"class_list":["post-81208","post","type-post","status-publish","format-standard","hentry","category-educacao"],"acf":[],"yoast_head":"<!-- This site is optimized with the Yoast SEO plugin v27.4 - https:\/\/yoast.com\/product\/yoast-seo-wordpress\/ -->\n<title>FACAPE PARTICIPAR\u00c1 DA PROGRAMA\u00c7\u00c3O DA SEMANA DE DIREITOS HUMANOS EM PETROLINA  - Blog do Farn\u00e9sio<\/title>\n<meta name=\"robots\" content=\"index, follow, max-snippet:-1, max-image-preview:large, max-video-preview:-1\" \/>\n<link rel=\"canonical\" href=\"https:\/\/blogdofarnesio.com.br\/?p=81208\" \/>\n<meta property=\"og:locale\" content=\"pt_BR\" \/>\n<meta property=\"og:type\" content=\"article\" \/>\n<meta property=\"og:title\" content=\"FACAPE PARTICIPAR\u00c1 DA PROGRAMA\u00c7\u00c3O DA SEMANA DE DIREITOS HUMANOS EM PETROLINA  - Blog do Farn\u00e9sio\" \/>\n<meta property=\"og:description\" content=\"A Faculdade de Ci\u00eancias Aplicadas e Sociais de Petrolina (Facape) participar\u00e1 da programa\u00e7\u00e3o da Semana de Direitos Humanos, que acontecer\u00e1 de 5 a 9 de maio na cidade e envolver\u00e1 todos os munic\u00edpios do Sert\u00e3o do S\u00e3o Francisco. Durante uma reuni\u00e3o esta semana, ficou definido que o Patronato Penitenci\u00e1rio de Pernambuco realizar\u00e1 diversas rodas de di\u00e1logo na institui\u00e7\u00e3o com os estudantes dos cursos de Direito e Servi\u00e7o Social. O encontro contou com a presen\u00e7a do presidente da Facape, Rinaldo Rem\u00edgio; a coordenadora de Interioriza\u00e7\u00e3o do Patronato, Rafaella Oliveira; e a coordenadora do programa Governo Presente, Francis Teon\u00edlia. Na oportunidade, as representantes do Governo de Pernambuco destacaram a import\u00e2ncia de envolver os estudantes da Facape na iniciativa.\" \/>\n<meta property=\"og:url\" content=\"https:\/\/blogdofarnesio.com.br\/?p=81208\" \/>\n<meta property=\"og:site_name\" content=\"Blog do Farn\u00e9sio\" \/>\n<meta property=\"article:publisher\" content=\"https:\/\/www.facebook.com\/BlogQuerSaberPolitica\/\" \/>\n<meta property=\"article:published_time\" content=\"2014-04-26T12:00:32+00:00\" \/>\n<meta property=\"og:image\" content=\"http:\/\/www.quersaberpolitica.com.br\/2016\/wp-content\/uploads\/2014\/04\/blogqsp_semanadireitohumano.jpeg\" \/>\n<meta name=\"author\" content=\"teste\" \/>\n<meta name=\"twitter:card\" content=\"summary_large_image\" \/>\n<meta name=\"twitter:label1\" content=\"Escrito por\" \/>\n\t<meta name=\"twitter:data1\" content=\"teste\" \/>\n\t<meta name=\"twitter:label2\" content=\"Est. tempo de leitura\" \/>\n\t<meta name=\"twitter:data2\" content=\"2 minutos\" \/>\n<script type=\"application\/ld+json\" class=\"yoast-schema-graph\">{\"@context\":\"https:\\\/\\\/schema.org\",\"@graph\":[{\"@type\":\"Article\",\"@id\":\"https:\\\/\\\/blogdofarnesio.com.br\\\/?p=81208#article\",\"isPartOf\":{\"@id\":\"https:\\\/\\\/blogdofarnesio.com.br\\\/?p=81208\"},\"author\":{\"name\":\"teste\",\"@id\":\"https:\\\/\\\/blogdofarnesio.com.br\\\/#\\\/schema\\\/person\\\/dd1bf5eba40b687199ba45ca6b97dff9\"},\"headline\":\"FACAPE PARTICIPAR\u00c1 DA PROGRAMA\u00c7\u00c3O DA SEMANA DE DIREITOS HUMANOS EM PETROLINA\",\"datePublished\":\"2014-04-26T12:00:32+00:00\",\"mainEntityOfPage\":{\"@id\":\"https:\\\/\\\/blogdofarnesio.com.br\\\/?p=81208\"},\"wordCount\":362,\"commentCount\":0,\"publisher\":{\"@id\":\"https:\\\/\\\/blogdofarnesio.com.br\\\/#organization\"},\"image\":{\"@id\":\"https:\\\/\\\/blogdofarnesio.com.br\\\/?p=81208#primaryimage\"},\"thumbnailUrl\":\"http:\\\/\\\/www.quersaberpolitica.com.br\\\/2016\\\/wp-content\\\/uploads\\\/2014\\\/04\\\/blogqsp_semanadireitohumano.jpeg\",\"articleSection\":[\"Educa\u00e7\u00e3o\"],\"inLanguage\":\"pt-BR\",\"potentialAction\":[{\"@type\":\"CommentAction\",\"name\":\"Comment\",\"target\":[\"https:\\\/\\\/blogdofarnesio.com.br\\\/?p=81208#respond\"]}]},{\"@type\":\"WebPage\",\"@id\":\"https:\\\/\\\/blogdofarnesio.com.br\\\/?p=81208\",\"url\":\"https:\\\/\\\/blogdofarnesio.com.br\\\/?p=81208\",\"name\":\"FACAPE PARTICIPAR\u00c1 DA PROGRAMA\u00c7\u00c3O DA SEMANA DE DIREITOS HUMANOS EM PETROLINA - Blog do Farn\u00e9sio\",\"isPartOf\":{\"@id\":\"https:\\\/\\\/blogdofarnesio.com.br\\\/#website\"},\"primaryImageOfPage\":{\"@id\":\"https:\\\/\\\/blogdofarnesio.com.br\\\/?p=81208#primaryimage\"},\"image\":{\"@id\":\"https:\\\/\\\/blogdofarnesio.com.br\\\/?p=81208#primaryimage\"},\"thumbnailUrl\":\"http:\\\/\\\/www.quersaberpolitica.com.br\\\/2016\\\/wp-content\\\/uploads\\\/2014\\\/04\\\/blogqsp_semanadireitohumano.jpeg\",\"datePublished\":\"2014-04-26T12:00:32+00:00\",\"breadcrumb\":{\"@id\":\"https:\\\/\\\/blogdofarnesio.com.br\\\/?p=81208#breadcrumb\"},\"inLanguage\":\"pt-BR\",\"potentialAction\":[{\"@type\":\"ReadAction\",\"target\":[\"https:\\\/\\\/blogdofarnesio.com.br\\\/?p=81208\"]}]},{\"@type\":\"ImageObject\",\"inLanguage\":\"pt-BR\",\"@id\":\"https:\\\/\\\/blogdofarnesio.com.br\\\/?p=81208#primaryimage\",\"url\":\"http:\\\/\\\/www.quersaberpolitica.com.br\\\/2016\\\/wp-content\\\/uploads\\\/2014\\\/04\\\/blogqsp_semanadireitohumano.jpeg\",\"contentUrl\":\"http:\\\/\\\/www.quersaberpolitica.com.br\\\/2016\\\/wp-content\\\/uploads\\\/2014\\\/04\\\/blogqsp_semanadireitohumano.jpeg\"},{\"@type\":\"BreadcrumbList\",\"@id\":\"https:\\\/\\\/blogdofarnesio.com.br\\\/?p=81208#breadcrumb\",\"itemListElement\":[{\"@type\":\"ListItem\",\"position\":1,\"name\":\"In\u00edcio\",\"item\":\"https:\\\/\\\/blogdofarnesio.com.br\\\/\"},{\"@type\":\"ListItem\",\"position\":2,\"name\":\"FACAPE PARTICIPAR\u00c1 DA PROGRAMA\u00c7\u00c3O DA SEMANA DE DIREITOS HUMANOS EM PETROLINA\"}]},{\"@type\":\"WebSite\",\"@id\":\"https:\\\/\\\/blogdofarnesio.com.br\\\/#website\",\"url\":\"https:\\\/\\\/blogdofarnesio.com.br\\\/\",\"name\":\"Blog do Farn\u00e9sio\",\"description\":\"Quer Saber Pol\u00edtica?\",\"publisher\":{\"@id\":\"https:\\\/\\\/blogdofarnesio.com.br\\\/#organization\"},\"potentialAction\":[{\"@type\":\"SearchAction\",\"target\":{\"@type\":\"EntryPoint\",\"urlTemplate\":\"https:\\\/\\\/blogdofarnesio.com.br\\\/?s={search_term_string}\"},\"query-input\":{\"@type\":\"PropertyValueSpecification\",\"valueRequired\":true,\"valueName\":\"search_term_string\"}}],\"inLanguage\":\"pt-BR\"},{\"@type\":\"Organization\",\"@id\":\"https:\\\/\\\/blogdofarnesio.com.br\\\/#organization\",\"name\":\"Blog do Farn\u00e9sio\",\"url\":\"https:\\\/\\\/blogdofarnesio.com.br\\\/\",\"logo\":{\"@type\":\"ImageObject\",\"inLanguage\":\"pt-BR\",\"@id\":\"https:\\\/\\\/blogdofarnesio.com.br\\\/#\\\/schema\\\/logo\\\/image\\\/\",\"url\":\"https:\\\/\\\/blogdofarnesio.com.br\\\/wp-content\\\/uploads\\\/2026\\\/03\\\/cropped-logo_new-1.png\",\"contentUrl\":\"https:\\\/\\\/blogdofarnesio.com.br\\\/wp-content\\\/uploads\\\/2026\\\/03\\\/cropped-logo_new-1.png\",\"width\":881,\"height\":685,\"caption\":\"Blog do Farn\u00e9sio\"},\"image\":{\"@id\":\"https:\\\/\\\/blogdofarnesio.com.br\\\/#\\\/schema\\\/logo\\\/image\\\/\"},\"sameAs\":[\"https:\\\/\\\/www.facebook.com\\\/BlogQuerSaberPolitica\\\/\"]},{\"@type\":\"Person\",\"@id\":\"https:\\\/\\\/blogdofarnesio.com.br\\\/#\\\/schema\\\/person\\\/dd1bf5eba40b687199ba45ca6b97dff9\",\"name\":\"teste\",\"image\":{\"@type\":\"ImageObject\",\"inLanguage\":\"pt-BR\",\"@id\":\"https:\\\/\\\/secure.gravatar.com\\\/avatar\\\/2172498d4914b51e1d89a0f97957b035ac4938723a5cac208135d389b6972a6d?s=96&d=mm&r=g\",\"url\":\"https:\\\/\\\/secure.gravatar.com\\\/avatar\\\/2172498d4914b51e1d89a0f97957b035ac4938723a5cac208135d389b6972a6d?s=96&d=mm&r=g\",\"contentUrl\":\"https:\\\/\\\/secure.gravatar.com\\\/avatar\\\/2172498d4914b51e1d89a0f97957b035ac4938723a5cac208135d389b6972a6d?s=96&d=mm&r=g\",\"caption\":\"teste\"},\"url\":\"https:\\\/\\\/blogdofarnesio.com.br\\\/?author=3\"}]}<\/script>\n<!-- \/ Yoast SEO plugin. -->","yoast_head_json":{"title":"FACAPE PARTICIPAR\u00c1 DA PROGRAMA\u00c7\u00c3O DA SEMANA DE DIREITOS HUMANOS EM PETROLINA  - Blog do Farn\u00e9sio","robots":{"index":"index","follow":"follow","max-snippet":"max-snippet:-1","max-image-preview":"max-image-preview:large","max-video-preview":"max-video-preview:-1"},"canonical":"https:\/\/blogdofarnesio.com.br\/?p=81208","og_locale":"pt_BR","og_type":"article","og_title":"FACAPE PARTICIPAR\u00c1 DA PROGRAMA\u00c7\u00c3O DA SEMANA DE DIREITOS HUMANOS EM PETROLINA  - Blog do Farn\u00e9sio","og_description":"A Faculdade de Ci\u00eancias Aplicadas e Sociais de Petrolina (Facape) participar\u00e1 da programa\u00e7\u00e3o da Semana de Direitos Humanos, que acontecer\u00e1 de 5 a 9 de maio na cidade e envolver\u00e1 todos os munic\u00edpios do Sert\u00e3o do S\u00e3o Francisco. Durante uma reuni\u00e3o esta semana, ficou definido que o Patronato Penitenci\u00e1rio de Pernambuco realizar\u00e1 diversas rodas de di\u00e1logo na institui\u00e7\u00e3o com os estudantes dos cursos de Direito e Servi\u00e7o Social. O encontro contou com a presen\u00e7a do presidente da Facape, Rinaldo Rem\u00edgio; a coordenadora de Interioriza\u00e7\u00e3o do Patronato, Rafaella Oliveira; e a coordenadora do programa Governo Presente, Francis Teon\u00edlia. Na oportunidade, as representantes do Governo de Pernambuco destacaram a import\u00e2ncia de envolver os estudantes da Facape na iniciativa.","og_url":"https:\/\/blogdofarnesio.com.br\/?p=81208","og_site_name":"Blog do Farn\u00e9sio","article_publisher":"https:\/\/www.facebook.com\/BlogQuerSaberPolitica\/","article_published_time":"2014-04-26T12:00:32+00:00","og_image":[{"url":"http:\/\/www.quersaberpolitica.com.br\/2016\/wp-content\/uploads\/2014\/04\/blogqsp_semanadireitohumano.jpeg","type":"","width":"","height":""}],"author":"teste","twitter_card":"summary_large_image","twitter_misc":{"Escrito por":"teste","Est. tempo de leitura":"2 minutos"},"schema":{"@context":"https:\/\/schema.org","@graph":[{"@type":"Article","@id":"https:\/\/blogdofarnesio.com.br\/?p=81208#article","isPartOf":{"@id":"https:\/\/blogdofarnesio.com.br\/?p=81208"},"author":{"name":"teste","@id":"https:\/\/blogdofarnesio.com.br\/#\/schema\/person\/dd1bf5eba40b687199ba45ca6b97dff9"},"headline":"FACAPE PARTICIPAR\u00c1 DA PROGRAMA\u00c7\u00c3O DA SEMANA DE DIREITOS HUMANOS EM PETROLINA","datePublished":"2014-04-26T12:00:32+00:00","mainEntityOfPage":{"@id":"https:\/\/blogdofarnesio.com.br\/?p=81208"},"wordCount":362,"commentCount":0,"publisher":{"@id":"https:\/\/blogdofarnesio.com.br\/#organization"},"image":{"@id":"https:\/\/blogdofarnesio.com.br\/?p=81208#primaryimage"},"thumbnailUrl":"http:\/\/www.quersaberpolitica.com.br\/2016\/wp-content\/uploads\/2014\/04\/blogqsp_semanadireitohumano.jpeg","articleSection":["Educa\u00e7\u00e3o"],"inLanguage":"pt-BR","potentialAction":[{"@type":"CommentAction","name":"Comment","target":["https:\/\/blogdofarnesio.com.br\/?p=81208#respond"]}]},{"@type":"WebPage","@id":"https:\/\/blogdofarnesio.com.br\/?p=81208","url":"https:\/\/blogdofarnesio.com.br\/?p=81208","name":"FACAPE PARTICIPAR\u00c1 DA PROGRAMA\u00c7\u00c3O DA SEMANA DE DIREITOS HUMANOS EM PETROLINA - Blog do Farn\u00e9sio","isPartOf":{"@id":"https:\/\/blogdofarnesio.com.br\/#website"},"primaryImageOfPage":{"@id":"https:\/\/blogdofarnesio.com.br\/?p=81208#primaryimage"},"image":{"@id":"https:\/\/blogdofarnesio.com.br\/?p=81208#primaryimage"},"thumbnailUrl":"http:\/\/www.quersaberpolitica.com.br\/2016\/wp-content\/uploads\/2014\/04\/blogqsp_semanadireitohumano.jpeg","datePublished":"2014-04-26T12:00:32+00:00","breadcrumb":{"@id":"https:\/\/blogdofarnesio.com.br\/?p=81208#breadcrumb"},"inLanguage":"pt-BR","potentialAction":[{"@type":"ReadAction","target":["https:\/\/blogdofarnesio.com.br\/?p=81208"]}]},{"@type":"ImageObject","inLanguage":"pt-BR","@id":"https:\/\/blogdofarnesio.com.br\/?p=81208#primaryimage","url":"http:\/\/www.quersaberpolitica.com.br\/2016\/wp-content\/uploads\/2014\/04\/blogqsp_semanadireitohumano.jpeg","contentUrl":"http:\/\/www.quersaberpolitica.com.br\/2016\/wp-content\/uploads\/2014\/04\/blogqsp_semanadireitohumano.jpeg"},{"@type":"BreadcrumbList","@id":"https:\/\/blogdofarnesio.com.br\/?p=81208#breadcrumb","itemListElement":[{"@type":"ListItem","position":1,"name":"In\u00edcio","item":"https:\/\/blogdofarnesio.com.br\/"},{"@type":"ListItem","position":2,"name":"FACAPE PARTICIPAR\u00c1 DA PROGRAMA\u00c7\u00c3O DA SEMANA DE DIREITOS HUMANOS EM PETROLINA"}]},{"@type":"WebSite","@id":"https:\/\/blogdofarnesio.com.br\/#website","url":"https:\/\/blogdofarnesio.com.br\/","name":"Blog do Farn\u00e9sio","description":"Quer Saber Pol\u00edtica?","publisher":{"@id":"https:\/\/blogdofarnesio.com.br\/#organization"},"potentialAction":[{"@type":"SearchAction","target":{"@type":"EntryPoint","urlTemplate":"https:\/\/blogdofarnesio.com.br\/?s={search_term_string}"},"query-input":{"@type":"PropertyValueSpecification","valueRequired":true,"valueName":"search_term_string"}}],"inLanguage":"pt-BR"},{"@type":"Organization","@id":"https:\/\/blogdofarnesio.com.br\/#organization","name":"Blog do Farn\u00e9sio","url":"https:\/\/blogdofarnesio.com.br\/","logo":{"@type":"ImageObject","inLanguage":"pt-BR","@id":"https:\/\/blogdofarnesio.com.br\/#\/schema\/logo\/image\/","url":"https:\/\/blogdofarnesio.com.br\/wp-content\/uploads\/2026\/03\/cropped-logo_new-1.png","contentUrl":"https:\/\/blogdofarnesio.com.br\/wp-content\/uploads\/2026\/03\/cropped-logo_new-1.png","width":881,"height":685,"caption":"Blog do Farn\u00e9sio"},"image":{"@id":"https:\/\/blogdofarnesio.com.br\/#\/schema\/logo\/image\/"},"sameAs":["https:\/\/www.facebook.com\/BlogQuerSaberPolitica\/"]},{"@type":"Person","@id":"https:\/\/blogdofarnesio.com.br\/#\/schema\/person\/dd1bf5eba40b687199ba45ca6b97dff9","name":"teste","image":{"@type":"ImageObject","inLanguage":"pt-BR","@id":"https:\/\/secure.gravatar.com\/avatar\/2172498d4914b51e1d89a0f97957b035ac4938723a5cac208135d389b6972a6d?s=96&d=mm&r=g","url":"https:\/\/secure.gravatar.com\/avatar\/2172498d4914b51e1d89a0f97957b035ac4938723a5cac208135d389b6972a6d?s=96&d=mm&r=g","contentUrl":"https:\/\/secure.gravatar.com\/avatar\/2172498d4914b51e1d89a0f97957b035ac4938723a5cac208135d389b6972a6d?s=96&d=mm&r=g","caption":"teste"},"url":"https:\/\/blogdofarnesio.com.br\/?author=3"}]}},"_links":{"self":[{"href":"https:\/\/blogdofarnesio.com.br\/index.php?rest_route=\/wp\/v2\/posts\/81208","targetHints":{"allow":["GET"]}}],"collection":[{"href":"https:\/\/blogdofarnesio.com.br\/index.php?rest_route=\/wp\/v2\/posts"}],"about":[{"href":"https:\/\/blogdofarnesio.com.br\/index.php?rest_route=\/wp\/v2\/types\/post"}],"author":[{"embeddable":true,"href":"https:\/\/blogdofarnesio.com.br\/index.php?rest_route=\/wp\/v2\/users\/3"}],"replies":[{"embeddable":true,"href":"https:\/\/blogdofarnesio.com.br\/index.php?rest_route=%2Fwp%2Fv2%2Fcomments&post=81208"}],"version-history":[{"count":0,"href":"https:\/\/blogdofarnesio.com.br\/index.php?rest_route=\/wp\/v2\/posts\/81208\/revisions"}],"wp:attachment":[{"href":"https:\/\/blogdofarnesio.com.br\/index.php?rest_route=%2Fwp%2Fv2%2Fmedia&parent=81208"}],"wp:term":[{"taxonomy":"category","embeddable":true,"href":"https:\/\/blogdofarnesio.com.br\/index.php?rest_route=%2Fwp%2Fv2%2Fcategories&post=81208"},{"taxonomy":"post_tag","embeddable":true,"href":"https:\/\/blogdofarnesio.com.br\/index.php?rest_route=%2Fwp%2Fv2%2Ftags&post=81208"}],"curies":[{"name":"wp","href":"https:\/\/api.w.org\/{rel}","templated":true}]}}