{"id":81143,"date":"2014-04-28T10:01:07","date_gmt":"2014-04-28T13:01:07","guid":{"rendered":"http:\/\/www.quersaberpolitica.com.br\/?p=81143"},"modified":"2014-04-28T09:05:02","modified_gmt":"2014-04-28T12:05:02","slug":"programa-municipal-de-protecao-a-caatinga-sera-lancado-nesta-segunda-28-em-petrolina","status":"publish","type":"post","link":"https:\/\/blogdofarnesio.com.br\/?p=81143","title":{"rendered":"PROGRAMA MUNICIPAL DE PROTE\u00c7\u00c3O \u00c0 CAATINGA SER\u00c1 LAN\u00c7ADO NESTA SEGUNDA (28) EM PETROLINA"},"content":{"rendered":"<p style=\"text-align: justify\"><a href=\"http:\/\/www.quersaberpolitica.com.br\/2016\/wp-content\/uploads\/2012\/12\/blogqsp.lossioface.jpg\"><img loading=\"lazy\" decoding=\"async\" class=\"alignleft size-medium wp-image-21016\" alt=\"blogqsp.lossioface\" src=\"http:\/\/www.quersaberpolitica.com.br\/2016\/wp-content\/uploads\/2012\/12\/blogqsp.lossioface-300x171.jpg\" width=\"300\" height=\"171\" srcset=\"https:\/\/blogdofarnesio.com.br\/wp-content\/uploads\/2012\/12\/blogqsp.lossioface-300x171.jpg 300w, https:\/\/blogdofarnesio.com.br\/wp-content\/uploads\/2012\/12\/blogqsp.lossioface.jpg 448w\" sizes=\"auto, (max-width: 300px) 100vw, 300px\" \/><\/a>Nesta segunda (28), dia em que se celebra um dos mais importantes biomas, a Caatinga, a prefeitura de Petrolina, atrav\u00e9s da Ag\u00eancia Municipal do Meio Ambiente (AMMA), lan\u00e7a o programa de Prote\u00e7\u00e3o da Caatinga.<\/p>\n<p style=\"text-align: justify\">O evento acontece \u00e0s 10h, no hall do gabinete, e vai contar com a participa\u00e7\u00e3o do prefeito Julio Lossio; do diretor presidente da AMMA, Gleidson Castro; secret\u00e1rios municipais e representantes das institui\u00e7\u00f5es parceiras.<\/p>\n<p style=\"text-align: justify\">\u00a0Durante a solenidade ser\u00e1 apresentado o modelo de funcionamento das Unidades de Conserva\u00e7\u00e3o da Caatinga(UCCA\u00b4s), crit\u00e9rios para participa\u00e7\u00e3o popular e objetivos do programa, que foi criado atrav\u00e9s da lei 2.575 de setembro de 2013 e ser\u00e1 coordenado e fiscalizado pela Ag\u00eancia Municipal do Meio Ambiente.<\/p>\n<p style=\"text-align: justify\">Uma das principais propostas diz respeito ao desenvolvimneto sustent\u00e1vel do ecossistema, atrav\u00e9s de pr\u00e1ticas cotidianas da popula\u00e7\u00e3o sertaneja que possam garantir emprego e renda sem, contudo, destruir a fauna e flora t\u00edpicos da caatinga.<!--more--><\/p>\n<p style=\"text-align: justify\">\u00a0As Unidades ser\u00e3o implantadas em propriedades rurais do munic\u00edpio. \u201cJ\u00e1 estamos trabalhando a divulga\u00e7\u00e3o junto aos produtores rurais dos crit\u00e9rios de participa\u00e7\u00e3o no programa. \u00c9 preciso que eles fiquem atentos ao tamanho da propriedade, que tem que ser no m\u00ednimo de cinco hectares e devidamente registrada em \u00f3rg\u00e3os como INCRA, Codevasf, Receita Federal, cart\u00f3rio, Sindicato. Tamb\u00e9m deve ser observado o fato de que nas \u00e1reas destinadas \u00e0s UCCA\u00b4s que n\u00e3o possuirem vegeta\u00e7\u00e3o nataural ou reflorestada com plantas t\u00edpicas do Bioma, os propriet\u00e1rios para estarem dentro do programa dever\u00e3o fazer esse plantio ou replantio. Enfim, s\u00e3o\u00a0 alguns crit\u00e9rios que devem ser observados para que o programa possa dar o resultado que todos esperamos, quer seja o principal motivo, a conserva\u00e7\u00e3o deste importante bioma que \u00e9 o \u00fanico totalamente brasileiro\u201d, pontua o diretor presidente da AMMA, Gleidson Castro.<\/p>\n<p style=\"text-align: justify\">\u00a0Para se inscrever no Programa de Prote\u00e7\u00e3o \u00e0 Caatinga, o produtor rural dever\u00e1 preencher um cadastro que ser\u00e1 entregue, posteriormente, na Ag\u00eancia Municipal do Meio Ambiente. Para isso, o interessado deve estar atento aos documentos necess\u00e1rios: CPF, identidade, comprovante de resid\u00eancia atualizado e documenta\u00e7\u00e3o do im\u00f3vel(registro em cart\u00f3rio ou documento de autoriza\u00e7\u00e3o de ocupa\u00e7\u00e3o emitida por \u00f3rg\u00e3o competente).<\/p>\n<p style=\"text-align: justify\">\u00a0\u201cTemos dado passos importantes no que diz respeito \u00e0 conserva\u00e7\u00e3o e preserva\u00e7\u00e3o da Caatinga. A prefeitura tem uma preocupa\u00e7\u00e3o com esse bioma que \u00e9 \u00fanico, rico em sua composi\u00e7\u00e3o de fauna e flora, que est\u00e1 presente em \u00e1reas do Nordeste e do estado de Minas, mas que vem enfrentando uma grande devasta\u00e7\u00e3o pela a\u00e7\u00e3o do homem. N\u00e3o mediremos esfor\u00e7os tanto em planejamento de projetos quanto em a\u00e7\u00f5es. J\u00e1 contamos com parcerias importantes de institui\u00e7\u00f5es como Embrapa, Codevasf, Univasf, Incra, Ex\u00e9rcito, Sindicato dos Trablhadores Rurais, Associa\u00e7\u00f5es de Moradores de localidades do interior, Federa\u00e7\u00e3o das Associa\u00e7\u00f5es de Moradores. E a participa\u00e7\u00e3o popular \u00e9 de suma import\u00e2ncia para que nosso bioma possa ser conservado\u201d, pontua o prefeito de Petrolina, Julio Lossio.<\/p>\n","protected":false},"excerpt":{"rendered":"<p>Nesta segunda (28), dia em que se celebra um dos mais importantes biomas, a Caatinga, a prefeitura de Petrolina, atrav\u00e9s da Ag\u00eancia Municipal do Meio Ambiente (AMMA), lan\u00e7a o programa de Prote\u00e7\u00e3o da Caatinga. O evento acontece \u00e0s 10h, no hall do gabinete, e vai contar com a participa\u00e7\u00e3o do prefeito Julio Lossio; do diretor presidente da AMMA, Gleidson Castro; secret\u00e1rios municipais e representantes das institui\u00e7\u00f5es parceiras. \u00a0Durante a solenidade ser\u00e1 apresentado o modelo de funcionamento das Unidades de Conserva\u00e7\u00e3o da Caatinga(UCCA\u00b4s), crit\u00e9rios para participa\u00e7\u00e3o popular e objetivos do programa, que foi criado atrav\u00e9s da lei 2.575 de setembro de 2013 e ser\u00e1 coordenado e fiscalizado pela Ag\u00eancia Municipal do Meio Ambiente. Uma das principais propostas diz respeito ao desenvolvimneto&hellip; <\/p>\n","protected":false},"author":3,"featured_media":0,"comment_status":"open","ping_status":"open","sticky":false,"template":"","format":"standard","meta":{"_acf_changed":false,"footnotes":""},"categories":[29],"tags":[],"class_list":["post-81143","post","type-post","status-publish","format-standard","hentry","category-meio-ambiente"],"acf":[],"yoast_head":"<!-- This site is optimized with the Yoast SEO plugin v27.4 - https:\/\/yoast.com\/product\/yoast-seo-wordpress\/ -->\n<title>PROGRAMA MUNICIPAL DE PROTE\u00c7\u00c3O \u00c0 CAATINGA SER\u00c1 LAN\u00c7ADO NESTA SEGUNDA (28) EM PETROLINA - Blog do Farn\u00e9sio<\/title>\n<meta name=\"robots\" content=\"index, follow, max-snippet:-1, max-image-preview:large, max-video-preview:-1\" \/>\n<link rel=\"canonical\" href=\"https:\/\/blogdofarnesio.com.br\/?p=81143\" \/>\n<meta property=\"og:locale\" content=\"pt_BR\" \/>\n<meta property=\"og:type\" content=\"article\" \/>\n<meta property=\"og:title\" content=\"PROGRAMA MUNICIPAL DE PROTE\u00c7\u00c3O \u00c0 CAATINGA SER\u00c1 LAN\u00c7ADO NESTA SEGUNDA (28) EM PETROLINA - Blog do Farn\u00e9sio\" \/>\n<meta property=\"og:description\" content=\"Nesta segunda (28), dia em que se celebra um dos mais importantes biomas, a Caatinga, a prefeitura de Petrolina, atrav\u00e9s da Ag\u00eancia Municipal do Meio Ambiente (AMMA), lan\u00e7a o programa de Prote\u00e7\u00e3o da Caatinga. O evento acontece \u00e0s 10h, no hall do gabinete, e vai contar com a participa\u00e7\u00e3o do prefeito Julio Lossio; do diretor presidente da AMMA, Gleidson Castro; secret\u00e1rios municipais e representantes das institui\u00e7\u00f5es parceiras. \u00a0Durante a solenidade ser\u00e1 apresentado o modelo de funcionamento das Unidades de Conserva\u00e7\u00e3o da Caatinga(UCCA\u00b4s), crit\u00e9rios para participa\u00e7\u00e3o popular e objetivos do programa, que foi criado atrav\u00e9s da lei 2.575 de setembro de 2013 e ser\u00e1 coordenado e fiscalizado pela Ag\u00eancia Municipal do Meio Ambiente. Uma das principais propostas diz respeito ao desenvolvimneto&hellip;\" \/>\n<meta property=\"og:url\" content=\"https:\/\/blogdofarnesio.com.br\/?p=81143\" \/>\n<meta property=\"og:site_name\" content=\"Blog do Farn\u00e9sio\" \/>\n<meta property=\"article:publisher\" content=\"https:\/\/www.facebook.com\/BlogQuerSaberPolitica\/\" \/>\n<meta property=\"article:published_time\" content=\"2014-04-28T13:01:07+00:00\" \/>\n<meta property=\"og:image\" content=\"http:\/\/www.quersaberpolitica.com.br\/2016\/wp-content\/uploads\/2012\/12\/blogqsp.lossioface-300x171.jpg\" \/>\n<meta name=\"author\" content=\"teste\" \/>\n<meta name=\"twitter:card\" content=\"summary_large_image\" \/>\n<meta name=\"twitter:label1\" content=\"Escrito por\" \/>\n\t<meta name=\"twitter:data1\" content=\"teste\" \/>\n\t<meta name=\"twitter:label2\" content=\"Est. tempo de leitura\" \/>\n\t<meta name=\"twitter:data2\" content=\"3 minutos\" \/>\n<script type=\"application\/ld+json\" class=\"yoast-schema-graph\">{\"@context\":\"https:\\\/\\\/schema.org\",\"@graph\":[{\"@type\":\"Article\",\"@id\":\"https:\\\/\\\/blogdofarnesio.com.br\\\/?p=81143#article\",\"isPartOf\":{\"@id\":\"https:\\\/\\\/blogdofarnesio.com.br\\\/?p=81143\"},\"author\":{\"name\":\"teste\",\"@id\":\"https:\\\/\\\/blogdofarnesio.com.br\\\/#\\\/schema\\\/person\\\/dd1bf5eba40b687199ba45ca6b97dff9\"},\"headline\":\"PROGRAMA MUNICIPAL DE PROTE\u00c7\u00c3O \u00c0 CAATINGA SER\u00c1 LAN\u00c7ADO NESTA SEGUNDA (28) EM PETROLINA\",\"datePublished\":\"2014-04-28T13:01:07+00:00\",\"mainEntityOfPage\":{\"@id\":\"https:\\\/\\\/blogdofarnesio.com.br\\\/?p=81143\"},\"wordCount\":526,\"commentCount\":0,\"publisher\":{\"@id\":\"https:\\\/\\\/blogdofarnesio.com.br\\\/#organization\"},\"image\":{\"@id\":\"https:\\\/\\\/blogdofarnesio.com.br\\\/?p=81143#primaryimage\"},\"thumbnailUrl\":\"http:\\\/\\\/www.quersaberpolitica.com.br\\\/2016\\\/wp-content\\\/uploads\\\/2012\\\/12\\\/blogqsp.lossioface-300x171.jpg\",\"articleSection\":[\"Meio Ambiente\"],\"inLanguage\":\"pt-BR\",\"potentialAction\":[{\"@type\":\"CommentAction\",\"name\":\"Comment\",\"target\":[\"https:\\\/\\\/blogdofarnesio.com.br\\\/?p=81143#respond\"]}]},{\"@type\":\"WebPage\",\"@id\":\"https:\\\/\\\/blogdofarnesio.com.br\\\/?p=81143\",\"url\":\"https:\\\/\\\/blogdofarnesio.com.br\\\/?p=81143\",\"name\":\"PROGRAMA MUNICIPAL DE PROTE\u00c7\u00c3O \u00c0 CAATINGA SER\u00c1 LAN\u00c7ADO NESTA SEGUNDA (28) EM PETROLINA - Blog do Farn\u00e9sio\",\"isPartOf\":{\"@id\":\"https:\\\/\\\/blogdofarnesio.com.br\\\/#website\"},\"primaryImageOfPage\":{\"@id\":\"https:\\\/\\\/blogdofarnesio.com.br\\\/?p=81143#primaryimage\"},\"image\":{\"@id\":\"https:\\\/\\\/blogdofarnesio.com.br\\\/?p=81143#primaryimage\"},\"thumbnailUrl\":\"http:\\\/\\\/www.quersaberpolitica.com.br\\\/2016\\\/wp-content\\\/uploads\\\/2012\\\/12\\\/blogqsp.lossioface-300x171.jpg\",\"datePublished\":\"2014-04-28T13:01:07+00:00\",\"breadcrumb\":{\"@id\":\"https:\\\/\\\/blogdofarnesio.com.br\\\/?p=81143#breadcrumb\"},\"inLanguage\":\"pt-BR\",\"potentialAction\":[{\"@type\":\"ReadAction\",\"target\":[\"https:\\\/\\\/blogdofarnesio.com.br\\\/?p=81143\"]}]},{\"@type\":\"ImageObject\",\"inLanguage\":\"pt-BR\",\"@id\":\"https:\\\/\\\/blogdofarnesio.com.br\\\/?p=81143#primaryimage\",\"url\":\"http:\\\/\\\/www.quersaberpolitica.com.br\\\/2016\\\/wp-content\\\/uploads\\\/2012\\\/12\\\/blogqsp.lossioface-300x171.jpg\",\"contentUrl\":\"http:\\\/\\\/www.quersaberpolitica.com.br\\\/2016\\\/wp-content\\\/uploads\\\/2012\\\/12\\\/blogqsp.lossioface-300x171.jpg\"},{\"@type\":\"BreadcrumbList\",\"@id\":\"https:\\\/\\\/blogdofarnesio.com.br\\\/?p=81143#breadcrumb\",\"itemListElement\":[{\"@type\":\"ListItem\",\"position\":1,\"name\":\"In\u00edcio\",\"item\":\"https:\\\/\\\/blogdofarnesio.com.br\\\/\"},{\"@type\":\"ListItem\",\"position\":2,\"name\":\"PROGRAMA MUNICIPAL DE PROTE\u00c7\u00c3O \u00c0 CAATINGA SER\u00c1 LAN\u00c7ADO NESTA SEGUNDA (28) EM PETROLINA\"}]},{\"@type\":\"WebSite\",\"@id\":\"https:\\\/\\\/blogdofarnesio.com.br\\\/#website\",\"url\":\"https:\\\/\\\/blogdofarnesio.com.br\\\/\",\"name\":\"Blog do Farn\u00e9sio\",\"description\":\"Quer Saber Pol\u00edtica?\",\"publisher\":{\"@id\":\"https:\\\/\\\/blogdofarnesio.com.br\\\/#organization\"},\"potentialAction\":[{\"@type\":\"SearchAction\",\"target\":{\"@type\":\"EntryPoint\",\"urlTemplate\":\"https:\\\/\\\/blogdofarnesio.com.br\\\/?s={search_term_string}\"},\"query-input\":{\"@type\":\"PropertyValueSpecification\",\"valueRequired\":true,\"valueName\":\"search_term_string\"}}],\"inLanguage\":\"pt-BR\"},{\"@type\":\"Organization\",\"@id\":\"https:\\\/\\\/blogdofarnesio.com.br\\\/#organization\",\"name\":\"Blog do Farn\u00e9sio\",\"url\":\"https:\\\/\\\/blogdofarnesio.com.br\\\/\",\"logo\":{\"@type\":\"ImageObject\",\"inLanguage\":\"pt-BR\",\"@id\":\"https:\\\/\\\/blogdofarnesio.com.br\\\/#\\\/schema\\\/logo\\\/image\\\/\",\"url\":\"https:\\\/\\\/blogdofarnesio.com.br\\\/wp-content\\\/uploads\\\/2026\\\/03\\\/cropped-logo_new-1.png\",\"contentUrl\":\"https:\\\/\\\/blogdofarnesio.com.br\\\/wp-content\\\/uploads\\\/2026\\\/03\\\/cropped-logo_new-1.png\",\"width\":881,\"height\":685,\"caption\":\"Blog do Farn\u00e9sio\"},\"image\":{\"@id\":\"https:\\\/\\\/blogdofarnesio.com.br\\\/#\\\/schema\\\/logo\\\/image\\\/\"},\"sameAs\":[\"https:\\\/\\\/www.facebook.com\\\/BlogQuerSaberPolitica\\\/\"]},{\"@type\":\"Person\",\"@id\":\"https:\\\/\\\/blogdofarnesio.com.br\\\/#\\\/schema\\\/person\\\/dd1bf5eba40b687199ba45ca6b97dff9\",\"name\":\"teste\",\"image\":{\"@type\":\"ImageObject\",\"inLanguage\":\"pt-BR\",\"@id\":\"https:\\\/\\\/secure.gravatar.com\\\/avatar\\\/2172498d4914b51e1d89a0f97957b035ac4938723a5cac208135d389b6972a6d?s=96&d=mm&r=g\",\"url\":\"https:\\\/\\\/secure.gravatar.com\\\/avatar\\\/2172498d4914b51e1d89a0f97957b035ac4938723a5cac208135d389b6972a6d?s=96&d=mm&r=g\",\"contentUrl\":\"https:\\\/\\\/secure.gravatar.com\\\/avatar\\\/2172498d4914b51e1d89a0f97957b035ac4938723a5cac208135d389b6972a6d?s=96&d=mm&r=g\",\"caption\":\"teste\"},\"url\":\"https:\\\/\\\/blogdofarnesio.com.br\\\/?author=3\"}]}<\/script>\n<!-- \/ Yoast SEO plugin. -->","yoast_head_json":{"title":"PROGRAMA MUNICIPAL DE PROTE\u00c7\u00c3O \u00c0 CAATINGA SER\u00c1 LAN\u00c7ADO NESTA SEGUNDA (28) EM PETROLINA - Blog do Farn\u00e9sio","robots":{"index":"index","follow":"follow","max-snippet":"max-snippet:-1","max-image-preview":"max-image-preview:large","max-video-preview":"max-video-preview:-1"},"canonical":"https:\/\/blogdofarnesio.com.br\/?p=81143","og_locale":"pt_BR","og_type":"article","og_title":"PROGRAMA MUNICIPAL DE PROTE\u00c7\u00c3O \u00c0 CAATINGA SER\u00c1 LAN\u00c7ADO NESTA SEGUNDA (28) EM PETROLINA - Blog do Farn\u00e9sio","og_description":"Nesta segunda (28), dia em que se celebra um dos mais importantes biomas, a Caatinga, a prefeitura de Petrolina, atrav\u00e9s da Ag\u00eancia Municipal do Meio Ambiente (AMMA), lan\u00e7a o programa de Prote\u00e7\u00e3o da Caatinga. O evento acontece \u00e0s 10h, no hall do gabinete, e vai contar com a participa\u00e7\u00e3o do prefeito Julio Lossio; do diretor presidente da AMMA, Gleidson Castro; secret\u00e1rios municipais e representantes das institui\u00e7\u00f5es parceiras. \u00a0Durante a solenidade ser\u00e1 apresentado o modelo de funcionamento das Unidades de Conserva\u00e7\u00e3o da Caatinga(UCCA\u00b4s), crit\u00e9rios para participa\u00e7\u00e3o popular e objetivos do programa, que foi criado atrav\u00e9s da lei 2.575 de setembro de 2013 e ser\u00e1 coordenado e fiscalizado pela Ag\u00eancia Municipal do Meio Ambiente. Uma das principais propostas diz respeito ao desenvolvimneto&hellip;","og_url":"https:\/\/blogdofarnesio.com.br\/?p=81143","og_site_name":"Blog do Farn\u00e9sio","article_publisher":"https:\/\/www.facebook.com\/BlogQuerSaberPolitica\/","article_published_time":"2014-04-28T13:01:07+00:00","og_image":[{"url":"http:\/\/www.quersaberpolitica.com.br\/2016\/wp-content\/uploads\/2012\/12\/blogqsp.lossioface-300x171.jpg","type":"","width":"","height":""}],"author":"teste","twitter_card":"summary_large_image","twitter_misc":{"Escrito por":"teste","Est. tempo de leitura":"3 minutos"},"schema":{"@context":"https:\/\/schema.org","@graph":[{"@type":"Article","@id":"https:\/\/blogdofarnesio.com.br\/?p=81143#article","isPartOf":{"@id":"https:\/\/blogdofarnesio.com.br\/?p=81143"},"author":{"name":"teste","@id":"https:\/\/blogdofarnesio.com.br\/#\/schema\/person\/dd1bf5eba40b687199ba45ca6b97dff9"},"headline":"PROGRAMA MUNICIPAL DE PROTE\u00c7\u00c3O \u00c0 CAATINGA SER\u00c1 LAN\u00c7ADO NESTA SEGUNDA (28) EM PETROLINA","datePublished":"2014-04-28T13:01:07+00:00","mainEntityOfPage":{"@id":"https:\/\/blogdofarnesio.com.br\/?p=81143"},"wordCount":526,"commentCount":0,"publisher":{"@id":"https:\/\/blogdofarnesio.com.br\/#organization"},"image":{"@id":"https:\/\/blogdofarnesio.com.br\/?p=81143#primaryimage"},"thumbnailUrl":"http:\/\/www.quersaberpolitica.com.br\/2016\/wp-content\/uploads\/2012\/12\/blogqsp.lossioface-300x171.jpg","articleSection":["Meio Ambiente"],"inLanguage":"pt-BR","potentialAction":[{"@type":"CommentAction","name":"Comment","target":["https:\/\/blogdofarnesio.com.br\/?p=81143#respond"]}]},{"@type":"WebPage","@id":"https:\/\/blogdofarnesio.com.br\/?p=81143","url":"https:\/\/blogdofarnesio.com.br\/?p=81143","name":"PROGRAMA MUNICIPAL DE PROTE\u00c7\u00c3O \u00c0 CAATINGA SER\u00c1 LAN\u00c7ADO NESTA SEGUNDA (28) EM PETROLINA - Blog do Farn\u00e9sio","isPartOf":{"@id":"https:\/\/blogdofarnesio.com.br\/#website"},"primaryImageOfPage":{"@id":"https:\/\/blogdofarnesio.com.br\/?p=81143#primaryimage"},"image":{"@id":"https:\/\/blogdofarnesio.com.br\/?p=81143#primaryimage"},"thumbnailUrl":"http:\/\/www.quersaberpolitica.com.br\/2016\/wp-content\/uploads\/2012\/12\/blogqsp.lossioface-300x171.jpg","datePublished":"2014-04-28T13:01:07+00:00","breadcrumb":{"@id":"https:\/\/blogdofarnesio.com.br\/?p=81143#breadcrumb"},"inLanguage":"pt-BR","potentialAction":[{"@type":"ReadAction","target":["https:\/\/blogdofarnesio.com.br\/?p=81143"]}]},{"@type":"ImageObject","inLanguage":"pt-BR","@id":"https:\/\/blogdofarnesio.com.br\/?p=81143#primaryimage","url":"http:\/\/www.quersaberpolitica.com.br\/2016\/wp-content\/uploads\/2012\/12\/blogqsp.lossioface-300x171.jpg","contentUrl":"http:\/\/www.quersaberpolitica.com.br\/2016\/wp-content\/uploads\/2012\/12\/blogqsp.lossioface-300x171.jpg"},{"@type":"BreadcrumbList","@id":"https:\/\/blogdofarnesio.com.br\/?p=81143#breadcrumb","itemListElement":[{"@type":"ListItem","position":1,"name":"In\u00edcio","item":"https:\/\/blogdofarnesio.com.br\/"},{"@type":"ListItem","position":2,"name":"PROGRAMA MUNICIPAL DE PROTE\u00c7\u00c3O \u00c0 CAATINGA SER\u00c1 LAN\u00c7ADO NESTA SEGUNDA (28) EM PETROLINA"}]},{"@type":"WebSite","@id":"https:\/\/blogdofarnesio.com.br\/#website","url":"https:\/\/blogdofarnesio.com.br\/","name":"Blog do Farn\u00e9sio","description":"Quer Saber Pol\u00edtica?","publisher":{"@id":"https:\/\/blogdofarnesio.com.br\/#organization"},"potentialAction":[{"@type":"SearchAction","target":{"@type":"EntryPoint","urlTemplate":"https:\/\/blogdofarnesio.com.br\/?s={search_term_string}"},"query-input":{"@type":"PropertyValueSpecification","valueRequired":true,"valueName":"search_term_string"}}],"inLanguage":"pt-BR"},{"@type":"Organization","@id":"https:\/\/blogdofarnesio.com.br\/#organization","name":"Blog do Farn\u00e9sio","url":"https:\/\/blogdofarnesio.com.br\/","logo":{"@type":"ImageObject","inLanguage":"pt-BR","@id":"https:\/\/blogdofarnesio.com.br\/#\/schema\/logo\/image\/","url":"https:\/\/blogdofarnesio.com.br\/wp-content\/uploads\/2026\/03\/cropped-logo_new-1.png","contentUrl":"https:\/\/blogdofarnesio.com.br\/wp-content\/uploads\/2026\/03\/cropped-logo_new-1.png","width":881,"height":685,"caption":"Blog do Farn\u00e9sio"},"image":{"@id":"https:\/\/blogdofarnesio.com.br\/#\/schema\/logo\/image\/"},"sameAs":["https:\/\/www.facebook.com\/BlogQuerSaberPolitica\/"]},{"@type":"Person","@id":"https:\/\/blogdofarnesio.com.br\/#\/schema\/person\/dd1bf5eba40b687199ba45ca6b97dff9","name":"teste","image":{"@type":"ImageObject","inLanguage":"pt-BR","@id":"https:\/\/secure.gravatar.com\/avatar\/2172498d4914b51e1d89a0f97957b035ac4938723a5cac208135d389b6972a6d?s=96&d=mm&r=g","url":"https:\/\/secure.gravatar.com\/avatar\/2172498d4914b51e1d89a0f97957b035ac4938723a5cac208135d389b6972a6d?s=96&d=mm&r=g","contentUrl":"https:\/\/secure.gravatar.com\/avatar\/2172498d4914b51e1d89a0f97957b035ac4938723a5cac208135d389b6972a6d?s=96&d=mm&r=g","caption":"teste"},"url":"https:\/\/blogdofarnesio.com.br\/?author=3"}]}},"_links":{"self":[{"href":"https:\/\/blogdofarnesio.com.br\/index.php?rest_route=\/wp\/v2\/posts\/81143","targetHints":{"allow":["GET"]}}],"collection":[{"href":"https:\/\/blogdofarnesio.com.br\/index.php?rest_route=\/wp\/v2\/posts"}],"about":[{"href":"https:\/\/blogdofarnesio.com.br\/index.php?rest_route=\/wp\/v2\/types\/post"}],"author":[{"embeddable":true,"href":"https:\/\/blogdofarnesio.com.br\/index.php?rest_route=\/wp\/v2\/users\/3"}],"replies":[{"embeddable":true,"href":"https:\/\/blogdofarnesio.com.br\/index.php?rest_route=%2Fwp%2Fv2%2Fcomments&post=81143"}],"version-history":[{"count":0,"href":"https:\/\/blogdofarnesio.com.br\/index.php?rest_route=\/wp\/v2\/posts\/81143\/revisions"}],"wp:attachment":[{"href":"https:\/\/blogdofarnesio.com.br\/index.php?rest_route=%2Fwp%2Fv2%2Fmedia&parent=81143"}],"wp:term":[{"taxonomy":"category","embeddable":true,"href":"https:\/\/blogdofarnesio.com.br\/index.php?rest_route=%2Fwp%2Fv2%2Fcategories&post=81143"},{"taxonomy":"post_tag","embeddable":true,"href":"https:\/\/blogdofarnesio.com.br\/index.php?rest_route=%2Fwp%2Fv2%2Ftags&post=81143"}],"curies":[{"name":"wp","href":"https:\/\/api.w.org\/{rel}","templated":true}]}}